{"id":1933,"date":"2015-02-26T06:20:35","date_gmt":"2015-02-26T06:20:35","guid":{"rendered":"https:\/\/blogs.futura-sciences.com\/feldmann\/?p=1933"},"modified":"2015-03-02T15:05:53","modified_gmt":"2015-03-02T15:05:53","slug":"la-sonde-dawn-devoile-peu-peu-la-surface-de-ceres","status":"publish","type":"post","link":"https:\/\/blogs.futura-sciences.com\/feldmann\/2015\/02\/26\/la-sonde-dawn-devoile-peu-peu-la-surface-de-ceres\/","title":{"rendered":"La sonde Dawn d\u00e9voile peu \u00e0 peu la surface de C\u00e9r\u00e8s"},"content":{"rendered":"<p>C\u00e9r\u00e8s a \u00e9t\u00e9 d\u00e9couverte le premier jour de l&#8217;ann\u00e9e 1801 par l&#8217;astronome italien Giuseppe Piazzi. Avec un diam\u00e8tre d&#8217;environ 950 km, c&#8217;est est la plus petite des cinq <a title=\"D\u00e9finition d'une plan\u00e8te naine\" href=\"http:\/\/www.futura-sciences.com\/magazines\/espace\/infos\/dico\/d\/astronomie-planete-naine-5149\/\" target=\"_blank\">plan\u00e8tes naines<\/a> connues \u00e0 ce jour (il y a aussi Haum\u00e9a, Eris, Mak\u00e9mak\u00e9 et <a title=\"On a  r\u00e9veill\u00e9 la sonde New Horizons\" href=\"https:\/\/blogs.futura-sciences.com\/feldmann\/2014\/12\/09\/reveille-la-sonde-new-horizons\/\" target=\"_blank\">Pluton<\/a>).<\/p>\n<p><a href=\"https:\/\/blogs.futura-sciences.com\/feldmann\/wp-content\/uploads\/sites\/9\/2015\/02\/ceres2.jpg\" rel=\"lightbox[1933]\"><img loading=\"lazy\" decoding=\"async\" class=\"alignnone size-medium wp-image-1935\" src=\"https:\/\/blogs.futura-sciences.com\/feldmann\/wp-content\/uploads\/sites\/9\/2015\/02\/ceres2-450x217.jpg\" alt=\"ceres2\" width=\"450\" height=\"217\" srcset=\"https:\/\/blogs.futura-sciences.com\/feldmann\/wp-content\/uploads\/sites\/9\/2015\/02\/ceres2-450x217.jpg 450w, https:\/\/blogs.futura-sciences.com\/feldmann\/wp-content\/uploads\/sites\/9\/2015\/02\/ceres2-1024x494.jpg 1024w, https:\/\/blogs.futura-sciences.com\/feldmann\/wp-content\/uploads\/sites\/9\/2015\/02\/ceres2.jpg 1862w\" sizes=\"auto, (max-width: 450px) 100vw, 450px\" \/><\/a><\/p>\n<p>Alors que les 4 autres plan\u00e8tes naines circulent au-del\u00e0 de l&#8217;orbite de <a title=\"Hubble a d\u00e9couvert une nouvelle lune de Neptune\" href=\"http:\/\/www.futura-sciences.com\/magazines\/espace\/infos\/actu\/d\/systeme-solaire-hubble-decouvert-nouvelle-lune-neptune-47797\/\" target=\"_blank\">Neptune<\/a>, C\u00e9r\u00e8s se d\u00e9place entre <a title=\"Un selfie avec les plan\u00e8tes Mars et V\u00e9nus\" href=\"https:\/\/blogs.futura-sciences.com\/feldmann\/2015\/02\/16\/un-selfie-avec-les-planetes-mars-et-venus\/\" target=\"_blank\">Mars <\/a>et <a title=\"La plan\u00e8te Jupiter au plus pr\u00e8s de la Terre\" href=\"https:\/\/blogs.futura-sciences.com\/feldmann\/2015\/02\/08\/la-planete-jupiter-au-plus-pres-de-la-terre\/\" target=\"_blank\">Jupiter<\/a>, ce qui permet de la suivre avec un petit <a title=\"En images : les t\u00e9lescopes des amateurs\" href=\"https:\/\/blogs.futura-sciences.com\/feldmann\/2014\/05\/14\/en-images-les-telescopes-amateurs\/\" target=\"_blank\">t\u00e9lescope <\/a>(sa magnitude varie de 6,7 \u00e0 9,3).<\/p>\n<p><!--more-->Apr\u00e8s avoir pass\u00e9 un an autour de l&#8217;ast\u00e9ro\u00efde <a title=\"L\u2019ast\u00e9ro\u00efde Vesta cartographi\u00e9\" href=\"https:\/\/blogs.futura-sciences.com\/feldmann\/2014\/11\/22\/lasteroide-vesta-cartographie\/\" target=\"_blank\">Vesta <\/a>(de juillet 2011 \u00e0 juillet 2012), la sonde am\u00e9ricaine <a title=\"Dawn Mission\" href=\"http:\/\/dawn.jpl.nasa.gov\/\" target=\"_blank\">Dawn <\/a>(qui avait \u00e9t\u00e9 lanc\u00e9e en septembre 2007) s&#8217;approche d\u00e9sormais de C\u00e9r\u00e8s. Elle va se satelliser autour de la plan\u00e8te naine au d\u00e9but du mois de mars et s&#8217;en rapprocher progressivement jusqu&#8217;\u00e0 environ 1 500 km pour l&#8217;\u00e9tudier en d\u00e9tail.<\/p>\n<p>On savait peu de chose sur C\u00e9r\u00e8s jusqu&#8217;\u00e0 pr\u00e9sent, si ce n&#8217;est que la plan\u00e8te naine est entour\u00e9e d&#8217;une tr\u00e8s fine atmosph\u00e8re charg\u00e9e en vapeur d&#8217;eau, comme l&#8217;a confirm\u00e9 il y a un an le<a title=\"T\u00e9lescope spatial Herschel\" href=\"http:\/\/www.herschel.fr\/\" target=\"_blank\"> t\u00e9lescope spatial Herschel<\/a>.<\/p>\n<p>Les images de C\u00e9r\u00e8s r\u00e9alis\u00e9es par la sonde Dawn le 12 f\u00e9vrier \u00e0 une distance de 83 000 km (la r\u00e9solution est d&#8217;environ 8 km par pixel) r\u00e9v\u00e8lent un sol crat\u00e9ris\u00e9 semblable \u00e0 la surface de la <a title=\"En images : la Pleine Lune des neiges\" href=\"https:\/\/blogs.futura-sciences.com\/feldmann\/2015\/02\/04\/en-images-la-pleine-lune-des-neiges\/\" target=\"_blank\">Lune <\/a>et de <a title=\"Zoom sur le sol de Mercure\" href=\"https:\/\/blogs.futura-sciences.com\/feldmann\/2014\/11\/26\/zoom-sol-mercure\/\" target=\"_blank\">Mercure <\/a>avec d&#8217;\u00e9nigmatiques taches tr\u00e8s brillantes. Il faudra attendre que la sonde se rapproche et fournisse des photographies avec une meilleure r\u00e9solution pour expliquer l&#8217;origine de ces taches.<\/p>\n<!-- AddThis Advanced Settings generic via filter on the_content --><!-- AddThis Share Buttons generic via filter on the_content -->","protected":false},"excerpt":{"rendered":"<p>C\u00e9r\u00e8s a \u00e9t\u00e9 d\u00e9couverte le premier jour de l&#8217;ann\u00e9e 1801 par l&#8217;astronome italien Giuseppe Piazzi. Avec un diam\u00e8tre d&#8217;environ 950 km, c&#8217;est est la plus petite des cinq plan\u00e8tes naines connues \u00e0 ce jour (il y a aussi Haum\u00e9a, Eris, Mak\u00e9mak\u00e9 et Pluton). Alors que les 4 autres plan\u00e8tes naines circulent au-del\u00e0 de l&#8217;orbite de &hellip; <a href=\"https:\/\/blogs.futura-sciences.com\/feldmann\/2015\/02\/26\/la-sonde-dawn-devoile-peu-peu-la-surface-de-ceres\/\" class=\"more-link\">Continuer la lecture de <span class=\"screen-reader-text\">La sonde Dawn d\u00e9voile peu \u00e0 peu la surface de C\u00e9r\u00e8s<\/span>  <span class=\"meta-nav\">&rarr;<\/span><\/a><!-- AddThis Advanced Settings generic via filter on get_the_excerpt --><!-- AddThis Share Buttons generic via filter on get_the_excerpt --><\/p>\n","protected":false},"author":8,"featured_media":1934,"comment_status":"open","ping_status":"open","sticky":false,"template":"","format":"standard","meta":{"footnotes":"","_links_to":"","_links_to_target":""},"categories":[509],"tags":[240,549,108,854,90,82,116,140,525,627,550,96,821,548],"class_list":["post-1933","post","type-post","status-publish","format-standard","has-post-thumbnail","hentry","category-actualites","tag-asteroide","tag-ceres","tag-cratere","tag-giuseppe-piazzi","tag-jupiter","tag-lune","tag-mars","tag-mercure","tag-pixel","tag-planete-naine","tag-sonde-dawn","tag-telescope","tag-telescope-spatial-herschel","tag-vesta"],"yoast_head":"<!-- This site is optimized with the Yoast SEO plugin v24.1 - https:\/\/yoast.com\/wordpress\/plugins\/seo\/ -->\n<title>La sonde Dawn d\u00e9voile peu \u00e0 peu la surface de C\u00e9r\u00e8s<\/title>\n<meta name=\"robots\" content=\"index, follow, max-snippet:-1, max-image-preview:large, max-video-preview:-1\" \/>\n<link rel=\"canonical\" href=\"https:\/\/blogs.futura-sciences.com\/feldmann\/2015\/02\/26\/la-sonde-dawn-devoile-peu-peu-la-surface-de-ceres\/\" \/>\n<meta property=\"og:locale\" content=\"fr_FR\" \/>\n<meta property=\"og:type\" content=\"article\" \/>\n<meta property=\"og:title\" content=\"La sonde Dawn d\u00e9voile peu \u00e0 peu la surface de C\u00e9r\u00e8s\" \/>\n<meta property=\"og:description\" content=\"C\u00e9r\u00e8s a \u00e9t\u00e9 d\u00e9couverte le premier jour de l&#8217;ann\u00e9e 1801 par l&#8217;astronome italien Giuseppe Piazzi. Avec un diam\u00e8tre d&#8217;environ 950 km, c&#8217;est est la plus petite des cinq plan\u00e8tes naines connues \u00e0 ce jour (il y a aussi Haum\u00e9a, Eris, Mak\u00e9mak\u00e9 et Pluton). Alors que les 4 autres plan\u00e8tes naines circulent au-del\u00e0 de l&#8217;orbite de &hellip; Continuer la lecture de La sonde Dawn d\u00e9voile peu \u00e0 peu la surface de C\u00e9r\u00e8s &rarr;\" \/>\n<meta property=\"og:url\" content=\"https:\/\/blogs.futura-sciences.com\/feldmann\/2015\/02\/26\/la-sonde-dawn-devoile-peu-peu-la-surface-de-ceres\/\" \/>\n<meta property=\"og:site_name\" content=\"CIELMANIA : le blog de Jean-Baptiste FELDMANN, photographe du ciel\" \/>\n<meta property=\"article:published_time\" content=\"2015-02-26T06:20:35+00:00\" \/>\n<meta property=\"article:modified_time\" content=\"2015-03-02T15:05:53+00:00\" \/>\n<meta property=\"og:image\" content=\"https:\/\/blogs.futura-sciences.com\/feldmann\/wp-content\/uploads\/sites\/9\/2015\/02\/ceres.jpg\" \/>\n\t<meta property=\"og:image:width\" content=\"1200\" \/>\n\t<meta property=\"og:image:height\" content=\"900\" \/>\n\t<meta property=\"og:image:type\" content=\"image\/jpeg\" \/>\n<meta name=\"author\" content=\"Jean-Baptiste FELDMANN\" \/>\n<meta name=\"twitter:card\" content=\"summary_large_image\" \/>\n<meta name=\"twitter:label1\" content=\"\u00c9crit par\" \/>\n\t<meta name=\"twitter:data1\" content=\"Jean-Baptiste FELDMANN\" \/>\n\t<meta name=\"twitter:label2\" content=\"Dur\u00e9e de lecture estim\u00e9e\" \/>\n\t<meta name=\"twitter:data2\" content=\"1 minute\" \/>\n<script type=\"application\/ld+json\" class=\"yoast-schema-graph\">{\"@context\":\"https:\/\/schema.org\",\"@graph\":[{\"@type\":\"WebPage\",\"@id\":\"https:\/\/blogs.futura-sciences.com\/feldmann\/2015\/02\/26\/la-sonde-dawn-devoile-peu-peu-la-surface-de-ceres\/\",\"url\":\"https:\/\/blogs.futura-sciences.com\/feldmann\/2015\/02\/26\/la-sonde-dawn-devoile-peu-peu-la-surface-de-ceres\/\",\"name\":\"La sonde Dawn d\u00e9voile peu \u00e0 peu la surface de C\u00e9r\u00e8s\",\"isPartOf\":{\"@id\":\"https:\/\/blogs.futura-sciences.com\/feldmann\/#website\"},\"primaryImageOfPage\":{\"@id\":\"https:\/\/blogs.futura-sciences.com\/feldmann\/2015\/02\/26\/la-sonde-dawn-devoile-peu-peu-la-surface-de-ceres\/#primaryimage\"},\"image\":{\"@id\":\"https:\/\/blogs.futura-sciences.com\/feldmann\/2015\/02\/26\/la-sonde-dawn-devoile-peu-peu-la-surface-de-ceres\/#primaryimage\"},\"thumbnailUrl\":\"https:\/\/blogs.futura-sciences.com\/feldmann\/wp-content\/uploads\/sites\/9\/2015\/02\/ceres.jpg\",\"datePublished\":\"2015-02-26T06:20:35+00:00\",\"dateModified\":\"2015-03-02T15:05:53+00:00\",\"author\":{\"@id\":\"https:\/\/blogs.futura-sciences.com\/feldmann\/#\/schema\/person\/62b391b709c307783237b759b62731ea\"},\"inLanguage\":\"fr-FR\",\"potentialAction\":[{\"@type\":\"ReadAction\",\"target\":[\"https:\/\/blogs.futura-sciences.com\/feldmann\/2015\/02\/26\/la-sonde-dawn-devoile-peu-peu-la-surface-de-ceres\/\"]}]},{\"@type\":\"ImageObject\",\"inLanguage\":\"fr-FR\",\"@id\":\"https:\/\/blogs.futura-sciences.com\/feldmann\/2015\/02\/26\/la-sonde-dawn-devoile-peu-peu-la-surface-de-ceres\/#primaryimage\",\"url\":\"https:\/\/blogs.futura-sciences.com\/feldmann\/wp-content\/uploads\/sites\/9\/2015\/02\/ceres.jpg\",\"contentUrl\":\"https:\/\/blogs.futura-sciences.com\/feldmann\/wp-content\/uploads\/sites\/9\/2015\/02\/ceres.jpg\",\"width\":1200,\"height\":900},{\"@type\":\"WebSite\",\"@id\":\"https:\/\/blogs.futura-sciences.com\/feldmann\/#website\",\"url\":\"https:\/\/blogs.futura-sciences.com\/feldmann\/\",\"name\":\"CIELMANIA : le blog de Jean-Baptiste FELDMANN, photographe du ciel\",\"description\":\"&quot;J&#039;ai en moi un besoin terrible. Dirais-je le mot? La religion. Alors, je sors la nuit et je peins des \u00e9toiles.&quot;  Vincent van Gogh\",\"potentialAction\":[{\"@type\":\"SearchAction\",\"target\":{\"@type\":\"EntryPoint\",\"urlTemplate\":\"https:\/\/blogs.futura-sciences.com\/feldmann\/?s={search_term_string}\"},\"query-input\":{\"@type\":\"PropertyValueSpecification\",\"valueRequired\":true,\"valueName\":\"search_term_string\"}}],\"inLanguage\":\"fr-FR\"},{\"@type\":\"Person\",\"@id\":\"https:\/\/blogs.futura-sciences.com\/feldmann\/#\/schema\/person\/62b391b709c307783237b759b62731ea\",\"name\":\"Jean-Baptiste FELDMANN\",\"image\":{\"@type\":\"ImageObject\",\"inLanguage\":\"fr-FR\",\"@id\":\"https:\/\/blogs.futura-sciences.com\/feldmann\/#\/schema\/person\/image\/\",\"url\":\"https:\/\/secure.gravatar.com\/avatar\/41f96607fde7a81a14570eec74177c42?s=96&d=mm&r=g\",\"contentUrl\":\"https:\/\/secure.gravatar.com\/avatar\/41f96607fde7a81a14570eec74177c42?s=96&d=mm&r=g\",\"caption\":\"Jean-Baptiste FELDMANN\"},\"url\":\"https:\/\/blogs.futura-sciences.com\/feldmann\/author\/jbfe\/\"}]}<\/script>\n<!-- \/ Yoast SEO plugin. -->","yoast_head_json":{"title":"La sonde Dawn d\u00e9voile peu \u00e0 peu la surface de C\u00e9r\u00e8s","robots":{"index":"index","follow":"follow","max-snippet":"max-snippet:-1","max-image-preview":"max-image-preview:large","max-video-preview":"max-video-preview:-1"},"canonical":"https:\/\/blogs.futura-sciences.com\/feldmann\/2015\/02\/26\/la-sonde-dawn-devoile-peu-peu-la-surface-de-ceres\/","og_locale":"fr_FR","og_type":"article","og_title":"La sonde Dawn d\u00e9voile peu \u00e0 peu la surface de C\u00e9r\u00e8s","og_description":"C\u00e9r\u00e8s a \u00e9t\u00e9 d\u00e9couverte le premier jour de l&#8217;ann\u00e9e 1801 par l&#8217;astronome italien Giuseppe Piazzi. Avec un diam\u00e8tre d&#8217;environ 950 km, c&#8217;est est la plus petite des cinq plan\u00e8tes naines connues \u00e0 ce jour (il y a aussi Haum\u00e9a, Eris, Mak\u00e9mak\u00e9 et Pluton). Alors que les 4 autres plan\u00e8tes naines circulent au-del\u00e0 de l&#8217;orbite de &hellip; Continuer la lecture de La sonde Dawn d\u00e9voile peu \u00e0 peu la surface de C\u00e9r\u00e8s &rarr;","og_url":"https:\/\/blogs.futura-sciences.com\/feldmann\/2015\/02\/26\/la-sonde-dawn-devoile-peu-peu-la-surface-de-ceres\/","og_site_name":"CIELMANIA : le blog de Jean-Baptiste FELDMANN, photographe du ciel","article_published_time":"2015-02-26T06:20:35+00:00","article_modified_time":"2015-03-02T15:05:53+00:00","og_image":[{"width":1200,"height":900,"url":"https:\/\/blogs.futura-sciences.com\/feldmann\/wp-content\/uploads\/sites\/9\/2015\/02\/ceres.jpg","type":"image\/jpeg"}],"author":"Jean-Baptiste FELDMANN","twitter_card":"summary_large_image","twitter_misc":{"\u00c9crit par":"Jean-Baptiste FELDMANN","Dur\u00e9e de lecture estim\u00e9e":"1 minute"},"schema":{"@context":"https:\/\/schema.org","@graph":[{"@type":"WebPage","@id":"https:\/\/blogs.futura-sciences.com\/feldmann\/2015\/02\/26\/la-sonde-dawn-devoile-peu-peu-la-surface-de-ceres\/","url":"https:\/\/blogs.futura-sciences.com\/feldmann\/2015\/02\/26\/la-sonde-dawn-devoile-peu-peu-la-surface-de-ceres\/","name":"La sonde Dawn d\u00e9voile peu \u00e0 peu la surface de C\u00e9r\u00e8s","isPartOf":{"@id":"https:\/\/blogs.futura-sciences.com\/feldmann\/#website"},"primaryImageOfPage":{"@id":"https:\/\/blogs.futura-sciences.com\/feldmann\/2015\/02\/26\/la-sonde-dawn-devoile-peu-peu-la-surface-de-ceres\/#primaryimage"},"image":{"@id":"https:\/\/blogs.futura-sciences.com\/feldmann\/2015\/02\/26\/la-sonde-dawn-devoile-peu-peu-la-surface-de-ceres\/#primaryimage"},"thumbnailUrl":"https:\/\/blogs.futura-sciences.com\/feldmann\/wp-content\/uploads\/sites\/9\/2015\/02\/ceres.jpg","datePublished":"2015-02-26T06:20:35+00:00","dateModified":"2015-03-02T15:05:53+00:00","author":{"@id":"https:\/\/blogs.futura-sciences.com\/feldmann\/#\/schema\/person\/62b391b709c307783237b759b62731ea"},"inLanguage":"fr-FR","potentialAction":[{"@type":"ReadAction","target":["https:\/\/blogs.futura-sciences.com\/feldmann\/2015\/02\/26\/la-sonde-dawn-devoile-peu-peu-la-surface-de-ceres\/"]}]},{"@type":"ImageObject","inLanguage":"fr-FR","@id":"https:\/\/blogs.futura-sciences.com\/feldmann\/2015\/02\/26\/la-sonde-dawn-devoile-peu-peu-la-surface-de-ceres\/#primaryimage","url":"https:\/\/blogs.futura-sciences.com\/feldmann\/wp-content\/uploads\/sites\/9\/2015\/02\/ceres.jpg","contentUrl":"https:\/\/blogs.futura-sciences.com\/feldmann\/wp-content\/uploads\/sites\/9\/2015\/02\/ceres.jpg","width":1200,"height":900},{"@type":"WebSite","@id":"https:\/\/blogs.futura-sciences.com\/feldmann\/#website","url":"https:\/\/blogs.futura-sciences.com\/feldmann\/","name":"CIELMANIA : le blog de Jean-Baptiste FELDMANN, photographe du ciel","description":"&quot;J&#039;ai en moi un besoin terrible. Dirais-je le mot? La religion. Alors, je sors la nuit et je peins des \u00e9toiles.&quot;  Vincent van Gogh","potentialAction":[{"@type":"SearchAction","target":{"@type":"EntryPoint","urlTemplate":"https:\/\/blogs.futura-sciences.com\/feldmann\/?s={search_term_string}"},"query-input":{"@type":"PropertyValueSpecification","valueRequired":true,"valueName":"search_term_string"}}],"inLanguage":"fr-FR"},{"@type":"Person","@id":"https:\/\/blogs.futura-sciences.com\/feldmann\/#\/schema\/person\/62b391b709c307783237b759b62731ea","name":"Jean-Baptiste FELDMANN","image":{"@type":"ImageObject","inLanguage":"fr-FR","@id":"https:\/\/blogs.futura-sciences.com\/feldmann\/#\/schema\/person\/image\/","url":"https:\/\/secure.gravatar.com\/avatar\/41f96607fde7a81a14570eec74177c42?s=96&d=mm&r=g","contentUrl":"https:\/\/secure.gravatar.com\/avatar\/41f96607fde7a81a14570eec74177c42?s=96&d=mm&r=g","caption":"Jean-Baptiste FELDMANN"},"url":"https:\/\/blogs.futura-sciences.com\/feldmann\/author\/jbfe\/"}]}},"_links":{"self":[{"href":"https:\/\/blogs.futura-sciences.com\/feldmann\/wp-json\/wp\/v2\/posts\/1933","targetHints":{"allow":["GET"]}}],"collection":[{"href":"https:\/\/blogs.futura-sciences.com\/feldmann\/wp-json\/wp\/v2\/posts"}],"about":[{"href":"https:\/\/blogs.futura-sciences.com\/feldmann\/wp-json\/wp\/v2\/types\/post"}],"author":[{"embeddable":true,"href":"https:\/\/blogs.futura-sciences.com\/feldmann\/wp-json\/wp\/v2\/users\/8"}],"replies":[{"embeddable":true,"href":"https:\/\/blogs.futura-sciences.com\/feldmann\/wp-json\/wp\/v2\/comments?post=1933"}],"version-history":[{"count":10,"href":"https:\/\/blogs.futura-sciences.com\/feldmann\/wp-json\/wp\/v2\/posts\/1933\/revisions"}],"predecessor-version":[{"id":1945,"href":"https:\/\/blogs.futura-sciences.com\/feldmann\/wp-json\/wp\/v2\/posts\/1933\/revisions\/1945"}],"wp:featuredmedia":[{"embeddable":true,"href":"https:\/\/blogs.futura-sciences.com\/feldmann\/wp-json\/wp\/v2\/media\/1934"}],"wp:attachment":[{"href":"https:\/\/blogs.futura-sciences.com\/feldmann\/wp-json\/wp\/v2\/media?parent=1933"}],"wp:term":[{"taxonomy":"category","embeddable":true,"href":"https:\/\/blogs.futura-sciences.com\/feldmann\/wp-json\/wp\/v2\/categories?post=1933"},{"taxonomy":"post_tag","embeddable":true,"href":"https:\/\/blogs.futura-sciences.com\/feldmann\/wp-json\/wp\/v2\/tags?post=1933"}],"curies":[{"name":"wp","href":"https:\/\/api.w.org\/{rel}","templated":true}]}}