{"id":1921,"date":"2015-02-18T06:13:30","date_gmt":"2015-02-18T06:13:30","guid":{"rendered":"https:\/\/blogs.futura-sciences.com\/feldmann\/?p=1921"},"modified":"2015-02-21T10:30:17","modified_gmt":"2015-02-21T10:30:17","slug":"20-fevrier-deux-planetes-ont-rendez-vous-avec-la-lune","status":"publish","type":"post","link":"https:\/\/blogs.futura-sciences.com\/feldmann\/2015\/02\/18\/20-fevrier-deux-planetes-ont-rendez-vous-avec-la-lune\/","title":{"rendered":"20 f\u00e9vrier : deux plan\u00e8tes ont rendez-vous avec la Lune"},"content":{"rendered":"<p>Cela fait plusieurs jours que je vous propose des images du lent rapprochement des plan\u00e8tes <a title=\"Un selfie avec les plan\u00e8tes Mars et V\u00e9nus\" href=\"https:\/\/blogs.futura-sciences.com\/feldmann\/2015\/02\/16\/un-selfie-avec-les-planetes-mars-et-venus\/\" target=\"_blank\">Mars et V\u00e9nus<\/a>\u00a0dans le ciel du soir. Le samedi 21 f\u00e9vrier les deux astres seront au plus pr\u00e8s, <a title=\"En images : la plan\u00e8te V\u00e9nus\" href=\"https:\/\/blogs.futura-sciences.com\/feldmann\/2014\/08\/03\/en-images-planete-venus\/\" target=\"_blank\">V\u00e9nus <\/a>\u00e0 seulement 0,3\u00b0 au sud de <a title=\"Opportunity\u00a0: 11 ans sur la plan\u00e8te Mars !\" href=\"https:\/\/blogs.futura-sciences.com\/feldmann\/2015\/01\/26\/opportunity-11-ans-sur-la-planete-mars\/\" target=\"_blank\">Mars<\/a>.<\/p>\n<p><a href=\"https:\/\/blogs.futura-sciences.com\/feldmann\/wp-content\/uploads\/sites\/9\/2015\/02\/mars-venus-lune2.jpg\" rel=\"lightbox[1921]\"><img loading=\"lazy\" decoding=\"async\" class=\"alignnone size-medium wp-image-1923\" src=\"https:\/\/blogs.futura-sciences.com\/feldmann\/wp-content\/uploads\/sites\/9\/2015\/02\/mars-venus-lune2-450x340.jpg\" alt=\"mars-venus-lune2\" width=\"450\" height=\"340\" srcset=\"https:\/\/blogs.futura-sciences.com\/feldmann\/wp-content\/uploads\/sites\/9\/2015\/02\/mars-venus-lune2-450x340.jpg 450w, https:\/\/blogs.futura-sciences.com\/feldmann\/wp-content\/uploads\/sites\/9\/2015\/02\/mars-venus-lune2-1024x775.jpg 1024w, https:\/\/blogs.futura-sciences.com\/feldmann\/wp-content\/uploads\/sites\/9\/2015\/02\/mars-venus-lune2.jpg 1200w\" sizes=\"auto, (max-width: 450px) 100vw, 450px\" \/><\/a><\/p>\n<p>Mais le plus beau spectacle aura sans doute lieu la veille vendredi 20 f\u00e9vrier. Environ 1 heure 30 apr\u00e8s le coucher du <a title=\"Un filament g\u00e9ant s\u2019est form\u00e9 sur le Soleil\" href=\"https:\/\/blogs.futura-sciences.com\/feldmann\/2015\/02\/11\/un-filament-geant-sest-forme-sur-le-soleil\/\" target=\"_blank\">Soleil<\/a>, le fin croissant de Lune \u00e2g\u00e9 d&#8217;un peu plus de 42 heures sera aux c\u00f4t\u00e9s des deux plan\u00e8tes, S\u00e9l\u00e9n\u00e9 se parant d&#8217;une belle <a title=\"Derni\u00e8re lumi\u00e8re cendr\u00e9e de l\u2019ann\u00e9e\" href=\"https:\/\/blogs.futura-sciences.com\/feldmann\/2014\/12\/24\/derniere-lumiere-cendree-de-lannee\/\" target=\"_blank\">lumi\u00e8re cendr\u00e9e<\/a>. Le montage ci-dessus vous donne une id\u00e9e de ce que vous verrez alors si le ciel est d\u00e9gag\u00e9.<\/p>\n<p><!--more--><\/p>\n<p><strong>Chronologie des \u00e9v\u00e9nements :<\/strong><\/p>\n<ul>\n<li>D\u00e8s jeudi 19 f\u00e9vrier vous pourrez tenter de rep\u00e9rer le tr\u00e8s fin <a title=\"Le retour du croissant de Lune\" href=\"https:\/\/blogs.futura-sciences.com\/feldmann\/2015\/01\/22\/le-retour-du-croissant-de-lune\/\" target=\"_blank\">croissant de Lune<\/a> \u00e2g\u00e9 de seulement 18,5 heures beaucoup plus bas sur l&#8217;horizon quelques dizaines de minutes apr\u00e8s la disparition du Soleil. Une paire de jumelles pourra vous \u00eatre utile pour cette observation d\u00e9licate.<\/li>\n<li>Le vendredi 20 f\u00e9vrier en soir\u00e9e vous n&#8217;aurez aucun mal pour retrouver notre satellite naturel (le croissant aura pris de l&#8217;\u00e9paisseur) aux c\u00f4t\u00e9s des deux plan\u00e8tes.<\/li>\n<li>Samedi soir 21 f\u00e9vrier les deux plan\u00e8tes auront le plus faible \u00e9cart apparent mais la Lune sera beaucoup plus haute.<\/li>\n<\/ul>\n<p>Pensez \u00e0 r\u00e9aliser des photographies de cette rencontre entre deux plan\u00e8tes et la Lune. Ces rendez-vous c\u00e9lestes sont toujours tr\u00e8s photog\u00e9niques, comme l&#8217;illustre l&#8217;image ci-dessous : c&#8217;\u00e9tait le 15 juillet 2012 \u00e0 l&#8217;aube, la plan\u00e8te <a title=\"La plan\u00e8te Jupiter au plus pr\u00e8s de la Terre\" href=\"https:\/\/blogs.futura-sciences.com\/feldmann\/2015\/02\/08\/la-planete-jupiter-au-plus-pres-de-la-terre\/\" target=\"_blank\">Jupiter <\/a>venait d&#8217;\u00eatre occult\u00e9e par la Lune et V\u00e9nus \u00e9tincelait plus bas.<\/p>\n<p><a href=\"https:\/\/blogs.futura-sciences.com\/feldmann\/wp-content\/uploads\/sites\/9\/2015\/02\/venus-jupiter-lune.jpg\" rel=\"lightbox[1921]\"><img loading=\"lazy\" decoding=\"async\" class=\"alignnone size-medium wp-image-1930\" src=\"https:\/\/blogs.futura-sciences.com\/feldmann\/wp-content\/uploads\/sites\/9\/2015\/02\/venus-jupiter-lune-450x337.jpg\" alt=\"venus-jupiter-lune\" width=\"450\" height=\"337\" srcset=\"https:\/\/blogs.futura-sciences.com\/feldmann\/wp-content\/uploads\/sites\/9\/2015\/02\/venus-jupiter-lune-450x337.jpg 450w, https:\/\/blogs.futura-sciences.com\/feldmann\/wp-content\/uploads\/sites\/9\/2015\/02\/venus-jupiter-lune-1024x768.jpg 1024w, https:\/\/blogs.futura-sciences.com\/feldmann\/wp-content\/uploads\/sites\/9\/2015\/02\/venus-jupiter-lune.jpg 1200w\" sizes=\"auto, (max-width: 450px) 100vw, 450px\" \/><\/a><\/p>\n<p>Dans les semaines qui vont suivre la plan\u00e8te V\u00e9nus va s&#8217;\u00e9carter de plus en plus du Soleil (jusqu&#8217;\u00e0 son \u00e9longation maximale le 6 juin), escaladant la vo\u00fbte c\u00e9leste le long de l&#8217;\u00e9cliptique. Cela lui vaudra de passer juste \u00e0 c\u00f4t\u00e9 d&#8217;<a title=\"Temp\u00eates g\u00e9antes sur Uranus\" href=\"https:\/\/blogs.futura-sciences.com\/feldmann\/2014\/11\/20\/tempetes-geantes-sur-uranus\/\" target=\"_blank\">Uranus<\/a> le 4 mars et de l&#8217;<a title=\"L\u2019amas d\u2019\u00e9toiles des Pl\u00e9iades\" href=\"https:\/\/blogs.futura-sciences.com\/feldmann\/2014\/05\/13\/lamas-detoiles-pleiades\/\" target=\"_blank\">amas des Pl\u00e9iades<\/a> le 11 avril.<\/p>\n<!-- AddThis Advanced Settings generic via filter on the_content --><!-- AddThis Share Buttons generic via filter on the_content -->","protected":false},"excerpt":{"rendered":"<p>Cela fait plusieurs jours que je vous propose des images du lent rapprochement des plan\u00e8tes Mars et V\u00e9nus\u00a0dans le ciel du soir. Le samedi 21 f\u00e9vrier les deux astres seront au plus pr\u00e8s, V\u00e9nus \u00e0 seulement 0,3\u00b0 au sud de Mars. Mais le plus beau spectacle aura sans doute lieu la veille vendredi 20 f\u00e9vrier. &hellip; <a href=\"https:\/\/blogs.futura-sciences.com\/feldmann\/2015\/02\/18\/20-fevrier-deux-planetes-ont-rendez-vous-avec-la-lune\/\" class=\"more-link\">Continuer la lecture de <span class=\"screen-reader-text\">20 f\u00e9vrier : deux plan\u00e8tes ont rendez-vous avec la Lune<\/span>  <span class=\"meta-nav\">&rarr;<\/span><\/a><!-- AddThis Advanced Settings generic via filter on get_the_excerpt --><!-- AddThis Share Buttons generic via filter on get_the_excerpt --><\/p>\n","protected":false},"author":8,"featured_media":1924,"comment_status":"open","ping_status":"open","sticky":false,"template":"","format":"standard","meta":{"footnotes":"","_links_to":"","_links_to_target":""},"categories":[86],"tags":[713,131,88,116,451,114,128,159],"class_list":["post-1921","post","type-post","status-publish","format-standard","has-post-thumbnail","hentry","category-soleil-et-planetes","tag-amas-des-pleiades","tag-croissant-de-lune","tag-lumiere-cendree","tag-mars","tag-paire-de-jumelles","tag-planete","tag-uranus","tag-venus"],"yoast_head":"<!-- This site is optimized with the Yoast SEO plugin v24.1 - https:\/\/yoast.com\/wordpress\/plugins\/seo\/ -->\n<title>20 f\u00e9vrier : deux plan\u00e8tes ont rendez-vous avec la Lune<\/title>\n<meta name=\"robots\" content=\"index, follow, max-snippet:-1, max-image-preview:large, max-video-preview:-1\" \/>\n<link rel=\"canonical\" href=\"https:\/\/blogs.futura-sciences.com\/feldmann\/2015\/02\/18\/20-fevrier-deux-planetes-ont-rendez-vous-avec-la-lune\/\" \/>\n<meta property=\"og:locale\" content=\"fr_FR\" \/>\n<meta property=\"og:type\" content=\"article\" \/>\n<meta property=\"og:title\" content=\"20 f\u00e9vrier : deux plan\u00e8tes ont rendez-vous avec la Lune\" \/>\n<meta property=\"og:description\" content=\"Cela fait plusieurs jours que je vous propose des images du lent rapprochement des plan\u00e8tes Mars et V\u00e9nus\u00a0dans le ciel du soir. Le samedi 21 f\u00e9vrier les deux astres seront au plus pr\u00e8s, V\u00e9nus \u00e0 seulement 0,3\u00b0 au sud de Mars. Mais le plus beau spectacle aura sans doute lieu la veille vendredi 20 f\u00e9vrier. &hellip; Continuer la lecture de 20 f\u00e9vrier : deux plan\u00e8tes ont rendez-vous avec la Lune &rarr;\" \/>\n<meta property=\"og:url\" content=\"https:\/\/blogs.futura-sciences.com\/feldmann\/2015\/02\/18\/20-fevrier-deux-planetes-ont-rendez-vous-avec-la-lune\/\" \/>\n<meta property=\"og:site_name\" content=\"CIELMANIA : le blog de Jean-Baptiste FELDMANN, photographe du ciel\" \/>\n<meta property=\"article:published_time\" content=\"2015-02-18T06:13:30+00:00\" \/>\n<meta property=\"article:modified_time\" content=\"2015-02-21T10:30:17+00:00\" \/>\n<meta property=\"og:image\" content=\"https:\/\/blogs.futura-sciences.com\/feldmann\/wp-content\/uploads\/sites\/9\/2015\/02\/mars-venus-lune3.jpg\" \/>\n\t<meta property=\"og:image:width\" content=\"1200\" \/>\n\t<meta property=\"og:image:height\" content=\"900\" \/>\n\t<meta property=\"og:image:type\" content=\"image\/jpeg\" \/>\n<meta name=\"author\" content=\"Jean-Baptiste FELDMANN\" \/>\n<meta name=\"twitter:card\" content=\"summary_large_image\" \/>\n<meta name=\"twitter:label1\" content=\"\u00c9crit par\" \/>\n\t<meta name=\"twitter:data1\" content=\"Jean-Baptiste FELDMANN\" \/>\n\t<meta name=\"twitter:label2\" content=\"Dur\u00e9e de lecture estim\u00e9e\" \/>\n\t<meta name=\"twitter:data2\" content=\"2 minutes\" \/>\n<script type=\"application\/ld+json\" class=\"yoast-schema-graph\">{\"@context\":\"https:\/\/schema.org\",\"@graph\":[{\"@type\":\"WebPage\",\"@id\":\"https:\/\/blogs.futura-sciences.com\/feldmann\/2015\/02\/18\/20-fevrier-deux-planetes-ont-rendez-vous-avec-la-lune\/\",\"url\":\"https:\/\/blogs.futura-sciences.com\/feldmann\/2015\/02\/18\/20-fevrier-deux-planetes-ont-rendez-vous-avec-la-lune\/\",\"name\":\"20 f\u00e9vrier : deux plan\u00e8tes ont rendez-vous avec la Lune\",\"isPartOf\":{\"@id\":\"https:\/\/blogs.futura-sciences.com\/feldmann\/#website\"},\"primaryImageOfPage\":{\"@id\":\"https:\/\/blogs.futura-sciences.com\/feldmann\/2015\/02\/18\/20-fevrier-deux-planetes-ont-rendez-vous-avec-la-lune\/#primaryimage\"},\"image\":{\"@id\":\"https:\/\/blogs.futura-sciences.com\/feldmann\/2015\/02\/18\/20-fevrier-deux-planetes-ont-rendez-vous-avec-la-lune\/#primaryimage\"},\"thumbnailUrl\":\"https:\/\/blogs.futura-sciences.com\/feldmann\/wp-content\/uploads\/sites\/9\/2015\/02\/mars-venus-lune3.jpg\",\"datePublished\":\"2015-02-18T06:13:30+00:00\",\"dateModified\":\"2015-02-21T10:30:17+00:00\",\"author\":{\"@id\":\"https:\/\/blogs.futura-sciences.com\/feldmann\/#\/schema\/person\/62b391b709c307783237b759b62731ea\"},\"inLanguage\":\"fr-FR\",\"potentialAction\":[{\"@type\":\"ReadAction\",\"target\":[\"https:\/\/blogs.futura-sciences.com\/feldmann\/2015\/02\/18\/20-fevrier-deux-planetes-ont-rendez-vous-avec-la-lune\/\"]}]},{\"@type\":\"ImageObject\",\"inLanguage\":\"fr-FR\",\"@id\":\"https:\/\/blogs.futura-sciences.com\/feldmann\/2015\/02\/18\/20-fevrier-deux-planetes-ont-rendez-vous-avec-la-lune\/#primaryimage\",\"url\":\"https:\/\/blogs.futura-sciences.com\/feldmann\/wp-content\/uploads\/sites\/9\/2015\/02\/mars-venus-lune3.jpg\",\"contentUrl\":\"https:\/\/blogs.futura-sciences.com\/feldmann\/wp-content\/uploads\/sites\/9\/2015\/02\/mars-venus-lune3.jpg\",\"width\":1200,\"height\":900},{\"@type\":\"WebSite\",\"@id\":\"https:\/\/blogs.futura-sciences.com\/feldmann\/#website\",\"url\":\"https:\/\/blogs.futura-sciences.com\/feldmann\/\",\"name\":\"CIELMANIA : le blog de Jean-Baptiste FELDMANN, photographe du ciel\",\"description\":\"&quot;J&#039;ai en moi un besoin terrible. Dirais-je le mot? La religion. Alors, je sors la nuit et je peins des \u00e9toiles.&quot;  Vincent van Gogh\",\"potentialAction\":[{\"@type\":\"SearchAction\",\"target\":{\"@type\":\"EntryPoint\",\"urlTemplate\":\"https:\/\/blogs.futura-sciences.com\/feldmann\/?s={search_term_string}\"},\"query-input\":{\"@type\":\"PropertyValueSpecification\",\"valueRequired\":true,\"valueName\":\"search_term_string\"}}],\"inLanguage\":\"fr-FR\"},{\"@type\":\"Person\",\"@id\":\"https:\/\/blogs.futura-sciences.com\/feldmann\/#\/schema\/person\/62b391b709c307783237b759b62731ea\",\"name\":\"Jean-Baptiste FELDMANN\",\"image\":{\"@type\":\"ImageObject\",\"inLanguage\":\"fr-FR\",\"@id\":\"https:\/\/blogs.futura-sciences.com\/feldmann\/#\/schema\/person\/image\/\",\"url\":\"https:\/\/secure.gravatar.com\/avatar\/41f96607fde7a81a14570eec74177c42?s=96&d=mm&r=g\",\"contentUrl\":\"https:\/\/secure.gravatar.com\/avatar\/41f96607fde7a81a14570eec74177c42?s=96&d=mm&r=g\",\"caption\":\"Jean-Baptiste FELDMANN\"},\"url\":\"https:\/\/blogs.futura-sciences.com\/feldmann\/author\/jbfe\/\"}]}<\/script>\n<!-- \/ Yoast SEO plugin. -->","yoast_head_json":{"title":"20 f\u00e9vrier : deux plan\u00e8tes ont rendez-vous avec la Lune","robots":{"index":"index","follow":"follow","max-snippet":"max-snippet:-1","max-image-preview":"max-image-preview:large","max-video-preview":"max-video-preview:-1"},"canonical":"https:\/\/blogs.futura-sciences.com\/feldmann\/2015\/02\/18\/20-fevrier-deux-planetes-ont-rendez-vous-avec-la-lune\/","og_locale":"fr_FR","og_type":"article","og_title":"20 f\u00e9vrier : deux plan\u00e8tes ont rendez-vous avec la Lune","og_description":"Cela fait plusieurs jours que je vous propose des images du lent rapprochement des plan\u00e8tes Mars et V\u00e9nus\u00a0dans le ciel du soir. Le samedi 21 f\u00e9vrier les deux astres seront au plus pr\u00e8s, V\u00e9nus \u00e0 seulement 0,3\u00b0 au sud de Mars. Mais le plus beau spectacle aura sans doute lieu la veille vendredi 20 f\u00e9vrier. &hellip; Continuer la lecture de 20 f\u00e9vrier : deux plan\u00e8tes ont rendez-vous avec la Lune &rarr;","og_url":"https:\/\/blogs.futura-sciences.com\/feldmann\/2015\/02\/18\/20-fevrier-deux-planetes-ont-rendez-vous-avec-la-lune\/","og_site_name":"CIELMANIA : le blog de Jean-Baptiste FELDMANN, photographe du ciel","article_published_time":"2015-02-18T06:13:30+00:00","article_modified_time":"2015-02-21T10:30:17+00:00","og_image":[{"width":1200,"height":900,"url":"https:\/\/blogs.futura-sciences.com\/feldmann\/wp-content\/uploads\/sites\/9\/2015\/02\/mars-venus-lune3.jpg","type":"image\/jpeg"}],"author":"Jean-Baptiste FELDMANN","twitter_card":"summary_large_image","twitter_misc":{"\u00c9crit par":"Jean-Baptiste FELDMANN","Dur\u00e9e de lecture estim\u00e9e":"2 minutes"},"schema":{"@context":"https:\/\/schema.org","@graph":[{"@type":"WebPage","@id":"https:\/\/blogs.futura-sciences.com\/feldmann\/2015\/02\/18\/20-fevrier-deux-planetes-ont-rendez-vous-avec-la-lune\/","url":"https:\/\/blogs.futura-sciences.com\/feldmann\/2015\/02\/18\/20-fevrier-deux-planetes-ont-rendez-vous-avec-la-lune\/","name":"20 f\u00e9vrier : deux plan\u00e8tes ont rendez-vous avec la Lune","isPartOf":{"@id":"https:\/\/blogs.futura-sciences.com\/feldmann\/#website"},"primaryImageOfPage":{"@id":"https:\/\/blogs.futura-sciences.com\/feldmann\/2015\/02\/18\/20-fevrier-deux-planetes-ont-rendez-vous-avec-la-lune\/#primaryimage"},"image":{"@id":"https:\/\/blogs.futura-sciences.com\/feldmann\/2015\/02\/18\/20-fevrier-deux-planetes-ont-rendez-vous-avec-la-lune\/#primaryimage"},"thumbnailUrl":"https:\/\/blogs.futura-sciences.com\/feldmann\/wp-content\/uploads\/sites\/9\/2015\/02\/mars-venus-lune3.jpg","datePublished":"2015-02-18T06:13:30+00:00","dateModified":"2015-02-21T10:30:17+00:00","author":{"@id":"https:\/\/blogs.futura-sciences.com\/feldmann\/#\/schema\/person\/62b391b709c307783237b759b62731ea"},"inLanguage":"fr-FR","potentialAction":[{"@type":"ReadAction","target":["https:\/\/blogs.futura-sciences.com\/feldmann\/2015\/02\/18\/20-fevrier-deux-planetes-ont-rendez-vous-avec-la-lune\/"]}]},{"@type":"ImageObject","inLanguage":"fr-FR","@id":"https:\/\/blogs.futura-sciences.com\/feldmann\/2015\/02\/18\/20-fevrier-deux-planetes-ont-rendez-vous-avec-la-lune\/#primaryimage","url":"https:\/\/blogs.futura-sciences.com\/feldmann\/wp-content\/uploads\/sites\/9\/2015\/02\/mars-venus-lune3.jpg","contentUrl":"https:\/\/blogs.futura-sciences.com\/feldmann\/wp-content\/uploads\/sites\/9\/2015\/02\/mars-venus-lune3.jpg","width":1200,"height":900},{"@type":"WebSite","@id":"https:\/\/blogs.futura-sciences.com\/feldmann\/#website","url":"https:\/\/blogs.futura-sciences.com\/feldmann\/","name":"CIELMANIA : le blog de Jean-Baptiste FELDMANN, photographe du ciel","description":"&quot;J&#039;ai en moi un besoin terrible. Dirais-je le mot? La religion. Alors, je sors la nuit et je peins des \u00e9toiles.&quot;  Vincent van Gogh","potentialAction":[{"@type":"SearchAction","target":{"@type":"EntryPoint","urlTemplate":"https:\/\/blogs.futura-sciences.com\/feldmann\/?s={search_term_string}"},"query-input":{"@type":"PropertyValueSpecification","valueRequired":true,"valueName":"search_term_string"}}],"inLanguage":"fr-FR"},{"@type":"Person","@id":"https:\/\/blogs.futura-sciences.com\/feldmann\/#\/schema\/person\/62b391b709c307783237b759b62731ea","name":"Jean-Baptiste FELDMANN","image":{"@type":"ImageObject","inLanguage":"fr-FR","@id":"https:\/\/blogs.futura-sciences.com\/feldmann\/#\/schema\/person\/image\/","url":"https:\/\/secure.gravatar.com\/avatar\/41f96607fde7a81a14570eec74177c42?s=96&d=mm&r=g","contentUrl":"https:\/\/secure.gravatar.com\/avatar\/41f96607fde7a81a14570eec74177c42?s=96&d=mm&r=g","caption":"Jean-Baptiste FELDMANN"},"url":"https:\/\/blogs.futura-sciences.com\/feldmann\/author\/jbfe\/"}]}},"_links":{"self":[{"href":"https:\/\/blogs.futura-sciences.com\/feldmann\/wp-json\/wp\/v2\/posts\/1921","targetHints":{"allow":["GET"]}}],"collection":[{"href":"https:\/\/blogs.futura-sciences.com\/feldmann\/wp-json\/wp\/v2\/posts"}],"about":[{"href":"https:\/\/blogs.futura-sciences.com\/feldmann\/wp-json\/wp\/v2\/types\/post"}],"author":[{"embeddable":true,"href":"https:\/\/blogs.futura-sciences.com\/feldmann\/wp-json\/wp\/v2\/users\/8"}],"replies":[{"embeddable":true,"href":"https:\/\/blogs.futura-sciences.com\/feldmann\/wp-json\/wp\/v2\/comments?post=1921"}],"version-history":[{"count":7,"href":"https:\/\/blogs.futura-sciences.com\/feldmann\/wp-json\/wp\/v2\/posts\/1921\/revisions"}],"predecessor-version":[{"id":1932,"href":"https:\/\/blogs.futura-sciences.com\/feldmann\/wp-json\/wp\/v2\/posts\/1921\/revisions\/1932"}],"wp:featuredmedia":[{"embeddable":true,"href":"https:\/\/blogs.futura-sciences.com\/feldmann\/wp-json\/wp\/v2\/media\/1924"}],"wp:attachment":[{"href":"https:\/\/blogs.futura-sciences.com\/feldmann\/wp-json\/wp\/v2\/media?parent=1921"}],"wp:term":[{"taxonomy":"category","embeddable":true,"href":"https:\/\/blogs.futura-sciences.com\/feldmann\/wp-json\/wp\/v2\/categories?post=1921"},{"taxonomy":"post_tag","embeddable":true,"href":"https:\/\/blogs.futura-sciences.com\/feldmann\/wp-json\/wp\/v2\/tags?post=1921"}],"curies":[{"name":"wp","href":"https:\/\/api.w.org\/{rel}","templated":true}]}}