{"id":19004,"date":"2024-03-22T17:30:48","date_gmt":"2024-03-22T17:30:48","guid":{"rendered":"https:\/\/blogs.futura-sciences.com\/feldmann\/?p=19004"},"modified":"2024-03-29T17:42:05","modified_gmt":"2024-03-29T17:42:05","slug":"saisissant-la-station-spatiale-et-le-cratere-lunaire-tycho","status":"publish","type":"post","link":"https:\/\/blogs.futura-sciences.com\/feldmann\/2024\/03\/22\/saisissant-la-station-spatiale-et-le-cratere-lunaire-tycho\/","title":{"rendered":"Saisissant : la Station spatiale et le crat\u00e8re lunaire Tycho"},"content":{"rendered":"<p><strong>L&#8217;astrophotographe Andrew McCarthy a immortalis\u00e9 le transit de la Station spatiale internationale &#8220;au-dessus&#8221; du crat\u00e8re lunaire Tycho.<\/strong><\/p>\n<h5>Timing parfait :<\/h5>\n<p>Le transit de la Station spatiale internationale devant la Lune n&#8217;exc\u00e8de jamais trois secondes. Autant dire qu&#8217;une bonne dose de savoir-faire est indispensable pour le photographier. Une formalit\u00e9 pour Andrew McCarthy :<\/p>\n<blockquote class=\"twitter-tweet\" data-width=\"474\" data-dnt=\"true\">\n<p lang=\"en\" dir=\"ltr\">I\u2019m so honored my photo \u201cA Visit to Tycho\u201d was runner-up during this year\u2019s Astronomy Photographer of the Year competition. The other entries were incredible and I was lucky to be featured among them. <\/p>\n<p>This photo shows the moment the ISS transited Tycho crater on the moon. <a href=\"https:\/\/t.co\/1X7PibFwAs\">pic.twitter.com\/1X7PibFwAs<\/a><\/p>\n<p>&mdash; Andrew McCarthy (@AJamesMcCarthy) <a href=\"https:\/\/twitter.com\/AJamesMcCarthy\/status\/1702718119633141936?ref_src=twsrc%5Etfw\">September 15, 2023<\/a><\/p><\/blockquote>\n<p><script async src=\"https:\/\/platform.twitter.com\/widgets.js\" charset=\"utf-8\"><\/script><\/p>\n<p>L&#8217;astrophotographe am\u00e9ricain nous r\u00e9gale r\u00e9guli\u00e8rement de superbes images. Je vous avais d&#8217;ailleurs pr\u00e9sent\u00e9 il y a quelques temps son\u00a0<a href=\"https:\/\/blogs.futura-sciences.com\/feldmann\/2022\/11\/14\/saisissant-voici-lombre-de-la-terre-pendant-une-eclipse-de-lune\/\" target=\"_blank\" rel=\"noopener\">astucieux montage photographique<\/a> d&#8217;une \u00e9clipse totale de Lune.<!--more--><\/p>\n<h5>Crat\u00e8re rayonnant :<\/h5>\n<p>C\u00f4t\u00e9 mensurations, le crat\u00e8re lunaire Tycho n\u2019a rien d\u2019exceptionnel. Il mesure 86 kilom\u00e8tres de diam\u00e8tre pour une profondeur de 4.800 m\u00e8tres. C&#8217;est un crat\u00e8re qui s\u2019est form\u00e9 il y a un peu plus de 100 millions d\u2019ann\u00e9es \u00e0 la suite d\u2019une collision avec un <a href=\"https:\/\/www.futura-sciences.com\/sciences\/definitions\/asteroide-asteroide-870\/\" target=\"_blank\" rel=\"noopener\">ast\u00e9ro\u00efde<\/a>. Mais ce qui le rend (presque) unique, c\u2019est son aspect rayonnant. Ses rayons sont constitu\u00e9s de mat\u00e9riaux clairs \u00e9ject\u00e9s lors de l&#8217;impact :<\/p>\n<figure id=\"attachment_17604\" aria-describedby=\"caption-attachment-17604\" style=\"width: 450px\" class=\"wp-caption alignnone\"><a href=\"https:\/\/blogs.futura-sciences.com\/feldmann\/wp-content\/uploads\/sites\/9\/2023\/03\/tycho2.jpg\" rel=\"lightbox[19004]\"><img loading=\"lazy\" decoding=\"async\" class=\"size-medium wp-image-17604\" src=\"https:\/\/blogs.futura-sciences.com\/feldmann\/wp-content\/uploads\/sites\/9\/2023\/03\/tycho2-450x270.jpg\" alt=\"\" width=\"450\" height=\"270\" srcset=\"https:\/\/blogs.futura-sciences.com\/feldmann\/wp-content\/uploads\/sites\/9\/2023\/03\/tycho2-450x270.jpg 450w, https:\/\/blogs.futura-sciences.com\/feldmann\/wp-content\/uploads\/sites\/9\/2023\/03\/tycho2-1024x614.jpg 1024w, https:\/\/blogs.futura-sciences.com\/feldmann\/wp-content\/uploads\/sites\/9\/2023\/03\/tycho2-768x461.jpg 768w, https:\/\/blogs.futura-sciences.com\/feldmann\/wp-content\/uploads\/sites\/9\/2023\/03\/tycho2.jpg 1500w\" sizes=\"auto, (max-width: 450px) 100vw, 450px\" \/><\/a><figcaption id=\"caption-attachment-17604\" class=\"wp-caption-text\">Le crat\u00e8re lunaire Tycho et quelques-uns de ses rayons. \u00a9 Jean-Baptiste Feldmann<\/figcaption><\/figure>\n<p>Le crat\u00e8re porte le nom de Tycho Brahe, l\u2019un des grands <a href=\"https:\/\/blogs.futura-sciences.com\/feldmann\/2020\/10\/24\/24-octobre-1601-mort-de-lastronome-danois-tycho-brahe\/\" target=\"_blank\" rel=\"noopener\">B\u00e2tisseurs du ciel<\/a>. L\u2019astronome danois, qui v\u00e9cut de 1546 \u00e0 1601, consacra sa vie \u00e0 l\u2019observation des astres. Cet infatigable observateur est surtout connu pour avoir d\u00e9couvert une\u00a0 \u00ab \u00e9toile nouvelle \u00bb en 1572. Il s\u2019agissait d\u2019une supernova (<a href=\"https:\/\/www.futura-sciences.com\/sciences\/actualites\/astronomie-supernova-tycho-grumeaux-decouverts-restes-cette-etoile-18421\/\" target=\"_blank\" rel=\"noopener noreferrer\">SN 1572<\/a>) qui brilla plusieurs semaines dans la\u00a0<a href=\"https:\/\/blogs.futura-sciences.com\/feldmann\/2014\/09\/25\/constellation-cassiopee\/\" target=\"_blank\" rel=\"noopener noreferrer\">constellation de Cassiop\u00e9e<\/a> :<\/p>\n<figure id=\"attachment_17089\" aria-describedby=\"caption-attachment-17089\" style=\"width: 450px\" class=\"wp-caption alignnone\"><a href=\"https:\/\/blogs.futura-sciences.com\/feldmann\/wp-content\/uploads\/sites\/9\/2020\/10\/tycho_brahe.jpg\" rel=\"lightbox[19004]\"><img loading=\"lazy\" decoding=\"async\" class=\"size-medium wp-image-17089\" src=\"https:\/\/blogs.futura-sciences.com\/feldmann\/wp-content\/uploads\/sites\/9\/2020\/10\/tycho_brahe-450x270.jpg\" alt=\"\" width=\"450\" height=\"270\" srcset=\"https:\/\/blogs.futura-sciences.com\/feldmann\/wp-content\/uploads\/sites\/9\/2020\/10\/tycho_brahe-450x270.jpg 450w, https:\/\/blogs.futura-sciences.com\/feldmann\/wp-content\/uploads\/sites\/9\/2020\/10\/tycho_brahe-1024x614.jpg 1024w, https:\/\/blogs.futura-sciences.com\/feldmann\/wp-content\/uploads\/sites\/9\/2020\/10\/tycho_brahe-768x461.jpg 768w, https:\/\/blogs.futura-sciences.com\/feldmann\/wp-content\/uploads\/sites\/9\/2020\/10\/tycho_brahe.jpg 1500w\" sizes=\"auto, (max-width: 450px) 100vw, 450px\" \/><\/a><figcaption id=\"caption-attachment-17089\" class=\"wp-caption-text\">Tycho Brahe est consid\u00e9r\u00e9 comme l&#8217;un des B\u00e2tisseurs du Ciel. Dessin Christine Sasiad<\/figcaption><\/figure>\n<h5>\u00c0 savoir :<\/h5>\n<p>La Station spatiale internationale (<a title=\"L\u2019ISS en ao\u00fbt\" href=\"https:\/\/www.nasa.gov\/mission_pages\/station\/main\/index.html\" target=\"_blank\" rel=\"noopener\">ISS<\/a>\u00a0en anglais pour<em>\u00a0International Space Station<\/em>) circule \u00e0 environ 400 kilom\u00e8tres au-dessus de nos t\u00eates. Elle est le fruit d\u2019une coop\u00e9ration entre les agences spatiales am\u00e9ricaine, europ\u00e9enne, japonaise et canadienne. L\u2019assemblage de cette structure de plus de 300 tonnes grande comme un terrain de football a commenc\u00e9 en 1998. Elle est occup\u00e9e en permanence par des astronautes qui la rejoignent d\u00e9sormais avec la capsule\u00a0<a href=\"https:\/\/www.futura-sciences.com\/sciences\/definitions\/crew-dragon-crew-dragon-18029\/\" target=\"_blank\" rel=\"noopener\"><em>Crew Dragon<\/em><\/a>.<\/p>\n<h5>Vous pourriez aimer :<\/h5>\n<ul>\n<li><a href=\"https:\/\/blogs.futura-sciences.com\/feldmann\/2020\/10\/24\/24-octobre-1601-mort-de-lastronome-danois-tycho-brahe\/\" target=\"_blank\" rel=\"noopener\">Tycho Brahe fut l&#8217;un des grands B\u00e2tisseurs du ciel<\/a><\/li>\n<li><a href=\"https:\/\/blogs.futura-sciences.com\/feldmann\/2018\/12\/15\/paysages-lunaires-a-explorer-11-copernic-le-magnifique\/\" target=\"_blank\" rel=\"noopener\">Paysages lunaires \u00e0 explorer : Copernic le magnifique<\/a><\/li>\n<li><a href=\"https:\/\/blogs.futura-sciences.com\/feldmann\/2021\/01\/17\/lepoustouflante-image-de-la-station-spatiale-prise-avec-un-telescope\/\" target=\"_blank\" rel=\"noopener\">L\u2019\u00e9poustouflante image de la Station prise avec un t\u00e9lescope<\/a><\/li>\n<\/ul>\n<p>Suivez l\u2019actualit\u00e9 astronomique en vous abonnant \u00e0 Cielmania sur\u00a0<a href=\"https:\/\/www.facebook.com\/cielmania\/\" target=\"_blank\" rel=\"noopener noreferrer\">Facebook<\/a>.<\/p>\n<!-- AddThis Advanced Settings generic via filter on the_content --><!-- AddThis Share Buttons generic via filter on the_content -->","protected":false},"excerpt":{"rendered":"<p>L&#8217;astrophotographe Andrew McCarthy a immortalis\u00e9 le transit de la Station spatiale internationale &#8220;au-dessus&#8221; du crat\u00e8re lunaire Tycho. Timing parfait : Le transit de la Station spatiale internationale devant la Lune n&#8217;exc\u00e8de jamais trois secondes. Autant dire qu&#8217;une bonne dose de savoir-faire est indispensable pour le photographier. Une formalit\u00e9 pour Andrew McCarthy : I\u2019m so honored &hellip; <a href=\"https:\/\/blogs.futura-sciences.com\/feldmann\/2024\/03\/22\/saisissant-la-station-spatiale-et-le-cratere-lunaire-tycho\/\" class=\"more-link\">Continuer la lecture de <span class=\"screen-reader-text\">Saisissant : la Station spatiale et le crat\u00e8re lunaire Tycho<\/span>  <span class=\"meta-nav\">&rarr;<\/span><\/a><!-- AddThis Advanced Settings generic via filter on get_the_excerpt --><!-- AddThis Share Buttons generic via filter on get_the_excerpt --><\/p>\n","protected":false},"author":8,"featured_media":19005,"comment_status":"open","ping_status":"open","sticky":false,"template":"","format":"standard","meta":{"footnotes":"","_links_to":"","_links_to_target":""},"categories":[83],"tags":[3319,82,2632,197,386],"class_list":["post-19004","post","type-post","status-publish","format-standard","has-post-thumbnail","hentry","category-la-lune","tag-andrew-mccarthy","tag-lune","tag-on-the-moon","tag-station-spatiale-internationale","tag-tycho"],"yoast_head":"<!-- This site is optimized with the Yoast SEO plugin v24.1 - https:\/\/yoast.com\/wordpress\/plugins\/seo\/ -->\n<title>Saisissant : la Station spatiale et le crat\u00e8re lunaire Tycho<\/title>\n<meta name=\"description\" content=\"L&#039;astrophotographe Andrew McCarthy a immortalis\u00e9 le transit de la Station spatiale internationale &quot;au-dessus&quot; du crat\u00e8re lunaire Tycho.\" \/>\n<meta name=\"robots\" content=\"index, follow, max-snippet:-1, max-image-preview:large, max-video-preview:-1\" \/>\n<link rel=\"canonical\" href=\"https:\/\/blogs.futura-sciences.com\/feldmann\/2024\/03\/22\/saisissant-la-station-spatiale-et-le-cratere-lunaire-tycho\/\" \/>\n<meta property=\"og:locale\" content=\"fr_FR\" \/>\n<meta property=\"og:type\" content=\"article\" \/>\n<meta property=\"og:title\" content=\"Saisissant : la Station spatiale et le crat\u00e8re lunaire Tycho\" \/>\n<meta property=\"og:description\" content=\"L&#039;astrophotographe Andrew McCarthy a immortalis\u00e9 le transit de la Station spatiale internationale &quot;au-dessus&quot; du crat\u00e8re lunaire Tycho.\" \/>\n<meta property=\"og:url\" content=\"https:\/\/blogs.futura-sciences.com\/feldmann\/2024\/03\/22\/saisissant-la-station-spatiale-et-le-cratere-lunaire-tycho\/\" \/>\n<meta property=\"og:site_name\" content=\"CIELMANIA : le blog de Jean-Baptiste FELDMANN, photographe du ciel\" \/>\n<meta property=\"article:published_time\" content=\"2024-03-22T17:30:48+00:00\" \/>\n<meta property=\"article:modified_time\" content=\"2024-03-29T17:42:05+00:00\" \/>\n<meta property=\"og:image\" content=\"https:\/\/blogs.futura-sciences.com\/feldmann\/wp-content\/uploads\/sites\/9\/2024\/02\/tycho_iss.jpg\" \/>\n\t<meta property=\"og:image:width\" content=\"1499\" \/>\n\t<meta property=\"og:image:height\" content=\"901\" \/>\n\t<meta property=\"og:image:type\" content=\"image\/jpeg\" \/>\n<meta name=\"author\" content=\"Jean-Baptiste FELDMANN\" \/>\n<meta name=\"twitter:card\" content=\"summary_large_image\" \/>\n<meta name=\"twitter:label1\" content=\"\u00c9crit par\" \/>\n\t<meta name=\"twitter:data1\" content=\"Jean-Baptiste FELDMANN\" \/>\n\t<meta name=\"twitter:label2\" content=\"Dur\u00e9e de lecture estim\u00e9e\" \/>\n\t<meta name=\"twitter:data2\" content=\"3 minutes\" \/>\n<script type=\"application\/ld+json\" class=\"yoast-schema-graph\">{\"@context\":\"https:\/\/schema.org\",\"@graph\":[{\"@type\":\"WebPage\",\"@id\":\"https:\/\/blogs.futura-sciences.com\/feldmann\/2024\/03\/22\/saisissant-la-station-spatiale-et-le-cratere-lunaire-tycho\/\",\"url\":\"https:\/\/blogs.futura-sciences.com\/feldmann\/2024\/03\/22\/saisissant-la-station-spatiale-et-le-cratere-lunaire-tycho\/\",\"name\":\"Saisissant : la Station spatiale et le crat\u00e8re lunaire Tycho\",\"isPartOf\":{\"@id\":\"https:\/\/blogs.futura-sciences.com\/feldmann\/#website\"},\"primaryImageOfPage\":{\"@id\":\"https:\/\/blogs.futura-sciences.com\/feldmann\/2024\/03\/22\/saisissant-la-station-spatiale-et-le-cratere-lunaire-tycho\/#primaryimage\"},\"image\":{\"@id\":\"https:\/\/blogs.futura-sciences.com\/feldmann\/2024\/03\/22\/saisissant-la-station-spatiale-et-le-cratere-lunaire-tycho\/#primaryimage\"},\"thumbnailUrl\":\"https:\/\/blogs.futura-sciences.com\/feldmann\/wp-content\/uploads\/sites\/9\/2024\/02\/tycho_iss.jpg\",\"datePublished\":\"2024-03-22T17:30:48+00:00\",\"dateModified\":\"2024-03-29T17:42:05+00:00\",\"author\":{\"@id\":\"https:\/\/blogs.futura-sciences.com\/feldmann\/#\/schema\/person\/62b391b709c307783237b759b62731ea\"},\"description\":\"L'astrophotographe Andrew McCarthy a immortalis\u00e9 le transit de la Station spatiale internationale \\\"au-dessus\\\" du crat\u00e8re lunaire Tycho.\",\"inLanguage\":\"fr-FR\",\"potentialAction\":[{\"@type\":\"ReadAction\",\"target\":[\"https:\/\/blogs.futura-sciences.com\/feldmann\/2024\/03\/22\/saisissant-la-station-spatiale-et-le-cratere-lunaire-tycho\/\"]}]},{\"@type\":\"ImageObject\",\"inLanguage\":\"fr-FR\",\"@id\":\"https:\/\/blogs.futura-sciences.com\/feldmann\/2024\/03\/22\/saisissant-la-station-spatiale-et-le-cratere-lunaire-tycho\/#primaryimage\",\"url\":\"https:\/\/blogs.futura-sciences.com\/feldmann\/wp-content\/uploads\/sites\/9\/2024\/02\/tycho_iss.jpg\",\"contentUrl\":\"https:\/\/blogs.futura-sciences.com\/feldmann\/wp-content\/uploads\/sites\/9\/2024\/02\/tycho_iss.jpg\",\"width\":1499,\"height\":901},{\"@type\":\"WebSite\",\"@id\":\"https:\/\/blogs.futura-sciences.com\/feldmann\/#website\",\"url\":\"https:\/\/blogs.futura-sciences.com\/feldmann\/\",\"name\":\"CIELMANIA : le blog de Jean-Baptiste FELDMANN, photographe du ciel\",\"description\":\"&quot;J&#039;ai en moi un besoin terrible. Dirais-je le mot? La religion. Alors, je sors la nuit et je peins des \u00e9toiles.&quot;  Vincent van Gogh\",\"potentialAction\":[{\"@type\":\"SearchAction\",\"target\":{\"@type\":\"EntryPoint\",\"urlTemplate\":\"https:\/\/blogs.futura-sciences.com\/feldmann\/?s={search_term_string}\"},\"query-input\":{\"@type\":\"PropertyValueSpecification\",\"valueRequired\":true,\"valueName\":\"search_term_string\"}}],\"inLanguage\":\"fr-FR\"},{\"@type\":\"Person\",\"@id\":\"https:\/\/blogs.futura-sciences.com\/feldmann\/#\/schema\/person\/62b391b709c307783237b759b62731ea\",\"name\":\"Jean-Baptiste FELDMANN\",\"image\":{\"@type\":\"ImageObject\",\"inLanguage\":\"fr-FR\",\"@id\":\"https:\/\/blogs.futura-sciences.com\/feldmann\/#\/schema\/person\/image\/\",\"url\":\"https:\/\/secure.gravatar.com\/avatar\/41f96607fde7a81a14570eec74177c42?s=96&d=mm&r=g\",\"contentUrl\":\"https:\/\/secure.gravatar.com\/avatar\/41f96607fde7a81a14570eec74177c42?s=96&d=mm&r=g\",\"caption\":\"Jean-Baptiste FELDMANN\"},\"url\":\"https:\/\/blogs.futura-sciences.com\/feldmann\/author\/jbfe\/\"}]}<\/script>\n<!-- \/ Yoast SEO plugin. -->","yoast_head_json":{"title":"Saisissant : la Station spatiale et le crat\u00e8re lunaire Tycho","description":"L'astrophotographe Andrew McCarthy a immortalis\u00e9 le transit de la Station spatiale internationale \"au-dessus\" du crat\u00e8re lunaire Tycho.","robots":{"index":"index","follow":"follow","max-snippet":"max-snippet:-1","max-image-preview":"max-image-preview:large","max-video-preview":"max-video-preview:-1"},"canonical":"https:\/\/blogs.futura-sciences.com\/feldmann\/2024\/03\/22\/saisissant-la-station-spatiale-et-le-cratere-lunaire-tycho\/","og_locale":"fr_FR","og_type":"article","og_title":"Saisissant : la Station spatiale et le crat\u00e8re lunaire Tycho","og_description":"L'astrophotographe Andrew McCarthy a immortalis\u00e9 le transit de la Station spatiale internationale \"au-dessus\" du crat\u00e8re lunaire Tycho.","og_url":"https:\/\/blogs.futura-sciences.com\/feldmann\/2024\/03\/22\/saisissant-la-station-spatiale-et-le-cratere-lunaire-tycho\/","og_site_name":"CIELMANIA : le blog de Jean-Baptiste FELDMANN, photographe du ciel","article_published_time":"2024-03-22T17:30:48+00:00","article_modified_time":"2024-03-29T17:42:05+00:00","og_image":[{"width":1499,"height":901,"url":"https:\/\/blogs.futura-sciences.com\/feldmann\/wp-content\/uploads\/sites\/9\/2024\/02\/tycho_iss.jpg","type":"image\/jpeg"}],"author":"Jean-Baptiste FELDMANN","twitter_card":"summary_large_image","twitter_misc":{"\u00c9crit par":"Jean-Baptiste FELDMANN","Dur\u00e9e de lecture estim\u00e9e":"3 minutes"},"schema":{"@context":"https:\/\/schema.org","@graph":[{"@type":"WebPage","@id":"https:\/\/blogs.futura-sciences.com\/feldmann\/2024\/03\/22\/saisissant-la-station-spatiale-et-le-cratere-lunaire-tycho\/","url":"https:\/\/blogs.futura-sciences.com\/feldmann\/2024\/03\/22\/saisissant-la-station-spatiale-et-le-cratere-lunaire-tycho\/","name":"Saisissant : la Station spatiale et le crat\u00e8re lunaire Tycho","isPartOf":{"@id":"https:\/\/blogs.futura-sciences.com\/feldmann\/#website"},"primaryImageOfPage":{"@id":"https:\/\/blogs.futura-sciences.com\/feldmann\/2024\/03\/22\/saisissant-la-station-spatiale-et-le-cratere-lunaire-tycho\/#primaryimage"},"image":{"@id":"https:\/\/blogs.futura-sciences.com\/feldmann\/2024\/03\/22\/saisissant-la-station-spatiale-et-le-cratere-lunaire-tycho\/#primaryimage"},"thumbnailUrl":"https:\/\/blogs.futura-sciences.com\/feldmann\/wp-content\/uploads\/sites\/9\/2024\/02\/tycho_iss.jpg","datePublished":"2024-03-22T17:30:48+00:00","dateModified":"2024-03-29T17:42:05+00:00","author":{"@id":"https:\/\/blogs.futura-sciences.com\/feldmann\/#\/schema\/person\/62b391b709c307783237b759b62731ea"},"description":"L'astrophotographe Andrew McCarthy a immortalis\u00e9 le transit de la Station spatiale internationale \"au-dessus\" du crat\u00e8re lunaire Tycho.","inLanguage":"fr-FR","potentialAction":[{"@type":"ReadAction","target":["https:\/\/blogs.futura-sciences.com\/feldmann\/2024\/03\/22\/saisissant-la-station-spatiale-et-le-cratere-lunaire-tycho\/"]}]},{"@type":"ImageObject","inLanguage":"fr-FR","@id":"https:\/\/blogs.futura-sciences.com\/feldmann\/2024\/03\/22\/saisissant-la-station-spatiale-et-le-cratere-lunaire-tycho\/#primaryimage","url":"https:\/\/blogs.futura-sciences.com\/feldmann\/wp-content\/uploads\/sites\/9\/2024\/02\/tycho_iss.jpg","contentUrl":"https:\/\/blogs.futura-sciences.com\/feldmann\/wp-content\/uploads\/sites\/9\/2024\/02\/tycho_iss.jpg","width":1499,"height":901},{"@type":"WebSite","@id":"https:\/\/blogs.futura-sciences.com\/feldmann\/#website","url":"https:\/\/blogs.futura-sciences.com\/feldmann\/","name":"CIELMANIA : le blog de Jean-Baptiste FELDMANN, photographe du ciel","description":"&quot;J&#039;ai en moi un besoin terrible. Dirais-je le mot? La religion. Alors, je sors la nuit et je peins des \u00e9toiles.&quot;  Vincent van Gogh","potentialAction":[{"@type":"SearchAction","target":{"@type":"EntryPoint","urlTemplate":"https:\/\/blogs.futura-sciences.com\/feldmann\/?s={search_term_string}"},"query-input":{"@type":"PropertyValueSpecification","valueRequired":true,"valueName":"search_term_string"}}],"inLanguage":"fr-FR"},{"@type":"Person","@id":"https:\/\/blogs.futura-sciences.com\/feldmann\/#\/schema\/person\/62b391b709c307783237b759b62731ea","name":"Jean-Baptiste FELDMANN","image":{"@type":"ImageObject","inLanguage":"fr-FR","@id":"https:\/\/blogs.futura-sciences.com\/feldmann\/#\/schema\/person\/image\/","url":"https:\/\/secure.gravatar.com\/avatar\/41f96607fde7a81a14570eec74177c42?s=96&d=mm&r=g","contentUrl":"https:\/\/secure.gravatar.com\/avatar\/41f96607fde7a81a14570eec74177c42?s=96&d=mm&r=g","caption":"Jean-Baptiste FELDMANN"},"url":"https:\/\/blogs.futura-sciences.com\/feldmann\/author\/jbfe\/"}]}},"_links":{"self":[{"href":"https:\/\/blogs.futura-sciences.com\/feldmann\/wp-json\/wp\/v2\/posts\/19004","targetHints":{"allow":["GET"]}}],"collection":[{"href":"https:\/\/blogs.futura-sciences.com\/feldmann\/wp-json\/wp\/v2\/posts"}],"about":[{"href":"https:\/\/blogs.futura-sciences.com\/feldmann\/wp-json\/wp\/v2\/types\/post"}],"author":[{"embeddable":true,"href":"https:\/\/blogs.futura-sciences.com\/feldmann\/wp-json\/wp\/v2\/users\/8"}],"replies":[{"embeddable":true,"href":"https:\/\/blogs.futura-sciences.com\/feldmann\/wp-json\/wp\/v2\/comments?post=19004"}],"version-history":[{"count":5,"href":"https:\/\/blogs.futura-sciences.com\/feldmann\/wp-json\/wp\/v2\/posts\/19004\/revisions"}],"predecessor-version":[{"id":19010,"href":"https:\/\/blogs.futura-sciences.com\/feldmann\/wp-json\/wp\/v2\/posts\/19004\/revisions\/19010"}],"wp:featuredmedia":[{"embeddable":true,"href":"https:\/\/blogs.futura-sciences.com\/feldmann\/wp-json\/wp\/v2\/media\/19005"}],"wp:attachment":[{"href":"https:\/\/blogs.futura-sciences.com\/feldmann\/wp-json\/wp\/v2\/media?parent=19004"}],"wp:term":[{"taxonomy":"category","embeddable":true,"href":"https:\/\/blogs.futura-sciences.com\/feldmann\/wp-json\/wp\/v2\/categories?post=19004"},{"taxonomy":"post_tag","embeddable":true,"href":"https:\/\/blogs.futura-sciences.com\/feldmann\/wp-json\/wp\/v2\/tags?post=19004"}],"curies":[{"name":"wp","href":"https:\/\/api.w.org\/{rel}","templated":true}]}}