{"id":18701,"date":"2023-11-29T16:06:29","date_gmt":"2023-11-29T16:06:29","guid":{"rendered":"https:\/\/blogs.futura-sciences.com\/feldmann\/?p=18701"},"modified":"2023-12-26T14:16:13","modified_gmt":"2023-12-26T14:16:13","slug":"jupiter-le-declin-de-la-grande-tache-rouge-en-images","status":"publish","type":"post","link":"https:\/\/blogs.futura-sciences.com\/feldmann\/2023\/11\/29\/jupiter-le-declin-de-la-grande-tache-rouge-en-images\/","title":{"rendered":"Jupiter : le d\u00e9clin de la Grande Tache Rouge en images"},"content":{"rendered":"<p><strong>Observ\u00e9e sur Jupiter depuis plus de 350 ans, la c\u00e9l\u00e8bre Grande Tache rouge ne cesse de r\u00e9tr\u00e9cir. La preuve en images.<\/strong><\/p>\n<h5>Anticyclone g\u00e9ant :<\/h5>\n<p>C\u2019est la plus c\u00e9l\u00e8bre temp\u00eate de tout le Syst\u00e8me solaire. La GTR (Grande Tache rouge) est un gigantesque anticyclone orang\u00e9 que l\u2019on observe sur\u00a0<a href=\"https:\/\/www.futura-sciences.com\/sciences\/definitions\/univers-jupiter-3714\/\" target=\"_blank\" rel=\"noopener\">Jupiter<\/a>. Sa couleur pourrait s\u2019expliquer par l\u2019action des rayons cosmiques sur les mol\u00e9cules d\u2019hydrosulfure d\u2019ammonium qui remontent du fond de la Tache jusqu\u2019\u00e0 sa surface. La d\u00e9couverte de la GTR par le fran\u00e7ais Jean-Dominique Cassini date de 1665. Depuis, les astronomes n\u2019ont jamais cess\u00e9 de l\u2019\u00e9tudier :<\/p>\n<figure id=\"attachment_16124\" aria-describedby=\"caption-attachment-16124\" style=\"width: 450px\" class=\"wp-caption alignnone\"><a href=\"https:\/\/blogs.futura-sciences.com\/feldmann\/wp-content\/uploads\/sites\/9\/2022\/06\/jupiter1.jpg\" rel=\"lightbox[18701]\"><img loading=\"lazy\" decoding=\"async\" class=\"size-medium wp-image-16124\" src=\"https:\/\/blogs.futura-sciences.com\/feldmann\/wp-content\/uploads\/sites\/9\/2022\/06\/jupiter1-450x270.jpg\" alt=\"\" width=\"450\" height=\"270\" srcset=\"https:\/\/blogs.futura-sciences.com\/feldmann\/wp-content\/uploads\/sites\/9\/2022\/06\/jupiter1-450x270.jpg 450w, https:\/\/blogs.futura-sciences.com\/feldmann\/wp-content\/uploads\/sites\/9\/2022\/06\/jupiter1-1024x614.jpg 1024w, https:\/\/blogs.futura-sciences.com\/feldmann\/wp-content\/uploads\/sites\/9\/2022\/06\/jupiter1-768x461.jpg 768w, https:\/\/blogs.futura-sciences.com\/feldmann\/wp-content\/uploads\/sites\/9\/2022\/06\/jupiter1.jpg 1500w\" sizes=\"auto, (max-width: 450px) 100vw, 450px\" \/><\/a><figcaption id=\"caption-attachment-16124\" class=\"wp-caption-text\">Jupiter et sa Grande Tache rouge photographi\u00e9s le 17 juin 2022. \u00a9 Christopher Go<\/figcaption><\/figure>\n<p>Depuis une centaine d\u2019ann\u00e9es environ, les astronomes constatent que la Grande Tache rouge diminue. L&#8217;astrophotographe <a href=\"https:\/\/www.damianpeach.com\/\" target=\"_blank\" rel=\"noopener\">Damian Peach<\/a> en apporte la preuve en images.<!--more--><\/p>\n<h5>Programme minceur :<\/h5>\n<p>\u00c0 la fin du XIXe si\u00e8cle, la GTR mesurait 40.000 kilom\u00e8tres de long. Lorsque les sondes Voyager la survol\u00e8rent il y a 40 ans, elle ne faisait plus que 25.000 kilom\u00e8tres. De nouvelles mesures r\u00e9alis\u00e9es en 2017 ont ramen\u00e9 sa taille \u00e0 16.000 kilom\u00e8tres. Et les donn\u00e9es acquises par les amateurs ces derni\u00e8res ann\u00e9es montrent que la tendance ne s\u2019est pas invers\u00e9e. Pour visualiser ces modifications, Damian Peach a r\u00e9alis\u00e9 un montage en quatre images :<\/p>\n<p><a href=\"https:\/\/blogs.futura-sciences.com\/feldmann\/wp-content\/uploads\/sites\/9\/2023\/11\/GTR2.jpg\" rel=\"lightbox[18701]\"><img loading=\"lazy\" decoding=\"async\" class=\"alignnone size-medium wp-image-18703\" src=\"https:\/\/blogs.futura-sciences.com\/feldmann\/wp-content\/uploads\/sites\/9\/2023\/11\/GTR2-394x450.jpg\" alt=\"\" width=\"394\" height=\"450\" srcset=\"https:\/\/blogs.futura-sciences.com\/feldmann\/wp-content\/uploads\/sites\/9\/2023\/11\/GTR2-394x450.jpg 394w, https:\/\/blogs.futura-sciences.com\/feldmann\/wp-content\/uploads\/sites\/9\/2023\/11\/GTR2-896x1024.jpg 896w, https:\/\/blogs.futura-sciences.com\/feldmann\/wp-content\/uploads\/sites\/9\/2023\/11\/GTR2-768x878.jpg 768w, https:\/\/blogs.futura-sciences.com\/feldmann\/wp-content\/uploads\/sites\/9\/2023\/11\/GTR2-1344x1536.jpg 1344w, https:\/\/blogs.futura-sciences.com\/feldmann\/wp-content\/uploads\/sites\/9\/2023\/11\/GTR2.jpg 1400w\" sizes=\"auto, (max-width: 394px) 100vw, 394px\" \/><\/a><\/p>\n<p>La premi\u00e8re (qu&#8217;il a coloris\u00e9e) a \u00e9t\u00e9 obtenue \u00e0 l&#8217;<a href=\"https:\/\/www.lickobservatory.org\/\" target=\"_blank\" rel=\"noopener\">Observatoire Lick<\/a> en 1891, sans doute avec une lunette de 91 centim\u00e8tres de diam\u00e8tre, la plus grande du monde \u00e0 l&#8217;\u00e9poque. Le clich\u00e9 de 1961 provient du Catalina Observatory. Les deux derni\u00e8res photos r\u00e9alis\u00e9es en 2003 et 2023 sont de Damian Peach. Ce dernier fait remarquer qu&#8217;en 132 ans, la GTR a vu sa taille divis\u00e9e par 3 ! Personne ne peut dire ce que va devenir cet anticyclone dans les ann\u00e9es \u00e0 venir&#8230;<\/p>\n<p><iframe loading=\"lazy\" title=\"Plongeon dans la grande tache rouge de Jupiter | Futura\" width=\"474\" height=\"267\" src=\"https:\/\/www.youtube.com\/embed\/MKZEnuMdX0o?feature=oembed\" frameborder=\"0\" allow=\"accelerometer; autoplay; clipboard-write; encrypted-media; gyroscope; picture-in-picture; web-share\" referrerpolicy=\"strict-origin-when-cross-origin\" allowfullscreen><\/iframe><\/p>\n<h5>Vous pourriez aimer :<\/h5>\n<ul>\n<li><a href=\"https:\/\/blogs.futura-sciences.com\/feldmann\/2022\/01\/30\/les-saisissantes-images-de-jupiter-prises-par-la-sonde-juno\/\" target=\"_blank\" rel=\"noopener\">Les saisissantes images de Jupiter prises par la sonde Juno<\/a><\/li>\n<li><a href=\"https:\/\/blogs.futura-sciences.com\/feldmann\/2021\/09\/15\/en-video-un-petit-corps-celeste-entre-en-collision-avec-jupiter\/\" target=\"_blank\" rel=\"noopener\">En vid\u00e9o : un petit corps c\u00e9leste entre en collision avec Jupiter<\/a><\/li>\n<li><a href=\"https:\/\/blogs.futura-sciences.com\/feldmann\/2021\/06\/07\/spectaculaire-jeu-dombres-de-deux-satellites-sur-jupiter\/\" target=\"_blank\" rel=\"noopener\">Spectaculaire jeu d\u2019ombres de deux satellites sur Jupiter<\/a><\/li>\n<\/ul>\n<p>Suivez l\u2019actualit\u00e9 astronomique et d\u00e9couvrez mes images du ciel en vous abonnant \u00e0 Cielmania sur\u00a0<a href=\"https:\/\/www.facebook.com\/cielmania\/\" target=\"_blank\" rel=\"noopener noreferrer\">Facebook<\/a>.<\/p>\n<!-- AddThis Advanced Settings generic via filter on the_content --><!-- AddThis Share Buttons generic via filter on the_content -->","protected":false},"excerpt":{"rendered":"<p>Observ\u00e9e sur Jupiter depuis plus de 350 ans, la c\u00e9l\u00e8bre Grande Tache rouge ne cesse de r\u00e9tr\u00e9cir. La preuve en images. Anticyclone g\u00e9ant : C\u2019est la plus c\u00e9l\u00e8bre temp\u00eate de tout le Syst\u00e8me solaire. La GTR (Grande Tache rouge) est un gigantesque anticyclone orang\u00e9 que l\u2019on observe sur\u00a0Jupiter. Sa couleur pourrait s\u2019expliquer par l\u2019action des &hellip; <a href=\"https:\/\/blogs.futura-sciences.com\/feldmann\/2023\/11\/29\/jupiter-le-declin-de-la-grande-tache-rouge-en-images\/\" class=\"more-link\">Continuer la lecture de <span class=\"screen-reader-text\">Jupiter : le d\u00e9clin de la Grande Tache Rouge en images<\/span>  <span class=\"meta-nav\">&rarr;<\/span><\/a><!-- AddThis Advanced Settings generic via filter on get_the_excerpt --><!-- AddThis Share Buttons generic via filter on get_the_excerpt --><\/p>\n","protected":false},"author":8,"featured_media":18702,"comment_status":"open","ping_status":"open","sticky":false,"template":"","format":"standard","meta":{"footnotes":"","_links_to":"","_links_to_target":""},"categories":[509],"tags":[692,1442,90],"class_list":["post-18701","post","type-post","status-publish","format-standard","has-post-thumbnail","hentry","category-actualites","tag-damian-peach","tag-grande-tache-rouge","tag-jupiter"],"yoast_head":"<!-- This site is optimized with the Yoast SEO plugin v24.1 - https:\/\/yoast.com\/wordpress\/plugins\/seo\/ -->\n<title>Jupiter : le d\u00e9clin de la Grande Tache Rouge en images<\/title>\n<meta name=\"description\" content=\"Observ\u00e9e sur Jupiter depuis plus de 350 ans, la c\u00e9l\u00e8bre Grande Tache rouge ne cesse de r\u00e9tr\u00e9cir. La preuve en images.\" \/>\n<meta name=\"robots\" content=\"index, follow, max-snippet:-1, max-image-preview:large, max-video-preview:-1\" \/>\n<link rel=\"canonical\" href=\"https:\/\/blogs.futura-sciences.com\/feldmann\/2023\/11\/29\/jupiter-le-declin-de-la-grande-tache-rouge-en-images\/\" \/>\n<meta property=\"og:locale\" content=\"fr_FR\" \/>\n<meta property=\"og:type\" content=\"article\" \/>\n<meta property=\"og:title\" content=\"Jupiter : le d\u00e9clin de la Grande Tache Rouge en images\" \/>\n<meta property=\"og:description\" content=\"Observ\u00e9e sur Jupiter depuis plus de 350 ans, la c\u00e9l\u00e8bre Grande Tache rouge ne cesse de r\u00e9tr\u00e9cir. La preuve en images.\" \/>\n<meta property=\"og:url\" content=\"https:\/\/blogs.futura-sciences.com\/feldmann\/2023\/11\/29\/jupiter-le-declin-de-la-grande-tache-rouge-en-images\/\" \/>\n<meta property=\"og:site_name\" content=\"CIELMANIA : le blog de Jean-Baptiste FELDMANN, photographe du ciel\" \/>\n<meta property=\"article:published_time\" content=\"2023-11-29T16:06:29+00:00\" \/>\n<meta property=\"article:modified_time\" content=\"2023-12-26T14:16:13+00:00\" \/>\n<meta property=\"og:image\" content=\"https:\/\/blogs.futura-sciences.com\/feldmann\/wp-content\/uploads\/sites\/9\/2023\/11\/GTR1.jpg\" \/>\n\t<meta property=\"og:image:width\" content=\"1500\" \/>\n\t<meta property=\"og:image:height\" content=\"900\" \/>\n\t<meta property=\"og:image:type\" content=\"image\/jpeg\" \/>\n<meta name=\"author\" content=\"Jean-Baptiste FELDMANN\" \/>\n<meta name=\"twitter:card\" content=\"summary_large_image\" \/>\n<meta name=\"twitter:label1\" content=\"\u00c9crit par\" \/>\n\t<meta name=\"twitter:data1\" content=\"Jean-Baptiste FELDMANN\" \/>\n\t<meta name=\"twitter:label2\" content=\"Dur\u00e9e de lecture estim\u00e9e\" \/>\n\t<meta name=\"twitter:data2\" content=\"3 minutes\" \/>\n<script type=\"application\/ld+json\" class=\"yoast-schema-graph\">{\"@context\":\"https:\/\/schema.org\",\"@graph\":[{\"@type\":\"WebPage\",\"@id\":\"https:\/\/blogs.futura-sciences.com\/feldmann\/2023\/11\/29\/jupiter-le-declin-de-la-grande-tache-rouge-en-images\/\",\"url\":\"https:\/\/blogs.futura-sciences.com\/feldmann\/2023\/11\/29\/jupiter-le-declin-de-la-grande-tache-rouge-en-images\/\",\"name\":\"Jupiter : le d\u00e9clin de la Grande Tache Rouge en images\",\"isPartOf\":{\"@id\":\"https:\/\/blogs.futura-sciences.com\/feldmann\/#website\"},\"primaryImageOfPage\":{\"@id\":\"https:\/\/blogs.futura-sciences.com\/feldmann\/2023\/11\/29\/jupiter-le-declin-de-la-grande-tache-rouge-en-images\/#primaryimage\"},\"image\":{\"@id\":\"https:\/\/blogs.futura-sciences.com\/feldmann\/2023\/11\/29\/jupiter-le-declin-de-la-grande-tache-rouge-en-images\/#primaryimage\"},\"thumbnailUrl\":\"https:\/\/blogs.futura-sciences.com\/feldmann\/wp-content\/uploads\/sites\/9\/2023\/11\/GTR1.jpg\",\"datePublished\":\"2023-11-29T16:06:29+00:00\",\"dateModified\":\"2023-12-26T14:16:13+00:00\",\"author\":{\"@id\":\"https:\/\/blogs.futura-sciences.com\/feldmann\/#\/schema\/person\/62b391b709c307783237b759b62731ea\"},\"description\":\"Observ\u00e9e sur Jupiter depuis plus de 350 ans, la c\u00e9l\u00e8bre Grande Tache rouge ne cesse de r\u00e9tr\u00e9cir. La preuve en images.\",\"inLanguage\":\"fr-FR\",\"potentialAction\":[{\"@type\":\"ReadAction\",\"target\":[\"https:\/\/blogs.futura-sciences.com\/feldmann\/2023\/11\/29\/jupiter-le-declin-de-la-grande-tache-rouge-en-images\/\"]}]},{\"@type\":\"ImageObject\",\"inLanguage\":\"fr-FR\",\"@id\":\"https:\/\/blogs.futura-sciences.com\/feldmann\/2023\/11\/29\/jupiter-le-declin-de-la-grande-tache-rouge-en-images\/#primaryimage\",\"url\":\"https:\/\/blogs.futura-sciences.com\/feldmann\/wp-content\/uploads\/sites\/9\/2023\/11\/GTR1.jpg\",\"contentUrl\":\"https:\/\/blogs.futura-sciences.com\/feldmann\/wp-content\/uploads\/sites\/9\/2023\/11\/GTR1.jpg\",\"width\":1500,\"height\":900},{\"@type\":\"WebSite\",\"@id\":\"https:\/\/blogs.futura-sciences.com\/feldmann\/#website\",\"url\":\"https:\/\/blogs.futura-sciences.com\/feldmann\/\",\"name\":\"CIELMANIA : le blog de Jean-Baptiste FELDMANN, photographe du ciel\",\"description\":\"&quot;J&#039;ai en moi un besoin terrible. Dirais-je le mot? La religion. Alors, je sors la nuit et je peins des \u00e9toiles.&quot;  Vincent van Gogh\",\"potentialAction\":[{\"@type\":\"SearchAction\",\"target\":{\"@type\":\"EntryPoint\",\"urlTemplate\":\"https:\/\/blogs.futura-sciences.com\/feldmann\/?s={search_term_string}\"},\"query-input\":{\"@type\":\"PropertyValueSpecification\",\"valueRequired\":true,\"valueName\":\"search_term_string\"}}],\"inLanguage\":\"fr-FR\"},{\"@type\":\"Person\",\"@id\":\"https:\/\/blogs.futura-sciences.com\/feldmann\/#\/schema\/person\/62b391b709c307783237b759b62731ea\",\"name\":\"Jean-Baptiste FELDMANN\",\"image\":{\"@type\":\"ImageObject\",\"inLanguage\":\"fr-FR\",\"@id\":\"https:\/\/blogs.futura-sciences.com\/feldmann\/#\/schema\/person\/image\/\",\"url\":\"https:\/\/secure.gravatar.com\/avatar\/41f96607fde7a81a14570eec74177c42?s=96&d=mm&r=g\",\"contentUrl\":\"https:\/\/secure.gravatar.com\/avatar\/41f96607fde7a81a14570eec74177c42?s=96&d=mm&r=g\",\"caption\":\"Jean-Baptiste FELDMANN\"},\"url\":\"https:\/\/blogs.futura-sciences.com\/feldmann\/author\/jbfe\/\"}]}<\/script>\n<!-- \/ Yoast SEO plugin. -->","yoast_head_json":{"title":"Jupiter : le d\u00e9clin de la Grande Tache Rouge en images","description":"Observ\u00e9e sur Jupiter depuis plus de 350 ans, la c\u00e9l\u00e8bre Grande Tache rouge ne cesse de r\u00e9tr\u00e9cir. La preuve en images.","robots":{"index":"index","follow":"follow","max-snippet":"max-snippet:-1","max-image-preview":"max-image-preview:large","max-video-preview":"max-video-preview:-1"},"canonical":"https:\/\/blogs.futura-sciences.com\/feldmann\/2023\/11\/29\/jupiter-le-declin-de-la-grande-tache-rouge-en-images\/","og_locale":"fr_FR","og_type":"article","og_title":"Jupiter : le d\u00e9clin de la Grande Tache Rouge en images","og_description":"Observ\u00e9e sur Jupiter depuis plus de 350 ans, la c\u00e9l\u00e8bre Grande Tache rouge ne cesse de r\u00e9tr\u00e9cir. La preuve en images.","og_url":"https:\/\/blogs.futura-sciences.com\/feldmann\/2023\/11\/29\/jupiter-le-declin-de-la-grande-tache-rouge-en-images\/","og_site_name":"CIELMANIA : le blog de Jean-Baptiste FELDMANN, photographe du ciel","article_published_time":"2023-11-29T16:06:29+00:00","article_modified_time":"2023-12-26T14:16:13+00:00","og_image":[{"width":1500,"height":900,"url":"https:\/\/blogs.futura-sciences.com\/feldmann\/wp-content\/uploads\/sites\/9\/2023\/11\/GTR1.jpg","type":"image\/jpeg"}],"author":"Jean-Baptiste FELDMANN","twitter_card":"summary_large_image","twitter_misc":{"\u00c9crit par":"Jean-Baptiste FELDMANN","Dur\u00e9e de lecture estim\u00e9e":"3 minutes"},"schema":{"@context":"https:\/\/schema.org","@graph":[{"@type":"WebPage","@id":"https:\/\/blogs.futura-sciences.com\/feldmann\/2023\/11\/29\/jupiter-le-declin-de-la-grande-tache-rouge-en-images\/","url":"https:\/\/blogs.futura-sciences.com\/feldmann\/2023\/11\/29\/jupiter-le-declin-de-la-grande-tache-rouge-en-images\/","name":"Jupiter : le d\u00e9clin de la Grande Tache Rouge en images","isPartOf":{"@id":"https:\/\/blogs.futura-sciences.com\/feldmann\/#website"},"primaryImageOfPage":{"@id":"https:\/\/blogs.futura-sciences.com\/feldmann\/2023\/11\/29\/jupiter-le-declin-de-la-grande-tache-rouge-en-images\/#primaryimage"},"image":{"@id":"https:\/\/blogs.futura-sciences.com\/feldmann\/2023\/11\/29\/jupiter-le-declin-de-la-grande-tache-rouge-en-images\/#primaryimage"},"thumbnailUrl":"https:\/\/blogs.futura-sciences.com\/feldmann\/wp-content\/uploads\/sites\/9\/2023\/11\/GTR1.jpg","datePublished":"2023-11-29T16:06:29+00:00","dateModified":"2023-12-26T14:16:13+00:00","author":{"@id":"https:\/\/blogs.futura-sciences.com\/feldmann\/#\/schema\/person\/62b391b709c307783237b759b62731ea"},"description":"Observ\u00e9e sur Jupiter depuis plus de 350 ans, la c\u00e9l\u00e8bre Grande Tache rouge ne cesse de r\u00e9tr\u00e9cir. La preuve en images.","inLanguage":"fr-FR","potentialAction":[{"@type":"ReadAction","target":["https:\/\/blogs.futura-sciences.com\/feldmann\/2023\/11\/29\/jupiter-le-declin-de-la-grande-tache-rouge-en-images\/"]}]},{"@type":"ImageObject","inLanguage":"fr-FR","@id":"https:\/\/blogs.futura-sciences.com\/feldmann\/2023\/11\/29\/jupiter-le-declin-de-la-grande-tache-rouge-en-images\/#primaryimage","url":"https:\/\/blogs.futura-sciences.com\/feldmann\/wp-content\/uploads\/sites\/9\/2023\/11\/GTR1.jpg","contentUrl":"https:\/\/blogs.futura-sciences.com\/feldmann\/wp-content\/uploads\/sites\/9\/2023\/11\/GTR1.jpg","width":1500,"height":900},{"@type":"WebSite","@id":"https:\/\/blogs.futura-sciences.com\/feldmann\/#website","url":"https:\/\/blogs.futura-sciences.com\/feldmann\/","name":"CIELMANIA : le blog de Jean-Baptiste FELDMANN, photographe du ciel","description":"&quot;J&#039;ai en moi un besoin terrible. Dirais-je le mot? La religion. Alors, je sors la nuit et je peins des \u00e9toiles.&quot;  Vincent van Gogh","potentialAction":[{"@type":"SearchAction","target":{"@type":"EntryPoint","urlTemplate":"https:\/\/blogs.futura-sciences.com\/feldmann\/?s={search_term_string}"},"query-input":{"@type":"PropertyValueSpecification","valueRequired":true,"valueName":"search_term_string"}}],"inLanguage":"fr-FR"},{"@type":"Person","@id":"https:\/\/blogs.futura-sciences.com\/feldmann\/#\/schema\/person\/62b391b709c307783237b759b62731ea","name":"Jean-Baptiste FELDMANN","image":{"@type":"ImageObject","inLanguage":"fr-FR","@id":"https:\/\/blogs.futura-sciences.com\/feldmann\/#\/schema\/person\/image\/","url":"https:\/\/secure.gravatar.com\/avatar\/41f96607fde7a81a14570eec74177c42?s=96&d=mm&r=g","contentUrl":"https:\/\/secure.gravatar.com\/avatar\/41f96607fde7a81a14570eec74177c42?s=96&d=mm&r=g","caption":"Jean-Baptiste FELDMANN"},"url":"https:\/\/blogs.futura-sciences.com\/feldmann\/author\/jbfe\/"}]}},"_links":{"self":[{"href":"https:\/\/blogs.futura-sciences.com\/feldmann\/wp-json\/wp\/v2\/posts\/18701","targetHints":{"allow":["GET"]}}],"collection":[{"href":"https:\/\/blogs.futura-sciences.com\/feldmann\/wp-json\/wp\/v2\/posts"}],"about":[{"href":"https:\/\/blogs.futura-sciences.com\/feldmann\/wp-json\/wp\/v2\/types\/post"}],"author":[{"embeddable":true,"href":"https:\/\/blogs.futura-sciences.com\/feldmann\/wp-json\/wp\/v2\/users\/8"}],"replies":[{"embeddable":true,"href":"https:\/\/blogs.futura-sciences.com\/feldmann\/wp-json\/wp\/v2\/comments?post=18701"}],"version-history":[{"count":7,"href":"https:\/\/blogs.futura-sciences.com\/feldmann\/wp-json\/wp\/v2\/posts\/18701\/revisions"}],"predecessor-version":[{"id":18718,"href":"https:\/\/blogs.futura-sciences.com\/feldmann\/wp-json\/wp\/v2\/posts\/18701\/revisions\/18718"}],"wp:featuredmedia":[{"embeddable":true,"href":"https:\/\/blogs.futura-sciences.com\/feldmann\/wp-json\/wp\/v2\/media\/18702"}],"wp:attachment":[{"href":"https:\/\/blogs.futura-sciences.com\/feldmann\/wp-json\/wp\/v2\/media?parent=18701"}],"wp:term":[{"taxonomy":"category","embeddable":true,"href":"https:\/\/blogs.futura-sciences.com\/feldmann\/wp-json\/wp\/v2\/categories?post=18701"},{"taxonomy":"post_tag","embeddable":true,"href":"https:\/\/blogs.futura-sciences.com\/feldmann\/wp-json\/wp\/v2\/tags?post=18701"}],"curies":[{"name":"wp","href":"https:\/\/api.w.org\/{rel}","templated":true}]}}