{"id":18578,"date":"2023-11-15T16:49:53","date_gmt":"2023-11-15T16:49:53","guid":{"rendered":"https:\/\/blogs.futura-sciences.com\/feldmann\/?p=18578"},"modified":"2023-11-29T16:08:07","modified_gmt":"2023-11-29T16:08:07","slug":"vertigineux-panorama-dans-la-ceinture-dorion","status":"publish","type":"post","link":"https:\/\/blogs.futura-sciences.com\/feldmann\/2023\/11\/15\/vertigineux-panorama-dans-la-ceinture-dorion\/","title":{"rendered":"Vertigineux panorama dans la Ceinture d&#8217;Orion"},"content":{"rendered":"<p><strong>Une \u00e9tonnante astrophotographie nous permet de plonger au c\u0153ur de la Ceinture dans la c\u00e9l\u00e8bre constellation d\u2019Orion.<\/strong><\/p>\n<h5>Les tr\u00e9sors d&#8217;Orion :<\/h5>\n<p>Les observateurs du ciel nocturne connaissent bien la Ceinture d&#8217;Orion. Situ\u00e9e juste au-dessus de la c\u00e9l\u00e8bre n\u00e9buleuse <a href=\"https:\/\/blogs.futura-sciences.com\/feldmann\/2021\/03\/16\/conseils-realisez-votre-premiere-photo-de-la-nebuleuse-dorion\/\" target=\"_blank\" rel=\"noopener\">Messier 42<\/a>, elle se pr\u00e9sente sous la forme de trois \u00e9toiles brillantes align\u00e9es. Il s&#8217;agit de Alnitak, Alnilam et Mintaka, des <a href=\"https:\/\/www.futura-sciences.com\/sciences\/definitions\/etoile-etoile-supergeante-34\/\" target=\"_blank\" rel=\"noopener\">superg\u00e9antes<\/a> bleues :<\/p>\n<figure id=\"attachment_15355\" aria-describedby=\"caption-attachment-15355\" style=\"width: 450px\" class=\"wp-caption alignnone\"><a href=\"https:\/\/blogs.futura-sciences.com\/feldmann\/wp-content\/uploads\/sites\/9\/2022\/01\/orion.jpg\" rel=\"lightbox[18578]\"><img loading=\"lazy\" decoding=\"async\" class=\"wp-image-15355 size-medium\" src=\"https:\/\/blogs.futura-sciences.com\/feldmann\/wp-content\/uploads\/sites\/9\/2022\/01\/orion-450x270.jpg\" alt=\"\" width=\"450\" height=\"270\" srcset=\"https:\/\/blogs.futura-sciences.com\/feldmann\/wp-content\/uploads\/sites\/9\/2022\/01\/orion-450x270.jpg 450w, https:\/\/blogs.futura-sciences.com\/feldmann\/wp-content\/uploads\/sites\/9\/2022\/01\/orion-1024x615.jpg 1024w, https:\/\/blogs.futura-sciences.com\/feldmann\/wp-content\/uploads\/sites\/9\/2022\/01\/orion-768x461.jpg 768w, https:\/\/blogs.futura-sciences.com\/feldmann\/wp-content\/uploads\/sites\/9\/2022\/01\/orion.jpg 1500w\" sizes=\"auto, (max-width: 450px) 100vw, 450px\" \/><\/a><figcaption id=\"caption-attachment-15355\" class=\"wp-caption-text\">Au centre de la constellation d\u2019Orion on remarque un alignement de trois brillantes \u00e9toiles. Elles forment le baudrier nou\u00e9 autour de la taille du chasseur dans la mythologie. C&#8217;est de l\u00e0 que pend l\u2019\u00e9p\u00e9e qui contient la n\u00e9buleuse Messier 42. \u00a9 Jean-Baptiste Feldmann<\/figcaption><\/figure>\n<p>Ces trois astres forment la Ceinture o\u00f9 est accroch\u00e9e l\u2019\u00e9p\u00e9e d\u2019Orion, un chasseur vaniteux dans la mythologie gr\u00e9co-romaine. Malheureusement pour lui il fut tu\u00e9 par un Scorpion, un mythe repr\u00e9sent\u00e9 sur <a href=\"https:\/\/blogs.futura-sciences.com\/feldmann\/2019\/05\/10\/a-pompei-une-mosaique-illustre-le-mythe-dorion-et-du-scorpion\/\" target=\"_blank\" rel=\"noopener\">une mosa\u00efque \u00e0 Pomp\u00e9i<\/a>. Seule une photographie grand champ peut nous r\u00e9v\u00e9ler la richesse de ce baudrier c\u00e9leste.<!--more--><\/p>\n<h5>Poussi\u00e8res, \u00e9toiles et n\u00e9buleuses :<\/h5>\n<p>L&#8217;astrophotographe <a href=\"https:\/\/www.astrobin.com\/23bs6g\/\" target=\"_blank\" rel=\"noopener\">Jos\u00e9 Mtanous<\/a> a choisi une courte focale (30 centim\u00e8tres) pour imager en quatre heures de poses cette r\u00e9gion du ciel. Que voit-on sur ce superbe clich\u00e9 ? Les trois \u00e9toiles principales Alnitak, Alnilam et Mintaka s&#8217;\u00e9tirent de bas en haut et de droite \u00e0 gauche. Juste \u00e0 c\u00f4t\u00e9 d&#8217;Alnitak se trouve Barnard 33, la c\u00e9l\u00e8bre n\u00e9buleuse de la T\u00eate de Cheval. Il s&#8217;agit d&#8217;un nuage mol\u00e9culaire sombre situ\u00e9 \u00e0 1.500 <a href=\"https:\/\/www.futura-sciences.com\/sciences\/definitions\/univers-annee-lumiere-17\/\" target=\"_blank\" rel=\"noopener\">ann\u00e9es-lumi\u00e8re<\/a>. Constitu\u00e9 d\u2019hydrog\u00e8ne et de poussi\u00e8re, il se d\u00e9tache sur le fond rouge d&#8217;une n\u00e9buleuse situ\u00e9e en arri\u00e8re-plan. Mais ces n\u00e9buleuses, qu&#8217;elles soient brillantes ou obscures, ne se r\u00e9v\u00e8lent qu&#8217;en astrophotographie :<\/p>\n<p><a href=\"https:\/\/blogs.futura-sciences.com\/feldmann\/wp-content\/uploads\/sites\/9\/2023\/10\/baudrier2.jpg\" rel=\"lightbox[18578]\"><img loading=\"lazy\" decoding=\"async\" class=\"alignnone size-medium wp-image-18580\" src=\"https:\/\/blogs.futura-sciences.com\/feldmann\/wp-content\/uploads\/sites\/9\/2023\/10\/baudrier2-300x450.jpg\" alt=\"\" width=\"300\" height=\"450\" srcset=\"https:\/\/blogs.futura-sciences.com\/feldmann\/wp-content\/uploads\/sites\/9\/2023\/10\/baudrier2-300x450.jpg 300w, https:\/\/blogs.futura-sciences.com\/feldmann\/wp-content\/uploads\/sites\/9\/2023\/10\/baudrier2-682x1024.jpg 682w, https:\/\/blogs.futura-sciences.com\/feldmann\/wp-content\/uploads\/sites\/9\/2023\/10\/baudrier2-768x1153.jpg 768w, https:\/\/blogs.futura-sciences.com\/feldmann\/wp-content\/uploads\/sites\/9\/2023\/10\/baudrier2-1023x1536.jpg 1023w, https:\/\/blogs.futura-sciences.com\/feldmann\/wp-content\/uploads\/sites\/9\/2023\/10\/baudrier2.jpg 1279w\" sizes=\"auto, (max-width: 300px) 100vw, 300px\" \/><\/a><\/p>\n<p>Juste au-dessus de la T\u00eate de Cheval, votre paire de jumelles vous permettra de d\u00e9doubler l\u2019\u00e9toile <em>Sigma Orionis<\/em>. Les deux composantes (<a href=\"https:\/\/blogs.futura-sciences.com\/feldmann\/2017\/05\/06\/quest-lechelle-magnitudes-astronomie\/\" target=\"_blank\" rel=\"noopener\">magnitudes<\/a> 2,2 et 6,8) sont espac\u00e9es de 41 secondes d\u2019arc. Toutes les draperies sombres sur l&#8217;image sont constitu\u00e9es de poussi\u00e8re. C&#8217;est dans les zones les plus denses (de couleur marron) que se cachent de vastes pouponni\u00e8res stellaires.<\/p>\n<h5>Vous pourriez aimer :<\/h5>\n<ul>\n<li><a href=\"https:\/\/blogs.futura-sciences.com\/feldmann\/2021\/03\/16\/conseils-realisez-votre-premiere-photo-de-la-nebuleuse-dorion\/\" target=\"_blank\" rel=\"noopener\">Comment r\u00e9aliser votre premi\u00e8re photo de la n\u00e9buleuse d\u2019Orion<\/a><\/li>\n<li><a href=\"https:\/\/blogs.futura-sciences.com\/feldmann\/2017\/10\/30\/ciel-aux-jumelles-guide-decouvrir-ciel-nocturne\/\" target=\"_blank\" rel=\"noopener\">Le Ciel aux jumelles, un guide pour d\u00e9couvrir le ciel nocturne<\/a><\/li>\n<li><a href=\"https:\/\/blogs.futura-sciences.com\/feldmann\/2021\/05\/05\/la-constellation-dorion-se-couche-depuis-les-iles-andaman\/\" target=\"_blank\" rel=\"noopener\">La constellation d\u2019Orion se couche depuis les \u00eeles Andaman<\/a><\/li>\n<\/ul>\n<p>Suivez l\u2019actualit\u00e9 astronomique et d\u00e9couvrez mes images du ciel en vous abonnant \u00e0 Cielmania sur\u00a0<a href=\"https:\/\/www.facebook.com\/cielmania\/\" target=\"_blank\" rel=\"noopener noreferrer\">Facebook<\/a>.<\/p>\n<!-- AddThis Advanced Settings generic via filter on the_content --><!-- AddThis Share Buttons generic via filter on the_content -->","protected":false},"excerpt":{"rendered":"<p>Une \u00e9tonnante astrophotographie nous permet de plonger au c\u0153ur de la Ceinture dans la c\u00e9l\u00e8bre constellation d\u2019Orion. Les tr\u00e9sors d&#8217;Orion : Les observateurs du ciel nocturne connaissent bien la Ceinture d&#8217;Orion. Situ\u00e9e juste au-dessus de la c\u00e9l\u00e8bre n\u00e9buleuse Messier 42, elle se pr\u00e9sente sous la forme de trois \u00e9toiles brillantes align\u00e9es. Il s&#8217;agit de Alnitak, &hellip; <a href=\"https:\/\/blogs.futura-sciences.com\/feldmann\/2023\/11\/15\/vertigineux-panorama-dans-la-ceinture-dorion\/\" class=\"more-link\">Continuer la lecture de <span class=\"screen-reader-text\">Vertigineux panorama dans la Ceinture d&#8217;Orion<\/span>  <span class=\"meta-nav\">&rarr;<\/span><\/a><!-- AddThis Advanced Settings generic via filter on get_the_excerpt --><!-- AddThis Share Buttons generic via filter on get_the_excerpt --><\/p>\n","protected":false},"author":8,"featured_media":18579,"comment_status":"open","ping_status":"open","sticky":false,"template":"","format":"standard","meta":{"footnotes":"","_links_to":"","_links_to_target":""},"categories":[84],"tags":[1362,3155,2248,1363],"class_list":["post-18578","post","type-post","status-publish","format-standard","has-post-thumbnail","hentry","category-ciel-etoile","tag-barnard-33","tag-ceinture-dorion","tag-jose-mtanous","tag-nebuleuse-de-la-tete-de-cheval"],"yoast_head":"<!-- This site is optimized with the Yoast SEO plugin v24.1 - https:\/\/yoast.com\/wordpress\/plugins\/seo\/ -->\n<title>Vertigineux panorama dans la Ceinture d&#039;Orion<\/title>\n<meta name=\"description\" content=\"Une \u00e9tonnante astrophotographie nous permet de plonger au c\u0153ur de la Ceinture dans la c\u00e9l\u00e8bre constellation d\u2019Orion.\" \/>\n<meta name=\"robots\" content=\"index, follow, max-snippet:-1, max-image-preview:large, max-video-preview:-1\" \/>\n<link rel=\"canonical\" href=\"https:\/\/blogs.futura-sciences.com\/feldmann\/2023\/11\/15\/vertigineux-panorama-dans-la-ceinture-dorion\/\" \/>\n<meta property=\"og:locale\" content=\"fr_FR\" \/>\n<meta property=\"og:type\" content=\"article\" \/>\n<meta property=\"og:title\" content=\"Vertigineux panorama dans la Ceinture d&#039;Orion\" \/>\n<meta property=\"og:description\" content=\"Une \u00e9tonnante astrophotographie nous permet de plonger au c\u0153ur de la Ceinture dans la c\u00e9l\u00e8bre constellation d\u2019Orion.\" \/>\n<meta property=\"og:url\" content=\"https:\/\/blogs.futura-sciences.com\/feldmann\/2023\/11\/15\/vertigineux-panorama-dans-la-ceinture-dorion\/\" \/>\n<meta property=\"og:site_name\" content=\"CIELMANIA : le blog de Jean-Baptiste FELDMANN, photographe du ciel\" \/>\n<meta property=\"article:published_time\" content=\"2023-11-15T16:49:53+00:00\" \/>\n<meta property=\"article:modified_time\" content=\"2023-11-29T16:08:07+00:00\" \/>\n<meta property=\"og:image\" content=\"https:\/\/blogs.futura-sciences.com\/feldmann\/wp-content\/uploads\/sites\/9\/2023\/10\/baudrier1.jpg\" \/>\n\t<meta property=\"og:image:width\" content=\"1500\" \/>\n\t<meta property=\"og:image:height\" content=\"901\" \/>\n\t<meta property=\"og:image:type\" content=\"image\/jpeg\" \/>\n<meta name=\"author\" content=\"Jean-Baptiste FELDMANN\" \/>\n<meta name=\"twitter:card\" content=\"summary_large_image\" \/>\n<meta name=\"twitter:label1\" content=\"\u00c9crit par\" \/>\n\t<meta name=\"twitter:data1\" content=\"Jean-Baptiste FELDMANN\" \/>\n\t<meta name=\"twitter:label2\" content=\"Dur\u00e9e de lecture estim\u00e9e\" \/>\n\t<meta name=\"twitter:data2\" content=\"3 minutes\" \/>\n<script type=\"application\/ld+json\" class=\"yoast-schema-graph\">{\"@context\":\"https:\/\/schema.org\",\"@graph\":[{\"@type\":\"WebPage\",\"@id\":\"https:\/\/blogs.futura-sciences.com\/feldmann\/2023\/11\/15\/vertigineux-panorama-dans-la-ceinture-dorion\/\",\"url\":\"https:\/\/blogs.futura-sciences.com\/feldmann\/2023\/11\/15\/vertigineux-panorama-dans-la-ceinture-dorion\/\",\"name\":\"Vertigineux panorama dans la Ceinture d'Orion\",\"isPartOf\":{\"@id\":\"https:\/\/blogs.futura-sciences.com\/feldmann\/#website\"},\"primaryImageOfPage\":{\"@id\":\"https:\/\/blogs.futura-sciences.com\/feldmann\/2023\/11\/15\/vertigineux-panorama-dans-la-ceinture-dorion\/#primaryimage\"},\"image\":{\"@id\":\"https:\/\/blogs.futura-sciences.com\/feldmann\/2023\/11\/15\/vertigineux-panorama-dans-la-ceinture-dorion\/#primaryimage\"},\"thumbnailUrl\":\"https:\/\/blogs.futura-sciences.com\/feldmann\/wp-content\/uploads\/sites\/9\/2023\/10\/baudrier1.jpg\",\"datePublished\":\"2023-11-15T16:49:53+00:00\",\"dateModified\":\"2023-11-29T16:08:07+00:00\",\"author\":{\"@id\":\"https:\/\/blogs.futura-sciences.com\/feldmann\/#\/schema\/person\/62b391b709c307783237b759b62731ea\"},\"description\":\"Une \u00e9tonnante astrophotographie nous permet de plonger au c\u0153ur de la Ceinture dans la c\u00e9l\u00e8bre constellation d\u2019Orion.\",\"inLanguage\":\"fr-FR\",\"potentialAction\":[{\"@type\":\"ReadAction\",\"target\":[\"https:\/\/blogs.futura-sciences.com\/feldmann\/2023\/11\/15\/vertigineux-panorama-dans-la-ceinture-dorion\/\"]}]},{\"@type\":\"ImageObject\",\"inLanguage\":\"fr-FR\",\"@id\":\"https:\/\/blogs.futura-sciences.com\/feldmann\/2023\/11\/15\/vertigineux-panorama-dans-la-ceinture-dorion\/#primaryimage\",\"url\":\"https:\/\/blogs.futura-sciences.com\/feldmann\/wp-content\/uploads\/sites\/9\/2023\/10\/baudrier1.jpg\",\"contentUrl\":\"https:\/\/blogs.futura-sciences.com\/feldmann\/wp-content\/uploads\/sites\/9\/2023\/10\/baudrier1.jpg\",\"width\":1500,\"height\":901},{\"@type\":\"WebSite\",\"@id\":\"https:\/\/blogs.futura-sciences.com\/feldmann\/#website\",\"url\":\"https:\/\/blogs.futura-sciences.com\/feldmann\/\",\"name\":\"CIELMANIA : le blog de Jean-Baptiste FELDMANN, photographe du ciel\",\"description\":\"&quot;J&#039;ai en moi un besoin terrible. Dirais-je le mot? La religion. Alors, je sors la nuit et je peins des \u00e9toiles.&quot;  Vincent van Gogh\",\"potentialAction\":[{\"@type\":\"SearchAction\",\"target\":{\"@type\":\"EntryPoint\",\"urlTemplate\":\"https:\/\/blogs.futura-sciences.com\/feldmann\/?s={search_term_string}\"},\"query-input\":{\"@type\":\"PropertyValueSpecification\",\"valueRequired\":true,\"valueName\":\"search_term_string\"}}],\"inLanguage\":\"fr-FR\"},{\"@type\":\"Person\",\"@id\":\"https:\/\/blogs.futura-sciences.com\/feldmann\/#\/schema\/person\/62b391b709c307783237b759b62731ea\",\"name\":\"Jean-Baptiste FELDMANN\",\"image\":{\"@type\":\"ImageObject\",\"inLanguage\":\"fr-FR\",\"@id\":\"https:\/\/blogs.futura-sciences.com\/feldmann\/#\/schema\/person\/image\/\",\"url\":\"https:\/\/secure.gravatar.com\/avatar\/41f96607fde7a81a14570eec74177c42?s=96&d=mm&r=g\",\"contentUrl\":\"https:\/\/secure.gravatar.com\/avatar\/41f96607fde7a81a14570eec74177c42?s=96&d=mm&r=g\",\"caption\":\"Jean-Baptiste FELDMANN\"},\"url\":\"https:\/\/blogs.futura-sciences.com\/feldmann\/author\/jbfe\/\"}]}<\/script>\n<!-- \/ Yoast SEO plugin. -->","yoast_head_json":{"title":"Vertigineux panorama dans la Ceinture d'Orion","description":"Une \u00e9tonnante astrophotographie nous permet de plonger au c\u0153ur de la Ceinture dans la c\u00e9l\u00e8bre constellation d\u2019Orion.","robots":{"index":"index","follow":"follow","max-snippet":"max-snippet:-1","max-image-preview":"max-image-preview:large","max-video-preview":"max-video-preview:-1"},"canonical":"https:\/\/blogs.futura-sciences.com\/feldmann\/2023\/11\/15\/vertigineux-panorama-dans-la-ceinture-dorion\/","og_locale":"fr_FR","og_type":"article","og_title":"Vertigineux panorama dans la Ceinture d'Orion","og_description":"Une \u00e9tonnante astrophotographie nous permet de plonger au c\u0153ur de la Ceinture dans la c\u00e9l\u00e8bre constellation d\u2019Orion.","og_url":"https:\/\/blogs.futura-sciences.com\/feldmann\/2023\/11\/15\/vertigineux-panorama-dans-la-ceinture-dorion\/","og_site_name":"CIELMANIA : le blog de Jean-Baptiste FELDMANN, photographe du ciel","article_published_time":"2023-11-15T16:49:53+00:00","article_modified_time":"2023-11-29T16:08:07+00:00","og_image":[{"width":1500,"height":901,"url":"https:\/\/blogs.futura-sciences.com\/feldmann\/wp-content\/uploads\/sites\/9\/2023\/10\/baudrier1.jpg","type":"image\/jpeg"}],"author":"Jean-Baptiste FELDMANN","twitter_card":"summary_large_image","twitter_misc":{"\u00c9crit par":"Jean-Baptiste FELDMANN","Dur\u00e9e de lecture estim\u00e9e":"3 minutes"},"schema":{"@context":"https:\/\/schema.org","@graph":[{"@type":"WebPage","@id":"https:\/\/blogs.futura-sciences.com\/feldmann\/2023\/11\/15\/vertigineux-panorama-dans-la-ceinture-dorion\/","url":"https:\/\/blogs.futura-sciences.com\/feldmann\/2023\/11\/15\/vertigineux-panorama-dans-la-ceinture-dorion\/","name":"Vertigineux panorama dans la Ceinture d'Orion","isPartOf":{"@id":"https:\/\/blogs.futura-sciences.com\/feldmann\/#website"},"primaryImageOfPage":{"@id":"https:\/\/blogs.futura-sciences.com\/feldmann\/2023\/11\/15\/vertigineux-panorama-dans-la-ceinture-dorion\/#primaryimage"},"image":{"@id":"https:\/\/blogs.futura-sciences.com\/feldmann\/2023\/11\/15\/vertigineux-panorama-dans-la-ceinture-dorion\/#primaryimage"},"thumbnailUrl":"https:\/\/blogs.futura-sciences.com\/feldmann\/wp-content\/uploads\/sites\/9\/2023\/10\/baudrier1.jpg","datePublished":"2023-11-15T16:49:53+00:00","dateModified":"2023-11-29T16:08:07+00:00","author":{"@id":"https:\/\/blogs.futura-sciences.com\/feldmann\/#\/schema\/person\/62b391b709c307783237b759b62731ea"},"description":"Une \u00e9tonnante astrophotographie nous permet de plonger au c\u0153ur de la Ceinture dans la c\u00e9l\u00e8bre constellation d\u2019Orion.","inLanguage":"fr-FR","potentialAction":[{"@type":"ReadAction","target":["https:\/\/blogs.futura-sciences.com\/feldmann\/2023\/11\/15\/vertigineux-panorama-dans-la-ceinture-dorion\/"]}]},{"@type":"ImageObject","inLanguage":"fr-FR","@id":"https:\/\/blogs.futura-sciences.com\/feldmann\/2023\/11\/15\/vertigineux-panorama-dans-la-ceinture-dorion\/#primaryimage","url":"https:\/\/blogs.futura-sciences.com\/feldmann\/wp-content\/uploads\/sites\/9\/2023\/10\/baudrier1.jpg","contentUrl":"https:\/\/blogs.futura-sciences.com\/feldmann\/wp-content\/uploads\/sites\/9\/2023\/10\/baudrier1.jpg","width":1500,"height":901},{"@type":"WebSite","@id":"https:\/\/blogs.futura-sciences.com\/feldmann\/#website","url":"https:\/\/blogs.futura-sciences.com\/feldmann\/","name":"CIELMANIA : le blog de Jean-Baptiste FELDMANN, photographe du ciel","description":"&quot;J&#039;ai en moi un besoin terrible. Dirais-je le mot? La religion. Alors, je sors la nuit et je peins des \u00e9toiles.&quot;  Vincent van Gogh","potentialAction":[{"@type":"SearchAction","target":{"@type":"EntryPoint","urlTemplate":"https:\/\/blogs.futura-sciences.com\/feldmann\/?s={search_term_string}"},"query-input":{"@type":"PropertyValueSpecification","valueRequired":true,"valueName":"search_term_string"}}],"inLanguage":"fr-FR"},{"@type":"Person","@id":"https:\/\/blogs.futura-sciences.com\/feldmann\/#\/schema\/person\/62b391b709c307783237b759b62731ea","name":"Jean-Baptiste FELDMANN","image":{"@type":"ImageObject","inLanguage":"fr-FR","@id":"https:\/\/blogs.futura-sciences.com\/feldmann\/#\/schema\/person\/image\/","url":"https:\/\/secure.gravatar.com\/avatar\/41f96607fde7a81a14570eec74177c42?s=96&d=mm&r=g","contentUrl":"https:\/\/secure.gravatar.com\/avatar\/41f96607fde7a81a14570eec74177c42?s=96&d=mm&r=g","caption":"Jean-Baptiste FELDMANN"},"url":"https:\/\/blogs.futura-sciences.com\/feldmann\/author\/jbfe\/"}]}},"_links":{"self":[{"href":"https:\/\/blogs.futura-sciences.com\/feldmann\/wp-json\/wp\/v2\/posts\/18578","targetHints":{"allow":["GET"]}}],"collection":[{"href":"https:\/\/blogs.futura-sciences.com\/feldmann\/wp-json\/wp\/v2\/posts"}],"about":[{"href":"https:\/\/blogs.futura-sciences.com\/feldmann\/wp-json\/wp\/v2\/types\/post"}],"author":[{"embeddable":true,"href":"https:\/\/blogs.futura-sciences.com\/feldmann\/wp-json\/wp\/v2\/users\/8"}],"replies":[{"embeddable":true,"href":"https:\/\/blogs.futura-sciences.com\/feldmann\/wp-json\/wp\/v2\/comments?post=18578"}],"version-history":[{"count":6,"href":"https:\/\/blogs.futura-sciences.com\/feldmann\/wp-json\/wp\/v2\/posts\/18578\/revisions"}],"predecessor-version":[{"id":18670,"href":"https:\/\/blogs.futura-sciences.com\/feldmann\/wp-json\/wp\/v2\/posts\/18578\/revisions\/18670"}],"wp:featuredmedia":[{"embeddable":true,"href":"https:\/\/blogs.futura-sciences.com\/feldmann\/wp-json\/wp\/v2\/media\/18579"}],"wp:attachment":[{"href":"https:\/\/blogs.futura-sciences.com\/feldmann\/wp-json\/wp\/v2\/media?parent=18578"}],"wp:term":[{"taxonomy":"category","embeddable":true,"href":"https:\/\/blogs.futura-sciences.com\/feldmann\/wp-json\/wp\/v2\/categories?post=18578"},{"taxonomy":"post_tag","embeddable":true,"href":"https:\/\/blogs.futura-sciences.com\/feldmann\/wp-json\/wp\/v2\/tags?post=18578"}],"curies":[{"name":"wp","href":"https:\/\/api.w.org\/{rel}","templated":true}]}}