{"id":1746,"date":"2015-01-28T10:15:43","date_gmt":"2015-01-28T10:15:43","guid":{"rendered":"https:\/\/blogs.futura-sciences.com\/feldmann\/?p=1746"},"modified":"2015-02-04T13:23:19","modified_gmt":"2015-02-04T13:23:19","slug":"hipparque-le-cratere-lunaire-de-tintin","status":"publish","type":"post","link":"https:\/\/blogs.futura-sciences.com\/feldmann\/2015\/01\/28\/hipparque-le-cratere-lunaire-de-tintin\/","title":{"rendered":"Hipparque, le crat\u00e8re lunaire de Tintin"},"content":{"rendered":"<p>Le <a title=\"Premier Quartier sur la ville\" href=\"https:\/\/blogs.futura-sciences.com\/feldmann\/2014\/11\/30\/premier-quartier-ville\/\" target=\"_blank\">Premier Quartier de Lune<\/a> qui s&#8217;est produit hier dans les brumes nous donne l&#8217;occasion de d\u00e9couvrir quelques belles formations le long du terminateur (cette ligne qui s\u00e9pare la partie \u00e9clair\u00e9e de la partie sombre sur S\u00e9l\u00e9n\u00e9).<\/p>\n<p><a href=\"https:\/\/blogs.futura-sciences.com\/feldmann\/wp-content\/uploads\/sites\/9\/2015\/01\/premier-quartier2.jpg\" rel=\"lightbox[1746]\"><img loading=\"lazy\" decoding=\"async\" class=\"alignnone size-medium wp-image-1748\" src=\"https:\/\/blogs.futura-sciences.com\/feldmann\/wp-content\/uploads\/sites\/9\/2015\/01\/premier-quartier2-450x337.jpg\" alt=\"premier-quartier2\" width=\"450\" height=\"337\" srcset=\"https:\/\/blogs.futura-sciences.com\/feldmann\/wp-content\/uploads\/sites\/9\/2015\/01\/premier-quartier2-450x337.jpg 450w, https:\/\/blogs.futura-sciences.com\/feldmann\/wp-content\/uploads\/sites\/9\/2015\/01\/premier-quartier2-1024x768.jpg 1024w, https:\/\/blogs.futura-sciences.com\/feldmann\/wp-content\/uploads\/sites\/9\/2015\/01\/premier-quartier2.jpg 1200w\" sizes=\"auto, (max-width: 450px) 100vw, 450px\" \/><\/a><\/p>\n<p>Arr\u00eatons-nous sur le crat\u00e8re Hipparque : 15 ans avant que l&#8217;am\u00e9ricain Neil Armstrong ne marche pour la premi\u00e8re fois sur la Lune (au cours de la mission <a title=\"Apollo 11 : on a march\u00e9 sur la Lune\" href=\"http:\/\/www.futura-sciences.com\/magazines\/espace\/infos\/actu\/d\/aeronautique-apollo-11-on-marche-lune-19971\/\" target=\"_blank\">Apollo 11<\/a>\u00a0en juillet 1969), l&#8217;auteur de bande dessin\u00e9e Herg\u00e9 y envoie ses personnages.<\/p>\n<p><!--more-->C&#8217;est \u00e0 bord de la c\u00e9l\u00e8bre fus\u00e9e rouge et blanche que Tintin, \u00a0son fid\u00e8le\u00a0Milou, le capitaine Haddock, le professeur Tournesol et les Dupond et Dupont partent \u00e0 la d\u00e9couverte de S\u00e9l\u00e9n\u00e9 dans l&#8217;album &#8220;On a march\u00e9 sur la Lune&#8221; qui fait suite \u00e0 &#8220;Objectif Lune&#8221;.<\/p>\n<p>Nos h\u00e9ros doivent se poser dans le crat\u00e8re Hipparque (du nom de l&#8217;<a title=\"Lumi\u00e8re rouge pour les astronomes\" href=\"https:\/\/blogs.futura-sciences.com\/feldmann\/2014\/12\/14\/lumiere-rouge-les-astronomes\/\" target=\"_blank\">astronome<\/a> et math\u00e9maticien grec\u00a0qui d\u00e9veloppa le premier une m\u00e9thode fiable pour pr\u00e9dire les <a title=\"Une \u00e9clipse solaire vue de l\u2019espace\" href=\"https:\/\/blogs.futura-sciences.com\/feldmann\/2014\/11\/25\/une-eclipse-solaire-vue-de-lespace\/\" target=\"_blank\">\u00e9clipses<\/a>), ce qui vaut un \u00e9change cocasse :<\/p>\n<p>&#8220;Tournesol : <em>Oui, messieurs, dans une bonne demi-heure, si tout va bien, notre fus\u00e9e se posera sur le sol de la Lune, \u00e0 l\u2019endroit que j\u2019ai choisi : le cirque Hipparque\u2026<\/em><\/p>\n<p>Dupond :<em> Le cirque du Parc ?\u2026 Tiens, \u00e7a c\u2019est \u00e9patant ! Il y a longtemps que nous n\u2019avons plus \u00e9t\u00e9 au cirque, pas vrai Dupont ?<\/em><\/p>\n<p>Dupont : <em>Oui, chic\u2026 Mais j\u2019ignorais qu\u2019il y avait un cirque sur la Lune !\u2026 Vous le saviez, vous, capitaine ?<\/em>&#8230;&#8221;<\/p>\n<p>Le cirque Hipparque (form\u00e9 comme tous les crat\u00e8res lunaires par la chute d&#8217;une <a title=\"Les grosses m\u00e9t\u00e9orites inqui\u00e8tent les scientifiques\" href=\"https:\/\/blogs.futura-sciences.com\/feldmann\/2014\/11\/24\/les-grosses-meteorites-inquietent-les-scientifiques\/\" target=\"_blank\">m\u00e9t\u00e9orite<\/a>) mesure environ 150 km de diam\u00e8tre pour une profondeur sup\u00e9rieure \u00e0 3000 m par rapport au sol environnant. \u00a0Quand Tintin y pose le pied, il est frapp\u00e9 par l&#8217;effrayante d\u00e9solation du paysage et la noirceur du ciel o\u00f9 des milliers d&#8217;<a title=\"Une coupole sous les \u00e9toiles\" href=\"https:\/\/blogs.futura-sciences.com\/feldmann\/2014\/05\/08\/392\/\" target=\"_blank\">\u00e9toiles<\/a> ne scintillent pas, faute d&#8217;atmosph\u00e8re. En juillet 1969 Armstrong et Aldrin feront les m\u00eames remarques&#8230;<\/p>\n<!-- AddThis Advanced Settings generic via filter on the_content --><!-- AddThis Share Buttons generic via filter on the_content -->","protected":false},"excerpt":{"rendered":"<p>Le Premier Quartier de Lune qui s&#8217;est produit hier dans les brumes nous donne l&#8217;occasion de d\u00e9couvrir quelques belles formations le long du terminateur (cette ligne qui s\u00e9pare la partie \u00e9clair\u00e9e de la partie sombre sur S\u00e9l\u00e9n\u00e9). Arr\u00eatons-nous sur le crat\u00e8re Hipparque : 15 ans avant que l&#8217;am\u00e9ricain Neil Armstrong ne marche pour la premi\u00e8re &hellip; <a href=\"https:\/\/blogs.futura-sciences.com\/feldmann\/2015\/01\/28\/hipparque-le-cratere-lunaire-de-tintin\/\" class=\"more-link\">Continuer la lecture de <span class=\"screen-reader-text\">Hipparque, le crat\u00e8re lunaire de Tintin<\/span>  <span class=\"meta-nav\">&rarr;<\/span><\/a><!-- AddThis Advanced Settings generic via filter on get_the_excerpt --><!-- AddThis Share Buttons generic via filter on get_the_excerpt --><\/p>\n","protected":false},"author":8,"featured_media":1750,"comment_status":"open","ping_status":"open","sticky":false,"template":"","format":"standard","meta":{"footnotes":"","_links_to":"","_links_to_target":""},"categories":[83],"tags":[490,94,753,811,807,316,804,802,82,553,806,803,810,809,121,808,189,188,805],"class_list":["post-1746","post","type-post","status-publish","format-standard","has-post-thumbnail","hentry","category-la-lune","tag-apollo-11","tag-astronome","tag-bande-dessinee","tag-buzz-aldrin","tag-capitaine-haddock","tag-eclipse","tag-herge","tag-hipparque","tag-lune","tag-meteorite","tag-milou","tag-neil-armstrong","tag-objectif-lune","tag-on-a-marche-sur-la-lune","tag-premier-quartier","tag-professeur-tournesol","tag-selene","tag-terminateur","tag-tintin"],"yoast_head":"<!-- This site is optimized with the Yoast SEO plugin v24.1 - https:\/\/yoast.com\/wordpress\/plugins\/seo\/ -->\n<title>Hipparque, le crat\u00e8re lunaire de Tintin<\/title>\n<meta name=\"robots\" content=\"index, follow, max-snippet:-1, max-image-preview:large, max-video-preview:-1\" \/>\n<link rel=\"canonical\" href=\"https:\/\/blogs.futura-sciences.com\/feldmann\/2015\/01\/28\/hipparque-le-cratere-lunaire-de-tintin\/\" \/>\n<meta property=\"og:locale\" content=\"fr_FR\" \/>\n<meta property=\"og:type\" content=\"article\" \/>\n<meta property=\"og:title\" content=\"Hipparque, le crat\u00e8re lunaire de Tintin\" \/>\n<meta property=\"og:description\" content=\"Le Premier Quartier de Lune qui s&#8217;est produit hier dans les brumes nous donne l&#8217;occasion de d\u00e9couvrir quelques belles formations le long du terminateur (cette ligne qui s\u00e9pare la partie \u00e9clair\u00e9e de la partie sombre sur S\u00e9l\u00e9n\u00e9). Arr\u00eatons-nous sur le crat\u00e8re Hipparque : 15 ans avant que l&#8217;am\u00e9ricain Neil Armstrong ne marche pour la premi\u00e8re &hellip; Continuer la lecture de Hipparque, le crat\u00e8re lunaire de Tintin &rarr;\" \/>\n<meta property=\"og:url\" content=\"https:\/\/blogs.futura-sciences.com\/feldmann\/2015\/01\/28\/hipparque-le-cratere-lunaire-de-tintin\/\" \/>\n<meta property=\"og:site_name\" content=\"CIELMANIA : le blog de Jean-Baptiste FELDMANN, photographe du ciel\" \/>\n<meta property=\"article:published_time\" content=\"2015-01-28T10:15:43+00:00\" \/>\n<meta property=\"article:modified_time\" content=\"2015-02-04T13:23:19+00:00\" \/>\n<meta property=\"og:image\" content=\"https:\/\/blogs.futura-sciences.com\/feldmann\/wp-content\/uploads\/sites\/9\/2015\/01\/premier-quartier1.jpg\" \/>\n\t<meta property=\"og:image:width\" content=\"1200\" \/>\n\t<meta property=\"og:image:height\" content=\"900\" \/>\n\t<meta property=\"og:image:type\" content=\"image\/jpeg\" \/>\n<meta name=\"author\" content=\"Jean-Baptiste FELDMANN\" \/>\n<meta name=\"twitter:card\" content=\"summary_large_image\" \/>\n<meta name=\"twitter:label1\" content=\"\u00c9crit par\" \/>\n\t<meta name=\"twitter:data1\" content=\"Jean-Baptiste FELDMANN\" \/>\n\t<meta name=\"twitter:label2\" content=\"Dur\u00e9e de lecture estim\u00e9e\" \/>\n\t<meta name=\"twitter:data2\" content=\"2 minutes\" \/>\n<script type=\"application\/ld+json\" class=\"yoast-schema-graph\">{\"@context\":\"https:\/\/schema.org\",\"@graph\":[{\"@type\":\"WebPage\",\"@id\":\"https:\/\/blogs.futura-sciences.com\/feldmann\/2015\/01\/28\/hipparque-le-cratere-lunaire-de-tintin\/\",\"url\":\"https:\/\/blogs.futura-sciences.com\/feldmann\/2015\/01\/28\/hipparque-le-cratere-lunaire-de-tintin\/\",\"name\":\"Hipparque, le crat\u00e8re lunaire de Tintin\",\"isPartOf\":{\"@id\":\"https:\/\/blogs.futura-sciences.com\/feldmann\/#website\"},\"primaryImageOfPage\":{\"@id\":\"https:\/\/blogs.futura-sciences.com\/feldmann\/2015\/01\/28\/hipparque-le-cratere-lunaire-de-tintin\/#primaryimage\"},\"image\":{\"@id\":\"https:\/\/blogs.futura-sciences.com\/feldmann\/2015\/01\/28\/hipparque-le-cratere-lunaire-de-tintin\/#primaryimage\"},\"thumbnailUrl\":\"https:\/\/blogs.futura-sciences.com\/feldmann\/wp-content\/uploads\/sites\/9\/2015\/01\/premier-quartier1.jpg\",\"datePublished\":\"2015-01-28T10:15:43+00:00\",\"dateModified\":\"2015-02-04T13:23:19+00:00\",\"author\":{\"@id\":\"https:\/\/blogs.futura-sciences.com\/feldmann\/#\/schema\/person\/62b391b709c307783237b759b62731ea\"},\"inLanguage\":\"fr-FR\",\"potentialAction\":[{\"@type\":\"ReadAction\",\"target\":[\"https:\/\/blogs.futura-sciences.com\/feldmann\/2015\/01\/28\/hipparque-le-cratere-lunaire-de-tintin\/\"]}]},{\"@type\":\"ImageObject\",\"inLanguage\":\"fr-FR\",\"@id\":\"https:\/\/blogs.futura-sciences.com\/feldmann\/2015\/01\/28\/hipparque-le-cratere-lunaire-de-tintin\/#primaryimage\",\"url\":\"https:\/\/blogs.futura-sciences.com\/feldmann\/wp-content\/uploads\/sites\/9\/2015\/01\/premier-quartier1.jpg\",\"contentUrl\":\"https:\/\/blogs.futura-sciences.com\/feldmann\/wp-content\/uploads\/sites\/9\/2015\/01\/premier-quartier1.jpg\",\"width\":1200,\"height\":900},{\"@type\":\"WebSite\",\"@id\":\"https:\/\/blogs.futura-sciences.com\/feldmann\/#website\",\"url\":\"https:\/\/blogs.futura-sciences.com\/feldmann\/\",\"name\":\"CIELMANIA : le blog de Jean-Baptiste FELDMANN, photographe du ciel\",\"description\":\"&quot;J&#039;ai en moi un besoin terrible. Dirais-je le mot? La religion. Alors, je sors la nuit et je peins des \u00e9toiles.&quot;  Vincent van Gogh\",\"potentialAction\":[{\"@type\":\"SearchAction\",\"target\":{\"@type\":\"EntryPoint\",\"urlTemplate\":\"https:\/\/blogs.futura-sciences.com\/feldmann\/?s={search_term_string}\"},\"query-input\":{\"@type\":\"PropertyValueSpecification\",\"valueRequired\":true,\"valueName\":\"search_term_string\"}}],\"inLanguage\":\"fr-FR\"},{\"@type\":\"Person\",\"@id\":\"https:\/\/blogs.futura-sciences.com\/feldmann\/#\/schema\/person\/62b391b709c307783237b759b62731ea\",\"name\":\"Jean-Baptiste FELDMANN\",\"image\":{\"@type\":\"ImageObject\",\"inLanguage\":\"fr-FR\",\"@id\":\"https:\/\/blogs.futura-sciences.com\/feldmann\/#\/schema\/person\/image\/\",\"url\":\"https:\/\/secure.gravatar.com\/avatar\/41f96607fde7a81a14570eec74177c42?s=96&d=mm&r=g\",\"contentUrl\":\"https:\/\/secure.gravatar.com\/avatar\/41f96607fde7a81a14570eec74177c42?s=96&d=mm&r=g\",\"caption\":\"Jean-Baptiste FELDMANN\"},\"url\":\"https:\/\/blogs.futura-sciences.com\/feldmann\/author\/jbfe\/\"}]}<\/script>\n<!-- \/ Yoast SEO plugin. -->","yoast_head_json":{"title":"Hipparque, le crat\u00e8re lunaire de Tintin","robots":{"index":"index","follow":"follow","max-snippet":"max-snippet:-1","max-image-preview":"max-image-preview:large","max-video-preview":"max-video-preview:-1"},"canonical":"https:\/\/blogs.futura-sciences.com\/feldmann\/2015\/01\/28\/hipparque-le-cratere-lunaire-de-tintin\/","og_locale":"fr_FR","og_type":"article","og_title":"Hipparque, le crat\u00e8re lunaire de Tintin","og_description":"Le Premier Quartier de Lune qui s&#8217;est produit hier dans les brumes nous donne l&#8217;occasion de d\u00e9couvrir quelques belles formations le long du terminateur (cette ligne qui s\u00e9pare la partie \u00e9clair\u00e9e de la partie sombre sur S\u00e9l\u00e9n\u00e9). Arr\u00eatons-nous sur le crat\u00e8re Hipparque : 15 ans avant que l&#8217;am\u00e9ricain Neil Armstrong ne marche pour la premi\u00e8re &hellip; Continuer la lecture de Hipparque, le crat\u00e8re lunaire de Tintin &rarr;","og_url":"https:\/\/blogs.futura-sciences.com\/feldmann\/2015\/01\/28\/hipparque-le-cratere-lunaire-de-tintin\/","og_site_name":"CIELMANIA : le blog de Jean-Baptiste FELDMANN, photographe du ciel","article_published_time":"2015-01-28T10:15:43+00:00","article_modified_time":"2015-02-04T13:23:19+00:00","og_image":[{"width":1200,"height":900,"url":"https:\/\/blogs.futura-sciences.com\/feldmann\/wp-content\/uploads\/sites\/9\/2015\/01\/premier-quartier1.jpg","type":"image\/jpeg"}],"author":"Jean-Baptiste FELDMANN","twitter_card":"summary_large_image","twitter_misc":{"\u00c9crit par":"Jean-Baptiste FELDMANN","Dur\u00e9e de lecture estim\u00e9e":"2 minutes"},"schema":{"@context":"https:\/\/schema.org","@graph":[{"@type":"WebPage","@id":"https:\/\/blogs.futura-sciences.com\/feldmann\/2015\/01\/28\/hipparque-le-cratere-lunaire-de-tintin\/","url":"https:\/\/blogs.futura-sciences.com\/feldmann\/2015\/01\/28\/hipparque-le-cratere-lunaire-de-tintin\/","name":"Hipparque, le crat\u00e8re lunaire de Tintin","isPartOf":{"@id":"https:\/\/blogs.futura-sciences.com\/feldmann\/#website"},"primaryImageOfPage":{"@id":"https:\/\/blogs.futura-sciences.com\/feldmann\/2015\/01\/28\/hipparque-le-cratere-lunaire-de-tintin\/#primaryimage"},"image":{"@id":"https:\/\/blogs.futura-sciences.com\/feldmann\/2015\/01\/28\/hipparque-le-cratere-lunaire-de-tintin\/#primaryimage"},"thumbnailUrl":"https:\/\/blogs.futura-sciences.com\/feldmann\/wp-content\/uploads\/sites\/9\/2015\/01\/premier-quartier1.jpg","datePublished":"2015-01-28T10:15:43+00:00","dateModified":"2015-02-04T13:23:19+00:00","author":{"@id":"https:\/\/blogs.futura-sciences.com\/feldmann\/#\/schema\/person\/62b391b709c307783237b759b62731ea"},"inLanguage":"fr-FR","potentialAction":[{"@type":"ReadAction","target":["https:\/\/blogs.futura-sciences.com\/feldmann\/2015\/01\/28\/hipparque-le-cratere-lunaire-de-tintin\/"]}]},{"@type":"ImageObject","inLanguage":"fr-FR","@id":"https:\/\/blogs.futura-sciences.com\/feldmann\/2015\/01\/28\/hipparque-le-cratere-lunaire-de-tintin\/#primaryimage","url":"https:\/\/blogs.futura-sciences.com\/feldmann\/wp-content\/uploads\/sites\/9\/2015\/01\/premier-quartier1.jpg","contentUrl":"https:\/\/blogs.futura-sciences.com\/feldmann\/wp-content\/uploads\/sites\/9\/2015\/01\/premier-quartier1.jpg","width":1200,"height":900},{"@type":"WebSite","@id":"https:\/\/blogs.futura-sciences.com\/feldmann\/#website","url":"https:\/\/blogs.futura-sciences.com\/feldmann\/","name":"CIELMANIA : le blog de Jean-Baptiste FELDMANN, photographe du ciel","description":"&quot;J&#039;ai en moi un besoin terrible. Dirais-je le mot? La religion. Alors, je sors la nuit et je peins des \u00e9toiles.&quot;  Vincent van Gogh","potentialAction":[{"@type":"SearchAction","target":{"@type":"EntryPoint","urlTemplate":"https:\/\/blogs.futura-sciences.com\/feldmann\/?s={search_term_string}"},"query-input":{"@type":"PropertyValueSpecification","valueRequired":true,"valueName":"search_term_string"}}],"inLanguage":"fr-FR"},{"@type":"Person","@id":"https:\/\/blogs.futura-sciences.com\/feldmann\/#\/schema\/person\/62b391b709c307783237b759b62731ea","name":"Jean-Baptiste FELDMANN","image":{"@type":"ImageObject","inLanguage":"fr-FR","@id":"https:\/\/blogs.futura-sciences.com\/feldmann\/#\/schema\/person\/image\/","url":"https:\/\/secure.gravatar.com\/avatar\/41f96607fde7a81a14570eec74177c42?s=96&d=mm&r=g","contentUrl":"https:\/\/secure.gravatar.com\/avatar\/41f96607fde7a81a14570eec74177c42?s=96&d=mm&r=g","caption":"Jean-Baptiste FELDMANN"},"url":"https:\/\/blogs.futura-sciences.com\/feldmann\/author\/jbfe\/"}]}},"_links":{"self":[{"href":"https:\/\/blogs.futura-sciences.com\/feldmann\/wp-json\/wp\/v2\/posts\/1746","targetHints":{"allow":["GET"]}}],"collection":[{"href":"https:\/\/blogs.futura-sciences.com\/feldmann\/wp-json\/wp\/v2\/posts"}],"about":[{"href":"https:\/\/blogs.futura-sciences.com\/feldmann\/wp-json\/wp\/v2\/types\/post"}],"author":[{"embeddable":true,"href":"https:\/\/blogs.futura-sciences.com\/feldmann\/wp-json\/wp\/v2\/users\/8"}],"replies":[{"embeddable":true,"href":"https:\/\/blogs.futura-sciences.com\/feldmann\/wp-json\/wp\/v2\/comments?post=1746"}],"version-history":[{"count":6,"href":"https:\/\/blogs.futura-sciences.com\/feldmann\/wp-json\/wp\/v2\/posts\/1746\/revisions"}],"predecessor-version":[{"id":1757,"href":"https:\/\/blogs.futura-sciences.com\/feldmann\/wp-json\/wp\/v2\/posts\/1746\/revisions\/1757"}],"wp:featuredmedia":[{"embeddable":true,"href":"https:\/\/blogs.futura-sciences.com\/feldmann\/wp-json\/wp\/v2\/media\/1750"}],"wp:attachment":[{"href":"https:\/\/blogs.futura-sciences.com\/feldmann\/wp-json\/wp\/v2\/media?parent=1746"}],"wp:term":[{"taxonomy":"category","embeddable":true,"href":"https:\/\/blogs.futura-sciences.com\/feldmann\/wp-json\/wp\/v2\/categories?post=1746"},{"taxonomy":"post_tag","embeddable":true,"href":"https:\/\/blogs.futura-sciences.com\/feldmann\/wp-json\/wp\/v2\/tags?post=1746"}],"curies":[{"name":"wp","href":"https:\/\/api.w.org\/{rel}","templated":true}]}}