{"id":1647,"date":"2015-01-20T06:38:59","date_gmt":"2015-01-20T06:38:59","guid":{"rendered":"https:\/\/blogs.futura-sciences.com\/feldmann\/?p=1647"},"modified":"2015-01-25T08:54:49","modified_gmt":"2015-01-25T08:54:49","slug":"le-croissant-lunaire-laube-du-18-janvier","status":"publish","type":"post","link":"https:\/\/blogs.futura-sciences.com\/feldmann\/2015\/01\/20\/le-croissant-lunaire-laube-du-18-janvier\/","title":{"rendered":"Le croissant lunaire \u00e0 l&#8217;aube du 18 janvier"},"content":{"rendered":"<p>Avec la <a title=\"La com\u00e8te C\/2014 Q2 Lovejoy et l\u2019amas des Pleiades\" href=\"https:\/\/blogs.futura-sciences.com\/feldmann\/2015\/01\/18\/la-comete-c2014-q2-lovejoy-et-lamas-des-pleiades\/\" target=\"_blank\">com\u00e8te C\/2014 Q2 Lovejoy<\/a> en soir\u00e9e et le <a title=\"Le croissant lunaire et le man\u00e8ge\" href=\"https:\/\/blogs.futura-sciences.com\/feldmann\/2014\/12\/30\/le-croissant-lunaire-et-le-manege\/\" target=\"_blank\">croissant de Lune<\/a> en fin de nuit, les astrophotographes ont eu plusieurs occasions de sortir leur mat\u00e9riel ce weekend, \u00e0 condition d&#8217;avoir un ciel d\u00e9gag\u00e9.<\/p>\n<p><a href=\"https:\/\/blogs.futura-sciences.com\/feldmann\/wp-content\/uploads\/sites\/9\/2015\/01\/lumiere-cendree1.jpg\" rel=\"lightbox[1647]\"><img loading=\"lazy\" decoding=\"async\" class=\"alignnone size-medium wp-image-1648\" src=\"https:\/\/blogs.futura-sciences.com\/feldmann\/wp-content\/uploads\/sites\/9\/2015\/01\/lumiere-cendree1-450x336.jpg\" alt=\"lumiere-cendree1\" width=\"450\" height=\"336\" srcset=\"https:\/\/blogs.futura-sciences.com\/feldmann\/wp-content\/uploads\/sites\/9\/2015\/01\/lumiere-cendree1-450x336.jpg 450w, https:\/\/blogs.futura-sciences.com\/feldmann\/wp-content\/uploads\/sites\/9\/2015\/01\/lumiere-cendree1-1024x766.jpg 1024w, https:\/\/blogs.futura-sciences.com\/feldmann\/wp-content\/uploads\/sites\/9\/2015\/01\/lumiere-cendree1.jpg 1202w\" sizes=\"auto, (max-width: 450px) 100vw, 450px\" \/><\/a><\/p>\n<p>Ce fut le cas en Bourgogne entre samedi et dimanche.<\/p>\n<p><!--more-->Voici quelques images de S\u00e9l\u00e9n\u00e9 r\u00e9alis\u00e9es \u00e0 l&#8217;aube du 18 janvier dans les vignes du ch\u00e2teau de la Tour \u00e0 Vougeot.<\/p>\n<p><a href=\"https:\/\/blogs.futura-sciences.com\/feldmann\/wp-content\/uploads\/sites\/9\/2015\/01\/lumiere-cendree4.jpg\" rel=\"lightbox[1647]\"><img loading=\"lazy\" decoding=\"async\" class=\"alignnone size-medium wp-image-1650\" src=\"https:\/\/blogs.futura-sciences.com\/feldmann\/wp-content\/uploads\/sites\/9\/2015\/01\/lumiere-cendree4-450x184.jpg\" alt=\"lumiere-cendree4\" width=\"450\" height=\"184\" srcset=\"https:\/\/blogs.futura-sciences.com\/feldmann\/wp-content\/uploads\/sites\/9\/2015\/01\/lumiere-cendree4-450x184.jpg 450w, https:\/\/blogs.futura-sciences.com\/feldmann\/wp-content\/uploads\/sites\/9\/2015\/01\/lumiere-cendree4-1024x420.jpg 1024w, https:\/\/blogs.futura-sciences.com\/feldmann\/wp-content\/uploads\/sites\/9\/2015\/01\/lumiere-cendree4.jpg 1200w\" sizes=\"auto, (max-width: 450px) 100vw, 450px\" \/><\/a><\/p>\n<p>Remarquez la <a title=\"En images : la lumi\u00e8re cendr\u00e9e\" href=\"https:\/\/blogs.futura-sciences.com\/feldmann\/2014\/05\/12\/en-images-lumiere-cendree\/\" target=\"_blank\">lumi\u00e8re cendr\u00e9e<\/a> qui accompagne ce dernier croissant avant la Nouvelle Lune mardi 20 janvier.<\/p>\n<p><a href=\"https:\/\/blogs.futura-sciences.com\/feldmann\/wp-content\/uploads\/sites\/9\/2015\/01\/lumiere-cendree3.jpg\" rel=\"lightbox[1647]\"><img loading=\"lazy\" decoding=\"async\" class=\"alignnone size-medium wp-image-1649\" src=\"https:\/\/blogs.futura-sciences.com\/feldmann\/wp-content\/uploads\/sites\/9\/2015\/01\/lumiere-cendree3-289x450.jpg\" alt=\"lumiere-cendree3\" width=\"289\" height=\"450\" srcset=\"https:\/\/blogs.futura-sciences.com\/feldmann\/wp-content\/uploads\/sites\/9\/2015\/01\/lumiere-cendree3-289x450.jpg 289w, https:\/\/blogs.futura-sciences.com\/feldmann\/wp-content\/uploads\/sites\/9\/2015\/01\/lumiere-cendree3-658x1024.jpg 658w, https:\/\/blogs.futura-sciences.com\/feldmann\/wp-content\/uploads\/sites\/9\/2015\/01\/lumiere-cendree3.jpg 772w\" sizes=\"auto, (max-width: 289px) 100vw, 289px\" \/><\/a><\/p>\n<p>Dans moins d&#8217;une semaine Vougeot accueillera la c\u00e9l\u00e8bre <a title=\"Saint-Vincent Tournante 2015\" href=\"http:\/\/www.st-vincent-tournante.fr\/2015.html\" target=\"_blank\">Saint-Vincent Tournante<\/a>.<\/p>\n<!-- AddThis Advanced Settings generic via filter on the_content --><!-- AddThis Share Buttons generic via filter on the_content -->","protected":false},"excerpt":{"rendered":"<p>Avec la com\u00e8te C\/2014 Q2 Lovejoy en soir\u00e9e et le croissant de Lune en fin de nuit, les astrophotographes ont eu plusieurs occasions de sortir leur mat\u00e9riel ce weekend, \u00e0 condition d&#8217;avoir un ciel d\u00e9gag\u00e9. Ce fut le cas en Bourgogne entre samedi et dimanche.<!-- AddThis Advanced Settings generic via filter on get_the_excerpt --><!-- AddThis Share Buttons generic via filter on get_the_excerpt --><\/p>\n","protected":false},"author":8,"featured_media":1651,"comment_status":"open","ping_status":"open","sticky":false,"template":"","format":"standard","meta":{"footnotes":"","_links_to":"","_links_to_target":""},"categories":[83],"tags":[276,207,762,701,131,88,764,189,763],"class_list":["post-1647","post","type-post","status-publish","format-standard","has-post-thumbnail","hentry","category-la-lune","tag-astrophotographe","tag-bourgogne","tag-chateau-de-la-tour","tag-comete-c2014-q2-lovejoy","tag-croissant-de-lune","tag-lumiere-cendree","tag-saint-vincent-tournante","tag-selene","tag-vougeot"],"yoast_head":"<!-- This site is optimized with the Yoast SEO plugin v24.1 - https:\/\/yoast.com\/wordpress\/plugins\/seo\/ -->\n<title>Le croissant lunaire \u00e0 l&#039;aube du 18 janvier<\/title>\n<meta name=\"robots\" content=\"index, follow, max-snippet:-1, max-image-preview:large, max-video-preview:-1\" \/>\n<link rel=\"canonical\" href=\"https:\/\/blogs.futura-sciences.com\/feldmann\/2015\/01\/20\/le-croissant-lunaire-laube-du-18-janvier\/\" \/>\n<meta property=\"og:locale\" content=\"fr_FR\" \/>\n<meta property=\"og:type\" content=\"article\" \/>\n<meta property=\"og:title\" content=\"Le croissant lunaire \u00e0 l&#039;aube du 18 janvier\" \/>\n<meta property=\"og:description\" content=\"Avec la com\u00e8te C\/2014 Q2 Lovejoy en soir\u00e9e et le croissant de Lune en fin de nuit, les astrophotographes ont eu plusieurs occasions de sortir leur mat\u00e9riel ce weekend, \u00e0 condition d&#8217;avoir un ciel d\u00e9gag\u00e9. Ce fut le cas en Bourgogne entre samedi et dimanche.\" \/>\n<meta property=\"og:url\" content=\"https:\/\/blogs.futura-sciences.com\/feldmann\/2015\/01\/20\/le-croissant-lunaire-laube-du-18-janvier\/\" \/>\n<meta property=\"og:site_name\" content=\"CIELMANIA : le blog de Jean-Baptiste FELDMANN, photographe du ciel\" \/>\n<meta property=\"article:published_time\" content=\"2015-01-20T06:38:59+00:00\" \/>\n<meta property=\"article:modified_time\" content=\"2015-01-25T08:54:49+00:00\" \/>\n<meta property=\"og:image\" content=\"https:\/\/blogs.futura-sciences.com\/feldmann\/wp-content\/uploads\/sites\/9\/2015\/01\/lumiere-cendree2.jpg\" \/>\n\t<meta property=\"og:image:width\" content=\"1198\" \/>\n\t<meta property=\"og:image:height\" content=\"900\" \/>\n\t<meta property=\"og:image:type\" content=\"image\/jpeg\" \/>\n<meta name=\"author\" content=\"Jean-Baptiste FELDMANN\" \/>\n<meta name=\"twitter:card\" content=\"summary_large_image\" \/>\n<meta name=\"twitter:label1\" content=\"\u00c9crit par\" \/>\n\t<meta name=\"twitter:data1\" content=\"Jean-Baptiste FELDMANN\" \/>\n\t<meta name=\"twitter:label2\" content=\"Dur\u00e9e de lecture estim\u00e9e\" \/>\n\t<meta name=\"twitter:data2\" content=\"1 minute\" \/>\n<script type=\"application\/ld+json\" class=\"yoast-schema-graph\">{\"@context\":\"https:\/\/schema.org\",\"@graph\":[{\"@type\":\"WebPage\",\"@id\":\"https:\/\/blogs.futura-sciences.com\/feldmann\/2015\/01\/20\/le-croissant-lunaire-laube-du-18-janvier\/\",\"url\":\"https:\/\/blogs.futura-sciences.com\/feldmann\/2015\/01\/20\/le-croissant-lunaire-laube-du-18-janvier\/\",\"name\":\"Le croissant lunaire \u00e0 l'aube du 18 janvier\",\"isPartOf\":{\"@id\":\"https:\/\/blogs.futura-sciences.com\/feldmann\/#website\"},\"primaryImageOfPage\":{\"@id\":\"https:\/\/blogs.futura-sciences.com\/feldmann\/2015\/01\/20\/le-croissant-lunaire-laube-du-18-janvier\/#primaryimage\"},\"image\":{\"@id\":\"https:\/\/blogs.futura-sciences.com\/feldmann\/2015\/01\/20\/le-croissant-lunaire-laube-du-18-janvier\/#primaryimage\"},\"thumbnailUrl\":\"https:\/\/blogs.futura-sciences.com\/feldmann\/wp-content\/uploads\/sites\/9\/2015\/01\/lumiere-cendree2.jpg\",\"datePublished\":\"2015-01-20T06:38:59+00:00\",\"dateModified\":\"2015-01-25T08:54:49+00:00\",\"author\":{\"@id\":\"https:\/\/blogs.futura-sciences.com\/feldmann\/#\/schema\/person\/62b391b709c307783237b759b62731ea\"},\"inLanguage\":\"fr-FR\",\"potentialAction\":[{\"@type\":\"ReadAction\",\"target\":[\"https:\/\/blogs.futura-sciences.com\/feldmann\/2015\/01\/20\/le-croissant-lunaire-laube-du-18-janvier\/\"]}]},{\"@type\":\"ImageObject\",\"inLanguage\":\"fr-FR\",\"@id\":\"https:\/\/blogs.futura-sciences.com\/feldmann\/2015\/01\/20\/le-croissant-lunaire-laube-du-18-janvier\/#primaryimage\",\"url\":\"https:\/\/blogs.futura-sciences.com\/feldmann\/wp-content\/uploads\/sites\/9\/2015\/01\/lumiere-cendree2.jpg\",\"contentUrl\":\"https:\/\/blogs.futura-sciences.com\/feldmann\/wp-content\/uploads\/sites\/9\/2015\/01\/lumiere-cendree2.jpg\",\"width\":1198,\"height\":900},{\"@type\":\"WebSite\",\"@id\":\"https:\/\/blogs.futura-sciences.com\/feldmann\/#website\",\"url\":\"https:\/\/blogs.futura-sciences.com\/feldmann\/\",\"name\":\"CIELMANIA : le blog de Jean-Baptiste FELDMANN, photographe du ciel\",\"description\":\"&quot;J&#039;ai en moi un besoin terrible. Dirais-je le mot? La religion. Alors, je sors la nuit et je peins des \u00e9toiles.&quot;  Vincent van Gogh\",\"potentialAction\":[{\"@type\":\"SearchAction\",\"target\":{\"@type\":\"EntryPoint\",\"urlTemplate\":\"https:\/\/blogs.futura-sciences.com\/feldmann\/?s={search_term_string}\"},\"query-input\":{\"@type\":\"PropertyValueSpecification\",\"valueRequired\":true,\"valueName\":\"search_term_string\"}}],\"inLanguage\":\"fr-FR\"},{\"@type\":\"Person\",\"@id\":\"https:\/\/blogs.futura-sciences.com\/feldmann\/#\/schema\/person\/62b391b709c307783237b759b62731ea\",\"name\":\"Jean-Baptiste FELDMANN\",\"image\":{\"@type\":\"ImageObject\",\"inLanguage\":\"fr-FR\",\"@id\":\"https:\/\/blogs.futura-sciences.com\/feldmann\/#\/schema\/person\/image\/\",\"url\":\"https:\/\/secure.gravatar.com\/avatar\/41f96607fde7a81a14570eec74177c42?s=96&d=mm&r=g\",\"contentUrl\":\"https:\/\/secure.gravatar.com\/avatar\/41f96607fde7a81a14570eec74177c42?s=96&d=mm&r=g\",\"caption\":\"Jean-Baptiste FELDMANN\"},\"url\":\"https:\/\/blogs.futura-sciences.com\/feldmann\/author\/jbfe\/\"}]}<\/script>\n<!-- \/ Yoast SEO plugin. -->","yoast_head_json":{"title":"Le croissant lunaire \u00e0 l'aube du 18 janvier","robots":{"index":"index","follow":"follow","max-snippet":"max-snippet:-1","max-image-preview":"max-image-preview:large","max-video-preview":"max-video-preview:-1"},"canonical":"https:\/\/blogs.futura-sciences.com\/feldmann\/2015\/01\/20\/le-croissant-lunaire-laube-du-18-janvier\/","og_locale":"fr_FR","og_type":"article","og_title":"Le croissant lunaire \u00e0 l'aube du 18 janvier","og_description":"Avec la com\u00e8te C\/2014 Q2 Lovejoy en soir\u00e9e et le croissant de Lune en fin de nuit, les astrophotographes ont eu plusieurs occasions de sortir leur mat\u00e9riel ce weekend, \u00e0 condition d&#8217;avoir un ciel d\u00e9gag\u00e9. Ce fut le cas en Bourgogne entre samedi et dimanche.","og_url":"https:\/\/blogs.futura-sciences.com\/feldmann\/2015\/01\/20\/le-croissant-lunaire-laube-du-18-janvier\/","og_site_name":"CIELMANIA : le blog de Jean-Baptiste FELDMANN, photographe du ciel","article_published_time":"2015-01-20T06:38:59+00:00","article_modified_time":"2015-01-25T08:54:49+00:00","og_image":[{"width":1198,"height":900,"url":"https:\/\/blogs.futura-sciences.com\/feldmann\/wp-content\/uploads\/sites\/9\/2015\/01\/lumiere-cendree2.jpg","type":"image\/jpeg"}],"author":"Jean-Baptiste FELDMANN","twitter_card":"summary_large_image","twitter_misc":{"\u00c9crit par":"Jean-Baptiste FELDMANN","Dur\u00e9e de lecture estim\u00e9e":"1 minute"},"schema":{"@context":"https:\/\/schema.org","@graph":[{"@type":"WebPage","@id":"https:\/\/blogs.futura-sciences.com\/feldmann\/2015\/01\/20\/le-croissant-lunaire-laube-du-18-janvier\/","url":"https:\/\/blogs.futura-sciences.com\/feldmann\/2015\/01\/20\/le-croissant-lunaire-laube-du-18-janvier\/","name":"Le croissant lunaire \u00e0 l'aube du 18 janvier","isPartOf":{"@id":"https:\/\/blogs.futura-sciences.com\/feldmann\/#website"},"primaryImageOfPage":{"@id":"https:\/\/blogs.futura-sciences.com\/feldmann\/2015\/01\/20\/le-croissant-lunaire-laube-du-18-janvier\/#primaryimage"},"image":{"@id":"https:\/\/blogs.futura-sciences.com\/feldmann\/2015\/01\/20\/le-croissant-lunaire-laube-du-18-janvier\/#primaryimage"},"thumbnailUrl":"https:\/\/blogs.futura-sciences.com\/feldmann\/wp-content\/uploads\/sites\/9\/2015\/01\/lumiere-cendree2.jpg","datePublished":"2015-01-20T06:38:59+00:00","dateModified":"2015-01-25T08:54:49+00:00","author":{"@id":"https:\/\/blogs.futura-sciences.com\/feldmann\/#\/schema\/person\/62b391b709c307783237b759b62731ea"},"inLanguage":"fr-FR","potentialAction":[{"@type":"ReadAction","target":["https:\/\/blogs.futura-sciences.com\/feldmann\/2015\/01\/20\/le-croissant-lunaire-laube-du-18-janvier\/"]}]},{"@type":"ImageObject","inLanguage":"fr-FR","@id":"https:\/\/blogs.futura-sciences.com\/feldmann\/2015\/01\/20\/le-croissant-lunaire-laube-du-18-janvier\/#primaryimage","url":"https:\/\/blogs.futura-sciences.com\/feldmann\/wp-content\/uploads\/sites\/9\/2015\/01\/lumiere-cendree2.jpg","contentUrl":"https:\/\/blogs.futura-sciences.com\/feldmann\/wp-content\/uploads\/sites\/9\/2015\/01\/lumiere-cendree2.jpg","width":1198,"height":900},{"@type":"WebSite","@id":"https:\/\/blogs.futura-sciences.com\/feldmann\/#website","url":"https:\/\/blogs.futura-sciences.com\/feldmann\/","name":"CIELMANIA : le blog de Jean-Baptiste FELDMANN, photographe du ciel","description":"&quot;J&#039;ai en moi un besoin terrible. Dirais-je le mot? La religion. Alors, je sors la nuit et je peins des \u00e9toiles.&quot;  Vincent van Gogh","potentialAction":[{"@type":"SearchAction","target":{"@type":"EntryPoint","urlTemplate":"https:\/\/blogs.futura-sciences.com\/feldmann\/?s={search_term_string}"},"query-input":{"@type":"PropertyValueSpecification","valueRequired":true,"valueName":"search_term_string"}}],"inLanguage":"fr-FR"},{"@type":"Person","@id":"https:\/\/blogs.futura-sciences.com\/feldmann\/#\/schema\/person\/62b391b709c307783237b759b62731ea","name":"Jean-Baptiste FELDMANN","image":{"@type":"ImageObject","inLanguage":"fr-FR","@id":"https:\/\/blogs.futura-sciences.com\/feldmann\/#\/schema\/person\/image\/","url":"https:\/\/secure.gravatar.com\/avatar\/41f96607fde7a81a14570eec74177c42?s=96&d=mm&r=g","contentUrl":"https:\/\/secure.gravatar.com\/avatar\/41f96607fde7a81a14570eec74177c42?s=96&d=mm&r=g","caption":"Jean-Baptiste FELDMANN"},"url":"https:\/\/blogs.futura-sciences.com\/feldmann\/author\/jbfe\/"}]}},"_links":{"self":[{"href":"https:\/\/blogs.futura-sciences.com\/feldmann\/wp-json\/wp\/v2\/posts\/1647","targetHints":{"allow":["GET"]}}],"collection":[{"href":"https:\/\/blogs.futura-sciences.com\/feldmann\/wp-json\/wp\/v2\/posts"}],"about":[{"href":"https:\/\/blogs.futura-sciences.com\/feldmann\/wp-json\/wp\/v2\/types\/post"}],"author":[{"embeddable":true,"href":"https:\/\/blogs.futura-sciences.com\/feldmann\/wp-json\/wp\/v2\/users\/8"}],"replies":[{"embeddable":true,"href":"https:\/\/blogs.futura-sciences.com\/feldmann\/wp-json\/wp\/v2\/comments?post=1647"}],"version-history":[{"count":6,"href":"https:\/\/blogs.futura-sciences.com\/feldmann\/wp-json\/wp\/v2\/posts\/1647\/revisions"}],"predecessor-version":[{"id":1674,"href":"https:\/\/blogs.futura-sciences.com\/feldmann\/wp-json\/wp\/v2\/posts\/1647\/revisions\/1674"}],"wp:featuredmedia":[{"embeddable":true,"href":"https:\/\/blogs.futura-sciences.com\/feldmann\/wp-json\/wp\/v2\/media\/1651"}],"wp:attachment":[{"href":"https:\/\/blogs.futura-sciences.com\/feldmann\/wp-json\/wp\/v2\/media?parent=1647"}],"wp:term":[{"taxonomy":"category","embeddable":true,"href":"https:\/\/blogs.futura-sciences.com\/feldmann\/wp-json\/wp\/v2\/categories?post=1647"},{"taxonomy":"post_tag","embeddable":true,"href":"https:\/\/blogs.futura-sciences.com\/feldmann\/wp-json\/wp\/v2\/tags?post=1647"}],"curies":[{"name":"wp","href":"https:\/\/api.w.org\/{rel}","templated":true}]}}