{"id":16292,"date":"2022-08-08T09:31:47","date_gmt":"2022-08-08T09:31:47","guid":{"rendered":"https:\/\/blogs.futura-sciences.com\/feldmann\/?p=16292"},"modified":"2022-08-25T07:50:56","modified_gmt":"2022-08-25T07:50:56","slug":"suivez-le-passage-de-la-planete-mars-a-cote-de-lamas-des-pleiades","status":"publish","type":"post","link":"https:\/\/blogs.futura-sciences.com\/feldmann\/2022\/08\/08\/suivez-le-passage-de-la-planete-mars-a-cote-de-lamas-des-pleiades\/","title":{"rendered":"Suivez le passage de la plan\u00e8te Mars \u00e0 c\u00f4t\u00e9 de l&#8217;amas des Pl\u00e9iades"},"content":{"rendered":"<p><strong>Durant tout le mois d&#8217;ao\u00fbt, vous pourrez admirer la plan\u00e8te Mars, de plus en plus brillante, non loin du c\u00e9l\u00e8bre amas d&#8217;\u00e9toiles des Pl\u00e9iades.<\/strong><\/p>\n<h5>Zoom sur les Pl\u00e9iades :<\/h5>\n<p>\u00c0 l\u2019\u0153il nu, l&#8217;amas des Pl\u00e9iades (Messier 45) ressemble \u00e0 une petite tache laiteuse constitu\u00e9e de 7 \u00e9toiles relativement brillantes. Ces astres sont Alcyone, Atlas, M\u00e9rope, \u00c9lectre, Ma\u00efa, Tayg\u00e8te et Pl\u00e9ion\u00e9. Leurs <a href=\"https:\/\/blogs.futura-sciences.com\/feldmann\/2017\/05\/06\/quest-lechelle-magnitudes-astronomie\/\" target=\"_blank\" rel=\"noopener\">magnitudes<\/a> varient entre 3 et 5. Les observateurs ayant une vue per\u00e7ante parviennent \u00e0 d\u00e9nombrer jusqu\u2019\u00e0 12 \u00e9toiles quand ils l\u2019observent sous un excellent ciel sans aucune <a href=\"https:\/\/blogs.futura-sciences.com\/feldmann\/2014\/06\/28\/pollution-lumineuse\/\" target=\"_blank\" rel=\"noopener\">pollution lumineuse<\/a> :<\/p>\n<figure id=\"attachment_4829\" aria-describedby=\"caption-attachment-4829\" style=\"width: 450px\" class=\"wp-caption alignnone\"><a href=\"https:\/\/blogs.futura-sciences.com\/feldmann\/wp-content\/uploads\/sites\/9\/2016\/01\/pl\u00e9iades.jpg\" rel=\"lightbox[16292]\"><img loading=\"lazy\" decoding=\"async\" class=\"size-medium wp-image-4829\" src=\"https:\/\/blogs.futura-sciences.com\/feldmann\/wp-content\/uploads\/sites\/9\/2016\/01\/pl\u00e9iades-450x337.jpg\" alt=\"\" width=\"450\" height=\"337\" srcset=\"https:\/\/blogs.futura-sciences.com\/feldmann\/wp-content\/uploads\/sites\/9\/2016\/01\/pl\u00e9iades-450x337.jpg 450w, https:\/\/blogs.futura-sciences.com\/feldmann\/wp-content\/uploads\/sites\/9\/2016\/01\/pl\u00e9iades-768x576.jpg 768w, https:\/\/blogs.futura-sciences.com\/feldmann\/wp-content\/uploads\/sites\/9\/2016\/01\/pl\u00e9iades-1024x767.jpg 1024w, https:\/\/blogs.futura-sciences.com\/feldmann\/wp-content\/uploads\/sites\/9\/2016\/01\/pl\u00e9iades.jpg 1201w\" sizes=\"auto, (max-width: 450px) 100vw, 450px\" \/><\/a><figcaption id=\"caption-attachment-4829\" class=\"wp-caption-text\">L&#8217;amas des Pl\u00e9iades au z\u00e9nith pendant une nuit hivernale. \u00a9 Jean-Baptiste Feldmann<\/figcaption><\/figure>\n<p>Les \u00e9toiles de l\u2019amas sont n\u00e9es ensemble, il y a une centaine de millions d\u2019ann\u00e9es et certaines sont encore entour\u00e9es de n\u00e9bulosit\u00e9s. Ces derni\u00e8res s\u2019effilochent peu \u00e0 peu et ne sont visibles que sur des photographies prises au t\u00e9lescope. Depuis leur naissance, les \u00e9toiles de l&#8217;amas s\u2019\u00e9loignent les unes des autres. Dans 250 millions d\u2019ann\u00e9es, il ne restera plus rien de l\u2019amas et les \u00e9toiles poursuivront solitairement leur \u00e9volution.<\/p>\n<h5>Rapprochement c\u00e9leste :<\/h5>\n<p>Le plus c\u00e9l\u00e8bre des amas d\u2019\u00e9toiles re\u00e7oit r\u00e9guli\u00e8rement la visite des plan\u00e8tes parce qu\u2019il se trouve sur l\u2019<a href=\"https:\/\/www.futura-sciences.com\/sciences\/definitions\/univers-plan-ecliptique-867\/\" target=\"_blank\" rel=\"noopener\">\u00c9cliptique<\/a>. En ce moment, c&#8217;est Mars qui se glisse \u00e0 proximit\u00e9. Continuant de se rapprocher de la Terre, la <a href=\"https:\/\/blogs.futura-sciences.com\/feldmann\/2017\/02\/16\/mars-express-survole-pole-nord-de-planete-rouge\/\" target=\"_blank\" rel=\"noopener\">Plan\u00e8te rouge<\/a> passe symboliquement le seuil de la magnitude z\u00e9ro ce mois-ci. C&#8217;est donc l&#8217;astre le plus brillant de cette portion de ciel. Bien entendu, le rapprochement entre Mars et les Pl\u00e9iades n&#8217;est qu&#8217;apparent. L&#8217;amas d&#8217;\u00e9toiles est en effet situ\u00e9 \u00e0 440 <a href=\"https:\/\/www.futura-sciences.com\/sciences\/definitions\/univers-annee-lumiere-17\/\" target=\"_blank\" rel=\"noopener\">ann\u00e9es-lumi\u00e8re<\/a>, donc beaucoup plus loin que la Plan\u00e8te rouge. Ce rapprochement c\u00e9leste est observable \u00e0 l&#8217;\u0153il nu aux environ de 5 heures du matin\u00a0 :<\/p>\n<figure id=\"attachment_16293\" aria-describedby=\"caption-attachment-16293\" style=\"width: 450px\" class=\"wp-caption alignnone\"><a href=\"https:\/\/blogs.futura-sciences.com\/feldmann\/wp-content\/uploads\/sites\/9\/2022\/08\/mars_pleiades.jpg\" rel=\"lightbox[16292]\"><img loading=\"lazy\" decoding=\"async\" class=\"size-medium wp-image-16293\" src=\"https:\/\/blogs.futura-sciences.com\/feldmann\/wp-content\/uploads\/sites\/9\/2022\/08\/mars_pleiades-450x270.jpg\" alt=\"\" width=\"450\" height=\"270\" srcset=\"https:\/\/blogs.futura-sciences.com\/feldmann\/wp-content\/uploads\/sites\/9\/2022\/08\/mars_pleiades-450x270.jpg 450w, https:\/\/blogs.futura-sciences.com\/feldmann\/wp-content\/uploads\/sites\/9\/2022\/08\/mars_pleiades-1024x614.jpg 1024w, https:\/\/blogs.futura-sciences.com\/feldmann\/wp-content\/uploads\/sites\/9\/2022\/08\/mars_pleiades-768x460.jpg 768w, https:\/\/blogs.futura-sciences.com\/feldmann\/wp-content\/uploads\/sites\/9\/2022\/08\/mars_pleiades.jpg 1501w\" sizes=\"auto, (max-width: 450px) 100vw, 450px\" \/><\/a><figcaption id=\"caption-attachment-16293\" class=\"wp-caption-text\">La plan\u00e8te Mars et l&#8217;amas des Pl\u00e9iades \u00e0 l&#8217;aube du 8 ao\u00fbt 2022. \u00a9 Jean-Baptiste Feldmann<\/figcaption><\/figure>\n<p>Mars sera au plus pr\u00e8s de la Terre (80 millions de kilom\u00e8tres quand m\u00eame !) le 8 d\u00e9cembre prochain. \u00c0 cette date, la quatri\u00e8me plan\u00e8te du Syst\u00e8me solaire aura un diam\u00e8tre apparent l\u00e9g\u00e8rement sup\u00e9rieur \u00e0 17 secondes d\u2019arc. Elle brillera dans la constellation du <a href=\"https:\/\/blogs.futura-sciences.com\/feldmann\/2019\/10\/29\/la-constellation-du-taureau-dessinee-dans-la-grotte-de-lascaux\/\" target=\"_blank\" rel=\"noopener\">Taureau<\/a> avec une magnitude de -1,8.<\/p>\n<h5>Vous pourriez aimer :<\/h5>\n<ul>\n<li><a href=\"https:\/\/blogs.futura-sciences.com\/feldmann\/2020\/03\/29\/escortee-par-la-lune-venus-se-dirige-vers-les-pleiades\/\" target=\"_blank\" rel=\"noopener\">Escort\u00e9e par la Lune, V\u00e9nus se dirige vers les Pl\u00e9iades<\/a><\/li>\n<li><a href=\"https:\/\/blogs.futura-sciences.com\/feldmann\/2017\/04\/22\/planete-mars-a-cote-de-lamas-pleiades\/\" target=\"_blank\" rel=\"noopener\">La plan\u00e8te Mars \u00e0 c\u00f4t\u00e9 de l\u2019amas des Pl\u00e9iades<\/a><\/li>\n<li><a href=\"https:\/\/blogs.futura-sciences.com\/feldmann\/2017\/01\/01\/les-hyades-et-les-pleiades-derriere-le-moulin-de-verzenay\/\" target=\"_blank\" rel=\"noopener\">Les Hyades et les Pl\u00e9iades derri\u00e8re le moulin de Verzenay<\/a><\/li>\n<\/ul>\n<p>Suivez l\u2019actualit\u00e9 astronomique et d\u00e9couvrez mes images du ciel en vous abonnant \u00e0 Cielmania sur\u00a0<a href=\"https:\/\/www.facebook.com\/cielmania\/\" target=\"_blank\" rel=\"noopener noreferrer\">Facebook<\/a>.<\/p>\n<!-- AddThis Advanced Settings generic via filter on the_content --><!-- AddThis Share Buttons generic via filter on the_content -->","protected":false},"excerpt":{"rendered":"<p>Durant tout le mois d&#8217;ao\u00fbt, vous pourrez admirer la plan\u00e8te Mars, de plus en plus brillante, non loin du c\u00e9l\u00e8bre amas d&#8217;\u00e9toiles des Pl\u00e9iades. Zoom sur les Pl\u00e9iades : \u00c0 l\u2019\u0153il nu, l&#8217;amas des Pl\u00e9iades (Messier 45) ressemble \u00e0 une petite tache laiteuse constitu\u00e9e de 7 \u00e9toiles relativement brillantes. Ces astres sont Alcyone, Atlas, M\u00e9rope, &hellip; <a href=\"https:\/\/blogs.futura-sciences.com\/feldmann\/2022\/08\/08\/suivez-le-passage-de-la-planete-mars-a-cote-de-lamas-des-pleiades\/\" class=\"more-link\">Continuer la lecture de <span class=\"screen-reader-text\">Suivez le passage de la plan\u00e8te Mars \u00e0 c\u00f4t\u00e9 de l&#8217;amas des Pl\u00e9iades<\/span>  <span class=\"meta-nav\">&rarr;<\/span><\/a><!-- AddThis Advanced Settings generic via filter on get_the_excerpt --><!-- AddThis Share Buttons generic via filter on get_the_excerpt --><\/p>\n","protected":false},"author":8,"featured_media":16293,"comment_status":"open","ping_status":"open","sticky":false,"template":"","format":"standard","meta":{"footnotes":"","_links_to":"","_links_to_target":""},"categories":[509],"tags":[713,132,116],"class_list":["post-16292","post","type-post","status-publish","format-standard","has-post-thumbnail","hentry","category-actualites","tag-amas-des-pleiades","tag-constellation-du-taureau","tag-mars"],"yoast_head":"<!-- This site is optimized with the Yoast SEO plugin v24.1 - https:\/\/yoast.com\/wordpress\/plugins\/seo\/ -->\n<title>Suivez le passage de la plan\u00e8te Mars \u00e0 c\u00f4t\u00e9 de l&#039;amas des Pl\u00e9iades<\/title>\n<meta name=\"description\" content=\"Durant tout le mois d&#039;ao\u00fbt, vous pourrez admirer la plan\u00e8te Mars, de plus en plus brillante, non loin du c\u00e9l\u00e8bre amas d&#039;\u00e9toiles des Pl\u00e9iades.\" \/>\n<meta name=\"robots\" content=\"index, follow, max-snippet:-1, max-image-preview:large, max-video-preview:-1\" \/>\n<link rel=\"canonical\" href=\"https:\/\/blogs.futura-sciences.com\/feldmann\/2022\/08\/08\/suivez-le-passage-de-la-planete-mars-a-cote-de-lamas-des-pleiades\/\" \/>\n<meta property=\"og:locale\" content=\"fr_FR\" \/>\n<meta property=\"og:type\" content=\"article\" \/>\n<meta property=\"og:title\" content=\"Suivez le passage de la plan\u00e8te Mars \u00e0 c\u00f4t\u00e9 de l&#039;amas des Pl\u00e9iades\" \/>\n<meta property=\"og:description\" content=\"Durant tout le mois d&#039;ao\u00fbt, vous pourrez admirer la plan\u00e8te Mars, de plus en plus brillante, non loin du c\u00e9l\u00e8bre amas d&#039;\u00e9toiles des Pl\u00e9iades.\" \/>\n<meta property=\"og:url\" content=\"https:\/\/blogs.futura-sciences.com\/feldmann\/2022\/08\/08\/suivez-le-passage-de-la-planete-mars-a-cote-de-lamas-des-pleiades\/\" \/>\n<meta property=\"og:site_name\" content=\"CIELMANIA : le blog de Jean-Baptiste FELDMANN, photographe du ciel\" \/>\n<meta property=\"article:published_time\" content=\"2022-08-08T09:31:47+00:00\" \/>\n<meta property=\"article:modified_time\" content=\"2022-08-25T07:50:56+00:00\" \/>\n<meta property=\"og:image\" content=\"https:\/\/blogs.futura-sciences.com\/feldmann\/wp-content\/uploads\/sites\/9\/2022\/08\/mars_pleiades.jpg\" \/>\n\t<meta property=\"og:image:width\" content=\"1501\" \/>\n\t<meta property=\"og:image:height\" content=\"900\" \/>\n\t<meta property=\"og:image:type\" content=\"image\/jpeg\" \/>\n<meta name=\"author\" content=\"Jean-Baptiste FELDMANN\" \/>\n<meta name=\"twitter:card\" content=\"summary_large_image\" \/>\n<meta name=\"twitter:label1\" content=\"\u00c9crit par\" \/>\n\t<meta name=\"twitter:data1\" content=\"Jean-Baptiste FELDMANN\" \/>\n\t<meta name=\"twitter:label2\" content=\"Dur\u00e9e de lecture estim\u00e9e\" \/>\n\t<meta name=\"twitter:data2\" content=\"3 minutes\" \/>\n<script type=\"application\/ld+json\" class=\"yoast-schema-graph\">{\"@context\":\"https:\/\/schema.org\",\"@graph\":[{\"@type\":\"WebPage\",\"@id\":\"https:\/\/blogs.futura-sciences.com\/feldmann\/2022\/08\/08\/suivez-le-passage-de-la-planete-mars-a-cote-de-lamas-des-pleiades\/\",\"url\":\"https:\/\/blogs.futura-sciences.com\/feldmann\/2022\/08\/08\/suivez-le-passage-de-la-planete-mars-a-cote-de-lamas-des-pleiades\/\",\"name\":\"Suivez le passage de la plan\u00e8te Mars \u00e0 c\u00f4t\u00e9 de l'amas des Pl\u00e9iades\",\"isPartOf\":{\"@id\":\"https:\/\/blogs.futura-sciences.com\/feldmann\/#website\"},\"primaryImageOfPage\":{\"@id\":\"https:\/\/blogs.futura-sciences.com\/feldmann\/2022\/08\/08\/suivez-le-passage-de-la-planete-mars-a-cote-de-lamas-des-pleiades\/#primaryimage\"},\"image\":{\"@id\":\"https:\/\/blogs.futura-sciences.com\/feldmann\/2022\/08\/08\/suivez-le-passage-de-la-planete-mars-a-cote-de-lamas-des-pleiades\/#primaryimage\"},\"thumbnailUrl\":\"https:\/\/blogs.futura-sciences.com\/feldmann\/wp-content\/uploads\/sites\/9\/2022\/08\/mars_pleiades.jpg\",\"datePublished\":\"2022-08-08T09:31:47+00:00\",\"dateModified\":\"2022-08-25T07:50:56+00:00\",\"author\":{\"@id\":\"https:\/\/blogs.futura-sciences.com\/feldmann\/#\/schema\/person\/62b391b709c307783237b759b62731ea\"},\"description\":\"Durant tout le mois d'ao\u00fbt, vous pourrez admirer la plan\u00e8te Mars, de plus en plus brillante, non loin du c\u00e9l\u00e8bre amas d'\u00e9toiles des Pl\u00e9iades.\",\"inLanguage\":\"fr-FR\",\"potentialAction\":[{\"@type\":\"ReadAction\",\"target\":[\"https:\/\/blogs.futura-sciences.com\/feldmann\/2022\/08\/08\/suivez-le-passage-de-la-planete-mars-a-cote-de-lamas-des-pleiades\/\"]}]},{\"@type\":\"ImageObject\",\"inLanguage\":\"fr-FR\",\"@id\":\"https:\/\/blogs.futura-sciences.com\/feldmann\/2022\/08\/08\/suivez-le-passage-de-la-planete-mars-a-cote-de-lamas-des-pleiades\/#primaryimage\",\"url\":\"https:\/\/blogs.futura-sciences.com\/feldmann\/wp-content\/uploads\/sites\/9\/2022\/08\/mars_pleiades.jpg\",\"contentUrl\":\"https:\/\/blogs.futura-sciences.com\/feldmann\/wp-content\/uploads\/sites\/9\/2022\/08\/mars_pleiades.jpg\",\"width\":1501,\"height\":900,\"caption\":\"La plan\u00e8te Mars et l'amas des Pl\u00e9iades \u00e0 l'aube du 8 ao\u00fbt 2022. \u00a9 Jean-Baptiste Feldmann\"},{\"@type\":\"WebSite\",\"@id\":\"https:\/\/blogs.futura-sciences.com\/feldmann\/#website\",\"url\":\"https:\/\/blogs.futura-sciences.com\/feldmann\/\",\"name\":\"CIELMANIA : le blog de Jean-Baptiste FELDMANN, photographe du ciel\",\"description\":\"&quot;J&#039;ai en moi un besoin terrible. Dirais-je le mot? La religion. Alors, je sors la nuit et je peins des \u00e9toiles.&quot;  Vincent van Gogh\",\"potentialAction\":[{\"@type\":\"SearchAction\",\"target\":{\"@type\":\"EntryPoint\",\"urlTemplate\":\"https:\/\/blogs.futura-sciences.com\/feldmann\/?s={search_term_string}\"},\"query-input\":{\"@type\":\"PropertyValueSpecification\",\"valueRequired\":true,\"valueName\":\"search_term_string\"}}],\"inLanguage\":\"fr-FR\"},{\"@type\":\"Person\",\"@id\":\"https:\/\/blogs.futura-sciences.com\/feldmann\/#\/schema\/person\/62b391b709c307783237b759b62731ea\",\"name\":\"Jean-Baptiste FELDMANN\",\"image\":{\"@type\":\"ImageObject\",\"inLanguage\":\"fr-FR\",\"@id\":\"https:\/\/blogs.futura-sciences.com\/feldmann\/#\/schema\/person\/image\/\",\"url\":\"https:\/\/secure.gravatar.com\/avatar\/41f96607fde7a81a14570eec74177c42?s=96&d=mm&r=g\",\"contentUrl\":\"https:\/\/secure.gravatar.com\/avatar\/41f96607fde7a81a14570eec74177c42?s=96&d=mm&r=g\",\"caption\":\"Jean-Baptiste FELDMANN\"},\"url\":\"https:\/\/blogs.futura-sciences.com\/feldmann\/author\/jbfe\/\"}]}<\/script>\n<!-- \/ Yoast SEO plugin. -->","yoast_head_json":{"title":"Suivez le passage de la plan\u00e8te Mars \u00e0 c\u00f4t\u00e9 de l'amas des Pl\u00e9iades","description":"Durant tout le mois d'ao\u00fbt, vous pourrez admirer la plan\u00e8te Mars, de plus en plus brillante, non loin du c\u00e9l\u00e8bre amas d'\u00e9toiles des Pl\u00e9iades.","robots":{"index":"index","follow":"follow","max-snippet":"max-snippet:-1","max-image-preview":"max-image-preview:large","max-video-preview":"max-video-preview:-1"},"canonical":"https:\/\/blogs.futura-sciences.com\/feldmann\/2022\/08\/08\/suivez-le-passage-de-la-planete-mars-a-cote-de-lamas-des-pleiades\/","og_locale":"fr_FR","og_type":"article","og_title":"Suivez le passage de la plan\u00e8te Mars \u00e0 c\u00f4t\u00e9 de l'amas des Pl\u00e9iades","og_description":"Durant tout le mois d'ao\u00fbt, vous pourrez admirer la plan\u00e8te Mars, de plus en plus brillante, non loin du c\u00e9l\u00e8bre amas d'\u00e9toiles des Pl\u00e9iades.","og_url":"https:\/\/blogs.futura-sciences.com\/feldmann\/2022\/08\/08\/suivez-le-passage-de-la-planete-mars-a-cote-de-lamas-des-pleiades\/","og_site_name":"CIELMANIA : le blog de Jean-Baptiste FELDMANN, photographe du ciel","article_published_time":"2022-08-08T09:31:47+00:00","article_modified_time":"2022-08-25T07:50:56+00:00","og_image":[{"width":1501,"height":900,"url":"https:\/\/blogs.futura-sciences.com\/feldmann\/wp-content\/uploads\/sites\/9\/2022\/08\/mars_pleiades.jpg","type":"image\/jpeg"}],"author":"Jean-Baptiste FELDMANN","twitter_card":"summary_large_image","twitter_misc":{"\u00c9crit par":"Jean-Baptiste FELDMANN","Dur\u00e9e de lecture estim\u00e9e":"3 minutes"},"schema":{"@context":"https:\/\/schema.org","@graph":[{"@type":"WebPage","@id":"https:\/\/blogs.futura-sciences.com\/feldmann\/2022\/08\/08\/suivez-le-passage-de-la-planete-mars-a-cote-de-lamas-des-pleiades\/","url":"https:\/\/blogs.futura-sciences.com\/feldmann\/2022\/08\/08\/suivez-le-passage-de-la-planete-mars-a-cote-de-lamas-des-pleiades\/","name":"Suivez le passage de la plan\u00e8te Mars \u00e0 c\u00f4t\u00e9 de l'amas des Pl\u00e9iades","isPartOf":{"@id":"https:\/\/blogs.futura-sciences.com\/feldmann\/#website"},"primaryImageOfPage":{"@id":"https:\/\/blogs.futura-sciences.com\/feldmann\/2022\/08\/08\/suivez-le-passage-de-la-planete-mars-a-cote-de-lamas-des-pleiades\/#primaryimage"},"image":{"@id":"https:\/\/blogs.futura-sciences.com\/feldmann\/2022\/08\/08\/suivez-le-passage-de-la-planete-mars-a-cote-de-lamas-des-pleiades\/#primaryimage"},"thumbnailUrl":"https:\/\/blogs.futura-sciences.com\/feldmann\/wp-content\/uploads\/sites\/9\/2022\/08\/mars_pleiades.jpg","datePublished":"2022-08-08T09:31:47+00:00","dateModified":"2022-08-25T07:50:56+00:00","author":{"@id":"https:\/\/blogs.futura-sciences.com\/feldmann\/#\/schema\/person\/62b391b709c307783237b759b62731ea"},"description":"Durant tout le mois d'ao\u00fbt, vous pourrez admirer la plan\u00e8te Mars, de plus en plus brillante, non loin du c\u00e9l\u00e8bre amas d'\u00e9toiles des Pl\u00e9iades.","inLanguage":"fr-FR","potentialAction":[{"@type":"ReadAction","target":["https:\/\/blogs.futura-sciences.com\/feldmann\/2022\/08\/08\/suivez-le-passage-de-la-planete-mars-a-cote-de-lamas-des-pleiades\/"]}]},{"@type":"ImageObject","inLanguage":"fr-FR","@id":"https:\/\/blogs.futura-sciences.com\/feldmann\/2022\/08\/08\/suivez-le-passage-de-la-planete-mars-a-cote-de-lamas-des-pleiades\/#primaryimage","url":"https:\/\/blogs.futura-sciences.com\/feldmann\/wp-content\/uploads\/sites\/9\/2022\/08\/mars_pleiades.jpg","contentUrl":"https:\/\/blogs.futura-sciences.com\/feldmann\/wp-content\/uploads\/sites\/9\/2022\/08\/mars_pleiades.jpg","width":1501,"height":900,"caption":"La plan\u00e8te Mars et l'amas des Pl\u00e9iades \u00e0 l'aube du 8 ao\u00fbt 2022. \u00a9 Jean-Baptiste Feldmann"},{"@type":"WebSite","@id":"https:\/\/blogs.futura-sciences.com\/feldmann\/#website","url":"https:\/\/blogs.futura-sciences.com\/feldmann\/","name":"CIELMANIA : le blog de Jean-Baptiste FELDMANN, photographe du ciel","description":"&quot;J&#039;ai en moi un besoin terrible. Dirais-je le mot? La religion. Alors, je sors la nuit et je peins des \u00e9toiles.&quot;  Vincent van Gogh","potentialAction":[{"@type":"SearchAction","target":{"@type":"EntryPoint","urlTemplate":"https:\/\/blogs.futura-sciences.com\/feldmann\/?s={search_term_string}"},"query-input":{"@type":"PropertyValueSpecification","valueRequired":true,"valueName":"search_term_string"}}],"inLanguage":"fr-FR"},{"@type":"Person","@id":"https:\/\/blogs.futura-sciences.com\/feldmann\/#\/schema\/person\/62b391b709c307783237b759b62731ea","name":"Jean-Baptiste FELDMANN","image":{"@type":"ImageObject","inLanguage":"fr-FR","@id":"https:\/\/blogs.futura-sciences.com\/feldmann\/#\/schema\/person\/image\/","url":"https:\/\/secure.gravatar.com\/avatar\/41f96607fde7a81a14570eec74177c42?s=96&d=mm&r=g","contentUrl":"https:\/\/secure.gravatar.com\/avatar\/41f96607fde7a81a14570eec74177c42?s=96&d=mm&r=g","caption":"Jean-Baptiste FELDMANN"},"url":"https:\/\/blogs.futura-sciences.com\/feldmann\/author\/jbfe\/"}]}},"_links":{"self":[{"href":"https:\/\/blogs.futura-sciences.com\/feldmann\/wp-json\/wp\/v2\/posts\/16292","targetHints":{"allow":["GET"]}}],"collection":[{"href":"https:\/\/blogs.futura-sciences.com\/feldmann\/wp-json\/wp\/v2\/posts"}],"about":[{"href":"https:\/\/blogs.futura-sciences.com\/feldmann\/wp-json\/wp\/v2\/types\/post"}],"author":[{"embeddable":true,"href":"https:\/\/blogs.futura-sciences.com\/feldmann\/wp-json\/wp\/v2\/users\/8"}],"replies":[{"embeddable":true,"href":"https:\/\/blogs.futura-sciences.com\/feldmann\/wp-json\/wp\/v2\/comments?post=16292"}],"version-history":[{"count":4,"href":"https:\/\/blogs.futura-sciences.com\/feldmann\/wp-json\/wp\/v2\/posts\/16292\/revisions"}],"predecessor-version":[{"id":16299,"href":"https:\/\/blogs.futura-sciences.com\/feldmann\/wp-json\/wp\/v2\/posts\/16292\/revisions\/16299"}],"wp:featuredmedia":[{"embeddable":true,"href":"https:\/\/blogs.futura-sciences.com\/feldmann\/wp-json\/wp\/v2\/media\/16293"}],"wp:attachment":[{"href":"https:\/\/blogs.futura-sciences.com\/feldmann\/wp-json\/wp\/v2\/media?parent=16292"}],"wp:term":[{"taxonomy":"category","embeddable":true,"href":"https:\/\/blogs.futura-sciences.com\/feldmann\/wp-json\/wp\/v2\/categories?post=16292"},{"taxonomy":"post_tag","embeddable":true,"href":"https:\/\/blogs.futura-sciences.com\/feldmann\/wp-json\/wp\/v2\/tags?post=16292"}],"curies":[{"name":"wp","href":"https:\/\/api.w.org\/{rel}","templated":true}]}}