{"id":16114,"date":"2022-06-16T16:45:10","date_gmt":"2022-06-16T16:45:10","guid":{"rendered":"https:\/\/blogs.futura-sciences.com\/feldmann\/?p=16114"},"modified":"2022-06-25T17:03:52","modified_gmt":"2022-06-25T17:03:52","slug":"en-sicile-la-pleine-lune-de-juin-au-dessus-de-letna-en-activite","status":"publish","type":"post","link":"https:\/\/blogs.futura-sciences.com\/feldmann\/2022\/06\/16\/en-sicile-la-pleine-lune-de-juin-au-dessus-de-letna-en-activite\/","title":{"rendered":"En Sicile, la Pleine Lune de juin au-dessus de l&#8217;Etna en activit\u00e9"},"content":{"rendered":"<p><strong>L&#8217;astrophotographe Dario Giannobile a immortalis\u00e9 la derni\u00e8re Pleine Lune au-dessus des nuages de cendre expuls\u00e9s par l&#8217;Etna.<\/strong><\/p>\n<h5>Un g\u00e9ant sous la Lune :<\/h5>\n<p>L&#8217;Etna est le plus haut volcan actif d&#8217;Europe avec ses 3.357 m\u00e8tres d&#8217;altitude. Le 12 mai dernier, le g\u00e9ant sicilien a sign\u00e9 son <a href=\"https:\/\/www.futura-sciences.com\/planete\/actualites\/volcan-etna-vient-reveiller-96708\/\" target=\"_blank\" rel=\"noopener\">\u00e9ni\u00e8me r\u00e9veil<\/a> par des \u00e9missions de cendres et une petite coul\u00e9e de lave. Bien que les habitants de Catane, la ville voisine, soient habitu\u00e9s aux toussotements de l&#8217;Etna, c&#8217;est chaque fois la m\u00eame question : faut-il craindre une grande \u00e9ruption ? Cela n&#8217;a pas \u00e9t\u00e9 le cas cette fois-ci. N\u00e9anmoins, les \u00e9missions de gaz et de cendres se poursuivent toujours. Une situation qui a inspir\u00e9 Dario Giannobile (voir <a href=\"https:\/\/www.dariogiannobile.com\/\" target=\"_blank\" rel=\"noopener\">son site internet<\/a>) :<\/p>\n<figure id=\"attachment_16116\" aria-describedby=\"caption-attachment-16116\" style=\"width: 450px\" class=\"wp-caption alignnone\"><a href=\"https:\/\/blogs.futura-sciences.com\/feldmann\/wp-content\/uploads\/sites\/9\/2022\/06\/etna2.jpg\" rel=\"lightbox[16114]\"><img loading=\"lazy\" decoding=\"async\" class=\"size-medium wp-image-16116\" src=\"https:\/\/blogs.futura-sciences.com\/feldmann\/wp-content\/uploads\/sites\/9\/2022\/06\/etna2-450x300.jpg\" alt=\"\" width=\"450\" height=\"300\" srcset=\"https:\/\/blogs.futura-sciences.com\/feldmann\/wp-content\/uploads\/sites\/9\/2022\/06\/etna2-450x300.jpg 450w, https:\/\/blogs.futura-sciences.com\/feldmann\/wp-content\/uploads\/sites\/9\/2022\/06\/etna2-1024x683.jpg 1024w, https:\/\/blogs.futura-sciences.com\/feldmann\/wp-content\/uploads\/sites\/9\/2022\/06\/etna2-768x512.jpg 768w, https:\/\/blogs.futura-sciences.com\/feldmann\/wp-content\/uploads\/sites\/9\/2022\/06\/etna2.jpg 1500w\" sizes=\"auto, (max-width: 450px) 100vw, 450px\" \/><\/a><figcaption id=\"caption-attachment-16116\" class=\"wp-caption-text\">La Pleine Lune de juin au-dessus de l&#8217;Etna en activit\u00e9. \u00a9 Dario Giannobile<\/figcaption><\/figure>\n<p>L&#8217;astrophotographe s&#8217;est donc install\u00e9 sur la c\u00f4te Ouest du volcan pour assister au lever de la Pleine Lune de juin. Il a compos\u00e9 son image finale en additionnant un clich\u00e9 de la Lune et quatorze clich\u00e9s du paysage. Ces quatorze clich\u00e9s \u00e9taient n\u00e9cessaires pour donner cet effet \u00e9th\u00e9r\u00e9 au nuage de cendres.<\/p>\n<p>Dario Giannobile fait partie de ces photographes qui mettent en valeur le patrimoine nocturne \u00e0 travers leurs images. Une d\u00e9marche qui n&#8217;est pas sans rappeler le travail de <a href=\"https:\/\/blogs.futura-sciences.com\/feldmann\/2022\/05\/30\/au-chili-saisissante-voie-lactee-au-dessus-du-cerro-tololo\/\" target=\"_blank\" rel=\"noopener\">Babak Tafreshi<\/a> ou encore <a href=\"https:\/\/blogs.futura-sciences.com\/feldmann\/2021\/02\/12\/composition-celeste-en-lhonneur-du-nouvel-an-chinois\/\" target=\"_blank\" rel=\"noopener\">Jeff Day<\/a>,\u00a0 membres du collectif TWAN (<a href=\"https:\/\/twanight.org\/\" target=\"_blank\" rel=\"noopener\"><em>The World At Night<\/em><\/a>).<\/p>\n<h5>Vous pourriez aimer :<\/h5>\n<ul>\n<li><a href=\"https:\/\/blogs.futura-sciences.com\/feldmann\/2022\/06\/15\/vol-en-rase-motte-pour-la-pleine-lune-de-juin\/\" target=\"_blank\" rel=\"noopener\">Vol en rase-motte pour la Pleine Lune de juin<\/a><\/li>\n<li><a href=\"https:\/\/blogs.futura-sciences.com\/feldmann\/2022\/04\/24\/astrophotographie-la-pleine-lune-a-portee-de-main\/\" target=\"_blank\" rel=\"noopener\">Astrophotographie : ils ont la Pleine Lune entre les mains<\/a><\/li>\n<li><a href=\"https:\/\/blogs.futura-sciences.com\/feldmann\/2022\/01\/25\/la-pleine-lune-de-janvier-se-leve-dans-le-massif-du-queyras\/\" target=\"_blank\" rel=\"noopener\">La Pleine Lune de janvier se l\u00e8ve dans le massif du Queyras<\/a><\/li>\n<\/ul>\n<p>Suivez l\u2019actualit\u00e9 astronomique et d\u00e9couvrez mes images du ciel en vous abonnant \u00e0 Cielmania sur\u00a0<a href=\"https:\/\/www.facebook.com\/cielmania\/\" target=\"_blank\" rel=\"noopener noreferrer\">Facebook<\/a>\u00a0ou\u00a0<a href=\"https:\/\/twitter.com\/cielmania\" target=\"_blank\" rel=\"noopener noreferrer\">Twitter<\/a>.<\/p>\n<!-- AddThis Advanced Settings generic via filter on the_content --><!-- AddThis Share Buttons generic via filter on the_content -->","protected":false},"excerpt":{"rendered":"<p>L&#8217;astrophotographe Dario Giannobile a immortalis\u00e9 la derni\u00e8re Pleine Lune au-dessus des nuages de cendre expuls\u00e9s par l&#8217;Etna. Un g\u00e9ant sous la Lune : L&#8217;Etna est le plus haut volcan actif d&#8217;Europe avec ses 3.357 m\u00e8tres d&#8217;altitude. Le 12 mai dernier, le g\u00e9ant sicilien a sign\u00e9 son \u00e9ni\u00e8me r\u00e9veil par des \u00e9missions de cendres et une &hellip; <a href=\"https:\/\/blogs.futura-sciences.com\/feldmann\/2022\/06\/16\/en-sicile-la-pleine-lune-de-juin-au-dessus-de-letna-en-activite\/\" class=\"more-link\">Continuer la lecture de <span class=\"screen-reader-text\">En Sicile, la Pleine Lune de juin au-dessus de l&#8217;Etna en activit\u00e9<\/span>  <span class=\"meta-nav\">&rarr;<\/span><\/a><!-- AddThis Advanced Settings generic via filter on get_the_excerpt --><!-- AddThis Share Buttons generic via filter on get_the_excerpt --><\/p>\n","protected":false},"author":8,"featured_media":16115,"comment_status":"open","ping_status":"open","sticky":false,"template":"","format":"standard","meta":{"footnotes":"","_links_to":"","_links_to_target":""},"categories":[509],"tags":[3236,18,2632,19],"class_list":["post-16114","post","type-post","status-publish","format-standard","has-post-thumbnail","hentry","category-actualites","tag-dario-giannobile","tag-etna","tag-on-the-moon","tag-sicile"],"yoast_head":"<!-- This site is optimized with the Yoast SEO plugin v24.1 - https:\/\/yoast.com\/wordpress\/plugins\/seo\/ -->\n<title>En Sicile, la Pleine Lune de juin au-dessus de l&#039;Etna en activit\u00e9<\/title>\n<meta name=\"description\" content=\"L&#039;astrophotographe Dario Giannobile a immortalis\u00e9 la derni\u00e8re Pleine Lune au-dessus des nuages de cendre expuls\u00e9s par l&#039;Etna.\" \/>\n<meta name=\"robots\" content=\"index, follow, max-snippet:-1, max-image-preview:large, max-video-preview:-1\" \/>\n<link rel=\"canonical\" href=\"https:\/\/blogs.futura-sciences.com\/feldmann\/2022\/06\/16\/en-sicile-la-pleine-lune-de-juin-au-dessus-de-letna-en-activite\/\" \/>\n<meta property=\"og:locale\" content=\"fr_FR\" \/>\n<meta property=\"og:type\" content=\"article\" \/>\n<meta property=\"og:title\" content=\"En Sicile, la Pleine Lune de juin au-dessus de l&#039;Etna en activit\u00e9\" \/>\n<meta property=\"og:description\" content=\"L&#039;astrophotographe Dario Giannobile a immortalis\u00e9 la derni\u00e8re Pleine Lune au-dessus des nuages de cendre expuls\u00e9s par l&#039;Etna.\" \/>\n<meta property=\"og:url\" content=\"https:\/\/blogs.futura-sciences.com\/feldmann\/2022\/06\/16\/en-sicile-la-pleine-lune-de-juin-au-dessus-de-letna-en-activite\/\" \/>\n<meta property=\"og:site_name\" content=\"CIELMANIA : le blog de Jean-Baptiste FELDMANN, photographe du ciel\" \/>\n<meta property=\"article:published_time\" content=\"2022-06-16T16:45:10+00:00\" \/>\n<meta property=\"article:modified_time\" content=\"2022-06-25T17:03:52+00:00\" \/>\n<meta property=\"og:image\" content=\"https:\/\/blogs.futura-sciences.com\/feldmann\/wp-content\/uploads\/sites\/9\/2022\/06\/etna1.jpg\" \/>\n\t<meta property=\"og:image:width\" content=\"1500\" \/>\n\t<meta property=\"og:image:height\" content=\"900\" \/>\n\t<meta property=\"og:image:type\" content=\"image\/jpeg\" \/>\n<meta name=\"author\" content=\"Jean-Baptiste FELDMANN\" \/>\n<meta name=\"twitter:card\" content=\"summary_large_image\" \/>\n<meta name=\"twitter:label1\" content=\"\u00c9crit par\" \/>\n\t<meta name=\"twitter:data1\" content=\"Jean-Baptiste FELDMANN\" \/>\n\t<meta name=\"twitter:label2\" content=\"Dur\u00e9e de lecture estim\u00e9e\" \/>\n\t<meta name=\"twitter:data2\" content=\"2 minutes\" \/>\n<script type=\"application\/ld+json\" class=\"yoast-schema-graph\">{\"@context\":\"https:\/\/schema.org\",\"@graph\":[{\"@type\":\"WebPage\",\"@id\":\"https:\/\/blogs.futura-sciences.com\/feldmann\/2022\/06\/16\/en-sicile-la-pleine-lune-de-juin-au-dessus-de-letna-en-activite\/\",\"url\":\"https:\/\/blogs.futura-sciences.com\/feldmann\/2022\/06\/16\/en-sicile-la-pleine-lune-de-juin-au-dessus-de-letna-en-activite\/\",\"name\":\"En Sicile, la Pleine Lune de juin au-dessus de l'Etna en activit\u00e9\",\"isPartOf\":{\"@id\":\"https:\/\/blogs.futura-sciences.com\/feldmann\/#website\"},\"primaryImageOfPage\":{\"@id\":\"https:\/\/blogs.futura-sciences.com\/feldmann\/2022\/06\/16\/en-sicile-la-pleine-lune-de-juin-au-dessus-de-letna-en-activite\/#primaryimage\"},\"image\":{\"@id\":\"https:\/\/blogs.futura-sciences.com\/feldmann\/2022\/06\/16\/en-sicile-la-pleine-lune-de-juin-au-dessus-de-letna-en-activite\/#primaryimage\"},\"thumbnailUrl\":\"https:\/\/blogs.futura-sciences.com\/feldmann\/wp-content\/uploads\/sites\/9\/2022\/06\/etna1.jpg\",\"datePublished\":\"2022-06-16T16:45:10+00:00\",\"dateModified\":\"2022-06-25T17:03:52+00:00\",\"author\":{\"@id\":\"https:\/\/blogs.futura-sciences.com\/feldmann\/#\/schema\/person\/62b391b709c307783237b759b62731ea\"},\"description\":\"L'astrophotographe Dario Giannobile a immortalis\u00e9 la derni\u00e8re Pleine Lune au-dessus des nuages de cendre expuls\u00e9s par l'Etna.\",\"inLanguage\":\"fr-FR\",\"potentialAction\":[{\"@type\":\"ReadAction\",\"target\":[\"https:\/\/blogs.futura-sciences.com\/feldmann\/2022\/06\/16\/en-sicile-la-pleine-lune-de-juin-au-dessus-de-letna-en-activite\/\"]}]},{\"@type\":\"ImageObject\",\"inLanguage\":\"fr-FR\",\"@id\":\"https:\/\/blogs.futura-sciences.com\/feldmann\/2022\/06\/16\/en-sicile-la-pleine-lune-de-juin-au-dessus-de-letna-en-activite\/#primaryimage\",\"url\":\"https:\/\/blogs.futura-sciences.com\/feldmann\/wp-content\/uploads\/sites\/9\/2022\/06\/etna1.jpg\",\"contentUrl\":\"https:\/\/blogs.futura-sciences.com\/feldmann\/wp-content\/uploads\/sites\/9\/2022\/06\/etna1.jpg\",\"width\":1500,\"height\":900},{\"@type\":\"WebSite\",\"@id\":\"https:\/\/blogs.futura-sciences.com\/feldmann\/#website\",\"url\":\"https:\/\/blogs.futura-sciences.com\/feldmann\/\",\"name\":\"CIELMANIA : le blog de Jean-Baptiste FELDMANN, photographe du ciel\",\"description\":\"&quot;J&#039;ai en moi un besoin terrible. Dirais-je le mot? La religion. Alors, je sors la nuit et je peins des \u00e9toiles.&quot;  Vincent van Gogh\",\"potentialAction\":[{\"@type\":\"SearchAction\",\"target\":{\"@type\":\"EntryPoint\",\"urlTemplate\":\"https:\/\/blogs.futura-sciences.com\/feldmann\/?s={search_term_string}\"},\"query-input\":{\"@type\":\"PropertyValueSpecification\",\"valueRequired\":true,\"valueName\":\"search_term_string\"}}],\"inLanguage\":\"fr-FR\"},{\"@type\":\"Person\",\"@id\":\"https:\/\/blogs.futura-sciences.com\/feldmann\/#\/schema\/person\/62b391b709c307783237b759b62731ea\",\"name\":\"Jean-Baptiste FELDMANN\",\"image\":{\"@type\":\"ImageObject\",\"inLanguage\":\"fr-FR\",\"@id\":\"https:\/\/blogs.futura-sciences.com\/feldmann\/#\/schema\/person\/image\/\",\"url\":\"https:\/\/secure.gravatar.com\/avatar\/41f96607fde7a81a14570eec74177c42?s=96&d=mm&r=g\",\"contentUrl\":\"https:\/\/secure.gravatar.com\/avatar\/41f96607fde7a81a14570eec74177c42?s=96&d=mm&r=g\",\"caption\":\"Jean-Baptiste FELDMANN\"},\"url\":\"https:\/\/blogs.futura-sciences.com\/feldmann\/author\/jbfe\/\"}]}<\/script>\n<!-- \/ Yoast SEO plugin. -->","yoast_head_json":{"title":"En Sicile, la Pleine Lune de juin au-dessus de l'Etna en activit\u00e9","description":"L'astrophotographe Dario Giannobile a immortalis\u00e9 la derni\u00e8re Pleine Lune au-dessus des nuages de cendre expuls\u00e9s par l'Etna.","robots":{"index":"index","follow":"follow","max-snippet":"max-snippet:-1","max-image-preview":"max-image-preview:large","max-video-preview":"max-video-preview:-1"},"canonical":"https:\/\/blogs.futura-sciences.com\/feldmann\/2022\/06\/16\/en-sicile-la-pleine-lune-de-juin-au-dessus-de-letna-en-activite\/","og_locale":"fr_FR","og_type":"article","og_title":"En Sicile, la Pleine Lune de juin au-dessus de l'Etna en activit\u00e9","og_description":"L'astrophotographe Dario Giannobile a immortalis\u00e9 la derni\u00e8re Pleine Lune au-dessus des nuages de cendre expuls\u00e9s par l'Etna.","og_url":"https:\/\/blogs.futura-sciences.com\/feldmann\/2022\/06\/16\/en-sicile-la-pleine-lune-de-juin-au-dessus-de-letna-en-activite\/","og_site_name":"CIELMANIA : le blog de Jean-Baptiste FELDMANN, photographe du ciel","article_published_time":"2022-06-16T16:45:10+00:00","article_modified_time":"2022-06-25T17:03:52+00:00","og_image":[{"width":1500,"height":900,"url":"https:\/\/blogs.futura-sciences.com\/feldmann\/wp-content\/uploads\/sites\/9\/2022\/06\/etna1.jpg","type":"image\/jpeg"}],"author":"Jean-Baptiste FELDMANN","twitter_card":"summary_large_image","twitter_misc":{"\u00c9crit par":"Jean-Baptiste FELDMANN","Dur\u00e9e de lecture estim\u00e9e":"2 minutes"},"schema":{"@context":"https:\/\/schema.org","@graph":[{"@type":"WebPage","@id":"https:\/\/blogs.futura-sciences.com\/feldmann\/2022\/06\/16\/en-sicile-la-pleine-lune-de-juin-au-dessus-de-letna-en-activite\/","url":"https:\/\/blogs.futura-sciences.com\/feldmann\/2022\/06\/16\/en-sicile-la-pleine-lune-de-juin-au-dessus-de-letna-en-activite\/","name":"En Sicile, la Pleine Lune de juin au-dessus de l'Etna en activit\u00e9","isPartOf":{"@id":"https:\/\/blogs.futura-sciences.com\/feldmann\/#website"},"primaryImageOfPage":{"@id":"https:\/\/blogs.futura-sciences.com\/feldmann\/2022\/06\/16\/en-sicile-la-pleine-lune-de-juin-au-dessus-de-letna-en-activite\/#primaryimage"},"image":{"@id":"https:\/\/blogs.futura-sciences.com\/feldmann\/2022\/06\/16\/en-sicile-la-pleine-lune-de-juin-au-dessus-de-letna-en-activite\/#primaryimage"},"thumbnailUrl":"https:\/\/blogs.futura-sciences.com\/feldmann\/wp-content\/uploads\/sites\/9\/2022\/06\/etna1.jpg","datePublished":"2022-06-16T16:45:10+00:00","dateModified":"2022-06-25T17:03:52+00:00","author":{"@id":"https:\/\/blogs.futura-sciences.com\/feldmann\/#\/schema\/person\/62b391b709c307783237b759b62731ea"},"description":"L'astrophotographe Dario Giannobile a immortalis\u00e9 la derni\u00e8re Pleine Lune au-dessus des nuages de cendre expuls\u00e9s par l'Etna.","inLanguage":"fr-FR","potentialAction":[{"@type":"ReadAction","target":["https:\/\/blogs.futura-sciences.com\/feldmann\/2022\/06\/16\/en-sicile-la-pleine-lune-de-juin-au-dessus-de-letna-en-activite\/"]}]},{"@type":"ImageObject","inLanguage":"fr-FR","@id":"https:\/\/blogs.futura-sciences.com\/feldmann\/2022\/06\/16\/en-sicile-la-pleine-lune-de-juin-au-dessus-de-letna-en-activite\/#primaryimage","url":"https:\/\/blogs.futura-sciences.com\/feldmann\/wp-content\/uploads\/sites\/9\/2022\/06\/etna1.jpg","contentUrl":"https:\/\/blogs.futura-sciences.com\/feldmann\/wp-content\/uploads\/sites\/9\/2022\/06\/etna1.jpg","width":1500,"height":900},{"@type":"WebSite","@id":"https:\/\/blogs.futura-sciences.com\/feldmann\/#website","url":"https:\/\/blogs.futura-sciences.com\/feldmann\/","name":"CIELMANIA : le blog de Jean-Baptiste FELDMANN, photographe du ciel","description":"&quot;J&#039;ai en moi un besoin terrible. Dirais-je le mot? La religion. Alors, je sors la nuit et je peins des \u00e9toiles.&quot;  Vincent van Gogh","potentialAction":[{"@type":"SearchAction","target":{"@type":"EntryPoint","urlTemplate":"https:\/\/blogs.futura-sciences.com\/feldmann\/?s={search_term_string}"},"query-input":{"@type":"PropertyValueSpecification","valueRequired":true,"valueName":"search_term_string"}}],"inLanguage":"fr-FR"},{"@type":"Person","@id":"https:\/\/blogs.futura-sciences.com\/feldmann\/#\/schema\/person\/62b391b709c307783237b759b62731ea","name":"Jean-Baptiste FELDMANN","image":{"@type":"ImageObject","inLanguage":"fr-FR","@id":"https:\/\/blogs.futura-sciences.com\/feldmann\/#\/schema\/person\/image\/","url":"https:\/\/secure.gravatar.com\/avatar\/41f96607fde7a81a14570eec74177c42?s=96&d=mm&r=g","contentUrl":"https:\/\/secure.gravatar.com\/avatar\/41f96607fde7a81a14570eec74177c42?s=96&d=mm&r=g","caption":"Jean-Baptiste FELDMANN"},"url":"https:\/\/blogs.futura-sciences.com\/feldmann\/author\/jbfe\/"}]}},"_links":{"self":[{"href":"https:\/\/blogs.futura-sciences.com\/feldmann\/wp-json\/wp\/v2\/posts\/16114","targetHints":{"allow":["GET"]}}],"collection":[{"href":"https:\/\/blogs.futura-sciences.com\/feldmann\/wp-json\/wp\/v2\/posts"}],"about":[{"href":"https:\/\/blogs.futura-sciences.com\/feldmann\/wp-json\/wp\/v2\/types\/post"}],"author":[{"embeddable":true,"href":"https:\/\/blogs.futura-sciences.com\/feldmann\/wp-json\/wp\/v2\/users\/8"}],"replies":[{"embeddable":true,"href":"https:\/\/blogs.futura-sciences.com\/feldmann\/wp-json\/wp\/v2\/comments?post=16114"}],"version-history":[{"count":6,"href":"https:\/\/blogs.futura-sciences.com\/feldmann\/wp-json\/wp\/v2\/posts\/16114\/revisions"}],"predecessor-version":[{"id":16122,"href":"https:\/\/blogs.futura-sciences.com\/feldmann\/wp-json\/wp\/v2\/posts\/16114\/revisions\/16122"}],"wp:featuredmedia":[{"embeddable":true,"href":"https:\/\/blogs.futura-sciences.com\/feldmann\/wp-json\/wp\/v2\/media\/16115"}],"wp:attachment":[{"href":"https:\/\/blogs.futura-sciences.com\/feldmann\/wp-json\/wp\/v2\/media?parent=16114"}],"wp:term":[{"taxonomy":"category","embeddable":true,"href":"https:\/\/blogs.futura-sciences.com\/feldmann\/wp-json\/wp\/v2\/categories?post=16114"},{"taxonomy":"post_tag","embeddable":true,"href":"https:\/\/blogs.futura-sciences.com\/feldmann\/wp-json\/wp\/v2\/tags?post=16114"}],"curies":[{"name":"wp","href":"https:\/\/api.w.org\/{rel}","templated":true}]}}