{"id":15437,"date":"2022-01-31T17:26:32","date_gmt":"2022-01-31T17:26:32","guid":{"rendered":"https:\/\/blogs.futura-sciences.com\/feldmann\/?p=15437"},"modified":"2022-02-28T17:20:00","modified_gmt":"2022-02-28T17:20:00","slug":"que-voir-dans-le-ciel-nocturne-au-mois-de-fevrier-2022","status":"publish","type":"post","link":"https:\/\/blogs.futura-sciences.com\/feldmann\/2022\/01\/31\/que-voir-dans-le-ciel-nocturne-au-mois-de-fevrier-2022\/","title":{"rendered":"Que voir dans le ciel nocturne au mois de f\u00e9vrier 2022"},"content":{"rendered":"<p><strong>L&#8217;Hexagone d&#8217;hiver en soir\u00e9e et trois plan\u00e8tes de retour dans le ciel du matin sont au menu des \u00e9ph\u00e9m\u00e9rides de ce mois de f\u00e9vrier 2022.<\/strong><\/p>\n<h5>Ciel d\u2019hiver :<\/h5>\n<p>Pour ce mois de f\u00e9vrier, je vous propose de d\u00e9couvrir l\u2019Hexagone d\u2019hiver en d\u00e9but de nuit. Nul besoin d\u2019instrument, vos deux yeux suffisent pour ce voyage cosmique, si possible sans trop de <a href=\"https:\/\/www.futura-sciences.com\/sciences\/questions-reponses\/espace-quest-ce-pollution-lumineuse-12\/\" target=\"_blank\" rel=\"noopener\">pollution lumineuse<\/a>. Vous avez plusieurs soir\u00e9es pour en profiter avant que la Lune ne devienne g\u00eanante. Observez-le avant le 8 f\u00e9vrier, date du <a href=\"https:\/\/blogs.futura-sciences.com\/feldmann\/2018\/03\/25\/voit-on-lors-dun-premier-quartier-de-lune\/\" target=\"_blank\" rel=\"noopener\">Premier Quartier<\/a>, puis apr\u00e8s la <a href=\"https:\/\/blogs.futura-sciences.com\/feldmann\/2022\/01\/25\/la-pleine-lune-de-janvier-se-leve-dans-le-massif-du-queyras\/\" target=\"_blank\" rel=\"noopener\">Pleine Lune<\/a> du 16.<\/p>\n<figure id=\"attachment_15439\" aria-describedby=\"caption-attachment-15439\" style=\"width: 450px\" class=\"wp-caption alignnone\"><a href=\"https:\/\/blogs.futura-sciences.com\/feldmann\/wp-content\/uploads\/sites\/9\/2022\/01\/hexagone.jpg\" rel=\"lightbox[15437]\"><img loading=\"lazy\" decoding=\"async\" class=\"size-medium wp-image-15439\" src=\"https:\/\/blogs.futura-sciences.com\/feldmann\/wp-content\/uploads\/sites\/9\/2022\/01\/hexagone-450x298.jpg\" alt=\"\" width=\"450\" height=\"298\" srcset=\"https:\/\/blogs.futura-sciences.com\/feldmann\/wp-content\/uploads\/sites\/9\/2022\/01\/hexagone-450x298.jpg 450w, https:\/\/blogs.futura-sciences.com\/feldmann\/wp-content\/uploads\/sites\/9\/2022\/01\/hexagone-1024x679.jpg 1024w, https:\/\/blogs.futura-sciences.com\/feldmann\/wp-content\/uploads\/sites\/9\/2022\/01\/hexagone-768x509.jpg 768w, https:\/\/blogs.futura-sciences.com\/feldmann\/wp-content\/uploads\/sites\/9\/2022\/01\/hexagone.jpg 1188w\" sizes=\"auto, (max-width: 450px) 100vw, 450px\" \/><\/a><figcaption id=\"caption-attachment-15439\" class=\"wp-caption-text\">Position de la Lune par rapport \u00e0 l&#8217;Hexagone d&#8217;hiver dans la soir\u00e9e du 6 f\u00e9vrier. \u00a9 <a href=\"https:\/\/www.stelvision.com\/\" target=\"_blank\" rel=\"noopener\">Stelvision<\/a><\/figcaption><\/figure>\n<p>Cet ast\u00e9risme se compose de sept \u00e9toiles en commen\u00e7ant par Capella et en tournant dans le sens horaire :<\/p>\n<ul>\n<li><strong>Capella<\/strong>\u00a0: la plus brillante \u00e9toile de la constellation du Cocher (<a href=\"https:\/\/blogs.futura-sciences.com\/feldmann\/2017\/05\/06\/quest-lechelle-magnitudes-astronomie\/\" target=\"_blank\" rel=\"noopener\">magnitude<\/a> 0,7) est distante de 42 ann\u00e9es-lumi\u00e8re.<\/li>\n<li><strong>Ald\u00e9baran<\/strong>\u00a0: situ\u00e9e \u00e0 66 ann\u00e9es-lumi\u00e8re, la plus brillante \u00e9toile de la\u00a0<a href=\"https:\/\/blogs.futura-sciences.com\/feldmann\/2015\/04\/25\/simeis-147-un-remanent-de-supernova-dans-le-taureau\/\" target=\"_blank\" rel=\"noopener\">constellation du Taureau<\/a> a une magnitude de 0,9.<\/li>\n<li><strong>Rigel<\/strong>\u00a0: c\u2019est l\u2019astre le plus brillant de la superbe constellation d\u2019Orion. La n\u00e9buleuse\u00a0<a href=\"https:\/\/blogs.futura-sciences.com\/feldmann\/2019\/11\/01\/la-nebuleuse-dorion-se-leve-au-dessus-de-lhimalaya\/\" target=\"_blank\" rel=\"noopener\">Messier 42<\/a>\u00a0se trouve \u00e0 sa gauche.<\/li>\n<li><strong>Sirius<\/strong> : principale \u00e9toile de la constellation du Grand Chien, la plus brillante du ciel (magnitude -1,5).<\/li>\n<li><strong>Procyon<\/strong> : la plus brillante \u00e9toile de la constellation du Petit Chien (magnitude 0,4) est situ\u00e9e \u00e0 11,4 ann\u00e9es-lumi\u00e8re.<\/li>\n<li><strong>Castor et Pollux<\/strong> : ces deux \u00e9toiles ont donn\u00e9 leur nom \u00e0 la constellation des G\u00e9meaux mais ce sont de fausses jumelles. Castor est distante de 50 ann\u00e9es-lumi\u00e8re (magnitude 1,3) et Pollux de 38 ann\u00e9es-lumi\u00e8re (magnitude 1,1).<\/li>\n<\/ul>\n<figure id=\"attachment_13461\" aria-describedby=\"caption-attachment-13461\" style=\"width: 450px\" class=\"wp-caption alignnone\"><a href=\"https:\/\/blogs.futura-sciences.com\/feldmann\/wp-content\/uploads\/sites\/9\/2021\/02\/hexagonedhiver2.jpg\" rel=\"lightbox[15437]\"><img loading=\"lazy\" decoding=\"async\" class=\"size-medium wp-image-13461\" src=\"https:\/\/blogs.futura-sciences.com\/feldmann\/wp-content\/uploads\/sites\/9\/2021\/02\/hexagonedhiver2-450x270.jpg\" alt=\"\" width=\"450\" height=\"270\" srcset=\"https:\/\/blogs.futura-sciences.com\/feldmann\/wp-content\/uploads\/sites\/9\/2021\/02\/hexagonedhiver2-450x270.jpg 450w, https:\/\/blogs.futura-sciences.com\/feldmann\/wp-content\/uploads\/sites\/9\/2021\/02\/hexagonedhiver2-1024x614.jpg 1024w, https:\/\/blogs.futura-sciences.com\/feldmann\/wp-content\/uploads\/sites\/9\/2021\/02\/hexagonedhiver2-768x461.jpg 768w, https:\/\/blogs.futura-sciences.com\/feldmann\/wp-content\/uploads\/sites\/9\/2021\/02\/hexagonedhiver2.jpg 1500w\" sizes=\"auto, (max-width: 450px) 100vw, 450px\" \/><\/a><figcaption id=\"caption-attachment-13461\" class=\"wp-caption-text\">En f\u00e9vrier, l&#8217;Hexagone d&#8217;hiver est parfaitement visible en d\u00e9but de nuit. \u00a9 Jimmy Westlake<\/figcaption><\/figure>\n<h5>L&#8217;actualit\u00e9 du ciel en f\u00e9vrier :<\/h5>\n<ul>\n<li>Le 1, c&#8217;est le Nouvel An chinois qui ouvre l&#8217;ann\u00e9e du Tigre. C&#8217;est \u00e9galement la Nouvelle Lune.<\/li>\n<li>Le 2 et 3 au cr\u00e9puscule, un tr\u00e8s fin croissant lunaire glisse sous <a href=\"https:\/\/blogs.futura-sciences.com\/feldmann\/2021\/09\/15\/en-video-un-petit-corps-celeste-entre-en-collision-avec-jupiter\/\" target=\"_blank\" rel=\"noopener\">Jupiter<\/a> au-dessus de l&#8217;horizon Sud-Sud Ouest.<\/li>\n<li>Le 7, <a href=\"https:\/\/blogs.futura-sciences.com\/feldmann\/2021\/11\/11\/au-japon-les-astronomes-ont-vu-la-lune-passer-devant-venus\/\" target=\"_blank\" rel=\"noopener\">V\u00e9nus<\/a> atteint son \u00e9clat maximum (magnitude -4,7). La seconde plan\u00e8te du Syst\u00e8me solaire est visible au Sud Est \u00e0 l&#8217;aube.<\/li>\n<li>Le 8, c&#8217;est le Premier Quartier de Lune.<\/li>\n<li>Le 9, la Lune est \u00e0 4\u00b0 de l&#8217;<a href=\"https:\/\/blogs.futura-sciences.com\/feldmann\/2019\/01\/08\/lamas-des-pleiades-au-dessus-de-letang\/\" target=\"_blank\" rel=\"noopener\">amas des Pl\u00e9iades<\/a>.<\/li>\n<li>Le 10 en soir\u00e9e, admirez le magnifique cirque lunaire <a href=\"https:\/\/blogs.futura-sciences.com\/feldmann\/2018\/12\/15\/paysages-lunaires-a-explorer-11-copernic-le-magnifique\/\" target=\"_blank\" rel=\"noopener\">Copernic<\/a> qui re\u00e7oit ses premiers rayons de Soleil.<\/li>\n<\/ul>\n<figure id=\"attachment_9906\" aria-describedby=\"caption-attachment-9906\" style=\"width: 450px\" class=\"wp-caption alignnone\"><a href=\"https:\/\/blogs.futura-sciences.com\/feldmann\/wp-content\/uploads\/sites\/9\/2018\/11\/copernic.jpg\" rel=\"lightbox[15437]\"><img loading=\"lazy\" decoding=\"async\" class=\"size-medium wp-image-9906\" src=\"https:\/\/blogs.futura-sciences.com\/feldmann\/wp-content\/uploads\/sites\/9\/2018\/11\/copernic-450x279.jpg\" alt=\"\" width=\"450\" height=\"279\" srcset=\"https:\/\/blogs.futura-sciences.com\/feldmann\/wp-content\/uploads\/sites\/9\/2018\/11\/copernic-450x279.jpg 450w, https:\/\/blogs.futura-sciences.com\/feldmann\/wp-content\/uploads\/sites\/9\/2018\/11\/copernic-768x476.jpg 768w, https:\/\/blogs.futura-sciences.com\/feldmann\/wp-content\/uploads\/sites\/9\/2018\/11\/copernic-1024x635.jpg 1024w, https:\/\/blogs.futura-sciences.com\/feldmann\/wp-content\/uploads\/sites\/9\/2018\/11\/copernic.jpg 1450w\" sizes=\"auto, (max-width: 450px) 100vw, 450px\" \/><\/a><figcaption id=\"caption-attachment-9906\" class=\"wp-caption-text\">Copernic est l\u2019un des plus beaux crat\u00e8res lunaires. \u00a9 Philippe Mouniguet<\/figcaption><\/figure>\n<ul>\n<li>Le 16 \u00e0 l&#8217;aube, V\u00e9nus, <a href=\"https:\/\/blogs.futura-sciences.com\/feldmann\/2021\/02\/19\/de-lowell-a-perseverance-la-planete-mars-nous-a-toujours-fait-rever\/\" target=\"_blank\" rel=\"noopener\">Mars<\/a> et <a href=\"https:\/\/blogs.futura-sciences.com\/feldmann\/2020\/05\/22\/une-danseuse-aux-cotes-des-planetes-venus-et-mercure\/\" target=\"_blank\" rel=\"noopener\">Mercure<\/a> sont proches en direction de l&#8217;horizon Sud Est. Si la premi\u00e8re est tr\u00e8s brillante, les deux autres plan\u00e8tes sont un peu plus d\u00e9licates \u00e0 distinguer dans le jour naissant. C&#8217;est la Pleine Lune.<\/li>\n<li>Le 23, c&#8217;est le Dernier Quartier.<\/li>\n<li>Le 27 et 28 \u00e0 l&#8217;aube, le fin croissant de vieille Lune rend visite au trio plan\u00e9taire \u00e9voqu\u00e9 le 16. <a href=\"https:\/\/blogs.futura-sciences.com\/feldmann\/2021\/08\/27\/voici-daphnis-la-petite-lune-qui-fait-des-vagues-autour-de-saturne\/\" target=\"_blank\" rel=\"noopener\">Saturne<\/a> s&#8217;invite en-dessous de Mercure pour l&#8217;occasion. Un horizon Est-Sud Est parfaitement d\u00e9gag\u00e9 est indispensable.<\/li>\n<\/ul>\n<p><iframe loading=\"lazy\" title=\"Guide du ciel de F\u00e9vrier 2022 - \u00c9pisode 22\" width=\"474\" height=\"267\" src=\"https:\/\/www.youtube.com\/embed\/3x1blma7YdA?feature=oembed\" frameborder=\"0\" allow=\"accelerometer; autoplay; clipboard-write; encrypted-media; gyroscope; picture-in-picture; web-share\" referrerpolicy=\"strict-origin-when-cross-origin\" allowfullscreen><\/iframe><\/p>\n<h5>Vous pourriez aimer :<\/h5>\n<ul>\n<li><a href=\"https:\/\/blogs.futura-sciences.com\/feldmann\/2022\/01\/20\/le-ciel-aux-jumelles-decouvrez-les-beautes-de-la-ceinture-dorion\/\" target=\"_blank\" rel=\"noopener\">Le ciel aux jumelles : d\u00e9couvrez la belle Ceinture d&#8217;Orion<\/a><\/li>\n<li><a href=\"https:\/\/blogs.futura-sciences.com\/feldmann\/2022\/01\/06\/insolite-le-telescope-spatial-hubble-photographie-la-lune\/\" target=\"_blank\" rel=\"noopener\">Insolite : le t\u00e9lescope spatial Hubble photographie la Lune<\/a><\/li>\n<li><a href=\"https:\/\/blogs.futura-sciences.com\/feldmann\/2021\/12\/27\/fin-dannee-2021-ne-manquez-pas-le-beau-croissant-de-venus\/\" target=\"_blank\" rel=\"noopener\">Ne manquez pas le beau croissant de V\u00e9nus<\/a><\/li>\n<\/ul>\n<p>Suivez l\u2019actualit\u00e9 astronomique et d\u00e9couvrez mes images du ciel en vous abonnant \u00e0 Cielmania sur\u00a0<a href=\"https:\/\/www.facebook.com\/cielmania\/\" target=\"_blank\" rel=\"noopener noreferrer\">Facebook<\/a>\u00a0ou\u00a0<a href=\"https:\/\/twitter.com\/cielmania\" target=\"_blank\" rel=\"noopener noreferrer\">Twitter<\/a>.<\/p>\n<!-- AddThis Advanced Settings generic via filter on the_content --><!-- AddThis Share Buttons generic via filter on the_content -->","protected":false},"excerpt":{"rendered":"<p>L&#8217;Hexagone d&#8217;hiver en soir\u00e9e et trois plan\u00e8tes de retour dans le ciel du matin sont au menu des \u00e9ph\u00e9m\u00e9rides de ce mois de f\u00e9vrier 2022. Ciel d\u2019hiver : Pour ce mois de f\u00e9vrier, je vous propose de d\u00e9couvrir l\u2019Hexagone d\u2019hiver en d\u00e9but de nuit. Nul besoin d\u2019instrument, vos deux yeux suffisent pour ce voyage cosmique, &hellip; <a href=\"https:\/\/blogs.futura-sciences.com\/feldmann\/2022\/01\/31\/que-voir-dans-le-ciel-nocturne-au-mois-de-fevrier-2022\/\" class=\"more-link\">Continuer la lecture de <span class=\"screen-reader-text\">Que voir dans le ciel nocturne au mois de f\u00e9vrier 2022<\/span>  <span class=\"meta-nav\">&rarr;<\/span><\/a><!-- AddThis Advanced Settings generic via filter on get_the_excerpt --><!-- AddThis Share Buttons generic via filter on get_the_excerpt --><\/p>\n","protected":false},"author":8,"featured_media":15446,"comment_status":"open","ping_status":"open","sticky":false,"template":"","format":"standard","meta":{"footnotes":"","_links_to":"","_links_to_target":""},"categories":[509],"tags":[149],"class_list":["post-15437","post","type-post","status-publish","format-standard","has-post-thumbnail","hentry","category-actualites","tag-ephemerides"],"yoast_head":"<!-- This site is optimized with the Yoast SEO plugin v24.1 - https:\/\/yoast.com\/wordpress\/plugins\/seo\/ -->\n<title>Que voir dans le ciel nocturne au mois de f\u00e9vrier 2022<\/title>\n<meta name=\"description\" content=\"L&#039;Hexagone d&#039;hiver en soir\u00e9e et trois plan\u00e8tes de retour dans le ciel du matin sont au menu des \u00e9ph\u00e9m\u00e9rides de ce mois de f\u00e9vrier 2022.\" \/>\n<meta name=\"robots\" content=\"index, follow, max-snippet:-1, max-image-preview:large, max-video-preview:-1\" \/>\n<link rel=\"canonical\" href=\"https:\/\/blogs.futura-sciences.com\/feldmann\/2022\/01\/31\/que-voir-dans-le-ciel-nocturne-au-mois-de-fevrier-2022\/\" \/>\n<meta property=\"og:locale\" content=\"fr_FR\" \/>\n<meta property=\"og:type\" content=\"article\" \/>\n<meta property=\"og:title\" content=\"Que voir dans le ciel nocturne au mois de f\u00e9vrier 2022\" \/>\n<meta property=\"og:description\" content=\"L&#039;Hexagone d&#039;hiver en soir\u00e9e et trois plan\u00e8tes de retour dans le ciel du matin sont au menu des \u00e9ph\u00e9m\u00e9rides de ce mois de f\u00e9vrier 2022.\" \/>\n<meta property=\"og:url\" content=\"https:\/\/blogs.futura-sciences.com\/feldmann\/2022\/01\/31\/que-voir-dans-le-ciel-nocturne-au-mois-de-fevrier-2022\/\" \/>\n<meta property=\"og:site_name\" content=\"CIELMANIA : le blog de Jean-Baptiste FELDMANN, photographe du ciel\" \/>\n<meta property=\"article:published_time\" content=\"2022-01-31T17:26:32+00:00\" \/>\n<meta property=\"article:modified_time\" content=\"2022-02-28T17:20:00+00:00\" \/>\n<meta property=\"og:image\" content=\"https:\/\/blogs.futura-sciences.com\/feldmann\/wp-content\/uploads\/sites\/9\/2022\/01\/ephemerides2.jpg\" \/>\n\t<meta property=\"og:image:width\" content=\"1502\" \/>\n\t<meta property=\"og:image:height\" content=\"901\" \/>\n\t<meta property=\"og:image:type\" content=\"image\/jpeg\" \/>\n<meta name=\"author\" content=\"Jean-Baptiste FELDMANN\" \/>\n<meta name=\"twitter:card\" content=\"summary_large_image\" \/>\n<meta name=\"twitter:label1\" content=\"\u00c9crit par\" \/>\n\t<meta name=\"twitter:data1\" content=\"Jean-Baptiste FELDMANN\" \/>\n\t<meta name=\"twitter:label2\" content=\"Dur\u00e9e de lecture estim\u00e9e\" \/>\n\t<meta name=\"twitter:data2\" content=\"3 minutes\" \/>\n<script type=\"application\/ld+json\" class=\"yoast-schema-graph\">{\"@context\":\"https:\/\/schema.org\",\"@graph\":[{\"@type\":\"WebPage\",\"@id\":\"https:\/\/blogs.futura-sciences.com\/feldmann\/2022\/01\/31\/que-voir-dans-le-ciel-nocturne-au-mois-de-fevrier-2022\/\",\"url\":\"https:\/\/blogs.futura-sciences.com\/feldmann\/2022\/01\/31\/que-voir-dans-le-ciel-nocturne-au-mois-de-fevrier-2022\/\",\"name\":\"Que voir dans le ciel nocturne au mois de f\u00e9vrier 2022\",\"isPartOf\":{\"@id\":\"https:\/\/blogs.futura-sciences.com\/feldmann\/#website\"},\"primaryImageOfPage\":{\"@id\":\"https:\/\/blogs.futura-sciences.com\/feldmann\/2022\/01\/31\/que-voir-dans-le-ciel-nocturne-au-mois-de-fevrier-2022\/#primaryimage\"},\"image\":{\"@id\":\"https:\/\/blogs.futura-sciences.com\/feldmann\/2022\/01\/31\/que-voir-dans-le-ciel-nocturne-au-mois-de-fevrier-2022\/#primaryimage\"},\"thumbnailUrl\":\"https:\/\/blogs.futura-sciences.com\/feldmann\/wp-content\/uploads\/sites\/9\/2022\/01\/ephemerides2.jpg\",\"datePublished\":\"2022-01-31T17:26:32+00:00\",\"dateModified\":\"2022-02-28T17:20:00+00:00\",\"author\":{\"@id\":\"https:\/\/blogs.futura-sciences.com\/feldmann\/#\/schema\/person\/62b391b709c307783237b759b62731ea\"},\"description\":\"L'Hexagone d'hiver en soir\u00e9e et trois plan\u00e8tes de retour dans le ciel du matin sont au menu des \u00e9ph\u00e9m\u00e9rides de ce mois de f\u00e9vrier 2022.\",\"inLanguage\":\"fr-FR\",\"potentialAction\":[{\"@type\":\"ReadAction\",\"target\":[\"https:\/\/blogs.futura-sciences.com\/feldmann\/2022\/01\/31\/que-voir-dans-le-ciel-nocturne-au-mois-de-fevrier-2022\/\"]}]},{\"@type\":\"ImageObject\",\"inLanguage\":\"fr-FR\",\"@id\":\"https:\/\/blogs.futura-sciences.com\/feldmann\/2022\/01\/31\/que-voir-dans-le-ciel-nocturne-au-mois-de-fevrier-2022\/#primaryimage\",\"url\":\"https:\/\/blogs.futura-sciences.com\/feldmann\/wp-content\/uploads\/sites\/9\/2022\/01\/ephemerides2.jpg\",\"contentUrl\":\"https:\/\/blogs.futura-sciences.com\/feldmann\/wp-content\/uploads\/sites\/9\/2022\/01\/ephemerides2.jpg\",\"width\":1502,\"height\":901},{\"@type\":\"WebSite\",\"@id\":\"https:\/\/blogs.futura-sciences.com\/feldmann\/#website\",\"url\":\"https:\/\/blogs.futura-sciences.com\/feldmann\/\",\"name\":\"CIELMANIA : le blog de Jean-Baptiste FELDMANN, photographe du ciel\",\"description\":\"&quot;J&#039;ai en moi un besoin terrible. Dirais-je le mot? La religion. Alors, je sors la nuit et je peins des \u00e9toiles.&quot;  Vincent van Gogh\",\"potentialAction\":[{\"@type\":\"SearchAction\",\"target\":{\"@type\":\"EntryPoint\",\"urlTemplate\":\"https:\/\/blogs.futura-sciences.com\/feldmann\/?s={search_term_string}\"},\"query-input\":{\"@type\":\"PropertyValueSpecification\",\"valueRequired\":true,\"valueName\":\"search_term_string\"}}],\"inLanguage\":\"fr-FR\"},{\"@type\":\"Person\",\"@id\":\"https:\/\/blogs.futura-sciences.com\/feldmann\/#\/schema\/person\/62b391b709c307783237b759b62731ea\",\"name\":\"Jean-Baptiste FELDMANN\",\"image\":{\"@type\":\"ImageObject\",\"inLanguage\":\"fr-FR\",\"@id\":\"https:\/\/blogs.futura-sciences.com\/feldmann\/#\/schema\/person\/image\/\",\"url\":\"https:\/\/secure.gravatar.com\/avatar\/41f96607fde7a81a14570eec74177c42?s=96&d=mm&r=g\",\"contentUrl\":\"https:\/\/secure.gravatar.com\/avatar\/41f96607fde7a81a14570eec74177c42?s=96&d=mm&r=g\",\"caption\":\"Jean-Baptiste FELDMANN\"},\"url\":\"https:\/\/blogs.futura-sciences.com\/feldmann\/author\/jbfe\/\"}]}<\/script>\n<!-- \/ Yoast SEO plugin. -->","yoast_head_json":{"title":"Que voir dans le ciel nocturne au mois de f\u00e9vrier 2022","description":"L'Hexagone d'hiver en soir\u00e9e et trois plan\u00e8tes de retour dans le ciel du matin sont au menu des \u00e9ph\u00e9m\u00e9rides de ce mois de f\u00e9vrier 2022.","robots":{"index":"index","follow":"follow","max-snippet":"max-snippet:-1","max-image-preview":"max-image-preview:large","max-video-preview":"max-video-preview:-1"},"canonical":"https:\/\/blogs.futura-sciences.com\/feldmann\/2022\/01\/31\/que-voir-dans-le-ciel-nocturne-au-mois-de-fevrier-2022\/","og_locale":"fr_FR","og_type":"article","og_title":"Que voir dans le ciel nocturne au mois de f\u00e9vrier 2022","og_description":"L'Hexagone d'hiver en soir\u00e9e et trois plan\u00e8tes de retour dans le ciel du matin sont au menu des \u00e9ph\u00e9m\u00e9rides de ce mois de f\u00e9vrier 2022.","og_url":"https:\/\/blogs.futura-sciences.com\/feldmann\/2022\/01\/31\/que-voir-dans-le-ciel-nocturne-au-mois-de-fevrier-2022\/","og_site_name":"CIELMANIA : le blog de Jean-Baptiste FELDMANN, photographe du ciel","article_published_time":"2022-01-31T17:26:32+00:00","article_modified_time":"2022-02-28T17:20:00+00:00","og_image":[{"width":1502,"height":901,"url":"https:\/\/blogs.futura-sciences.com\/feldmann\/wp-content\/uploads\/sites\/9\/2022\/01\/ephemerides2.jpg","type":"image\/jpeg"}],"author":"Jean-Baptiste FELDMANN","twitter_card":"summary_large_image","twitter_misc":{"\u00c9crit par":"Jean-Baptiste FELDMANN","Dur\u00e9e de lecture estim\u00e9e":"3 minutes"},"schema":{"@context":"https:\/\/schema.org","@graph":[{"@type":"WebPage","@id":"https:\/\/blogs.futura-sciences.com\/feldmann\/2022\/01\/31\/que-voir-dans-le-ciel-nocturne-au-mois-de-fevrier-2022\/","url":"https:\/\/blogs.futura-sciences.com\/feldmann\/2022\/01\/31\/que-voir-dans-le-ciel-nocturne-au-mois-de-fevrier-2022\/","name":"Que voir dans le ciel nocturne au mois de f\u00e9vrier 2022","isPartOf":{"@id":"https:\/\/blogs.futura-sciences.com\/feldmann\/#website"},"primaryImageOfPage":{"@id":"https:\/\/blogs.futura-sciences.com\/feldmann\/2022\/01\/31\/que-voir-dans-le-ciel-nocturne-au-mois-de-fevrier-2022\/#primaryimage"},"image":{"@id":"https:\/\/blogs.futura-sciences.com\/feldmann\/2022\/01\/31\/que-voir-dans-le-ciel-nocturne-au-mois-de-fevrier-2022\/#primaryimage"},"thumbnailUrl":"https:\/\/blogs.futura-sciences.com\/feldmann\/wp-content\/uploads\/sites\/9\/2022\/01\/ephemerides2.jpg","datePublished":"2022-01-31T17:26:32+00:00","dateModified":"2022-02-28T17:20:00+00:00","author":{"@id":"https:\/\/blogs.futura-sciences.com\/feldmann\/#\/schema\/person\/62b391b709c307783237b759b62731ea"},"description":"L'Hexagone d'hiver en soir\u00e9e et trois plan\u00e8tes de retour dans le ciel du matin sont au menu des \u00e9ph\u00e9m\u00e9rides de ce mois de f\u00e9vrier 2022.","inLanguage":"fr-FR","potentialAction":[{"@type":"ReadAction","target":["https:\/\/blogs.futura-sciences.com\/feldmann\/2022\/01\/31\/que-voir-dans-le-ciel-nocturne-au-mois-de-fevrier-2022\/"]}]},{"@type":"ImageObject","inLanguage":"fr-FR","@id":"https:\/\/blogs.futura-sciences.com\/feldmann\/2022\/01\/31\/que-voir-dans-le-ciel-nocturne-au-mois-de-fevrier-2022\/#primaryimage","url":"https:\/\/blogs.futura-sciences.com\/feldmann\/wp-content\/uploads\/sites\/9\/2022\/01\/ephemerides2.jpg","contentUrl":"https:\/\/blogs.futura-sciences.com\/feldmann\/wp-content\/uploads\/sites\/9\/2022\/01\/ephemerides2.jpg","width":1502,"height":901},{"@type":"WebSite","@id":"https:\/\/blogs.futura-sciences.com\/feldmann\/#website","url":"https:\/\/blogs.futura-sciences.com\/feldmann\/","name":"CIELMANIA : le blog de Jean-Baptiste FELDMANN, photographe du ciel","description":"&quot;J&#039;ai en moi un besoin terrible. Dirais-je le mot? La religion. Alors, je sors la nuit et je peins des \u00e9toiles.&quot;  Vincent van Gogh","potentialAction":[{"@type":"SearchAction","target":{"@type":"EntryPoint","urlTemplate":"https:\/\/blogs.futura-sciences.com\/feldmann\/?s={search_term_string}"},"query-input":{"@type":"PropertyValueSpecification","valueRequired":true,"valueName":"search_term_string"}}],"inLanguage":"fr-FR"},{"@type":"Person","@id":"https:\/\/blogs.futura-sciences.com\/feldmann\/#\/schema\/person\/62b391b709c307783237b759b62731ea","name":"Jean-Baptiste FELDMANN","image":{"@type":"ImageObject","inLanguage":"fr-FR","@id":"https:\/\/blogs.futura-sciences.com\/feldmann\/#\/schema\/person\/image\/","url":"https:\/\/secure.gravatar.com\/avatar\/41f96607fde7a81a14570eec74177c42?s=96&d=mm&r=g","contentUrl":"https:\/\/secure.gravatar.com\/avatar\/41f96607fde7a81a14570eec74177c42?s=96&d=mm&r=g","caption":"Jean-Baptiste FELDMANN"},"url":"https:\/\/blogs.futura-sciences.com\/feldmann\/author\/jbfe\/"}]}},"_links":{"self":[{"href":"https:\/\/blogs.futura-sciences.com\/feldmann\/wp-json\/wp\/v2\/posts\/15437","targetHints":{"allow":["GET"]}}],"collection":[{"href":"https:\/\/blogs.futura-sciences.com\/feldmann\/wp-json\/wp\/v2\/posts"}],"about":[{"href":"https:\/\/blogs.futura-sciences.com\/feldmann\/wp-json\/wp\/v2\/types\/post"}],"author":[{"embeddable":true,"href":"https:\/\/blogs.futura-sciences.com\/feldmann\/wp-json\/wp\/v2\/users\/8"}],"replies":[{"embeddable":true,"href":"https:\/\/blogs.futura-sciences.com\/feldmann\/wp-json\/wp\/v2\/comments?post=15437"}],"version-history":[{"count":5,"href":"https:\/\/blogs.futura-sciences.com\/feldmann\/wp-json\/wp\/v2\/posts\/15437\/revisions"}],"predecessor-version":[{"id":15475,"href":"https:\/\/blogs.futura-sciences.com\/feldmann\/wp-json\/wp\/v2\/posts\/15437\/revisions\/15475"}],"wp:featuredmedia":[{"embeddable":true,"href":"https:\/\/blogs.futura-sciences.com\/feldmann\/wp-json\/wp\/v2\/media\/15446"}],"wp:attachment":[{"href":"https:\/\/blogs.futura-sciences.com\/feldmann\/wp-json\/wp\/v2\/media?parent=15437"}],"wp:term":[{"taxonomy":"category","embeddable":true,"href":"https:\/\/blogs.futura-sciences.com\/feldmann\/wp-json\/wp\/v2\/categories?post=15437"},{"taxonomy":"post_tag","embeddable":true,"href":"https:\/\/blogs.futura-sciences.com\/feldmann\/wp-json\/wp\/v2\/tags?post=15437"}],"curies":[{"name":"wp","href":"https:\/\/api.w.org\/{rel}","templated":true}]}}