{"id":15250,"date":"2022-02-21T11:01:52","date_gmt":"2022-02-21T11:01:52","guid":{"rendered":"https:\/\/blogs.futura-sciences.com\/feldmann\/?p=15250"},"modified":"2022-02-25T09:01:36","modified_gmt":"2022-02-25T09:01:36","slug":"en-slovenie-la-voie-lactee-enjambe-un-champ-de-bataille","status":"publish","type":"post","link":"https:\/\/blogs.futura-sciences.com\/feldmann\/2022\/02\/21\/en-slovenie-la-voie-lactee-enjambe-un-champ-de-bataille\/","title":{"rendered":"En Slov\u00e9nie, la Voie lact\u00e9e enjambe une \u00e9glise du Souvenir"},"content":{"rendered":"<p><strong>Dans les montagnes de Slov\u00e9nie, la nuit offre une vision apaisante. Pourtant, l&#8217;\u00e9glise du Saint-Esprit comm\u00e9more de terribles combats.\u00a0<\/strong><\/p>\n<h5>Sanglantes batailles :<\/h5>\n<p>Nous sommes sur la colline de Javorca, en Slov\u00e9nie. Ici se dresse une petite \u00e9glise depuis 1916. Sur ses murs et son plafond, les noms des 2.800 soldats tomb\u00e9s au cours d&#8217;une douzaine de combats. C&#8217;\u00e9tait pendant la Premi\u00e8re Guerre mondiale, quand l&#8217;Autriche-Hongrie se battait contre l&#8217;Italie. Cette \u00e9glise en bois a \u00e9t\u00e9 imagin\u00e9e par un lieutenant autrichien, Remigius Geyling, ami du peintre Gustav Klimt. Loin derri\u00e8re se d\u00e9tache le Triglav, plus haut sommet de Slov\u00e9nie (2.864 m\u00e8tres).<\/p>\n<figure id=\"attachment_15252\" aria-describedby=\"caption-attachment-15252\" style=\"width: 450px\" class=\"wp-caption alignnone\"><a href=\"https:\/\/blogs.futura-sciences.com\/feldmann\/wp-content\/uploads\/sites\/9\/2021\/12\/eglise_slovenie2.jpg\" rel=\"lightbox[15250]\"><img loading=\"lazy\" decoding=\"async\" class=\"size-medium wp-image-15252\" src=\"https:\/\/blogs.futura-sciences.com\/feldmann\/wp-content\/uploads\/sites\/9\/2021\/12\/eglise_slovenie2-450x261.jpg\" alt=\"\" width=\"450\" height=\"261\" srcset=\"https:\/\/blogs.futura-sciences.com\/feldmann\/wp-content\/uploads\/sites\/9\/2021\/12\/eglise_slovenie2-450x261.jpg 450w, https:\/\/blogs.futura-sciences.com\/feldmann\/wp-content\/uploads\/sites\/9\/2021\/12\/eglise_slovenie2-1024x593.jpg 1024w, https:\/\/blogs.futura-sciences.com\/feldmann\/wp-content\/uploads\/sites\/9\/2021\/12\/eglise_slovenie2-768x445.jpg 768w, https:\/\/blogs.futura-sciences.com\/feldmann\/wp-content\/uploads\/sites\/9\/2021\/12\/eglise_slovenie2-1536x890.jpg 1536w, https:\/\/blogs.futura-sciences.com\/feldmann\/wp-content\/uploads\/sites\/9\/2021\/12\/eglise_slovenie2.jpg 1553w\" sizes=\"auto, (max-width: 450px) 100vw, 450px\" \/><\/a><figcaption id=\"caption-attachment-15252\" class=\"wp-caption-text\">L&#8217;\u00e9glise du Saint-Esprit dans les montagnes de Slov\u00e9nie est surplomb\u00e9e par la Voie lact\u00e9e. \u00a9 Matej Mlakar pour l&#8217;image et Jean Fran\u00e7ois pour les annotations<\/figcaption><\/figure>\n<p>L&#8217;astrophotographe <a href=\"https:\/\/www.facebook.com\/matej.mlakar\" target=\"_blank\" rel=\"noopener\">Matej Mlakar<\/a> s&#8217;y est rendu pour immortaliser la Voie lact\u00e9e hivernale. Son image est une composition r\u00e9alis\u00e9e \u00e0 partir de quinze clich\u00e9s pour le paysage et quarante-sept pour le ciel. Devant la qui\u00e9tude des lieux, on a du mal \u00e0 imaginer ce qui s&#8217;est d\u00e9roul\u00e9 dans ces montagnes il y a un peu plus d&#8217;un si\u00e8cle.<!--more--><\/p>\n<h5><strong>F\u00e9erie de n\u00e9buleuses :\u00a0\u00a0<\/strong><\/h5>\n<p>Gr\u00e2ce aux annotations de <a href=\"https:\/\/www.facebook.com\/jean.aimar.71\" target=\"_blank\" rel=\"noopener\">Jean-Fran\u00e7ois<\/a>, nous pouvons explorer ce ciel d&#8217;hiver et en reconna\u00eetre les principaux objets c\u00e9lestes. Remarquez tout d&#8217;abord que le photographe s&#8217;est plac\u00e9 de fa\u00e7on \u00e0 faire appara\u00eetre l&#8217;<a href=\"https:\/\/blogs.futura-sciences.com\/feldmann\/2021\/12\/06\/vision-inedite-de-letoile-polaire-entouree-de-gaz-et-de-poussieres\/\" target=\"_blank\" rel=\"noopener\">\u00e9toile Polaire<\/a> juste au-dessus du clocher. Parcourons maintenant la <a href=\"https:\/\/blogs.futura-sciences.com\/feldmann\/2021\/10\/11\/le-volcan-chilien-villarrica-en-activite-sous-la-voie-lactee\/\" target=\"_blank\" rel=\"noopener\">Voie lact\u00e9e<\/a> d&#8217;Ouest en Est, donc de gauche \u00e0 droite. De nombreuses n\u00e9buleuses en \u00e9mission (rouges) entourent <a href=\"https:\/\/blogs.futura-sciences.com\/feldmann\/2020\/07\/24\/en-video-partez-a-la-decouverte-du-triangle-dete\/\" target=\"_blank\" rel=\"noopener\">Deneb<\/a>, la plus brillante \u00e9toile de la constellation du Cygne.<\/p>\n<p><iframe loading=\"lazy\" title=\"Qu&#039;est-ce que la Voie lact\u00e9e ?\" width=\"474\" height=\"356\" src=\"https:\/\/www.youtube.com\/embed\/5kHAx2Uz79w?feature=oembed\" frameborder=\"0\" allow=\"accelerometer; autoplay; clipboard-write; encrypted-media; gyroscope; picture-in-picture; web-share\" referrerpolicy=\"strict-origin-when-cross-origin\" allowfullscreen><\/iframe><\/p>\n<p>On en trouve \u00e9galement dans C\u00e9ph\u00e9e et Cassiop\u00e9e, mais il faut prolonger votre cheminement jusqu&#8217;\u00e0 Pers\u00e9e pour d\u00e9couvrir la plus belle. Il s&#8217;agit de NGC 1499, la <a href=\"https:\/\/www.futura-sciences.com\/sciences\/actualites\/astronomie-astrophotographie-californie-pleiades-35333\/\" target=\"_blank\" rel=\"noopener\">n\u00e9buleuse Californie<\/a>. Seule touche bleut\u00e9e au milieu de ces draperies rouges, le jeune amas d&#8217;\u00e9toiles des Pl\u00e9iades <a href=\"https:\/\/blogs.futura-sciences.com\/feldmann\/2019\/01\/08\/lamas-des-pleiades-au-dessus-de-letang\/\" target=\"_blank\" rel=\"noopener\">Messier 45<\/a>.<\/p>\n<h5>Vous pourriez aimer :<\/h5>\n<ul>\n<li><a href=\"https:\/\/blogs.futura-sciences.com\/feldmann\/2017\/06\/27\/messier-97-nebuleuse-planetaire-hibou\/\" target=\"_blank\" rel=\"noopener\">Messier 97, la n\u00e9buleuse plan\u00e9taire du Hibou<\/a><\/li>\n<li><a href=\"https:\/\/blogs.futura-sciences.com\/feldmann\/2021\/05\/20\/les-diamants-de-la-nebuleuse-du-collier-ne-sont-pas-eternels\/\" target=\"_blank\" rel=\"noopener\">Les diamants de la n\u00e9buleuse du Collier ne sont pas \u00e9ternels<\/a><\/li>\n<li><a href=\"https:\/\/blogs.futura-sciences.com\/feldmann\/2021\/02\/24\/un-systeme-stellaire-triple-se-cache-dans-la-nebuleuse-du-crane\/\" target=\"_blank\" rel=\"noopener\">Un syst\u00e8me stellaire triple se cache dans la n\u00e9buleuse du Cr\u00e2ne<\/a><\/li>\n<\/ul>\n<p>Suivez l\u2019actualit\u00e9 astronomique et d\u00e9couvrez mes images du ciel en vous abonnant \u00e0 Cielmania sur\u00a0<a href=\"https:\/\/www.facebook.com\/cielmania\/\" target=\"_blank\" rel=\"noopener noreferrer\">Facebook<\/a>.<\/p>\n<!-- AddThis Advanced Settings generic via filter on the_content --><!-- AddThis Share Buttons generic via filter on the_content -->","protected":false},"excerpt":{"rendered":"<p>Dans les montagnes de Slov\u00e9nie, la nuit offre une vision apaisante. Pourtant, l&#8217;\u00e9glise du Saint-Esprit comm\u00e9more de terribles combats.\u00a0 Sanglantes batailles : Nous sommes sur la colline de Javorca, en Slov\u00e9nie. Ici se dresse une petite \u00e9glise depuis 1916. Sur ses murs et son plafond, les noms des 2.800 soldats tomb\u00e9s au cours d&#8217;une douzaine &hellip; <a href=\"https:\/\/blogs.futura-sciences.com\/feldmann\/2022\/02\/21\/en-slovenie-la-voie-lactee-enjambe-un-champ-de-bataille\/\" class=\"more-link\">Continuer la lecture de <span class=\"screen-reader-text\">En Slov\u00e9nie, la Voie lact\u00e9e enjambe une \u00e9glise du Souvenir<\/span>  <span class=\"meta-nav\">&rarr;<\/span><\/a><!-- AddThis Advanced Settings generic via filter on get_the_excerpt --><!-- AddThis Share Buttons generic via filter on get_the_excerpt --><\/p>\n","protected":false},"author":8,"featured_media":15251,"comment_status":"open","ping_status":"open","sticky":false,"template":"","format":"standard","meta":{"footnotes":"","_links_to":"","_links_to_target":""},"categories":[84],"tags":[713,101,3150,3148,3149],"class_list":["post-15250","post","type-post","status-publish","format-standard","has-post-thumbnail","hentry","category-ciel-etoile","tag-amas-des-pleiades","tag-deneb","tag-eglise-du-saint-esprit","tag-matej-mlakar","tag-slovenie"],"yoast_head":"<!-- This site is optimized with the Yoast SEO plugin v24.1 - https:\/\/yoast.com\/wordpress\/plugins\/seo\/ -->\n<title>En Slov\u00e9nie, la Voie lact\u00e9e enjambe une \u00e9glise du Souvenir<\/title>\n<meta name=\"description\" content=\"Dans les montagnes de Slov\u00e9nie, la nuit offre une vision apaisante. Pourtant, l&#039;\u00e9glise du Saint-Esprit comm\u00e9more de terribles combats.\u00a0\" \/>\n<meta name=\"robots\" content=\"index, follow, max-snippet:-1, max-image-preview:large, max-video-preview:-1\" \/>\n<link rel=\"canonical\" href=\"https:\/\/blogs.futura-sciences.com\/feldmann\/2022\/02\/21\/en-slovenie-la-voie-lactee-enjambe-un-champ-de-bataille\/\" \/>\n<meta property=\"og:locale\" content=\"fr_FR\" \/>\n<meta property=\"og:type\" content=\"article\" \/>\n<meta property=\"og:title\" content=\"En Slov\u00e9nie, la Voie lact\u00e9e enjambe une \u00e9glise du Souvenir\" \/>\n<meta property=\"og:description\" content=\"Dans les montagnes de Slov\u00e9nie, la nuit offre une vision apaisante. Pourtant, l&#039;\u00e9glise du Saint-Esprit comm\u00e9more de terribles combats.\u00a0\" \/>\n<meta property=\"og:url\" content=\"https:\/\/blogs.futura-sciences.com\/feldmann\/2022\/02\/21\/en-slovenie-la-voie-lactee-enjambe-un-champ-de-bataille\/\" \/>\n<meta property=\"og:site_name\" content=\"CIELMANIA : le blog de Jean-Baptiste FELDMANN, photographe du ciel\" \/>\n<meta property=\"article:published_time\" content=\"2022-02-21T11:01:52+00:00\" \/>\n<meta property=\"article:modified_time\" content=\"2022-02-25T09:01:36+00:00\" \/>\n<meta property=\"og:image\" content=\"https:\/\/blogs.futura-sciences.com\/feldmann\/wp-content\/uploads\/sites\/9\/2021\/12\/eglise_slovenie1.jpg\" \/>\n\t<meta property=\"og:image:width\" content=\"1553\" \/>\n\t<meta property=\"og:image:height\" content=\"900\" \/>\n\t<meta property=\"og:image:type\" content=\"image\/jpeg\" \/>\n<meta name=\"author\" content=\"Jean-Baptiste FELDMANN\" \/>\n<meta name=\"twitter:card\" content=\"summary_large_image\" \/>\n<meta name=\"twitter:label1\" content=\"\u00c9crit par\" \/>\n\t<meta name=\"twitter:data1\" content=\"Jean-Baptiste FELDMANN\" \/>\n\t<meta name=\"twitter:label2\" content=\"Dur\u00e9e de lecture estim\u00e9e\" \/>\n\t<meta name=\"twitter:data2\" content=\"2 minutes\" \/>\n<script type=\"application\/ld+json\" class=\"yoast-schema-graph\">{\"@context\":\"https:\/\/schema.org\",\"@graph\":[{\"@type\":\"WebPage\",\"@id\":\"https:\/\/blogs.futura-sciences.com\/feldmann\/2022\/02\/21\/en-slovenie-la-voie-lactee-enjambe-un-champ-de-bataille\/\",\"url\":\"https:\/\/blogs.futura-sciences.com\/feldmann\/2022\/02\/21\/en-slovenie-la-voie-lactee-enjambe-un-champ-de-bataille\/\",\"name\":\"En Slov\u00e9nie, la Voie lact\u00e9e enjambe une \u00e9glise du Souvenir\",\"isPartOf\":{\"@id\":\"https:\/\/blogs.futura-sciences.com\/feldmann\/#website\"},\"primaryImageOfPage\":{\"@id\":\"https:\/\/blogs.futura-sciences.com\/feldmann\/2022\/02\/21\/en-slovenie-la-voie-lactee-enjambe-un-champ-de-bataille\/#primaryimage\"},\"image\":{\"@id\":\"https:\/\/blogs.futura-sciences.com\/feldmann\/2022\/02\/21\/en-slovenie-la-voie-lactee-enjambe-un-champ-de-bataille\/#primaryimage\"},\"thumbnailUrl\":\"https:\/\/blogs.futura-sciences.com\/feldmann\/wp-content\/uploads\/sites\/9\/2021\/12\/eglise_slovenie1.jpg\",\"datePublished\":\"2022-02-21T11:01:52+00:00\",\"dateModified\":\"2022-02-25T09:01:36+00:00\",\"author\":{\"@id\":\"https:\/\/blogs.futura-sciences.com\/feldmann\/#\/schema\/person\/62b391b709c307783237b759b62731ea\"},\"description\":\"Dans les montagnes de Slov\u00e9nie, la nuit offre une vision apaisante. Pourtant, l'\u00e9glise du Saint-Esprit comm\u00e9more de terribles combats.\u00a0\",\"inLanguage\":\"fr-FR\",\"potentialAction\":[{\"@type\":\"ReadAction\",\"target\":[\"https:\/\/blogs.futura-sciences.com\/feldmann\/2022\/02\/21\/en-slovenie-la-voie-lactee-enjambe-un-champ-de-bataille\/\"]}]},{\"@type\":\"ImageObject\",\"inLanguage\":\"fr-FR\",\"@id\":\"https:\/\/blogs.futura-sciences.com\/feldmann\/2022\/02\/21\/en-slovenie-la-voie-lactee-enjambe-un-champ-de-bataille\/#primaryimage\",\"url\":\"https:\/\/blogs.futura-sciences.com\/feldmann\/wp-content\/uploads\/sites\/9\/2021\/12\/eglise_slovenie1.jpg\",\"contentUrl\":\"https:\/\/blogs.futura-sciences.com\/feldmann\/wp-content\/uploads\/sites\/9\/2021\/12\/eglise_slovenie1.jpg\",\"width\":1553,\"height\":900},{\"@type\":\"WebSite\",\"@id\":\"https:\/\/blogs.futura-sciences.com\/feldmann\/#website\",\"url\":\"https:\/\/blogs.futura-sciences.com\/feldmann\/\",\"name\":\"CIELMANIA : le blog de Jean-Baptiste FELDMANN, photographe du ciel\",\"description\":\"&quot;J&#039;ai en moi un besoin terrible. Dirais-je le mot? La religion. Alors, je sors la nuit et je peins des \u00e9toiles.&quot;  Vincent van Gogh\",\"potentialAction\":[{\"@type\":\"SearchAction\",\"target\":{\"@type\":\"EntryPoint\",\"urlTemplate\":\"https:\/\/blogs.futura-sciences.com\/feldmann\/?s={search_term_string}\"},\"query-input\":{\"@type\":\"PropertyValueSpecification\",\"valueRequired\":true,\"valueName\":\"search_term_string\"}}],\"inLanguage\":\"fr-FR\"},{\"@type\":\"Person\",\"@id\":\"https:\/\/blogs.futura-sciences.com\/feldmann\/#\/schema\/person\/62b391b709c307783237b759b62731ea\",\"name\":\"Jean-Baptiste FELDMANN\",\"image\":{\"@type\":\"ImageObject\",\"inLanguage\":\"fr-FR\",\"@id\":\"https:\/\/blogs.futura-sciences.com\/feldmann\/#\/schema\/person\/image\/\",\"url\":\"https:\/\/secure.gravatar.com\/avatar\/41f96607fde7a81a14570eec74177c42?s=96&d=mm&r=g\",\"contentUrl\":\"https:\/\/secure.gravatar.com\/avatar\/41f96607fde7a81a14570eec74177c42?s=96&d=mm&r=g\",\"caption\":\"Jean-Baptiste FELDMANN\"},\"url\":\"https:\/\/blogs.futura-sciences.com\/feldmann\/author\/jbfe\/\"}]}<\/script>\n<!-- \/ Yoast SEO plugin. -->","yoast_head_json":{"title":"En Slov\u00e9nie, la Voie lact\u00e9e enjambe une \u00e9glise du Souvenir","description":"Dans les montagnes de Slov\u00e9nie, la nuit offre une vision apaisante. Pourtant, l'\u00e9glise du Saint-Esprit comm\u00e9more de terribles combats.\u00a0","robots":{"index":"index","follow":"follow","max-snippet":"max-snippet:-1","max-image-preview":"max-image-preview:large","max-video-preview":"max-video-preview:-1"},"canonical":"https:\/\/blogs.futura-sciences.com\/feldmann\/2022\/02\/21\/en-slovenie-la-voie-lactee-enjambe-un-champ-de-bataille\/","og_locale":"fr_FR","og_type":"article","og_title":"En Slov\u00e9nie, la Voie lact\u00e9e enjambe une \u00e9glise du Souvenir","og_description":"Dans les montagnes de Slov\u00e9nie, la nuit offre une vision apaisante. Pourtant, l'\u00e9glise du Saint-Esprit comm\u00e9more de terribles combats.\u00a0","og_url":"https:\/\/blogs.futura-sciences.com\/feldmann\/2022\/02\/21\/en-slovenie-la-voie-lactee-enjambe-un-champ-de-bataille\/","og_site_name":"CIELMANIA : le blog de Jean-Baptiste FELDMANN, photographe du ciel","article_published_time":"2022-02-21T11:01:52+00:00","article_modified_time":"2022-02-25T09:01:36+00:00","og_image":[{"width":1553,"height":900,"url":"https:\/\/blogs.futura-sciences.com\/feldmann\/wp-content\/uploads\/sites\/9\/2021\/12\/eglise_slovenie1.jpg","type":"image\/jpeg"}],"author":"Jean-Baptiste FELDMANN","twitter_card":"summary_large_image","twitter_misc":{"\u00c9crit par":"Jean-Baptiste FELDMANN","Dur\u00e9e de lecture estim\u00e9e":"2 minutes"},"schema":{"@context":"https:\/\/schema.org","@graph":[{"@type":"WebPage","@id":"https:\/\/blogs.futura-sciences.com\/feldmann\/2022\/02\/21\/en-slovenie-la-voie-lactee-enjambe-un-champ-de-bataille\/","url":"https:\/\/blogs.futura-sciences.com\/feldmann\/2022\/02\/21\/en-slovenie-la-voie-lactee-enjambe-un-champ-de-bataille\/","name":"En Slov\u00e9nie, la Voie lact\u00e9e enjambe une \u00e9glise du Souvenir","isPartOf":{"@id":"https:\/\/blogs.futura-sciences.com\/feldmann\/#website"},"primaryImageOfPage":{"@id":"https:\/\/blogs.futura-sciences.com\/feldmann\/2022\/02\/21\/en-slovenie-la-voie-lactee-enjambe-un-champ-de-bataille\/#primaryimage"},"image":{"@id":"https:\/\/blogs.futura-sciences.com\/feldmann\/2022\/02\/21\/en-slovenie-la-voie-lactee-enjambe-un-champ-de-bataille\/#primaryimage"},"thumbnailUrl":"https:\/\/blogs.futura-sciences.com\/feldmann\/wp-content\/uploads\/sites\/9\/2021\/12\/eglise_slovenie1.jpg","datePublished":"2022-02-21T11:01:52+00:00","dateModified":"2022-02-25T09:01:36+00:00","author":{"@id":"https:\/\/blogs.futura-sciences.com\/feldmann\/#\/schema\/person\/62b391b709c307783237b759b62731ea"},"description":"Dans les montagnes de Slov\u00e9nie, la nuit offre une vision apaisante. Pourtant, l'\u00e9glise du Saint-Esprit comm\u00e9more de terribles combats.\u00a0","inLanguage":"fr-FR","potentialAction":[{"@type":"ReadAction","target":["https:\/\/blogs.futura-sciences.com\/feldmann\/2022\/02\/21\/en-slovenie-la-voie-lactee-enjambe-un-champ-de-bataille\/"]}]},{"@type":"ImageObject","inLanguage":"fr-FR","@id":"https:\/\/blogs.futura-sciences.com\/feldmann\/2022\/02\/21\/en-slovenie-la-voie-lactee-enjambe-un-champ-de-bataille\/#primaryimage","url":"https:\/\/blogs.futura-sciences.com\/feldmann\/wp-content\/uploads\/sites\/9\/2021\/12\/eglise_slovenie1.jpg","contentUrl":"https:\/\/blogs.futura-sciences.com\/feldmann\/wp-content\/uploads\/sites\/9\/2021\/12\/eglise_slovenie1.jpg","width":1553,"height":900},{"@type":"WebSite","@id":"https:\/\/blogs.futura-sciences.com\/feldmann\/#website","url":"https:\/\/blogs.futura-sciences.com\/feldmann\/","name":"CIELMANIA : le blog de Jean-Baptiste FELDMANN, photographe du ciel","description":"&quot;J&#039;ai en moi un besoin terrible. Dirais-je le mot? La religion. Alors, je sors la nuit et je peins des \u00e9toiles.&quot;  Vincent van Gogh","potentialAction":[{"@type":"SearchAction","target":{"@type":"EntryPoint","urlTemplate":"https:\/\/blogs.futura-sciences.com\/feldmann\/?s={search_term_string}"},"query-input":{"@type":"PropertyValueSpecification","valueRequired":true,"valueName":"search_term_string"}}],"inLanguage":"fr-FR"},{"@type":"Person","@id":"https:\/\/blogs.futura-sciences.com\/feldmann\/#\/schema\/person\/62b391b709c307783237b759b62731ea","name":"Jean-Baptiste FELDMANN","image":{"@type":"ImageObject","inLanguage":"fr-FR","@id":"https:\/\/blogs.futura-sciences.com\/feldmann\/#\/schema\/person\/image\/","url":"https:\/\/secure.gravatar.com\/avatar\/41f96607fde7a81a14570eec74177c42?s=96&d=mm&r=g","contentUrl":"https:\/\/secure.gravatar.com\/avatar\/41f96607fde7a81a14570eec74177c42?s=96&d=mm&r=g","caption":"Jean-Baptiste FELDMANN"},"url":"https:\/\/blogs.futura-sciences.com\/feldmann\/author\/jbfe\/"}]}},"_links":{"self":[{"href":"https:\/\/blogs.futura-sciences.com\/feldmann\/wp-json\/wp\/v2\/posts\/15250","targetHints":{"allow":["GET"]}}],"collection":[{"href":"https:\/\/blogs.futura-sciences.com\/feldmann\/wp-json\/wp\/v2\/posts"}],"about":[{"href":"https:\/\/blogs.futura-sciences.com\/feldmann\/wp-json\/wp\/v2\/types\/post"}],"author":[{"embeddable":true,"href":"https:\/\/blogs.futura-sciences.com\/feldmann\/wp-json\/wp\/v2\/users\/8"}],"replies":[{"embeddable":true,"href":"https:\/\/blogs.futura-sciences.com\/feldmann\/wp-json\/wp\/v2\/comments?post=15250"}],"version-history":[{"count":9,"href":"https:\/\/blogs.futura-sciences.com\/feldmann\/wp-json\/wp\/v2\/posts\/15250\/revisions"}],"predecessor-version":[{"id":15574,"href":"https:\/\/blogs.futura-sciences.com\/feldmann\/wp-json\/wp\/v2\/posts\/15250\/revisions\/15574"}],"wp:featuredmedia":[{"embeddable":true,"href":"https:\/\/blogs.futura-sciences.com\/feldmann\/wp-json\/wp\/v2\/media\/15251"}],"wp:attachment":[{"href":"https:\/\/blogs.futura-sciences.com\/feldmann\/wp-json\/wp\/v2\/media?parent=15250"}],"wp:term":[{"taxonomy":"category","embeddable":true,"href":"https:\/\/blogs.futura-sciences.com\/feldmann\/wp-json\/wp\/v2\/categories?post=15250"},{"taxonomy":"post_tag","embeddable":true,"href":"https:\/\/blogs.futura-sciences.com\/feldmann\/wp-json\/wp\/v2\/tags?post=15250"}],"curies":[{"name":"wp","href":"https:\/\/api.w.org\/{rel}","templated":true}]}}