{"id":1524,"date":"2017-01-02T08:53:38","date_gmt":"2017-01-02T08:53:38","guid":{"rendered":"https:\/\/blogs.futura-sciences.com\/feldmann\/?p=1524"},"modified":"2017-01-07T07:52:30","modified_gmt":"2017-01-07T07:52:30","slug":"surveillez-lessaim-meteoritique-des-quadrantides","status":"publish","type":"post","link":"https:\/\/blogs.futura-sciences.com\/feldmann\/2017\/01\/02\/surveillez-lessaim-meteoritique-des-quadrantides\/","title":{"rendered":"Surveillez l&#8217;essaim m\u00e9t\u00e9oritique des Quadrantides"},"content":{"rendered":"<p><strong>Si le ciel est d\u00e9gag\u00e9, l&#8217;essaim m\u00e9t\u00e9oritique des Quadrantides devrait nous offrir un joli spectacle pour bien commencer cette nouvelle ann\u00e9e.<\/strong><\/p>\n<p>Le d\u00e9but du mois de janvier est traditionnellement propice \u00e0 l&#8217;observation des<a title=\"Une \u00e9toile filante\" href=\"https:\/\/blogs.futura-sciences.com\/feldmann\/2014\/05\/30\/etoile-filante\/\" target=\"_blank\"> \u00e9toiles filantes<\/a>. C&#8217;est en effet durant les cinq premi\u00e8res nuits de l&#8217;ann\u00e9e que la Terre traverse l&#8217;essaim m\u00e9t\u00e9oritique des Quadrantides.<\/p>\n<p><a href=\"https:\/\/blogs.futura-sciences.com\/feldmann\/wp-content\/uploads\/sites\/9\/2015\/01\/essaim.jpg\" rel=\"lightbox[1524]\"><img loading=\"lazy\" decoding=\"async\" class=\"alignnone size-medium wp-image-1525\" src=\"https:\/\/blogs.futura-sciences.com\/feldmann\/wp-content\/uploads\/sites\/9\/2015\/01\/essaim-450x337.jpg\" alt=\"essaim\" width=\"450\" height=\"337\" srcset=\"https:\/\/blogs.futura-sciences.com\/feldmann\/wp-content\/uploads\/sites\/9\/2015\/01\/essaim-450x337.jpg 450w, https:\/\/blogs.futura-sciences.com\/feldmann\/wp-content\/uploads\/sites\/9\/2015\/01\/essaim-1024x768.jpg 1024w, https:\/\/blogs.futura-sciences.com\/feldmann\/wp-content\/uploads\/sites\/9\/2015\/01\/essaim.jpg 1199w\" sizes=\"auto, (max-width: 450px) 100vw, 450px\" \/><\/a><\/p>\n<p>Les m\u00e9t\u00e9ores portent le nom de la constellation dont ils semblent jaillir, la constellation du Quadrant Mural qui n&#8217;existe plus aujourd&#8217;hui (entre les constellations d&#8217;Hercule, du Bouvier et de la <a href=\"https:\/\/blogs.futura-sciences.com\/feldmann\/2015\/10\/07\/la-grande-ourse-et-la-cabotte-sous-la-lune\/\" target=\"_blank\">Grande Ourse<\/a>).<!--more--><\/p>\n<p>Les Quadrantides font partie des essaims annuels les plus actifs, comme les <a href=\"https:\/\/blogs.futura-sciences.com\/feldmann\/2016\/08\/22\/perseides-2016-grand-spectacle-lile-de-palma\/\" target=\"_blank\">Pers\u00e9ides<\/a> ou les G\u00e9minides (photo ci-dessus), avec plus d&#8217;une centaine de m\u00e9t\u00e9ores par heure au moment du maximum d&#8217;activit\u00e9. En 2017 la pr\u00e9sence d&#8217;une\u00a0<a href=\"https:\/\/blogs.futura-sciences.com\/feldmann\/2015\/04\/20\/le-retour-dune-jeune-lune-agee-de-24-heures\/\" target=\"_blank\">jeune Lune<\/a> n&#8217;affectera pas l&#8217;observation de cet essaim mais il faudra penser \u00e0 bien respecter les <a href=\"https:\/\/blogs.futura-sciences.com\/feldmann\/2016\/12\/22\/ciel-dhiver-5-conseils-pour-observer-sans-avoir-froid\/\" target=\"_blank\">5 conseils pour observer sans avoir froid<\/a>. Les Quadrantides sont des m\u00e9t\u00e9ores relativement rapides puisqu&#8217;ils traversent l&#8217;atmosph\u00e8re terrestre pour s&#8217;y consumer \u00e0 une vitesse moyenne de 40 km\/sec.<\/p>\n<p>La plupart des courants m\u00e9t\u00e9oritiques sont constitu\u00e9s de poussi\u00e8res abandonn\u00e9es sur leur orbite par des <a href=\"https:\/\/blogs.futura-sciences.com\/feldmann\/2015\/01\/24\/swan-et-lovejoy-deux-cometes-qui-se-ressemblent\/\" target=\"_blank\">com\u00e8tes<\/a>. Dans le cas des Quadrantides, il semble qu&#8217;elles soient issues d&#8217;un <a href=\"https:\/\/blogs.futura-sciences.com\/feldmann\/2016\/04\/28\/deuxieme-satellite-lasteroide-130-electre\/\" target=\"_blank\">ast\u00e9ro\u00efde<\/a>, 2003 EH 1, qui se serait comport\u00e9 \u00e0 la mani\u00e8re d&#8217;une com\u00e8te (en laissant \u00e9chapper de sa surface de la poussi\u00e8re et des gaz) il y a quelques centaines d&#8217;ann\u00e9es.<\/p>\n<p>Les scientifiques pensent aujourd&#8217;hui qu&#8217;un nombre \u00e9lev\u00e9 d&#8217;ast\u00e9ro\u00efdes (20% des objets de la ceinture principale qui croisent entre <a href=\"https:\/\/blogs.futura-sciences.com\/feldmann\/2016\/10\/10\/tres-jeune-cratere-photographie-mars\/\" target=\"_blank\">Mars<\/a> et <a href=\"https:\/\/blogs.futura-sciences.com\/feldmann\/2016\/09\/12\/juno-enregistre-aurore-polaire-australe-jupiter\/\" target=\"_blank\">Jupiter<\/a>) seraient en fait d&#8217;anciens noyaux com\u00e9taires.<\/p>\n<p><a href=\"https:\/\/blogs.futura-sciences.com\/feldmann\/wp-content\/uploads\/sites\/9\/2015\/01\/quadr.jpg\" rel=\"lightbox[1524]\"><img loading=\"lazy\" decoding=\"async\" class=\"alignnone size-medium wp-image-1528\" src=\"https:\/\/blogs.futura-sciences.com\/feldmann\/wp-content\/uploads\/sites\/9\/2015\/01\/quadr-450x298.jpg\" alt=\"quadr\" width=\"450\" height=\"298\" srcset=\"https:\/\/blogs.futura-sciences.com\/feldmann\/wp-content\/uploads\/sites\/9\/2015\/01\/quadr-450x298.jpg 450w, https:\/\/blogs.futura-sciences.com\/feldmann\/wp-content\/uploads\/sites\/9\/2015\/01\/quadr-1024x678.jpg 1024w, https:\/\/blogs.futura-sciences.com\/feldmann\/wp-content\/uploads\/sites\/9\/2015\/01\/quadr.jpg 1200w\" sizes=\"auto, (max-width: 450px) 100vw, 450px\" \/><\/a><\/p>\n<!-- AddThis Advanced Settings generic via filter on the_content --><!-- AddThis Share Buttons generic via filter on the_content -->","protected":false},"excerpt":{"rendered":"<p>Si le ciel est d\u00e9gag\u00e9, l&#8217;essaim m\u00e9t\u00e9oritique des Quadrantides devrait nous offrir un joli spectacle pour bien commencer cette nouvelle ann\u00e9e. Le d\u00e9but du mois de janvier est traditionnellement propice \u00e0 l&#8217;observation des \u00e9toiles filantes. C&#8217;est en effet durant les cinq premi\u00e8res nuits de l&#8217;ann\u00e9e que la Terre traverse l&#8217;essaim m\u00e9t\u00e9oritique des Quadrantides. Les m\u00e9t\u00e9ores &hellip; <a href=\"https:\/\/blogs.futura-sciences.com\/feldmann\/2017\/01\/02\/surveillez-lessaim-meteoritique-des-quadrantides\/\" class=\"more-link\">Continuer la lecture de <span class=\"screen-reader-text\">Surveillez l&#8217;essaim m\u00e9t\u00e9oritique des Quadrantides<\/span>  <span class=\"meta-nav\">&rarr;<\/span><\/a><!-- AddThis Advanced Settings generic via filter on get_the_excerpt --><!-- AddThis Share Buttons generic via filter on get_the_excerpt --><\/p>\n","protected":false},"author":8,"featured_media":1525,"comment_status":"open","ping_status":"open","sticky":false,"template":"","format":"standard","meta":{"footnotes":"","_links_to":"","_links_to_target":""},"categories":[509],"tags":[240,93,726,456,727,728,723,296,725,90,116,267,172,109,724],"class_list":["post-1524","post","type-post","status-publish","format-standard","has-post-thumbnail","hentry","category-actualites","tag-asteroide","tag-comete","tag-constellation-dhercule","tag-constellation-de-la-grande-ourse","tag-constellation-du-bouvier","tag-constellation-du-quadrant-mural","tag-essaim-meteoritique","tag-etoile-filante","tag-geminides","tag-jupiter","tag-mars","tag-meteore","tag-perseides","tag-pleine-lune","tag-quadrantides"],"yoast_head":"<!-- This site is optimized with the Yoast SEO plugin v24.1 - https:\/\/yoast.com\/wordpress\/plugins\/seo\/ -->\n<title>Surveillez l&#039;essaim m\u00e9t\u00e9oritique des Quadrantides<\/title>\n<meta name=\"description\" content=\"Si le ciel est d\u00e9gag\u00e9, l&#039;essaim m\u00e9t\u00e9oritique des Quadrantides devrait nous offrir un joli spectacle pour bien commencer cette nouvelle ann\u00e9e.\" \/>\n<meta name=\"robots\" content=\"index, follow, max-snippet:-1, max-image-preview:large, max-video-preview:-1\" \/>\n<link rel=\"canonical\" href=\"https:\/\/blogs.futura-sciences.com\/feldmann\/2017\/01\/02\/surveillez-lessaim-meteoritique-des-quadrantides\/\" \/>\n<meta property=\"og:locale\" content=\"fr_FR\" \/>\n<meta property=\"og:type\" content=\"article\" \/>\n<meta property=\"og:title\" content=\"Surveillez l&#039;essaim m\u00e9t\u00e9oritique des Quadrantides\" \/>\n<meta property=\"og:description\" content=\"Si le ciel est d\u00e9gag\u00e9, l&#039;essaim m\u00e9t\u00e9oritique des Quadrantides devrait nous offrir un joli spectacle pour bien commencer cette nouvelle ann\u00e9e.\" \/>\n<meta property=\"og:url\" content=\"https:\/\/blogs.futura-sciences.com\/feldmann\/2017\/01\/02\/surveillez-lessaim-meteoritique-des-quadrantides\/\" \/>\n<meta property=\"og:site_name\" content=\"CIELMANIA : le blog de Jean-Baptiste FELDMANN, photographe du ciel\" \/>\n<meta property=\"article:published_time\" content=\"2017-01-02T08:53:38+00:00\" \/>\n<meta property=\"article:modified_time\" content=\"2017-01-07T07:52:30+00:00\" \/>\n<meta property=\"og:image\" content=\"https:\/\/blogs.futura-sciences.com\/feldmann\/wp-content\/uploads\/sites\/9\/2015\/01\/essaim.jpg\" \/>\n\t<meta property=\"og:image:width\" content=\"1199\" \/>\n\t<meta property=\"og:image:height\" content=\"900\" \/>\n\t<meta property=\"og:image:type\" content=\"image\/jpeg\" \/>\n<meta name=\"author\" content=\"Jean-Baptiste FELDMANN\" \/>\n<meta name=\"twitter:card\" content=\"summary_large_image\" \/>\n<meta name=\"twitter:label1\" content=\"\u00c9crit par\" \/>\n\t<meta name=\"twitter:data1\" content=\"Jean-Baptiste FELDMANN\" \/>\n\t<meta name=\"twitter:label2\" content=\"Dur\u00e9e de lecture estim\u00e9e\" \/>\n\t<meta name=\"twitter:data2\" content=\"1 minute\" \/>\n<script type=\"application\/ld+json\" class=\"yoast-schema-graph\">{\"@context\":\"https:\/\/schema.org\",\"@graph\":[{\"@type\":\"WebPage\",\"@id\":\"https:\/\/blogs.futura-sciences.com\/feldmann\/2017\/01\/02\/surveillez-lessaim-meteoritique-des-quadrantides\/\",\"url\":\"https:\/\/blogs.futura-sciences.com\/feldmann\/2017\/01\/02\/surveillez-lessaim-meteoritique-des-quadrantides\/\",\"name\":\"Surveillez l'essaim m\u00e9t\u00e9oritique des Quadrantides\",\"isPartOf\":{\"@id\":\"https:\/\/blogs.futura-sciences.com\/feldmann\/#website\"},\"primaryImageOfPage\":{\"@id\":\"https:\/\/blogs.futura-sciences.com\/feldmann\/2017\/01\/02\/surveillez-lessaim-meteoritique-des-quadrantides\/#primaryimage\"},\"image\":{\"@id\":\"https:\/\/blogs.futura-sciences.com\/feldmann\/2017\/01\/02\/surveillez-lessaim-meteoritique-des-quadrantides\/#primaryimage\"},\"thumbnailUrl\":\"https:\/\/blogs.futura-sciences.com\/feldmann\/wp-content\/uploads\/sites\/9\/2015\/01\/essaim.jpg\",\"datePublished\":\"2017-01-02T08:53:38+00:00\",\"dateModified\":\"2017-01-07T07:52:30+00:00\",\"author\":{\"@id\":\"https:\/\/blogs.futura-sciences.com\/feldmann\/#\/schema\/person\/62b391b709c307783237b759b62731ea\"},\"description\":\"Si le ciel est d\u00e9gag\u00e9, l'essaim m\u00e9t\u00e9oritique des Quadrantides devrait nous offrir un joli spectacle pour bien commencer cette nouvelle ann\u00e9e.\",\"inLanguage\":\"fr-FR\",\"potentialAction\":[{\"@type\":\"ReadAction\",\"target\":[\"https:\/\/blogs.futura-sciences.com\/feldmann\/2017\/01\/02\/surveillez-lessaim-meteoritique-des-quadrantides\/\"]}]},{\"@type\":\"ImageObject\",\"inLanguage\":\"fr-FR\",\"@id\":\"https:\/\/blogs.futura-sciences.com\/feldmann\/2017\/01\/02\/surveillez-lessaim-meteoritique-des-quadrantides\/#primaryimage\",\"url\":\"https:\/\/blogs.futura-sciences.com\/feldmann\/wp-content\/uploads\/sites\/9\/2015\/01\/essaim.jpg\",\"contentUrl\":\"https:\/\/blogs.futura-sciences.com\/feldmann\/wp-content\/uploads\/sites\/9\/2015\/01\/essaim.jpg\",\"width\":1199,\"height\":900},{\"@type\":\"WebSite\",\"@id\":\"https:\/\/blogs.futura-sciences.com\/feldmann\/#website\",\"url\":\"https:\/\/blogs.futura-sciences.com\/feldmann\/\",\"name\":\"CIELMANIA : le blog de Jean-Baptiste FELDMANN, photographe du ciel\",\"description\":\"&quot;J&#039;ai en moi un besoin terrible. Dirais-je le mot? La religion. Alors, je sors la nuit et je peins des \u00e9toiles.&quot;  Vincent van Gogh\",\"potentialAction\":[{\"@type\":\"SearchAction\",\"target\":{\"@type\":\"EntryPoint\",\"urlTemplate\":\"https:\/\/blogs.futura-sciences.com\/feldmann\/?s={search_term_string}\"},\"query-input\":{\"@type\":\"PropertyValueSpecification\",\"valueRequired\":true,\"valueName\":\"search_term_string\"}}],\"inLanguage\":\"fr-FR\"},{\"@type\":\"Person\",\"@id\":\"https:\/\/blogs.futura-sciences.com\/feldmann\/#\/schema\/person\/62b391b709c307783237b759b62731ea\",\"name\":\"Jean-Baptiste FELDMANN\",\"image\":{\"@type\":\"ImageObject\",\"inLanguage\":\"fr-FR\",\"@id\":\"https:\/\/blogs.futura-sciences.com\/feldmann\/#\/schema\/person\/image\/\",\"url\":\"https:\/\/secure.gravatar.com\/avatar\/41f96607fde7a81a14570eec74177c42?s=96&d=mm&r=g\",\"contentUrl\":\"https:\/\/secure.gravatar.com\/avatar\/41f96607fde7a81a14570eec74177c42?s=96&d=mm&r=g\",\"caption\":\"Jean-Baptiste FELDMANN\"},\"url\":\"https:\/\/blogs.futura-sciences.com\/feldmann\/author\/jbfe\/\"}]}<\/script>\n<!-- \/ Yoast SEO plugin. -->","yoast_head_json":{"title":"Surveillez l'essaim m\u00e9t\u00e9oritique des Quadrantides","description":"Si le ciel est d\u00e9gag\u00e9, l'essaim m\u00e9t\u00e9oritique des Quadrantides devrait nous offrir un joli spectacle pour bien commencer cette nouvelle ann\u00e9e.","robots":{"index":"index","follow":"follow","max-snippet":"max-snippet:-1","max-image-preview":"max-image-preview:large","max-video-preview":"max-video-preview:-1"},"canonical":"https:\/\/blogs.futura-sciences.com\/feldmann\/2017\/01\/02\/surveillez-lessaim-meteoritique-des-quadrantides\/","og_locale":"fr_FR","og_type":"article","og_title":"Surveillez l'essaim m\u00e9t\u00e9oritique des Quadrantides","og_description":"Si le ciel est d\u00e9gag\u00e9, l'essaim m\u00e9t\u00e9oritique des Quadrantides devrait nous offrir un joli spectacle pour bien commencer cette nouvelle ann\u00e9e.","og_url":"https:\/\/blogs.futura-sciences.com\/feldmann\/2017\/01\/02\/surveillez-lessaim-meteoritique-des-quadrantides\/","og_site_name":"CIELMANIA : le blog de Jean-Baptiste FELDMANN, photographe du ciel","article_published_time":"2017-01-02T08:53:38+00:00","article_modified_time":"2017-01-07T07:52:30+00:00","og_image":[{"width":1199,"height":900,"url":"https:\/\/blogs.futura-sciences.com\/feldmann\/wp-content\/uploads\/sites\/9\/2015\/01\/essaim.jpg","type":"image\/jpeg"}],"author":"Jean-Baptiste FELDMANN","twitter_card":"summary_large_image","twitter_misc":{"\u00c9crit par":"Jean-Baptiste FELDMANN","Dur\u00e9e de lecture estim\u00e9e":"1 minute"},"schema":{"@context":"https:\/\/schema.org","@graph":[{"@type":"WebPage","@id":"https:\/\/blogs.futura-sciences.com\/feldmann\/2017\/01\/02\/surveillez-lessaim-meteoritique-des-quadrantides\/","url":"https:\/\/blogs.futura-sciences.com\/feldmann\/2017\/01\/02\/surveillez-lessaim-meteoritique-des-quadrantides\/","name":"Surveillez l'essaim m\u00e9t\u00e9oritique des Quadrantides","isPartOf":{"@id":"https:\/\/blogs.futura-sciences.com\/feldmann\/#website"},"primaryImageOfPage":{"@id":"https:\/\/blogs.futura-sciences.com\/feldmann\/2017\/01\/02\/surveillez-lessaim-meteoritique-des-quadrantides\/#primaryimage"},"image":{"@id":"https:\/\/blogs.futura-sciences.com\/feldmann\/2017\/01\/02\/surveillez-lessaim-meteoritique-des-quadrantides\/#primaryimage"},"thumbnailUrl":"https:\/\/blogs.futura-sciences.com\/feldmann\/wp-content\/uploads\/sites\/9\/2015\/01\/essaim.jpg","datePublished":"2017-01-02T08:53:38+00:00","dateModified":"2017-01-07T07:52:30+00:00","author":{"@id":"https:\/\/blogs.futura-sciences.com\/feldmann\/#\/schema\/person\/62b391b709c307783237b759b62731ea"},"description":"Si le ciel est d\u00e9gag\u00e9, l'essaim m\u00e9t\u00e9oritique des Quadrantides devrait nous offrir un joli spectacle pour bien commencer cette nouvelle ann\u00e9e.","inLanguage":"fr-FR","potentialAction":[{"@type":"ReadAction","target":["https:\/\/blogs.futura-sciences.com\/feldmann\/2017\/01\/02\/surveillez-lessaim-meteoritique-des-quadrantides\/"]}]},{"@type":"ImageObject","inLanguage":"fr-FR","@id":"https:\/\/blogs.futura-sciences.com\/feldmann\/2017\/01\/02\/surveillez-lessaim-meteoritique-des-quadrantides\/#primaryimage","url":"https:\/\/blogs.futura-sciences.com\/feldmann\/wp-content\/uploads\/sites\/9\/2015\/01\/essaim.jpg","contentUrl":"https:\/\/blogs.futura-sciences.com\/feldmann\/wp-content\/uploads\/sites\/9\/2015\/01\/essaim.jpg","width":1199,"height":900},{"@type":"WebSite","@id":"https:\/\/blogs.futura-sciences.com\/feldmann\/#website","url":"https:\/\/blogs.futura-sciences.com\/feldmann\/","name":"CIELMANIA : le blog de Jean-Baptiste FELDMANN, photographe du ciel","description":"&quot;J&#039;ai en moi un besoin terrible. Dirais-je le mot? La religion. Alors, je sors la nuit et je peins des \u00e9toiles.&quot;  Vincent van Gogh","potentialAction":[{"@type":"SearchAction","target":{"@type":"EntryPoint","urlTemplate":"https:\/\/blogs.futura-sciences.com\/feldmann\/?s={search_term_string}"},"query-input":{"@type":"PropertyValueSpecification","valueRequired":true,"valueName":"search_term_string"}}],"inLanguage":"fr-FR"},{"@type":"Person","@id":"https:\/\/blogs.futura-sciences.com\/feldmann\/#\/schema\/person\/62b391b709c307783237b759b62731ea","name":"Jean-Baptiste FELDMANN","image":{"@type":"ImageObject","inLanguage":"fr-FR","@id":"https:\/\/blogs.futura-sciences.com\/feldmann\/#\/schema\/person\/image\/","url":"https:\/\/secure.gravatar.com\/avatar\/41f96607fde7a81a14570eec74177c42?s=96&d=mm&r=g","contentUrl":"https:\/\/secure.gravatar.com\/avatar\/41f96607fde7a81a14570eec74177c42?s=96&d=mm&r=g","caption":"Jean-Baptiste FELDMANN"},"url":"https:\/\/blogs.futura-sciences.com\/feldmann\/author\/jbfe\/"}]}},"_links":{"self":[{"href":"https:\/\/blogs.futura-sciences.com\/feldmann\/wp-json\/wp\/v2\/posts\/1524","targetHints":{"allow":["GET"]}}],"collection":[{"href":"https:\/\/blogs.futura-sciences.com\/feldmann\/wp-json\/wp\/v2\/posts"}],"about":[{"href":"https:\/\/blogs.futura-sciences.com\/feldmann\/wp-json\/wp\/v2\/types\/post"}],"author":[{"embeddable":true,"href":"https:\/\/blogs.futura-sciences.com\/feldmann\/wp-json\/wp\/v2\/users\/8"}],"replies":[{"embeddable":true,"href":"https:\/\/blogs.futura-sciences.com\/feldmann\/wp-json\/wp\/v2\/comments?post=1524"}],"version-history":[{"count":9,"href":"https:\/\/blogs.futura-sciences.com\/feldmann\/wp-json\/wp\/v2\/posts\/1524\/revisions"}],"predecessor-version":[{"id":7056,"href":"https:\/\/blogs.futura-sciences.com\/feldmann\/wp-json\/wp\/v2\/posts\/1524\/revisions\/7056"}],"wp:featuredmedia":[{"embeddable":true,"href":"https:\/\/blogs.futura-sciences.com\/feldmann\/wp-json\/wp\/v2\/media\/1525"}],"wp:attachment":[{"href":"https:\/\/blogs.futura-sciences.com\/feldmann\/wp-json\/wp\/v2\/media?parent=1524"}],"wp:term":[{"taxonomy":"category","embeddable":true,"href":"https:\/\/blogs.futura-sciences.com\/feldmann\/wp-json\/wp\/v2\/categories?post=1524"},{"taxonomy":"post_tag","embeddable":true,"href":"https:\/\/blogs.futura-sciences.com\/feldmann\/wp-json\/wp\/v2\/tags?post=1524"}],"curies":[{"name":"wp","href":"https:\/\/api.w.org\/{rel}","templated":true}]}}