{"id":15169,"date":"2021-12-01T17:07:13","date_gmt":"2021-12-01T17:07:13","guid":{"rendered":"https:\/\/blogs.futura-sciences.com\/feldmann\/?p=15169"},"modified":"2022-01-02T09:44:51","modified_gmt":"2022-01-02T09:44:51","slug":"decembre-2021-voici-ce-que-le-ciel-nocturne-nous-reserve","status":"publish","type":"post","link":"https:\/\/blogs.futura-sciences.com\/feldmann\/2021\/12\/01\/decembre-2021-voici-ce-que-le-ciel-nocturne-nous-reserve\/","title":{"rendered":"D\u00e9cembre 2021 : voici ce que le ciel nocturne nous r\u00e9serve"},"content":{"rendered":"<p style=\"text-align: justify\"><strong>Un alignement plan\u00e9taire le soir, une com\u00e8te en fin de nuit et la plus haute Pleine Lune de l&#8217;ann\u00e9e : en d\u00e9cembre 2021, le ciel est en f\u00eate !\u00a0<\/strong><\/p>\n<h5>Menu c\u00e9leste charg\u00e9 :<\/h5>\n<p>Pour les amoureux des \u00e9toiles, d\u00e9cembre 2021 sera un mois particuli\u00e8rement int\u00e9ressant. Il y en a pour tous les go\u00fbts, que vous soyez en ville ou \u00e0 la campagne. Depuis un jardin ou un balcon, voire une fen\u00eatre ouverte, le ciel nocturne vous d\u00e9voilera ses merveilles. Mais pour que vos soir\u00e9es ne tournent pas au cauchemar, relisez d&#8217;abord mes <a href=\"https:\/\/blogs.futura-sciences.com\/feldmann\/2016\/12\/22\/ciel-dhiver-5-conseils-pour-observer-sans-avoir-froid\/\" target=\"_blank\" rel=\"noopener\">5 conseils pour observer sans avoir froid<\/a> :<\/p>\n<figure id=\"attachment_6935\" aria-describedby=\"caption-attachment-6935\" style=\"width: 450px\" class=\"wp-caption alignnone\"><a href=\"https:\/\/blogs.futura-sciences.com\/feldmann\/wp-content\/uploads\/sites\/9\/2016\/12\/photographe.jpg\" rel=\"lightbox[15169]\"><img loading=\"lazy\" decoding=\"async\" class=\"size-medium wp-image-6935\" src=\"https:\/\/blogs.futura-sciences.com\/feldmann\/wp-content\/uploads\/sites\/9\/2016\/12\/photographe-450x300.jpg\" alt=\"\" width=\"450\" height=\"300\" srcset=\"https:\/\/blogs.futura-sciences.com\/feldmann\/wp-content\/uploads\/sites\/9\/2016\/12\/photographe-450x300.jpg 450w, https:\/\/blogs.futura-sciences.com\/feldmann\/wp-content\/uploads\/sites\/9\/2016\/12\/photographe-768x511.jpg 768w, https:\/\/blogs.futura-sciences.com\/feldmann\/wp-content\/uploads\/sites\/9\/2016\/12\/photographe-1024x682.jpg 1024w, https:\/\/blogs.futura-sciences.com\/feldmann\/wp-content\/uploads\/sites\/9\/2016\/12\/photographe.jpg 1352w\" sizes=\"auto, (max-width: 450px) 100vw, 450px\" \/><\/a><figcaption id=\"caption-attachment-6935\" class=\"wp-caption-text\">En d\u00e9cembre, sortez bien couvert pour admirer le ciel \u00e9toil\u00e9. \u00a9 Jean-Baptiste Feldmann<\/figcaption><\/figure>\n<p>N\u2019oubliez pas non plus d\u2019utiliser la <em><a href=\"https:\/\/www.stelvision.com\/astro\/carte-ciel\/\" target=\"_blank\" rel=\"noopener\">carte du ciel \u00e9toil\u00e9 en temps r\u00e9el<\/a>\u00a0<\/em>pour vous orienter sous les \u00e9toiles. Et si vous venez de faire l\u2019acquisition d\u2019un instrument d\u2019astronomie,\u00a0<a href=\"https:\/\/blogs.futura-sciences.com\/feldmann\/2021\/09\/08\/le-ciel-au-telescope-un-guide-pour-reussir-vos-observations\/\" target=\"_blank\" rel=\"noopener\">le Ciel au t\u00e9lescope<\/a>\u00a0vous sera d\u2019une aide pr\u00e9cieuse.<\/p>\n<p><iframe loading=\"lazy\" title=\"Guide du ciel pour D\u00e9cembre 2021, Com\u00e8te L\u00e9onard en approche !! - \u00c9pisode n\u00b020.\" width=\"474\" height=\"267\" src=\"https:\/\/www.youtube.com\/embed\/fvrAGH-7Plw?feature=oembed\" frameborder=\"0\" allow=\"accelerometer; autoplay; clipboard-write; encrypted-media; gyroscope; picture-in-picture; web-share\" referrerpolicy=\"strict-origin-when-cross-origin\" allowfullscreen><\/iframe><\/p>\n<h5><strong>Nuits de d\u00e9cembre :\u00a0\u00a0<\/strong><\/h5>\n<ul>\n<li>Le 2 et 3 \u00e0 l&#8217;aube, le vieux croissant de Lune chemine \u00e0 proximit\u00e9 de la plan\u00e8te Mars.<\/li>\n<li>Le 3, avant le lever du jour, admirez dans un petit t\u00e9lescope la <a href=\"https:\/\/blogs.futura-sciences.com\/feldmann\/2021\/11\/29\/comete-leonard-la-belle-voyageuse-passe-devant-des-galaxies\/\" target=\"_blank\" rel=\"noopener\">com\u00e8te Leonard<\/a> \u00e0 c\u00f4t\u00e9 de l&#8217;amas globulaire Messier 3 dans les Chiens de Chasse.<\/li>\n<li>Le 4, c&#8217;est la <a href=\"https:\/\/blogs.futura-sciences.com\/feldmann\/2020\/04\/26\/lincroyable-finesse-du-croissant-juste-apres-la-nouvelle-lune\/\" target=\"_blank\" rel=\"noopener\">Nouvelle Lune<\/a>. Elle co\u00efncide avec une <a href=\"https:\/\/blogs.futura-sciences.com\/feldmann\/2017\/08\/23\/video-famille-francaise-soleil-noir\/\" target=\"_blank\" rel=\"noopener\">\u00e9clipse de Soleil<\/a> qui ne sera totale qu&#8217;en Antarctique.<\/li>\n<li>Du 6 au 9, au cr\u00e9puscule, le fin croissant de Lune escalade l&#8217;\u00e9cliptique \u00e0 proximit\u00e9 de l&#8217;<a href=\"https:\/\/blogs.futura-sciences.com\/feldmann\/2021\/11\/26\/suivez-le-spectaculaire-alignement-planetaire-de-cette-fin-dannee\/\" target=\"_blank\" rel=\"noopener\">alignement plan\u00e9taire V\u00e9nus-Saturne-Jupiter<\/a> (d&#8217;Ouest en Est).<\/li>\n<\/ul>\n<figure id=\"attachment_15149\" aria-describedby=\"caption-attachment-15149\" style=\"width: 450px\" class=\"wp-caption alignnone\"><a href=\"https:\/\/blogs.futura-sciences.com\/feldmann\/wp-content\/uploads\/sites\/9\/2021\/11\/stonehenge_planetes.jpg\" rel=\"lightbox[15169]\"><img loading=\"lazy\" decoding=\"async\" class=\"size-medium wp-image-15149\" src=\"https:\/\/blogs.futura-sciences.com\/feldmann\/wp-content\/uploads\/sites\/9\/2021\/11\/stonehenge_planetes-450x270.jpg\" alt=\"\" width=\"450\" height=\"270\" srcset=\"https:\/\/blogs.futura-sciences.com\/feldmann\/wp-content\/uploads\/sites\/9\/2021\/11\/stonehenge_planetes-450x270.jpg 450w, https:\/\/blogs.futura-sciences.com\/feldmann\/wp-content\/uploads\/sites\/9\/2021\/11\/stonehenge_planetes-1024x614.jpg 1024w, https:\/\/blogs.futura-sciences.com\/feldmann\/wp-content\/uploads\/sites\/9\/2021\/11\/stonehenge_planetes-768x460.jpg 768w, https:\/\/blogs.futura-sciences.com\/feldmann\/wp-content\/uploads\/sites\/9\/2021\/11\/stonehenge_planetes.jpg 1500w\" sizes=\"auto, (max-width: 450px) 100vw, 450px\" \/><\/a><figcaption id=\"caption-attachment-15149\" class=\"wp-caption-text\">Jupiter, Saturne et V\u00e9nus le 22\/11 au-dessus de Stonehenge. \u00a9 Stonehenge Dronescapes<\/figcaption><\/figure>\n<ul>\n<li>Le 11, c&#8217;est le Premier Quartier de Lune. Mais <a href=\"https:\/\/blogs.futura-sciences.com\/feldmann\/2018\/03\/25\/voit-on-lors-dun-premier-quartier-de-lune\/\" target=\"_blank\" rel=\"noopener\">que voit-on lors d&#8217;un Premier Quartier de Lune<\/a> ?<\/li>\n<li>Le 12, la com\u00e8te Leonard passe au plus pr\u00e8s de la Terre. Elle est observable sur l&#8217;horizon Est avant le lever du jour.<\/li>\n<li>Le 14, c&#8217;est le maximum d&#8217;activit\u00e9 des <a href=\"https:\/\/www.futura-sciences.com\/sciences\/definitions\/comete-geminides-16863\/\" target=\"_blank\" rel=\"noopener\">G\u00e9minides<\/a>. En raison de la pr\u00e9sence de la Lune, il faut attendre la seconde partie de nuit pour l&#8217;observer.<\/li>\n<\/ul>\n<figure id=\"attachment_4519\" aria-describedby=\"caption-attachment-4519\" style=\"width: 450px\" class=\"wp-caption alignnone\"><a href=\"https:\/\/blogs.futura-sciences.com\/feldmann\/wp-content\/uploads\/sites\/9\/2015\/12\/geminides1.jpg\" rel=\"lightbox[15169]\"><img loading=\"lazy\" decoding=\"async\" class=\"size-medium wp-image-4519\" src=\"https:\/\/blogs.futura-sciences.com\/feldmann\/wp-content\/uploads\/sites\/9\/2015\/12\/geminides1-450x308.jpg\" alt=\"\" width=\"450\" height=\"308\" srcset=\"https:\/\/blogs.futura-sciences.com\/feldmann\/wp-content\/uploads\/sites\/9\/2015\/12\/geminides1-450x308.jpg 450w, https:\/\/blogs.futura-sciences.com\/feldmann\/wp-content\/uploads\/sites\/9\/2015\/12\/geminides1.jpg 825w\" sizes=\"auto, (max-width: 450px) 100vw, 450px\" \/><\/a><figcaption id=\"caption-attachment-4519\" class=\"wp-caption-text\">Pluie de G\u00e9minides depuis l\u2019Observatoire de Las Campanas au Chili. \u00a9 Yuri Beletsky<\/figcaption><\/figure>\n<ul>\n<li>La nuit du 18 au 19, la plus haute <a href=\"https:\/\/blogs.futura-sciences.com\/feldmann\/2020\/04\/09\/la-plus-grosse-pleine-lune-de-lannee-en-images\/\" target=\"_blank\" rel=\"noopener\">Pleine Lune<\/a> de l&#8217;ann\u00e9e passe au-dessus de votre t\u00eate.<\/li>\n<li>Le 21, c&#8217;est le <a href=\"https:\/\/www.futura-sciences.com\/sciences\/definitions\/univers-solstice-992\/\" target=\"_blank\" rel=\"noopener\">solstice<\/a> de d\u00e9cembre, d\u00e9but de l&#8217;hiver dans l&#8217;h\u00e9misph\u00e8re nord.<\/li>\n<li>Le 27, c&#8217;est le <a href=\"https:\/\/blogs.futura-sciences.com\/feldmann\/2017\/01\/19\/dernier-quartier-de-lune-au-dessus-de-jupiter-et-de-spica\/\" target=\"_blank\" rel=\"noopener\">Dernier Quartier<\/a>. La Lune se levant de plus en plus tard, profitez des derni\u00e8res soir\u00e9es de l&#8217;ann\u00e9e pour admirer le retour de la belle <a href=\"https:\/\/blogs.futura-sciences.com\/feldmann\/2019\/05\/10\/a-pompei-une-mosaique-illustre-le-mythe-dorion-et-du-scorpion\/\" target=\"_blank\" rel=\"noopener\">constellation d&#8217;Orion<\/a>.<\/li>\n<\/ul>\n<figure id=\"attachment_14778\" aria-describedby=\"caption-attachment-14778\" style=\"width: 450px\" class=\"wp-caption alignnone\"><a href=\"https:\/\/blogs.futura-sciences.com\/feldmann\/wp-content\/uploads\/sites\/9\/2019\/09\/orion.jpg\" rel=\"lightbox[15169]\"><img loading=\"lazy\" decoding=\"async\" class=\"size-medium wp-image-14778\" src=\"https:\/\/blogs.futura-sciences.com\/feldmann\/wp-content\/uploads\/sites\/9\/2019\/09\/orion-450x270.jpg\" alt=\"\" width=\"450\" height=\"270\" srcset=\"https:\/\/blogs.futura-sciences.com\/feldmann\/wp-content\/uploads\/sites\/9\/2019\/09\/orion-450x270.jpg 450w, https:\/\/blogs.futura-sciences.com\/feldmann\/wp-content\/uploads\/sites\/9\/2019\/09\/orion-1024x614.jpg 1024w, https:\/\/blogs.futura-sciences.com\/feldmann\/wp-content\/uploads\/sites\/9\/2019\/09\/orion-768x460.jpg 768w, https:\/\/blogs.futura-sciences.com\/feldmann\/wp-content\/uploads\/sites\/9\/2019\/09\/orion.jpg 1500w\" sizes=\"auto, (max-width: 450px) 100vw, 450px\" \/><\/a><figcaption id=\"caption-attachment-14778\" class=\"wp-caption-text\">Admirez la constellation d&#8217;Orion avec une paire de jumelles. \u00a9 Jean-Baptiste Feldmann<\/figcaption><\/figure>\n<h5>Vous pourriez aimer :<\/h5>\n<ul>\n<li><a href=\"https:\/\/blogs.futura-sciences.com\/feldmann\/2021\/11\/13\/la-comete-leonard-pourrait-devenir-la-plus-brillante-de-lannee\/\" target=\"_blank\" rel=\"noopener\">La com\u00e8te Leonard pourrait devenir la plus brillante de l&#8217;ann\u00e9e<\/a><\/li>\n<li><a href=\"https:\/\/blogs.futura-sciences.com\/feldmann\/2021\/11\/26\/suivez-le-spectaculaire-alignement-planetaire-de-cette-fin-dannee\/\" target=\"_blank\" rel=\"noopener\">Spectaculaire alignement plan\u00e9taire en cette fin d&#8217;ann\u00e9e<\/a><\/li>\n<li><a href=\"https:\/\/blogs.futura-sciences.com\/feldmann\/2021\/11\/24\/comment-photographier-le-ciel-nocturne-avec-un-smartphone\/\" target=\"_blank\" rel=\"noopener\">Comment photographier le ciel nocturne avec un smartphone<\/a><\/li>\n<\/ul>\n<p>Suivez l\u2019actualit\u00e9 astronomique et d\u00e9couvrez mes images du ciel en vous abonnant \u00e0 Cielmania sur\u00a0<a href=\"https:\/\/www.facebook.com\/cielmania\/\" target=\"_blank\" rel=\"noopener noreferrer\">Facebook<\/a>\u00a0ou\u00a0<a href=\"https:\/\/twitter.com\/cielmania\" target=\"_blank\" rel=\"noopener noreferrer\">Twitter<\/a>.<\/p>\n<!-- AddThis Advanced Settings generic via filter on the_content --><!-- AddThis Share Buttons generic via filter on the_content -->","protected":false},"excerpt":{"rendered":"<p>Un alignement plan\u00e9taire le soir, une com\u00e8te en fin de nuit et la plus haute Pleine Lune de l&#8217;ann\u00e9e : en d\u00e9cembre 2021, le ciel est en f\u00eate !\u00a0 Menu c\u00e9leste charg\u00e9 : Pour les amoureux des \u00e9toiles, d\u00e9cembre 2021 sera un mois particuli\u00e8rement int\u00e9ressant. Il y en a pour tous les go\u00fbts, que vous &hellip; <a href=\"https:\/\/blogs.futura-sciences.com\/feldmann\/2021\/12\/01\/decembre-2021-voici-ce-que-le-ciel-nocturne-nous-reserve\/\" class=\"more-link\">Continuer la lecture de <span class=\"screen-reader-text\">D\u00e9cembre 2021 : voici ce que le ciel nocturne nous r\u00e9serve<\/span>  <span class=\"meta-nav\">&rarr;<\/span><\/a><!-- AddThis Advanced Settings generic via filter on get_the_excerpt --><!-- AddThis Share Buttons generic via filter on get_the_excerpt --><\/p>\n","protected":false},"author":8,"featured_media":15208,"comment_status":"open","ping_status":"open","sticky":false,"template":"","format":"standard","meta":{"footnotes":"","_links_to":"","_links_to_target":""},"categories":[509],"tags":[149],"class_list":["post-15169","post","type-post","status-publish","format-standard","has-post-thumbnail","hentry","category-actualites","tag-ephemerides"],"yoast_head":"<!-- This site is optimized with the Yoast SEO plugin v24.1 - https:\/\/yoast.com\/wordpress\/plugins\/seo\/ -->\n<title>D\u00e9cembre 2021 : voici ce que le ciel nocturne nous r\u00e9serve<\/title>\n<meta name=\"description\" content=\"Un alignement plan\u00e9taire le soir, une com\u00e8te en fin de nuit et la plus haute Pleine Lune de l&#039;ann\u00e9e : en d\u00e9cembre 2021, le ciel est en f\u00eate !\u00a0\" \/>\n<meta name=\"robots\" content=\"index, follow, max-snippet:-1, max-image-preview:large, max-video-preview:-1\" \/>\n<link rel=\"canonical\" href=\"https:\/\/blogs.futura-sciences.com\/feldmann\/2021\/12\/01\/decembre-2021-voici-ce-que-le-ciel-nocturne-nous-reserve\/\" \/>\n<meta property=\"og:locale\" content=\"fr_FR\" \/>\n<meta property=\"og:type\" content=\"article\" \/>\n<meta property=\"og:title\" content=\"D\u00e9cembre 2021 : voici ce que le ciel nocturne nous r\u00e9serve\" \/>\n<meta property=\"og:description\" content=\"Un alignement plan\u00e9taire le soir, une com\u00e8te en fin de nuit et la plus haute Pleine Lune de l&#039;ann\u00e9e : en d\u00e9cembre 2021, le ciel est en f\u00eate !\u00a0\" \/>\n<meta property=\"og:url\" content=\"https:\/\/blogs.futura-sciences.com\/feldmann\/2021\/12\/01\/decembre-2021-voici-ce-que-le-ciel-nocturne-nous-reserve\/\" \/>\n<meta property=\"og:site_name\" content=\"CIELMANIA : le blog de Jean-Baptiste FELDMANN, photographe du ciel\" \/>\n<meta property=\"article:published_time\" content=\"2021-12-01T17:07:13+00:00\" \/>\n<meta property=\"article:modified_time\" content=\"2022-01-02T09:44:51+00:00\" \/>\n<meta property=\"og:image\" content=\"https:\/\/blogs.futura-sciences.com\/feldmann\/wp-content\/uploads\/sites\/9\/2021\/12\/ephemerides.jpg\" \/>\n\t<meta property=\"og:image:width\" content=\"1500\" \/>\n\t<meta property=\"og:image:height\" content=\"901\" \/>\n\t<meta property=\"og:image:type\" content=\"image\/jpeg\" \/>\n<meta name=\"author\" content=\"Jean-Baptiste FELDMANN\" \/>\n<meta name=\"twitter:card\" content=\"summary_large_image\" \/>\n<meta name=\"twitter:label1\" content=\"\u00c9crit par\" \/>\n\t<meta name=\"twitter:data1\" content=\"Jean-Baptiste FELDMANN\" \/>\n\t<meta name=\"twitter:label2\" content=\"Dur\u00e9e de lecture estim\u00e9e\" \/>\n\t<meta name=\"twitter:data2\" content=\"3 minutes\" \/>\n<script type=\"application\/ld+json\" class=\"yoast-schema-graph\">{\"@context\":\"https:\/\/schema.org\",\"@graph\":[{\"@type\":\"WebPage\",\"@id\":\"https:\/\/blogs.futura-sciences.com\/feldmann\/2021\/12\/01\/decembre-2021-voici-ce-que-le-ciel-nocturne-nous-reserve\/\",\"url\":\"https:\/\/blogs.futura-sciences.com\/feldmann\/2021\/12\/01\/decembre-2021-voici-ce-que-le-ciel-nocturne-nous-reserve\/\",\"name\":\"D\u00e9cembre 2021 : voici ce que le ciel nocturne nous r\u00e9serve\",\"isPartOf\":{\"@id\":\"https:\/\/blogs.futura-sciences.com\/feldmann\/#website\"},\"primaryImageOfPage\":{\"@id\":\"https:\/\/blogs.futura-sciences.com\/feldmann\/2021\/12\/01\/decembre-2021-voici-ce-que-le-ciel-nocturne-nous-reserve\/#primaryimage\"},\"image\":{\"@id\":\"https:\/\/blogs.futura-sciences.com\/feldmann\/2021\/12\/01\/decembre-2021-voici-ce-que-le-ciel-nocturne-nous-reserve\/#primaryimage\"},\"thumbnailUrl\":\"https:\/\/blogs.futura-sciences.com\/feldmann\/wp-content\/uploads\/sites\/9\/2021\/12\/ephemerides.jpg\",\"datePublished\":\"2021-12-01T17:07:13+00:00\",\"dateModified\":\"2022-01-02T09:44:51+00:00\",\"author\":{\"@id\":\"https:\/\/blogs.futura-sciences.com\/feldmann\/#\/schema\/person\/62b391b709c307783237b759b62731ea\"},\"description\":\"Un alignement plan\u00e9taire le soir, une com\u00e8te en fin de nuit et la plus haute Pleine Lune de l'ann\u00e9e : en d\u00e9cembre 2021, le ciel est en f\u00eate !\u00a0\",\"inLanguage\":\"fr-FR\",\"potentialAction\":[{\"@type\":\"ReadAction\",\"target\":[\"https:\/\/blogs.futura-sciences.com\/feldmann\/2021\/12\/01\/decembre-2021-voici-ce-que-le-ciel-nocturne-nous-reserve\/\"]}]},{\"@type\":\"ImageObject\",\"inLanguage\":\"fr-FR\",\"@id\":\"https:\/\/blogs.futura-sciences.com\/feldmann\/2021\/12\/01\/decembre-2021-voici-ce-que-le-ciel-nocturne-nous-reserve\/#primaryimage\",\"url\":\"https:\/\/blogs.futura-sciences.com\/feldmann\/wp-content\/uploads\/sites\/9\/2021\/12\/ephemerides.jpg\",\"contentUrl\":\"https:\/\/blogs.futura-sciences.com\/feldmann\/wp-content\/uploads\/sites\/9\/2021\/12\/ephemerides.jpg\",\"width\":1500,\"height\":901},{\"@type\":\"WebSite\",\"@id\":\"https:\/\/blogs.futura-sciences.com\/feldmann\/#website\",\"url\":\"https:\/\/blogs.futura-sciences.com\/feldmann\/\",\"name\":\"CIELMANIA : le blog de Jean-Baptiste FELDMANN, photographe du ciel\",\"description\":\"&quot;J&#039;ai en moi un besoin terrible. Dirais-je le mot? La religion. Alors, je sors la nuit et je peins des \u00e9toiles.&quot;  Vincent van Gogh\",\"potentialAction\":[{\"@type\":\"SearchAction\",\"target\":{\"@type\":\"EntryPoint\",\"urlTemplate\":\"https:\/\/blogs.futura-sciences.com\/feldmann\/?s={search_term_string}\"},\"query-input\":{\"@type\":\"PropertyValueSpecification\",\"valueRequired\":true,\"valueName\":\"search_term_string\"}}],\"inLanguage\":\"fr-FR\"},{\"@type\":\"Person\",\"@id\":\"https:\/\/blogs.futura-sciences.com\/feldmann\/#\/schema\/person\/62b391b709c307783237b759b62731ea\",\"name\":\"Jean-Baptiste FELDMANN\",\"image\":{\"@type\":\"ImageObject\",\"inLanguage\":\"fr-FR\",\"@id\":\"https:\/\/blogs.futura-sciences.com\/feldmann\/#\/schema\/person\/image\/\",\"url\":\"https:\/\/secure.gravatar.com\/avatar\/41f96607fde7a81a14570eec74177c42?s=96&d=mm&r=g\",\"contentUrl\":\"https:\/\/secure.gravatar.com\/avatar\/41f96607fde7a81a14570eec74177c42?s=96&d=mm&r=g\",\"caption\":\"Jean-Baptiste FELDMANN\"},\"url\":\"https:\/\/blogs.futura-sciences.com\/feldmann\/author\/jbfe\/\"}]}<\/script>\n<!-- \/ Yoast SEO plugin. -->","yoast_head_json":{"title":"D\u00e9cembre 2021 : voici ce que le ciel nocturne nous r\u00e9serve","description":"Un alignement plan\u00e9taire le soir, une com\u00e8te en fin de nuit et la plus haute Pleine Lune de l'ann\u00e9e : en d\u00e9cembre 2021, le ciel est en f\u00eate !\u00a0","robots":{"index":"index","follow":"follow","max-snippet":"max-snippet:-1","max-image-preview":"max-image-preview:large","max-video-preview":"max-video-preview:-1"},"canonical":"https:\/\/blogs.futura-sciences.com\/feldmann\/2021\/12\/01\/decembre-2021-voici-ce-que-le-ciel-nocturne-nous-reserve\/","og_locale":"fr_FR","og_type":"article","og_title":"D\u00e9cembre 2021 : voici ce que le ciel nocturne nous r\u00e9serve","og_description":"Un alignement plan\u00e9taire le soir, une com\u00e8te en fin de nuit et la plus haute Pleine Lune de l'ann\u00e9e : en d\u00e9cembre 2021, le ciel est en f\u00eate !\u00a0","og_url":"https:\/\/blogs.futura-sciences.com\/feldmann\/2021\/12\/01\/decembre-2021-voici-ce-que-le-ciel-nocturne-nous-reserve\/","og_site_name":"CIELMANIA : le blog de Jean-Baptiste FELDMANN, photographe du ciel","article_published_time":"2021-12-01T17:07:13+00:00","article_modified_time":"2022-01-02T09:44:51+00:00","og_image":[{"width":1500,"height":901,"url":"https:\/\/blogs.futura-sciences.com\/feldmann\/wp-content\/uploads\/sites\/9\/2021\/12\/ephemerides.jpg","type":"image\/jpeg"}],"author":"Jean-Baptiste FELDMANN","twitter_card":"summary_large_image","twitter_misc":{"\u00c9crit par":"Jean-Baptiste FELDMANN","Dur\u00e9e de lecture estim\u00e9e":"3 minutes"},"schema":{"@context":"https:\/\/schema.org","@graph":[{"@type":"WebPage","@id":"https:\/\/blogs.futura-sciences.com\/feldmann\/2021\/12\/01\/decembre-2021-voici-ce-que-le-ciel-nocturne-nous-reserve\/","url":"https:\/\/blogs.futura-sciences.com\/feldmann\/2021\/12\/01\/decembre-2021-voici-ce-que-le-ciel-nocturne-nous-reserve\/","name":"D\u00e9cembre 2021 : voici ce que le ciel nocturne nous r\u00e9serve","isPartOf":{"@id":"https:\/\/blogs.futura-sciences.com\/feldmann\/#website"},"primaryImageOfPage":{"@id":"https:\/\/blogs.futura-sciences.com\/feldmann\/2021\/12\/01\/decembre-2021-voici-ce-que-le-ciel-nocturne-nous-reserve\/#primaryimage"},"image":{"@id":"https:\/\/blogs.futura-sciences.com\/feldmann\/2021\/12\/01\/decembre-2021-voici-ce-que-le-ciel-nocturne-nous-reserve\/#primaryimage"},"thumbnailUrl":"https:\/\/blogs.futura-sciences.com\/feldmann\/wp-content\/uploads\/sites\/9\/2021\/12\/ephemerides.jpg","datePublished":"2021-12-01T17:07:13+00:00","dateModified":"2022-01-02T09:44:51+00:00","author":{"@id":"https:\/\/blogs.futura-sciences.com\/feldmann\/#\/schema\/person\/62b391b709c307783237b759b62731ea"},"description":"Un alignement plan\u00e9taire le soir, une com\u00e8te en fin de nuit et la plus haute Pleine Lune de l'ann\u00e9e : en d\u00e9cembre 2021, le ciel est en f\u00eate !\u00a0","inLanguage":"fr-FR","potentialAction":[{"@type":"ReadAction","target":["https:\/\/blogs.futura-sciences.com\/feldmann\/2021\/12\/01\/decembre-2021-voici-ce-que-le-ciel-nocturne-nous-reserve\/"]}]},{"@type":"ImageObject","inLanguage":"fr-FR","@id":"https:\/\/blogs.futura-sciences.com\/feldmann\/2021\/12\/01\/decembre-2021-voici-ce-que-le-ciel-nocturne-nous-reserve\/#primaryimage","url":"https:\/\/blogs.futura-sciences.com\/feldmann\/wp-content\/uploads\/sites\/9\/2021\/12\/ephemerides.jpg","contentUrl":"https:\/\/blogs.futura-sciences.com\/feldmann\/wp-content\/uploads\/sites\/9\/2021\/12\/ephemerides.jpg","width":1500,"height":901},{"@type":"WebSite","@id":"https:\/\/blogs.futura-sciences.com\/feldmann\/#website","url":"https:\/\/blogs.futura-sciences.com\/feldmann\/","name":"CIELMANIA : le blog de Jean-Baptiste FELDMANN, photographe du ciel","description":"&quot;J&#039;ai en moi un besoin terrible. Dirais-je le mot? La religion. Alors, je sors la nuit et je peins des \u00e9toiles.&quot;  Vincent van Gogh","potentialAction":[{"@type":"SearchAction","target":{"@type":"EntryPoint","urlTemplate":"https:\/\/blogs.futura-sciences.com\/feldmann\/?s={search_term_string}"},"query-input":{"@type":"PropertyValueSpecification","valueRequired":true,"valueName":"search_term_string"}}],"inLanguage":"fr-FR"},{"@type":"Person","@id":"https:\/\/blogs.futura-sciences.com\/feldmann\/#\/schema\/person\/62b391b709c307783237b759b62731ea","name":"Jean-Baptiste FELDMANN","image":{"@type":"ImageObject","inLanguage":"fr-FR","@id":"https:\/\/blogs.futura-sciences.com\/feldmann\/#\/schema\/person\/image\/","url":"https:\/\/secure.gravatar.com\/avatar\/41f96607fde7a81a14570eec74177c42?s=96&d=mm&r=g","contentUrl":"https:\/\/secure.gravatar.com\/avatar\/41f96607fde7a81a14570eec74177c42?s=96&d=mm&r=g","caption":"Jean-Baptiste FELDMANN"},"url":"https:\/\/blogs.futura-sciences.com\/feldmann\/author\/jbfe\/"}]}},"_links":{"self":[{"href":"https:\/\/blogs.futura-sciences.com\/feldmann\/wp-json\/wp\/v2\/posts\/15169","targetHints":{"allow":["GET"]}}],"collection":[{"href":"https:\/\/blogs.futura-sciences.com\/feldmann\/wp-json\/wp\/v2\/posts"}],"about":[{"href":"https:\/\/blogs.futura-sciences.com\/feldmann\/wp-json\/wp\/v2\/types\/post"}],"author":[{"embeddable":true,"href":"https:\/\/blogs.futura-sciences.com\/feldmann\/wp-json\/wp\/v2\/users\/8"}],"replies":[{"embeddable":true,"href":"https:\/\/blogs.futura-sciences.com\/feldmann\/wp-json\/wp\/v2\/comments?post=15169"}],"version-history":[{"count":12,"href":"https:\/\/blogs.futura-sciences.com\/feldmann\/wp-json\/wp\/v2\/posts\/15169\/revisions"}],"predecessor-version":[{"id":15228,"href":"https:\/\/blogs.futura-sciences.com\/feldmann\/wp-json\/wp\/v2\/posts\/15169\/revisions\/15228"}],"wp:featuredmedia":[{"embeddable":true,"href":"https:\/\/blogs.futura-sciences.com\/feldmann\/wp-json\/wp\/v2\/media\/15208"}],"wp:attachment":[{"href":"https:\/\/blogs.futura-sciences.com\/feldmann\/wp-json\/wp\/v2\/media?parent=15169"}],"wp:term":[{"taxonomy":"category","embeddable":true,"href":"https:\/\/blogs.futura-sciences.com\/feldmann\/wp-json\/wp\/v2\/categories?post=15169"},{"taxonomy":"post_tag","embeddable":true,"href":"https:\/\/blogs.futura-sciences.com\/feldmann\/wp-json\/wp\/v2\/tags?post=15169"}],"curies":[{"name":"wp","href":"https:\/\/api.w.org\/{rel}","templated":true}]}}