{"id":14377,"date":"2021-07-15T09:22:10","date_gmt":"2021-07-15T09:22:10","guid":{"rendered":"https:\/\/blogs.futura-sciences.com\/feldmann\/?p=14377"},"modified":"2021-08-04T16:55:22","modified_gmt":"2021-08-04T16:55:22","slug":"dans-la-dombes-la-lune-et-venus-echappent-a-la-grisaille","status":"publish","type":"post","link":"https:\/\/blogs.futura-sciences.com\/feldmann\/2021\/07\/15\/dans-la-dombes-la-lune-et-venus-echappent-a-la-grisaille\/","title":{"rendered":"Dans la Dombes, La Lune et V\u00e9nus \u00e9chappent \u00e0 la grisaille"},"content":{"rendered":"<p><strong>Un s\u00e9jour dans la Dombes, une \u00e9claircie inesp\u00e9r\u00e9e, et voici le jeune croissant de Lune qui fait une br\u00e8ve apparition, tout comme V\u00e9nus.<\/strong><\/p>\n<h5>Le pays des mille \u00e9tangs :<\/h5>\n<p>Au Nord-Est de Lyon, la Dombes est un territoire marqu\u00e9 par une forte densit\u00e9 de plans d&#8217;eau. Premi\u00e8re r\u00e9gion fran\u00e7aise de pisciculture en eau douce, on la surnomme le pays aux mille \u00e9tangs. Je ne les ai pas d\u00e9nombr\u00e9, mais je dois avouer qu&#8217;ils sont tr\u00e8s nombreux \u00e0 se d\u00e9voiler au cours des promenades. Leur pr\u00e9sence est \u00e0 l&#8217;origine d&#8217;une faune et d&#8217;une flore d&#8217;exception.<\/p>\n<figure id=\"attachment_14378\" aria-describedby=\"caption-attachment-14378\" style=\"width: 450px\" class=\"wp-caption alignnone\"><a href=\"https:\/\/blogs.futura-sciences.com\/feldmann\/wp-content\/uploads\/sites\/9\/2021\/07\/dombes.jpg\" rel=\"lightbox[14377]\"><img loading=\"lazy\" decoding=\"async\" class=\"size-medium wp-image-14378\" src=\"https:\/\/blogs.futura-sciences.com\/feldmann\/wp-content\/uploads\/sites\/9\/2021\/07\/dombes-450x270.jpg\" alt=\"\" width=\"450\" height=\"270\" srcset=\"https:\/\/blogs.futura-sciences.com\/feldmann\/wp-content\/uploads\/sites\/9\/2021\/07\/dombes-450x270.jpg 450w, https:\/\/blogs.futura-sciences.com\/feldmann\/wp-content\/uploads\/sites\/9\/2021\/07\/dombes-1024x614.jpg 1024w, https:\/\/blogs.futura-sciences.com\/feldmann\/wp-content\/uploads\/sites\/9\/2021\/07\/dombes-768x460.jpg 768w, https:\/\/blogs.futura-sciences.com\/feldmann\/wp-content\/uploads\/sites\/9\/2021\/07\/dombes.jpg 1501w\" sizes=\"auto, (max-width: 450px) 100vw, 450px\" \/><\/a><figcaption id=\"caption-attachment-14378\" class=\"wp-caption-text\">Dans la soir\u00e9e du 13 juillet 2021, dans la Dombes, les nuages ont fait place au jeune croissant de Lune. La plan\u00e8te V\u00e9nus est visible \u00e0 droite. \u00a9 Jean-Baptiste Feldmann<\/figcaption><\/figure>\n<p>Mais ce paradis pour les oiseaux est aussi celui des moustiques ! Faire de la photographie en soir\u00e9e au bord d&#8217;un plan d&#8217;eau n\u00e9cessite donc de bien se prot\u00e9ger.<!--more--><\/p>\n<h5>Des astres et des oiseaux :<\/h5>\n<p>Ce 13 juillet 2021, au milieu d&#8217;une semaine particuli\u00e8rement pluvieuse, j&#8217;ai profit\u00e9 d&#8217;une \u00e9claircie. Je me suis rendu au bord d&#8217;un \u00e9tang avec ma compagne. Un concert d&#8217;oiseaux d&#8217;eau (h\u00e9rons, grues, oies cendr\u00e9es&#8230;) accompagnait cette fin de journ\u00e9e. La pluie avait enfin cess\u00e9 et la Dombes semblait fumer de toutes parts. Vers l&#8217;Ouest, le jeune croissant de Lune est enfin apparu, accompagn\u00e9 d&#8217;un peu de <a href=\"https:\/\/blogs.futura-sciences.com\/feldmann\/2019\/11\/25\/leonard-de-vinci-fut-le-premier-a-expliquer-la-lumiere-cendree\/\" target=\"_blank\" rel=\"noopener\">lumi\u00e8re cendr\u00e9e<\/a>. Plus \u00e0 droite, c&#8217;est <a href=\"https:\/\/blogs.futura-sciences.com\/feldmann\/2020\/05\/30\/venus-sapproche-sous-la-forme-dun-tres-fin-croissant\/\" target=\"_blank\" rel=\"noopener\">V\u00e9nus<\/a> qui \u00e9tincelait. \u00c0 ses c\u00f4t\u00e9s se trouvait la plan\u00e8te <a href=\"https:\/\/blogs.futura-sciences.com\/feldmann\/2021\/02\/19\/de-lowell-a-perseverance-la-planete-mars-nous-a-toujours-fait-rever\/\" target=\"_blank\" rel=\"noopener\">Mars<\/a>, trop faible pour \u00eatre visible dans un ciel si clair. Le clich\u00e9 a \u00e9t\u00e9 r\u00e9alis\u00e9 avec un bo\u00eetier Panasonic FZ82, focale de 40 millim\u00e8tres, 100 iso, pose de 4 secondes.<\/p>\n<h5>Vous pourriez aimer :<\/h5>\n<ul>\n<li><a href=\"https:\/\/blogs.futura-sciences.com\/feldmann\/2020\/07\/23\/jeune-croissant-de-lune-sur-le-chateau-de-montmelas\/\" target=\"_blank\" rel=\"noopener\">Jeune croissant de Lune sur le ch\u00e2teau de Montmelas<\/a><\/li>\n<li><a href=\"https:\/\/blogs.futura-sciences.com\/feldmann\/2020\/05\/22\/une-danseuse-aux-cotes-des-planetes-venus-et-mercure\/\" target=\"_blank\" rel=\"noopener\">Une danseuse aux c\u00f4t\u00e9s des plan\u00e8tes V\u00e9nus et Mercure<\/a><\/li>\n<li><a href=\"https:\/\/blogs.futura-sciences.com\/feldmann\/2019\/07\/02\/la-lumiere-cendree-joyau-de-chaque-nouvelle-lunaison\/\" target=\"_blank\" rel=\"noopener\">Admirez la lumi\u00e8re cendr\u00e9e, joyau de chaque nouvelle lunaison<\/a><\/li>\n<\/ul>\n<p>Suivez l\u2019actualit\u00e9 astronomique et d\u00e9couvrez mes images du ciel en vous abonnant \u00e0 Cielmania sur <a href=\"https:\/\/www.facebook.com\/cielmania\/\" target=\"_blank\" rel=\"noopener noreferrer\">Facebook<\/a>\u00a0ou\u00a0<a href=\"https:\/\/twitter.com\/cielmania\" target=\"_blank\" rel=\"noopener noreferrer\">Twitter<\/a>.<\/p>\n<!-- AddThis Advanced Settings generic via filter on the_content --><!-- AddThis Share Buttons generic via filter on the_content -->","protected":false},"excerpt":{"rendered":"<p>Un s\u00e9jour dans la Dombes, une \u00e9claircie inesp\u00e9r\u00e9e, et voici le jeune croissant de Lune qui fait une br\u00e8ve apparition, tout comme V\u00e9nus. Le pays des mille \u00e9tangs : Au Nord-Est de Lyon, la Dombes est un territoire marqu\u00e9 par une forte densit\u00e9 de plans d&#8217;eau. Premi\u00e8re r\u00e9gion fran\u00e7aise de pisciculture en eau douce, on &hellip; <a href=\"https:\/\/blogs.futura-sciences.com\/feldmann\/2021\/07\/15\/dans-la-dombes-la-lune-et-venus-echappent-a-la-grisaille\/\" class=\"more-link\">Continuer la lecture de <span class=\"screen-reader-text\">Dans la Dombes, La Lune et V\u00e9nus \u00e9chappent \u00e0 la grisaille<\/span>  <span class=\"meta-nav\">&rarr;<\/span><\/a><!-- AddThis Advanced Settings generic via filter on get_the_excerpt --><!-- AddThis Share Buttons generic via filter on get_the_excerpt --><\/p>\n","protected":false},"author":8,"featured_media":14378,"comment_status":"open","ping_status":"open","sticky":false,"template":"","format":"standard","meta":{"footnotes":"","_links_to":"","_links_to_target":""},"categories":[83],"tags":[3058,2632,159],"class_list":["post-14377","post","type-post","status-publish","format-standard","has-post-thumbnail","hentry","category-la-lune","tag-dombes","tag-on-the-moon","tag-venus"],"yoast_head":"<!-- This site is optimized with the Yoast SEO plugin v24.1 - https:\/\/yoast.com\/wordpress\/plugins\/seo\/ -->\n<title>Dans la Dombes, La Lune et V\u00e9nus \u00e9chappent \u00e0 la grisaille<\/title>\n<meta name=\"description\" content=\"Un s\u00e9jour dans la Dombes, une \u00e9claircie inesp\u00e9r\u00e9e, et voici le jeune croissant de Lune qui fait une br\u00e8ve apparition, tout comme V\u00e9nus.\" \/>\n<meta name=\"robots\" content=\"index, follow, max-snippet:-1, max-image-preview:large, max-video-preview:-1\" \/>\n<link rel=\"canonical\" href=\"https:\/\/blogs.futura-sciences.com\/feldmann\/2021\/07\/15\/dans-la-dombes-la-lune-et-venus-echappent-a-la-grisaille\/\" \/>\n<meta property=\"og:locale\" content=\"fr_FR\" \/>\n<meta property=\"og:type\" content=\"article\" \/>\n<meta property=\"og:title\" content=\"Dans la Dombes, La Lune et V\u00e9nus \u00e9chappent \u00e0 la grisaille\" \/>\n<meta property=\"og:description\" content=\"Un s\u00e9jour dans la Dombes, une \u00e9claircie inesp\u00e9r\u00e9e, et voici le jeune croissant de Lune qui fait une br\u00e8ve apparition, tout comme V\u00e9nus.\" \/>\n<meta property=\"og:url\" content=\"https:\/\/blogs.futura-sciences.com\/feldmann\/2021\/07\/15\/dans-la-dombes-la-lune-et-venus-echappent-a-la-grisaille\/\" \/>\n<meta property=\"og:site_name\" content=\"CIELMANIA : le blog de Jean-Baptiste FELDMANN, photographe du ciel\" \/>\n<meta property=\"article:published_time\" content=\"2021-07-15T09:22:10+00:00\" \/>\n<meta property=\"article:modified_time\" content=\"2021-08-04T16:55:22+00:00\" \/>\n<meta property=\"og:image\" content=\"https:\/\/blogs.futura-sciences.com\/feldmann\/wp-content\/uploads\/sites\/9\/2021\/07\/dombes.jpg\" \/>\n\t<meta property=\"og:image:width\" content=\"1501\" \/>\n\t<meta property=\"og:image:height\" content=\"900\" \/>\n\t<meta property=\"og:image:type\" content=\"image\/jpeg\" \/>\n<meta name=\"author\" content=\"Jean-Baptiste FELDMANN\" \/>\n<meta name=\"twitter:card\" content=\"summary_large_image\" \/>\n<meta name=\"twitter:label1\" content=\"\u00c9crit par\" \/>\n\t<meta name=\"twitter:data1\" content=\"Jean-Baptiste FELDMANN\" \/>\n\t<meta name=\"twitter:label2\" content=\"Dur\u00e9e de lecture estim\u00e9e\" \/>\n\t<meta name=\"twitter:data2\" content=\"2 minutes\" \/>\n<script type=\"application\/ld+json\" class=\"yoast-schema-graph\">{\"@context\":\"https:\/\/schema.org\",\"@graph\":[{\"@type\":\"WebPage\",\"@id\":\"https:\/\/blogs.futura-sciences.com\/feldmann\/2021\/07\/15\/dans-la-dombes-la-lune-et-venus-echappent-a-la-grisaille\/\",\"url\":\"https:\/\/blogs.futura-sciences.com\/feldmann\/2021\/07\/15\/dans-la-dombes-la-lune-et-venus-echappent-a-la-grisaille\/\",\"name\":\"Dans la Dombes, La Lune et V\u00e9nus \u00e9chappent \u00e0 la grisaille\",\"isPartOf\":{\"@id\":\"https:\/\/blogs.futura-sciences.com\/feldmann\/#website\"},\"primaryImageOfPage\":{\"@id\":\"https:\/\/blogs.futura-sciences.com\/feldmann\/2021\/07\/15\/dans-la-dombes-la-lune-et-venus-echappent-a-la-grisaille\/#primaryimage\"},\"image\":{\"@id\":\"https:\/\/blogs.futura-sciences.com\/feldmann\/2021\/07\/15\/dans-la-dombes-la-lune-et-venus-echappent-a-la-grisaille\/#primaryimage\"},\"thumbnailUrl\":\"https:\/\/blogs.futura-sciences.com\/feldmann\/wp-content\/uploads\/sites\/9\/2021\/07\/dombes.jpg\",\"datePublished\":\"2021-07-15T09:22:10+00:00\",\"dateModified\":\"2021-08-04T16:55:22+00:00\",\"author\":{\"@id\":\"https:\/\/blogs.futura-sciences.com\/feldmann\/#\/schema\/person\/62b391b709c307783237b759b62731ea\"},\"description\":\"Un s\u00e9jour dans la Dombes, une \u00e9claircie inesp\u00e9r\u00e9e, et voici le jeune croissant de Lune qui fait une br\u00e8ve apparition, tout comme V\u00e9nus.\",\"inLanguage\":\"fr-FR\",\"potentialAction\":[{\"@type\":\"ReadAction\",\"target\":[\"https:\/\/blogs.futura-sciences.com\/feldmann\/2021\/07\/15\/dans-la-dombes-la-lune-et-venus-echappent-a-la-grisaille\/\"]}]},{\"@type\":\"ImageObject\",\"inLanguage\":\"fr-FR\",\"@id\":\"https:\/\/blogs.futura-sciences.com\/feldmann\/2021\/07\/15\/dans-la-dombes-la-lune-et-venus-echappent-a-la-grisaille\/#primaryimage\",\"url\":\"https:\/\/blogs.futura-sciences.com\/feldmann\/wp-content\/uploads\/sites\/9\/2021\/07\/dombes.jpg\",\"contentUrl\":\"https:\/\/blogs.futura-sciences.com\/feldmann\/wp-content\/uploads\/sites\/9\/2021\/07\/dombes.jpg\",\"width\":1501,\"height\":900,\"caption\":\"Dans la soir\u00e9e du 13 juillet 2021, dans la Dombes, les nuages ont fait place au jeune croissant de Lune. La plan\u00e8te V\u00e9nus est visible \u00e0 droite. \u00a9 Jean-Baptiste Feldmann\"},{\"@type\":\"WebSite\",\"@id\":\"https:\/\/blogs.futura-sciences.com\/feldmann\/#website\",\"url\":\"https:\/\/blogs.futura-sciences.com\/feldmann\/\",\"name\":\"CIELMANIA : le blog de Jean-Baptiste FELDMANN, photographe du ciel\",\"description\":\"&quot;J&#039;ai en moi un besoin terrible. Dirais-je le mot? La religion. Alors, je sors la nuit et je peins des \u00e9toiles.&quot;  Vincent van Gogh\",\"potentialAction\":[{\"@type\":\"SearchAction\",\"target\":{\"@type\":\"EntryPoint\",\"urlTemplate\":\"https:\/\/blogs.futura-sciences.com\/feldmann\/?s={search_term_string}\"},\"query-input\":{\"@type\":\"PropertyValueSpecification\",\"valueRequired\":true,\"valueName\":\"search_term_string\"}}],\"inLanguage\":\"fr-FR\"},{\"@type\":\"Person\",\"@id\":\"https:\/\/blogs.futura-sciences.com\/feldmann\/#\/schema\/person\/62b391b709c307783237b759b62731ea\",\"name\":\"Jean-Baptiste FELDMANN\",\"image\":{\"@type\":\"ImageObject\",\"inLanguage\":\"fr-FR\",\"@id\":\"https:\/\/blogs.futura-sciences.com\/feldmann\/#\/schema\/person\/image\/\",\"url\":\"https:\/\/secure.gravatar.com\/avatar\/41f96607fde7a81a14570eec74177c42?s=96&d=mm&r=g\",\"contentUrl\":\"https:\/\/secure.gravatar.com\/avatar\/41f96607fde7a81a14570eec74177c42?s=96&d=mm&r=g\",\"caption\":\"Jean-Baptiste FELDMANN\"},\"url\":\"https:\/\/blogs.futura-sciences.com\/feldmann\/author\/jbfe\/\"}]}<\/script>\n<!-- \/ Yoast SEO plugin. -->","yoast_head_json":{"title":"Dans la Dombes, La Lune et V\u00e9nus \u00e9chappent \u00e0 la grisaille","description":"Un s\u00e9jour dans la Dombes, une \u00e9claircie inesp\u00e9r\u00e9e, et voici le jeune croissant de Lune qui fait une br\u00e8ve apparition, tout comme V\u00e9nus.","robots":{"index":"index","follow":"follow","max-snippet":"max-snippet:-1","max-image-preview":"max-image-preview:large","max-video-preview":"max-video-preview:-1"},"canonical":"https:\/\/blogs.futura-sciences.com\/feldmann\/2021\/07\/15\/dans-la-dombes-la-lune-et-venus-echappent-a-la-grisaille\/","og_locale":"fr_FR","og_type":"article","og_title":"Dans la Dombes, La Lune et V\u00e9nus \u00e9chappent \u00e0 la grisaille","og_description":"Un s\u00e9jour dans la Dombes, une \u00e9claircie inesp\u00e9r\u00e9e, et voici le jeune croissant de Lune qui fait une br\u00e8ve apparition, tout comme V\u00e9nus.","og_url":"https:\/\/blogs.futura-sciences.com\/feldmann\/2021\/07\/15\/dans-la-dombes-la-lune-et-venus-echappent-a-la-grisaille\/","og_site_name":"CIELMANIA : le blog de Jean-Baptiste FELDMANN, photographe du ciel","article_published_time":"2021-07-15T09:22:10+00:00","article_modified_time":"2021-08-04T16:55:22+00:00","og_image":[{"width":1501,"height":900,"url":"https:\/\/blogs.futura-sciences.com\/feldmann\/wp-content\/uploads\/sites\/9\/2021\/07\/dombes.jpg","type":"image\/jpeg"}],"author":"Jean-Baptiste FELDMANN","twitter_card":"summary_large_image","twitter_misc":{"\u00c9crit par":"Jean-Baptiste FELDMANN","Dur\u00e9e de lecture estim\u00e9e":"2 minutes"},"schema":{"@context":"https:\/\/schema.org","@graph":[{"@type":"WebPage","@id":"https:\/\/blogs.futura-sciences.com\/feldmann\/2021\/07\/15\/dans-la-dombes-la-lune-et-venus-echappent-a-la-grisaille\/","url":"https:\/\/blogs.futura-sciences.com\/feldmann\/2021\/07\/15\/dans-la-dombes-la-lune-et-venus-echappent-a-la-grisaille\/","name":"Dans la Dombes, La Lune et V\u00e9nus \u00e9chappent \u00e0 la grisaille","isPartOf":{"@id":"https:\/\/blogs.futura-sciences.com\/feldmann\/#website"},"primaryImageOfPage":{"@id":"https:\/\/blogs.futura-sciences.com\/feldmann\/2021\/07\/15\/dans-la-dombes-la-lune-et-venus-echappent-a-la-grisaille\/#primaryimage"},"image":{"@id":"https:\/\/blogs.futura-sciences.com\/feldmann\/2021\/07\/15\/dans-la-dombes-la-lune-et-venus-echappent-a-la-grisaille\/#primaryimage"},"thumbnailUrl":"https:\/\/blogs.futura-sciences.com\/feldmann\/wp-content\/uploads\/sites\/9\/2021\/07\/dombes.jpg","datePublished":"2021-07-15T09:22:10+00:00","dateModified":"2021-08-04T16:55:22+00:00","author":{"@id":"https:\/\/blogs.futura-sciences.com\/feldmann\/#\/schema\/person\/62b391b709c307783237b759b62731ea"},"description":"Un s\u00e9jour dans la Dombes, une \u00e9claircie inesp\u00e9r\u00e9e, et voici le jeune croissant de Lune qui fait une br\u00e8ve apparition, tout comme V\u00e9nus.","inLanguage":"fr-FR","potentialAction":[{"@type":"ReadAction","target":["https:\/\/blogs.futura-sciences.com\/feldmann\/2021\/07\/15\/dans-la-dombes-la-lune-et-venus-echappent-a-la-grisaille\/"]}]},{"@type":"ImageObject","inLanguage":"fr-FR","@id":"https:\/\/blogs.futura-sciences.com\/feldmann\/2021\/07\/15\/dans-la-dombes-la-lune-et-venus-echappent-a-la-grisaille\/#primaryimage","url":"https:\/\/blogs.futura-sciences.com\/feldmann\/wp-content\/uploads\/sites\/9\/2021\/07\/dombes.jpg","contentUrl":"https:\/\/blogs.futura-sciences.com\/feldmann\/wp-content\/uploads\/sites\/9\/2021\/07\/dombes.jpg","width":1501,"height":900,"caption":"Dans la soir\u00e9e du 13 juillet 2021, dans la Dombes, les nuages ont fait place au jeune croissant de Lune. La plan\u00e8te V\u00e9nus est visible \u00e0 droite. \u00a9 Jean-Baptiste Feldmann"},{"@type":"WebSite","@id":"https:\/\/blogs.futura-sciences.com\/feldmann\/#website","url":"https:\/\/blogs.futura-sciences.com\/feldmann\/","name":"CIELMANIA : le blog de Jean-Baptiste FELDMANN, photographe du ciel","description":"&quot;J&#039;ai en moi un besoin terrible. Dirais-je le mot? La religion. Alors, je sors la nuit et je peins des \u00e9toiles.&quot;  Vincent van Gogh","potentialAction":[{"@type":"SearchAction","target":{"@type":"EntryPoint","urlTemplate":"https:\/\/blogs.futura-sciences.com\/feldmann\/?s={search_term_string}"},"query-input":{"@type":"PropertyValueSpecification","valueRequired":true,"valueName":"search_term_string"}}],"inLanguage":"fr-FR"},{"@type":"Person","@id":"https:\/\/blogs.futura-sciences.com\/feldmann\/#\/schema\/person\/62b391b709c307783237b759b62731ea","name":"Jean-Baptiste FELDMANN","image":{"@type":"ImageObject","inLanguage":"fr-FR","@id":"https:\/\/blogs.futura-sciences.com\/feldmann\/#\/schema\/person\/image\/","url":"https:\/\/secure.gravatar.com\/avatar\/41f96607fde7a81a14570eec74177c42?s=96&d=mm&r=g","contentUrl":"https:\/\/secure.gravatar.com\/avatar\/41f96607fde7a81a14570eec74177c42?s=96&d=mm&r=g","caption":"Jean-Baptiste FELDMANN"},"url":"https:\/\/blogs.futura-sciences.com\/feldmann\/author\/jbfe\/"}]}},"_links":{"self":[{"href":"https:\/\/blogs.futura-sciences.com\/feldmann\/wp-json\/wp\/v2\/posts\/14377","targetHints":{"allow":["GET"]}}],"collection":[{"href":"https:\/\/blogs.futura-sciences.com\/feldmann\/wp-json\/wp\/v2\/posts"}],"about":[{"href":"https:\/\/blogs.futura-sciences.com\/feldmann\/wp-json\/wp\/v2\/types\/post"}],"author":[{"embeddable":true,"href":"https:\/\/blogs.futura-sciences.com\/feldmann\/wp-json\/wp\/v2\/users\/8"}],"replies":[{"embeddable":true,"href":"https:\/\/blogs.futura-sciences.com\/feldmann\/wp-json\/wp\/v2\/comments?post=14377"}],"version-history":[{"count":1,"href":"https:\/\/blogs.futura-sciences.com\/feldmann\/wp-json\/wp\/v2\/posts\/14377\/revisions"}],"predecessor-version":[{"id":14379,"href":"https:\/\/blogs.futura-sciences.com\/feldmann\/wp-json\/wp\/v2\/posts\/14377\/revisions\/14379"}],"wp:featuredmedia":[{"embeddable":true,"href":"https:\/\/blogs.futura-sciences.com\/feldmann\/wp-json\/wp\/v2\/media\/14378"}],"wp:attachment":[{"href":"https:\/\/blogs.futura-sciences.com\/feldmann\/wp-json\/wp\/v2\/media?parent=14377"}],"wp:term":[{"taxonomy":"category","embeddable":true,"href":"https:\/\/blogs.futura-sciences.com\/feldmann\/wp-json\/wp\/v2\/categories?post=14377"},{"taxonomy":"post_tag","embeddable":true,"href":"https:\/\/blogs.futura-sciences.com\/feldmann\/wp-json\/wp\/v2\/tags?post=14377"}],"curies":[{"name":"wp","href":"https:\/\/api.w.org\/{rel}","templated":true}]}}