{"id":13428,"date":"2021-02-03T11:26:31","date_gmt":"2021-02-03T11:26:31","guid":{"rendered":"https:\/\/blogs.futura-sciences.com\/feldmann\/?p=13428"},"modified":"2026-03-08T09:33:13","modified_gmt":"2026-03-08T09:33:13","slug":"portrait-caroline-herschel-astronome-de-lombre-a-la-lumiere","status":"publish","type":"post","link":"https:\/\/blogs.futura-sciences.com\/feldmann\/2021\/02\/03\/portrait-caroline-herschel-astronome-de-lombre-a-la-lumiere\/","title":{"rendered":"Caroline Herschel, astronome de l&#8217;ombre \u00e0 la lumi\u00e8re"},"content":{"rendered":"<p><strong>Elle fut la premi\u00e8re femme astronome de l&#8217;Histoire. Portrait de Caroline Herschel qui v\u00e9cut dans l&#8217;ombre de son c\u00e9l\u00e8bre fr\u00e8re, William.<\/strong><\/p>\n<h5>La musique pour conjurer le sort :<\/h5>\n<p>D&#8217;elle, nous n&#8217;avons que des portraits peu flatteurs, except\u00e9 celui que reproduit <a href=\"https:\/\/blogs.futura-sciences.com\/feldmann\/2018\/02\/26\/traces-de-lastronome-camille-flammarion\/\" target=\"_blank\" rel=\"noopener\">Camille Flammarion<\/a> dans son &#8220;<em>Astronomie populaire<\/em>&#8220;. Il faut dire que Caroline Herschel est s\u00e9v\u00e8rement marqu\u00e9e dans sa jeunesse par la variole et le typhus. Elle voit le jour le 16 mars 1750 \u00e0 <a href=\"https:\/\/fr.wikipedia.org\/wiki\/Hanovre\" target=\"_blank\" rel=\"noopener\">Hanovre<\/a> dans une famille de musiciens. Cette petite femme (1 m\u00e8tre 40) au physique ingrat, destin\u00e9e aux t\u00e2ches m\u00e9nag\u00e8res, a cependant un don pour le chant. Une bonne raison pour que son fr\u00e8re a\u00een\u00e9 <a href=\"https:\/\/fr.wikipedia.org\/wiki\/William_Herschel\" target=\"_blank\" rel=\"noopener\">William<\/a> la fasse venir en 1772 en Grande-Bretagne, o\u00f9 il est install\u00e9 comme organiste.<\/p>\n<figure id=\"attachment_13429\" aria-describedby=\"caption-attachment-13429\" style=\"width: 450px\" class=\"wp-caption alignnone\"><a href=\"https:\/\/blogs.futura-sciences.com\/feldmann\/wp-content\/uploads\/sites\/9\/2021\/02\/caroline.jpg\" rel=\"lightbox[13428]\"><img loading=\"lazy\" decoding=\"async\" class=\"size-medium wp-image-13429\" src=\"https:\/\/blogs.futura-sciences.com\/feldmann\/wp-content\/uploads\/sites\/9\/2021\/02\/caroline-450x251.jpg\" alt=\"\" width=\"450\" height=\"251\" srcset=\"https:\/\/blogs.futura-sciences.com\/feldmann\/wp-content\/uploads\/sites\/9\/2021\/02\/caroline-450x251.jpg 450w, https:\/\/blogs.futura-sciences.com\/feldmann\/wp-content\/uploads\/sites\/9\/2021\/02\/caroline-768x429.jpg 768w, https:\/\/blogs.futura-sciences.com\/feldmann\/wp-content\/uploads\/sites\/9\/2021\/02\/caroline.jpg 790w\" sizes=\"auto, (max-width: 450px) 100vw, 450px\" \/><\/a><figcaption id=\"caption-attachment-13429\" class=\"wp-caption-text\">Caroline Herschel en train de retranscrire les observations astronomiques de son fr\u00e8re William. Gravure extraite de &#8220;l&#8217;Astronomie populaire&#8221;, ouvrage de Camille Flammarion.<\/figcaption><\/figure>\n<p>Caroline y apprend l&#8217;anglais et commence une belle carri\u00e8re de soprano, se produisant r\u00e9guli\u00e8rement \u00e0 <a href=\"https:\/\/fr.wikipedia.org\/wiki\/Bath\" target=\"_blank\" rel=\"noopener\">Bath<\/a> o\u00f9 elle r\u00e9side avec son fr\u00e8re et dans la ville voisine de <a href=\"https:\/\/fr.wikipedia.org\/wiki\/Bristol_(Royaume-Uni)\" target=\"_blank\" rel=\"noopener\">Bristol<\/a>. Mais William s&#8217;est d\u00e9couvert une passion dans laquelle il va entra\u00eener sa s\u0153ur : l&#8217;astronomie.<!--more--><\/p>\n<h5>Astronomie \u00e0 deux :<\/h5>\n<p>William et Caroline construisent alors leurs premiers instruments, passant des heures \u00e0 polir des miroirs. La nuit, il observe, elle note. Le fr\u00e8re devient c\u00e9l\u00e8bre en 1781 en d\u00e9couvrant <a href=\"https:\/\/www.futura-sciences.com\/sciences\/actualites\/uranus-uranus-sentirait-oeuf-pourri-71021\/\" target=\"_blank\" rel=\"noopener\">Uranus<\/a>, la s\u0153ur continue de se d\u00e9vouer dans l&#8217;ombre. L&#8217;ann\u00e9e suivante, William lui offre un petit t\u00e9lescope et Caroline se met \u00e0 observer seule. Comme elle le raconte dans son journal, elle y passe ses nuits. Install\u00e9e sur une pelouse couverte de ros\u00e9e, elle traque les <a href=\"https:\/\/cnes.fr\/dossiers\/cometes\" target=\"_blank\" rel=\"noopener\">com\u00e8tes<\/a>. En balayant m\u00e9thodiquement le ciel nocturne avec son r\u00e9fracteur, elle accumule les d\u00e9couvertes :<\/p>\n<figure id=\"attachment_13435\" aria-describedby=\"caption-attachment-13435\" style=\"width: 450px\" class=\"wp-caption alignnone\"><a href=\"https:\/\/blogs.futura-sciences.com\/feldmann\/wp-content\/uploads\/sites\/9\/2021\/02\/caroline2.jpg\" rel=\"lightbox[13428]\"><img loading=\"lazy\" decoding=\"async\" class=\"size-medium wp-image-13435\" src=\"https:\/\/blogs.futura-sciences.com\/feldmann\/wp-content\/uploads\/sites\/9\/2021\/02\/caroline2-450x284.jpg\" alt=\"\" width=\"450\" height=\"284\" srcset=\"https:\/\/blogs.futura-sciences.com\/feldmann\/wp-content\/uploads\/sites\/9\/2021\/02\/caroline2-450x284.jpg 450w, https:\/\/blogs.futura-sciences.com\/feldmann\/wp-content\/uploads\/sites\/9\/2021\/02\/caroline2.jpg 700w\" sizes=\"auto, (max-width: 450px) 100vw, 450px\" \/><\/a><figcaption id=\"caption-attachment-13435\" class=\"wp-caption-text\">Compte-rendu de plusieurs observations de la com\u00e8te C\/1790 H1 (Herschel) d\u00e9couverte par Caroline le 17 avril 1790. \u00a9<em> Royal Astronomical Society<\/em><\/figcaption><\/figure>\n<p>\u00c0 la mort de William en 1822, Caroline a d\u00e9j\u00e0 d\u00e9nich\u00e9 8 com\u00e8tes et une douzaine de <a href=\"https:\/\/fr.wikipedia.org\/wiki\/N%C3%A9buleuse\" target=\"_blank\" rel=\"noopener\">n\u00e9buleuses<\/a>. Sans compter 560 \u00e9toiles qui n&#8217;\u00e9taient pas encore r\u00e9pertori\u00e9es dans le catalogue de <a href=\"https:\/\/fr.wikipedia.org\/wiki\/John_Flamsteed\" target=\"_blank\" rel=\"noopener\">John Flamsteed<\/a>.<\/p>\n<h5>Le temps des honneurs :<\/h5>\n<p>Impressionn\u00e9 par ses comp\u00e9tences, le roi <a href=\"https:\/\/fr.wikipedia.org\/wiki\/George_III\" target=\"_blank\" rel=\"noopener\">George III<\/a> lui octroie une rente annuelle. La voil\u00e0 ainsi promue premi\u00e8re femme astronome professionnelle de l&#8217;Histoire. Apr\u00e8s la mort de son fr\u00e8re, elle rentre \u00e0 Hanovre. Elle n&#8217;observe plus mais aide son neveu. <a href=\"https:\/\/fr.wikipedia.org\/wiki\/John_Herschel\" target=\"_blank\" rel=\"noopener\">John Herschel<\/a>, le fils de William, a en effet d\u00e9cid\u00e9 de suivre les traces de son p\u00e8re. Caroline recevra successivement la m\u00e9daille d&#8217;Or pour la Science des mains du roi de Prusse, et celle de la <a href=\"https:\/\/ras.ac.uk\/\" target=\"_blank\" rel=\"noopener\"><em>Royal Astronomical Society<\/em><\/a>. Lorsqu&#8217;elle meurt \u00e0 97 ans, elle est enterr\u00e9e avec une m\u00e8che de cheveux de William dans son cercueil.<\/p>\n<figure id=\"attachment_13436\" aria-describedby=\"caption-attachment-13436\" style=\"width: 450px\" class=\"wp-caption alignnone\"><a href=\"https:\/\/blogs.futura-sciences.com\/feldmann\/wp-content\/uploads\/sites\/9\/2021\/02\/caroline3.jpg\" rel=\"lightbox[13428]\"><img loading=\"lazy\" decoding=\"async\" class=\"size-medium wp-image-13436\" src=\"https:\/\/blogs.futura-sciences.com\/feldmann\/wp-content\/uploads\/sites\/9\/2021\/02\/caroline3-450x345.jpg\" alt=\"\" width=\"450\" height=\"345\" srcset=\"https:\/\/blogs.futura-sciences.com\/feldmann\/wp-content\/uploads\/sites\/9\/2021\/02\/caroline3-450x345.jpg 450w, https:\/\/blogs.futura-sciences.com\/feldmann\/wp-content\/uploads\/sites\/9\/2021\/02\/caroline3.jpg 640w\" sizes=\"auto, (max-width: 450px) 100vw, 450px\" \/><\/a><figcaption id=\"caption-attachment-13436\" class=\"wp-caption-text\">Plusieurs biographies ont \u00e9t\u00e9 consacr\u00e9es \u00e0 l&#8217;astronome Caroline Herschel.<\/figcaption><\/figure>\n<h5>Vous pourriez aimer :<\/h5>\n<ul>\n<li><a href=\"https:\/\/blogs.futura-sciences.com\/feldmann\/2014\/05\/12\/telescope-william-herschel\/\" target=\"_blank\" rel=\"noopener\">D\u00e9couvrez le t\u00e9lescope de William Herschel<\/a><\/li>\n<li><a href=\"https:\/\/blogs.futura-sciences.com\/feldmann\/2014\/11\/20\/tempetes-geantes-sur-uranus\/\" target=\"_blank\" rel=\"noopener\">Temp\u00eates g\u00e9antes sur Uranus<\/a><\/li>\n<li><a href=\"https:\/\/www.futura-sciences.com\/sciences\/actualites\/astronomie-telescope-herschel-fin-mission-vue-45131\/\" target=\"_blank\" rel=\"noopener\">T\u00e9lescope Herschel : fin de mission en vue\u00a0<\/a><\/li>\n<\/ul>\n<p>Suivez l\u2019actualit\u00e9 astronomique et d\u00e9couvrez mes images du ciel en vous abonnant \u00e0 Cielmania sur\u00a0<a href=\"https:\/\/www.facebook.com\/cielmania\/\" target=\"_blank\" rel=\"noopener noreferrer\">Facebook<\/a>.<\/p>\n<!-- AddThis Advanced Settings generic via filter on the_content --><!-- AddThis Share Buttons generic via filter on the_content -->","protected":false},"excerpt":{"rendered":"<p>Elle fut la premi\u00e8re femme astronome de l&#8217;Histoire. Portrait de Caroline Herschel qui v\u00e9cut dans l&#8217;ombre de son c\u00e9l\u00e8bre fr\u00e8re, William. La musique pour conjurer le sort : D&#8217;elle, nous n&#8217;avons que des portraits peu flatteurs, except\u00e9 celui que reproduit Camille Flammarion dans son &#8220;Astronomie populaire&#8220;. Il faut dire que Caroline Herschel est s\u00e9v\u00e8rement marqu\u00e9e &hellip; <a href=\"https:\/\/blogs.futura-sciences.com\/feldmann\/2021\/02\/03\/portrait-caroline-herschel-astronome-de-lombre-a-la-lumiere\/\" class=\"more-link\">Continuer la lecture de <span class=\"screen-reader-text\">Caroline Herschel, astronome de l&#8217;ombre \u00e0 la lumi\u00e8re<\/span>  <span class=\"meta-nav\">&rarr;<\/span><\/a><!-- AddThis Advanced Settings generic via filter on get_the_excerpt --><!-- AddThis Share Buttons generic via filter on get_the_excerpt --><\/p>\n","protected":false},"author":8,"featured_media":13429,"comment_status":"open","ping_status":"open","sticky":false,"template":"","format":"standard","meta":{"footnotes":"","_links_to":"","_links_to_target":""},"categories":[87],"tags":[2980,2931,2930,129],"class_list":["post-13428","post","type-post","status-publish","format-standard","has-post-thumbnail","hentry","category-les-hommes-et-le-ciel","tag-caroline-herschel","tag-chasseurs-de-science","tag-podcast","tag-william-herschel"],"yoast_head":"<!-- This site is optimized with the Yoast SEO plugin v24.1 - https:\/\/yoast.com\/wordpress\/plugins\/seo\/ -->\n<title>Caroline Herschel, astronome de l&#039;ombre \u00e0 la lumi\u00e8re<\/title>\n<meta name=\"description\" content=\"Elle fut la premi\u00e8re femme astronome de l&#039;Histoire. Portrait de Caroline Herschel qui v\u00e9cut dans l&#039;ombre de son c\u00e9l\u00e8bre fr\u00e8re, William.\" \/>\n<meta name=\"robots\" content=\"index, follow, max-snippet:-1, max-image-preview:large, max-video-preview:-1\" \/>\n<link rel=\"canonical\" href=\"https:\/\/blogs.futura-sciences.com\/feldmann\/2021\/02\/03\/portrait-caroline-herschel-astronome-de-lombre-a-la-lumiere\/\" \/>\n<meta property=\"og:locale\" content=\"fr_FR\" \/>\n<meta property=\"og:type\" content=\"article\" \/>\n<meta property=\"og:title\" content=\"Caroline Herschel, astronome de l&#039;ombre \u00e0 la lumi\u00e8re\" \/>\n<meta property=\"og:description\" content=\"Elle fut la premi\u00e8re femme astronome de l&#039;Histoire. Portrait de Caroline Herschel qui v\u00e9cut dans l&#039;ombre de son c\u00e9l\u00e8bre fr\u00e8re, William.\" \/>\n<meta property=\"og:url\" content=\"https:\/\/blogs.futura-sciences.com\/feldmann\/2021\/02\/03\/portrait-caroline-herschel-astronome-de-lombre-a-la-lumiere\/\" \/>\n<meta property=\"og:site_name\" content=\"CIELMANIA : le blog de Jean-Baptiste FELDMANN, photographe du ciel\" \/>\n<meta property=\"article:published_time\" content=\"2021-02-03T11:26:31+00:00\" \/>\n<meta property=\"article:modified_time\" content=\"2026-03-08T09:33:13+00:00\" \/>\n<meta property=\"og:image\" content=\"https:\/\/blogs.futura-sciences.com\/feldmann\/wp-content\/uploads\/sites\/9\/2021\/02\/caroline.jpg\" \/>\n\t<meta property=\"og:image:width\" content=\"790\" \/>\n\t<meta property=\"og:image:height\" content=\"441\" \/>\n\t<meta property=\"og:image:type\" content=\"image\/jpeg\" \/>\n<meta name=\"author\" content=\"Jean-Baptiste FELDMANN\" \/>\n<meta name=\"twitter:card\" content=\"summary_large_image\" \/>\n<meta name=\"twitter:label1\" content=\"\u00c9crit par\" \/>\n\t<meta name=\"twitter:data1\" content=\"Jean-Baptiste FELDMANN\" \/>\n\t<meta name=\"twitter:label2\" content=\"Dur\u00e9e de lecture estim\u00e9e\" \/>\n\t<meta name=\"twitter:data2\" content=\"4 minutes\" \/>\n<script type=\"application\/ld+json\" class=\"yoast-schema-graph\">{\"@context\":\"https:\/\/schema.org\",\"@graph\":[{\"@type\":\"WebPage\",\"@id\":\"https:\/\/blogs.futura-sciences.com\/feldmann\/2021\/02\/03\/portrait-caroline-herschel-astronome-de-lombre-a-la-lumiere\/\",\"url\":\"https:\/\/blogs.futura-sciences.com\/feldmann\/2021\/02\/03\/portrait-caroline-herschel-astronome-de-lombre-a-la-lumiere\/\",\"name\":\"Caroline Herschel, astronome de l'ombre \u00e0 la lumi\u00e8re\",\"isPartOf\":{\"@id\":\"https:\/\/blogs.futura-sciences.com\/feldmann\/#website\"},\"primaryImageOfPage\":{\"@id\":\"https:\/\/blogs.futura-sciences.com\/feldmann\/2021\/02\/03\/portrait-caroline-herschel-astronome-de-lombre-a-la-lumiere\/#primaryimage\"},\"image\":{\"@id\":\"https:\/\/blogs.futura-sciences.com\/feldmann\/2021\/02\/03\/portrait-caroline-herschel-astronome-de-lombre-a-la-lumiere\/#primaryimage\"},\"thumbnailUrl\":\"https:\/\/blogs.futura-sciences.com\/feldmann\/wp-content\/uploads\/sites\/9\/2021\/02\/caroline.jpg\",\"datePublished\":\"2021-02-03T11:26:31+00:00\",\"dateModified\":\"2026-03-08T09:33:13+00:00\",\"author\":{\"@id\":\"https:\/\/blogs.futura-sciences.com\/feldmann\/#\/schema\/person\/62b391b709c307783237b759b62731ea\"},\"description\":\"Elle fut la premi\u00e8re femme astronome de l'Histoire. Portrait de Caroline Herschel qui v\u00e9cut dans l'ombre de son c\u00e9l\u00e8bre fr\u00e8re, William.\",\"inLanguage\":\"fr-FR\",\"potentialAction\":[{\"@type\":\"ReadAction\",\"target\":[\"https:\/\/blogs.futura-sciences.com\/feldmann\/2021\/02\/03\/portrait-caroline-herschel-astronome-de-lombre-a-la-lumiere\/\"]}]},{\"@type\":\"ImageObject\",\"inLanguage\":\"fr-FR\",\"@id\":\"https:\/\/blogs.futura-sciences.com\/feldmann\/2021\/02\/03\/portrait-caroline-herschel-astronome-de-lombre-a-la-lumiere\/#primaryimage\",\"url\":\"https:\/\/blogs.futura-sciences.com\/feldmann\/wp-content\/uploads\/sites\/9\/2021\/02\/caroline.jpg\",\"contentUrl\":\"https:\/\/blogs.futura-sciences.com\/feldmann\/wp-content\/uploads\/sites\/9\/2021\/02\/caroline.jpg\",\"width\":790,\"height\":441,\"caption\":\"Caroline Herschel aux c\u00f4t\u00e9s de son fr\u00e8re William. Gravure extraite de \\\"l'Astronomie populaire\\\" de Camille Flammarion\"},{\"@type\":\"WebSite\",\"@id\":\"https:\/\/blogs.futura-sciences.com\/feldmann\/#website\",\"url\":\"https:\/\/blogs.futura-sciences.com\/feldmann\/\",\"name\":\"CIELMANIA : le blog de Jean-Baptiste FELDMANN, photographe du ciel\",\"description\":\"&quot;J&#039;ai en moi un besoin terrible. Dirais-je le mot? La religion. Alors, je sors la nuit et je peins des \u00e9toiles.&quot;  Vincent van Gogh\",\"potentialAction\":[{\"@type\":\"SearchAction\",\"target\":{\"@type\":\"EntryPoint\",\"urlTemplate\":\"https:\/\/blogs.futura-sciences.com\/feldmann\/?s={search_term_string}\"},\"query-input\":{\"@type\":\"PropertyValueSpecification\",\"valueRequired\":true,\"valueName\":\"search_term_string\"}}],\"inLanguage\":\"fr-FR\"},{\"@type\":\"Person\",\"@id\":\"https:\/\/blogs.futura-sciences.com\/feldmann\/#\/schema\/person\/62b391b709c307783237b759b62731ea\",\"name\":\"Jean-Baptiste FELDMANN\",\"image\":{\"@type\":\"ImageObject\",\"inLanguage\":\"fr-FR\",\"@id\":\"https:\/\/blogs.futura-sciences.com\/feldmann\/#\/schema\/person\/image\/\",\"url\":\"https:\/\/secure.gravatar.com\/avatar\/41f96607fde7a81a14570eec74177c42?s=96&d=mm&r=g\",\"contentUrl\":\"https:\/\/secure.gravatar.com\/avatar\/41f96607fde7a81a14570eec74177c42?s=96&d=mm&r=g\",\"caption\":\"Jean-Baptiste FELDMANN\"},\"url\":\"https:\/\/blogs.futura-sciences.com\/feldmann\/author\/jbfe\/\"}]}<\/script>\n<!-- \/ Yoast SEO plugin. -->","yoast_head_json":{"title":"Caroline Herschel, astronome de l'ombre \u00e0 la lumi\u00e8re","description":"Elle fut la premi\u00e8re femme astronome de l'Histoire. Portrait de Caroline Herschel qui v\u00e9cut dans l'ombre de son c\u00e9l\u00e8bre fr\u00e8re, William.","robots":{"index":"index","follow":"follow","max-snippet":"max-snippet:-1","max-image-preview":"max-image-preview:large","max-video-preview":"max-video-preview:-1"},"canonical":"https:\/\/blogs.futura-sciences.com\/feldmann\/2021\/02\/03\/portrait-caroline-herschel-astronome-de-lombre-a-la-lumiere\/","og_locale":"fr_FR","og_type":"article","og_title":"Caroline Herschel, astronome de l'ombre \u00e0 la lumi\u00e8re","og_description":"Elle fut la premi\u00e8re femme astronome de l'Histoire. Portrait de Caroline Herschel qui v\u00e9cut dans l'ombre de son c\u00e9l\u00e8bre fr\u00e8re, William.","og_url":"https:\/\/blogs.futura-sciences.com\/feldmann\/2021\/02\/03\/portrait-caroline-herschel-astronome-de-lombre-a-la-lumiere\/","og_site_name":"CIELMANIA : le blog de Jean-Baptiste FELDMANN, photographe du ciel","article_published_time":"2021-02-03T11:26:31+00:00","article_modified_time":"2026-03-08T09:33:13+00:00","og_image":[{"width":790,"height":441,"url":"https:\/\/blogs.futura-sciences.com\/feldmann\/wp-content\/uploads\/sites\/9\/2021\/02\/caroline.jpg","type":"image\/jpeg"}],"author":"Jean-Baptiste FELDMANN","twitter_card":"summary_large_image","twitter_misc":{"\u00c9crit par":"Jean-Baptiste FELDMANN","Dur\u00e9e de lecture estim\u00e9e":"4 minutes"},"schema":{"@context":"https:\/\/schema.org","@graph":[{"@type":"WebPage","@id":"https:\/\/blogs.futura-sciences.com\/feldmann\/2021\/02\/03\/portrait-caroline-herschel-astronome-de-lombre-a-la-lumiere\/","url":"https:\/\/blogs.futura-sciences.com\/feldmann\/2021\/02\/03\/portrait-caroline-herschel-astronome-de-lombre-a-la-lumiere\/","name":"Caroline Herschel, astronome de l'ombre \u00e0 la lumi\u00e8re","isPartOf":{"@id":"https:\/\/blogs.futura-sciences.com\/feldmann\/#website"},"primaryImageOfPage":{"@id":"https:\/\/blogs.futura-sciences.com\/feldmann\/2021\/02\/03\/portrait-caroline-herschel-astronome-de-lombre-a-la-lumiere\/#primaryimage"},"image":{"@id":"https:\/\/blogs.futura-sciences.com\/feldmann\/2021\/02\/03\/portrait-caroline-herschel-astronome-de-lombre-a-la-lumiere\/#primaryimage"},"thumbnailUrl":"https:\/\/blogs.futura-sciences.com\/feldmann\/wp-content\/uploads\/sites\/9\/2021\/02\/caroline.jpg","datePublished":"2021-02-03T11:26:31+00:00","dateModified":"2026-03-08T09:33:13+00:00","author":{"@id":"https:\/\/blogs.futura-sciences.com\/feldmann\/#\/schema\/person\/62b391b709c307783237b759b62731ea"},"description":"Elle fut la premi\u00e8re femme astronome de l'Histoire. Portrait de Caroline Herschel qui v\u00e9cut dans l'ombre de son c\u00e9l\u00e8bre fr\u00e8re, William.","inLanguage":"fr-FR","potentialAction":[{"@type":"ReadAction","target":["https:\/\/blogs.futura-sciences.com\/feldmann\/2021\/02\/03\/portrait-caroline-herschel-astronome-de-lombre-a-la-lumiere\/"]}]},{"@type":"ImageObject","inLanguage":"fr-FR","@id":"https:\/\/blogs.futura-sciences.com\/feldmann\/2021\/02\/03\/portrait-caroline-herschel-astronome-de-lombre-a-la-lumiere\/#primaryimage","url":"https:\/\/blogs.futura-sciences.com\/feldmann\/wp-content\/uploads\/sites\/9\/2021\/02\/caroline.jpg","contentUrl":"https:\/\/blogs.futura-sciences.com\/feldmann\/wp-content\/uploads\/sites\/9\/2021\/02\/caroline.jpg","width":790,"height":441,"caption":"Caroline Herschel aux c\u00f4t\u00e9s de son fr\u00e8re William. Gravure extraite de \"l'Astronomie populaire\" de Camille Flammarion"},{"@type":"WebSite","@id":"https:\/\/blogs.futura-sciences.com\/feldmann\/#website","url":"https:\/\/blogs.futura-sciences.com\/feldmann\/","name":"CIELMANIA : le blog de Jean-Baptiste FELDMANN, photographe du ciel","description":"&quot;J&#039;ai en moi un besoin terrible. Dirais-je le mot? La religion. Alors, je sors la nuit et je peins des \u00e9toiles.&quot;  Vincent van Gogh","potentialAction":[{"@type":"SearchAction","target":{"@type":"EntryPoint","urlTemplate":"https:\/\/blogs.futura-sciences.com\/feldmann\/?s={search_term_string}"},"query-input":{"@type":"PropertyValueSpecification","valueRequired":true,"valueName":"search_term_string"}}],"inLanguage":"fr-FR"},{"@type":"Person","@id":"https:\/\/blogs.futura-sciences.com\/feldmann\/#\/schema\/person\/62b391b709c307783237b759b62731ea","name":"Jean-Baptiste FELDMANN","image":{"@type":"ImageObject","inLanguage":"fr-FR","@id":"https:\/\/blogs.futura-sciences.com\/feldmann\/#\/schema\/person\/image\/","url":"https:\/\/secure.gravatar.com\/avatar\/41f96607fde7a81a14570eec74177c42?s=96&d=mm&r=g","contentUrl":"https:\/\/secure.gravatar.com\/avatar\/41f96607fde7a81a14570eec74177c42?s=96&d=mm&r=g","caption":"Jean-Baptiste FELDMANN"},"url":"https:\/\/blogs.futura-sciences.com\/feldmann\/author\/jbfe\/"}]}},"_links":{"self":[{"href":"https:\/\/blogs.futura-sciences.com\/feldmann\/wp-json\/wp\/v2\/posts\/13428","targetHints":{"allow":["GET"]}}],"collection":[{"href":"https:\/\/blogs.futura-sciences.com\/feldmann\/wp-json\/wp\/v2\/posts"}],"about":[{"href":"https:\/\/blogs.futura-sciences.com\/feldmann\/wp-json\/wp\/v2\/types\/post"}],"author":[{"embeddable":true,"href":"https:\/\/blogs.futura-sciences.com\/feldmann\/wp-json\/wp\/v2\/users\/8"}],"replies":[{"embeddable":true,"href":"https:\/\/blogs.futura-sciences.com\/feldmann\/wp-json\/wp\/v2\/comments?post=13428"}],"version-history":[{"count":17,"href":"https:\/\/blogs.futura-sciences.com\/feldmann\/wp-json\/wp\/v2\/posts\/13428\/revisions"}],"predecessor-version":[{"id":22545,"href":"https:\/\/blogs.futura-sciences.com\/feldmann\/wp-json\/wp\/v2\/posts\/13428\/revisions\/22545"}],"wp:featuredmedia":[{"embeddable":true,"href":"https:\/\/blogs.futura-sciences.com\/feldmann\/wp-json\/wp\/v2\/media\/13429"}],"wp:attachment":[{"href":"https:\/\/blogs.futura-sciences.com\/feldmann\/wp-json\/wp\/v2\/media?parent=13428"}],"wp:term":[{"taxonomy":"category","embeddable":true,"href":"https:\/\/blogs.futura-sciences.com\/feldmann\/wp-json\/wp\/v2\/categories?post=13428"},{"taxonomy":"post_tag","embeddable":true,"href":"https:\/\/blogs.futura-sciences.com\/feldmann\/wp-json\/wp\/v2\/tags?post=13428"}],"curies":[{"name":"wp","href":"https:\/\/api.w.org\/{rel}","templated":true}]}}