{"id":12501,"date":"2020-09-20T07:56:32","date_gmt":"2020-09-20T07:56:32","guid":{"rendered":"https:\/\/blogs.futura-sciences.com\/feldmann\/?p=12501"},"modified":"2020-10-02T16:20:29","modified_gmt":"2020-10-02T16:20:29","slug":"la-planete-mars-sapproche-et-devoile-ses-etonnants-paysages","status":"publish","type":"post","link":"https:\/\/blogs.futura-sciences.com\/feldmann\/2020\/09\/20\/la-planete-mars-sapproche-et-devoile-ses-etonnants-paysages\/","title":{"rendered":"La plan\u00e8te Mars s&#8217;approche et d\u00e9voile ses \u00e9tonnants paysages"},"content":{"rendered":"<p><strong>\u00c0 quelques jours de son passage au plus pr\u00e8s de la Terre (le 6 octobre), la plan\u00e8te Mars r\u00e9v\u00e8le sa surface aux astronomes amateurs les plus dou\u00e9s.<\/strong><\/p>\n<h5>Talent australien :<\/h5>\n<p>L&#8217;astronome amateur australien <a href=\"https:\/\/www.astrobin.com\/users\/Seb\/\" target=\"_blank\" rel=\"noopener noreferrer\">Seb Lukas<\/a> est un photographe plan\u00e9taire combl\u00e9. Ses derni\u00e8res images de la plan\u00e8te Mars prises le 16 septembre sont tout bonnement stup\u00e9fiantes. B\u00e9n\u00e9ficiant d&#8217;une atmosph\u00e8re exceptionnellement stable (les astronomes parlent de <em>seeing<\/em>), il a saisi une multitude de d\u00e9tails \u00e0 l&#8217;aide de son t\u00e9lescope de 30 centim\u00e8tres de diam\u00e8tre parfaitement r\u00e9gl\u00e9. Sa parfaite ma\u00eetrise de l&#8217;imagerie plan\u00e9taire (prise de vues et traitement) ont fait le reste. L&#8217;absence de <a href=\"https:\/\/blogs.futura-sciences.com\/feldmann\/2018\/07\/05\/comment-tempete-sable-transforme-planete-mars\/\" target=\"_blank\" rel=\"noopener noreferrer\">temp\u00eate de sable<\/a> (elles se produisent r\u00e9guli\u00e8rement avant les oppositions) a jou\u00e9 en sa faveur.<\/p>\n<p><a href=\"https:\/\/blogs.futura-sciences.com\/feldmann\/wp-content\/uploads\/sites\/9\/2020\/09\/mars2.jpg\" rel=\"lightbox[12501]\"><img loading=\"lazy\" decoding=\"async\" class=\"alignnone wp-image-12503 size-medium\" src=\"https:\/\/blogs.futura-sciences.com\/feldmann\/wp-content\/uploads\/sites\/9\/2020\/09\/mars2-450x386.jpg\" alt=\"\" width=\"450\" height=\"386\" srcset=\"https:\/\/blogs.futura-sciences.com\/feldmann\/wp-content\/uploads\/sites\/9\/2020\/09\/mars2-450x386.jpg 450w, https:\/\/blogs.futura-sciences.com\/feldmann\/wp-content\/uploads\/sites\/9\/2020\/09\/mars2-1024x878.jpg 1024w, https:\/\/blogs.futura-sciences.com\/feldmann\/wp-content\/uploads\/sites\/9\/2020\/09\/mars2-768x659.jpg 768w, https:\/\/blogs.futura-sciences.com\/feldmann\/wp-content\/uploads\/sites\/9\/2020\/09\/mars2.jpg 1047w\" sizes=\"auto, (max-width: 450px) 100vw, 450px\" \/><\/a><\/p>\n<p>Il aurait pu se contenter de partager simplement <a href=\"https:\/\/www.astrobin.com\/full\/l5vnyg\/0\/?fbclid=IwAR0PlHvXGqmCnGYgEvIwGcTpwGE0rDZHRut0CNGkEEPp47E9vJYZsk3NIyM\" target=\"_blank\" rel=\"noopener noreferrer\">ses magnifiques vues<\/a>. Consciencieux, il y a joint <a href=\"https:\/\/www.astrobin.com\/full\/z8tmza\/0\/?fbclid=IwAR0dS9YJ6cFinb4eO38yI47cfMqo_9gN-PjreOdI1wX6Ft58fz7_W7WVbSU\" target=\"_blank\" rel=\"noopener noreferrer\">une version annot\u00e9e<\/a> qui nous permet de reconna\u00eetre les principaux paysages martiens.<!--more--><\/p>\n<h5>Progr\u00e8s fulgurants :<\/h5>\n<p>Chaque opposition martienne (elles se produisent tous les 2,13 ans) est l&#8217;occasion de voir les progr\u00e8s des astronomes amateurs en mati\u00e8re d&#8217;imagerie plan\u00e9taire. L&#8217;arriv\u00e9e il y a quelques ann\u00e9es des cam\u00e9ras num\u00e9riques y est pour beaucoup. M\u00eame si certains dessinent encore comme leurs a\u00een\u00e9s <a href=\"https:\/\/blogs.futura-sciences.com\/feldmann\/2018\/02\/26\/traces-de-lastronome-camille-flammarion\/\" target=\"_blank\" rel=\"noopener noreferrer\">Camille Flammarion<\/a> ou <a href=\"https:\/\/blogs.futura-sciences.com\/feldmann\/2018\/11\/27\/percival-lowell-lhomme-qui-aimait-trop-la-planete-mars\/\" target=\"_blank\" rel=\"noopener noreferrer\">Percival Lowell<\/a>, la plupart des observateurs filment la <a href=\"https:\/\/blogs.futura-sciences.com\/feldmann\/2017\/02\/16\/mars-express-survole-pole-nord-de-planete-rouge\/\" target=\"_blank\" rel=\"noopener noreferrer\">Plan\u00e8te rouge<\/a>. De puissants logiciels (con\u00e7us par ces m\u00eames amateurs) permettent de s\u00e9lectionner et d&#8217;additionner les meilleures images.<\/p>\n<p><a href=\"https:\/\/blogs.futura-sciences.com\/feldmann\/wp-content\/uploads\/sites\/9\/2020\/09\/mars3.jpg\" rel=\"lightbox[12501]\"><img loading=\"lazy\" decoding=\"async\" class=\"alignnone wp-image-12504 size-medium\" src=\"https:\/\/blogs.futura-sciences.com\/feldmann\/wp-content\/uploads\/sites\/9\/2020\/09\/mars3-403x450.jpg\" alt=\"\" width=\"403\" height=\"450\" srcset=\"https:\/\/blogs.futura-sciences.com\/feldmann\/wp-content\/uploads\/sites\/9\/2020\/09\/mars3-403x450.jpg 403w, https:\/\/blogs.futura-sciences.com\/feldmann\/wp-content\/uploads\/sites\/9\/2020\/09\/mars3.jpg 633w\" sizes=\"auto, (max-width: 403px) 100vw, 403px\" \/><\/a><\/p>\n<h5>G\u00e9ographie martienne :<\/h5>\n<p>Mars ne reviendra pas aussi pr\u00e8s de la Terre avant 2035. Profitons de cette incroyable vue pour d\u00e9tailler quelques-uns des principaux reliefs visibles cette nuit-l\u00e0 :<\/p>\n<ul>\n<li>Le crat\u00e8re Schiaparelli porte le nom du c\u00e9l\u00e8bre astronome italien Giovanni Schiaparelli. Ce crat\u00e8re a un diam\u00e8tre de 470 km.<\/li>\n<li><em>Arabia Terra<\/em> est une r\u00e9gion fortement crat\u00e9ris\u00e9e qui reprend la d\u00e9nomination attribu\u00e9e par Schiaparelli. Il observa dans sa <a href=\"https:\/\/blogs.futura-sciences.com\/feldmann\/2015\/05\/05\/bien-choisir-sa-premiere-lunette-astronomique\/\" target=\"_blank\" rel=\"noopener noreferrer\">lunette astronomique<\/a> une zone contrast\u00e9e dont la forme g\u00e9n\u00e9rale \u00e9voquait l\u2019Arabie.<\/li>\n<li>Haut plateau volcanique, <em>Syrtis Major<\/em> a un aspect sombre caract\u00e9ristique. C&#8217;est la premi\u00e8re formation g\u00e9ographique martienne que les astronomes ont repr\u00e9sent\u00e9e. Invisible sur cette image car trop petit, le crat\u00e8re Jezero (50 km) se trouve en haut \u00e0 droite de cette formation. C&#8217;est l\u00e0 que se posera le rover <a href=\"https:\/\/www.futura-sciences.com\/sciences\/actualites\/mars-mars-cest-ici-perseverance-va-rechercher-traces-vie-video-82214\/\" target=\"_blank\" rel=\"noopener noreferrer\"><em>Perseverance<\/em><\/a> dans quelques semaines.<\/li>\n<li>C&#8217;est en bordure de\u00a0<em>Mare Cimmerium<\/em> que se trouve le crat\u00e8re Gale et le mont Sharp que le rover <a href=\"https:\/\/www.futura-sciences.com\/sciences\/actualites\/curiosity-curiosity-sept-ans-exploration-mars-surprenantes-nouvelles-decouvertes-77137\/\" target=\"_blank\" rel=\"noopener noreferrer\"><em>Curiosity<\/em><\/a> a explor\u00e9 pendant plusieurs ann\u00e9es.<\/li>\n<li><em>Hellas Planitia\u00a0<\/em>est un bassin d&#8217;impact plus clair dont le diam\u00e8tre d\u00e9passe 2.000 km.<\/li>\n<li><em>South Polar Cap<\/em> (SPC) indique l&#8217;emplacement de la <a href=\"https:\/\/blogs.futura-sciences.com\/feldmann\/2020\/09\/09\/mars-la-fonte-de-la-calotte-polaire-vue-par-les-amateurs\/\" target=\"_blank\" rel=\"noopener noreferrer\">calotte polaire sud<\/a> dont on peut suivre la fonte depuis plusieurs semaines.<\/li>\n<li>Le crat\u00e8re Huygens (410 km) est une formation tr\u00e8s ancienne. On y observe des preuves ind\u00e9niables de l&#8217;\u00e9coulement de grandes quantit\u00e9s de liquide.<\/li>\n<li><em>Sinus Sabaeus<\/em> est une r\u00e9gion plut\u00f4t homog\u00e8ne avec une altitude moyenne de l\u2019ordre de 3.000 m. Elle compte des crat\u00e8res d\u2019impact et de nombreuses vall\u00e9es.<\/li>\n<\/ul>\n<p><iframe loading=\"lazy\" title=\"Combien y a-t-il de missions sur Mars\u2009? |\u00a0Futura\" width=\"474\" height=\"267\" src=\"https:\/\/www.youtube.com\/embed\/NHXpzPu2eNc?feature=oembed\" frameborder=\"0\" allow=\"accelerometer; autoplay; clipboard-write; encrypted-media; gyroscope; picture-in-picture; web-share\" referrerpolicy=\"strict-origin-when-cross-origin\" allowfullscreen><\/iframe><\/p>\n<!-- AddThis Advanced Settings generic via filter on the_content --><!-- AddThis Share Buttons generic via filter on the_content -->","protected":false},"excerpt":{"rendered":"<p>\u00c0 quelques jours de son passage au plus pr\u00e8s de la Terre (le 6 octobre), la plan\u00e8te Mars r\u00e9v\u00e8le sa surface aux astronomes amateurs les plus dou\u00e9s. Talent australien : L&#8217;astronome amateur australien Seb Lukas est un photographe plan\u00e9taire combl\u00e9. Ses derni\u00e8res images de la plan\u00e8te Mars prises le 16 septembre sont tout bonnement stup\u00e9fiantes. &hellip; <a href=\"https:\/\/blogs.futura-sciences.com\/feldmann\/2020\/09\/20\/la-planete-mars-sapproche-et-devoile-ses-etonnants-paysages\/\" class=\"more-link\">Continuer la lecture de <span class=\"screen-reader-text\">La plan\u00e8te Mars s&#8217;approche et d\u00e9voile ses \u00e9tonnants paysages<\/span>  <span class=\"meta-nav\">&rarr;<\/span><\/a><!-- AddThis Advanced Settings generic via filter on get_the_excerpt --><!-- AddThis Share Buttons generic via filter on get_the_excerpt --><\/p>\n","protected":false},"author":8,"featured_media":12502,"comment_status":"open","ping_status":"open","sticky":false,"template":"","format":"standard","meta":{"footnotes":"","_links_to":"","_links_to_target":""},"categories":[509],"tags":[116,115,2918,1677],"class_list":["post-12501","post","type-post","status-publish","format-standard","has-post-thumbnail","hentry","category-actualites","tag-mars","tag-planete-rouge","tag-seb-lukas","tag-syrtis-major"],"yoast_head":"<!-- This site is optimized with the Yoast SEO plugin v24.1 - https:\/\/yoast.com\/wordpress\/plugins\/seo\/ -->\n<title>La plan\u00e8te Mars s&#039;approche et d\u00e9voile ses \u00e9tonnants paysages<\/title>\n<meta name=\"description\" content=\"\u00c0 quelques jours de son passage au plus pr\u00e8s de la Terre (le 6 octobre), la plan\u00e8te Mars r\u00e9v\u00e8le sa surface aux astronomes amateurs les plus dou\u00e9s.\" \/>\n<meta name=\"robots\" content=\"index, follow, max-snippet:-1, max-image-preview:large, max-video-preview:-1\" \/>\n<link rel=\"canonical\" href=\"https:\/\/blogs.futura-sciences.com\/feldmann\/2020\/09\/20\/la-planete-mars-sapproche-et-devoile-ses-etonnants-paysages\/\" \/>\n<meta property=\"og:locale\" content=\"fr_FR\" \/>\n<meta property=\"og:type\" content=\"article\" \/>\n<meta property=\"og:title\" content=\"La plan\u00e8te Mars s&#039;approche et d\u00e9voile ses \u00e9tonnants paysages\" \/>\n<meta property=\"og:description\" content=\"\u00c0 quelques jours de son passage au plus pr\u00e8s de la Terre (le 6 octobre), la plan\u00e8te Mars r\u00e9v\u00e8le sa surface aux astronomes amateurs les plus dou\u00e9s.\" \/>\n<meta property=\"og:url\" content=\"https:\/\/blogs.futura-sciences.com\/feldmann\/2020\/09\/20\/la-planete-mars-sapproche-et-devoile-ses-etonnants-paysages\/\" \/>\n<meta property=\"og:site_name\" content=\"CIELMANIA : le blog de Jean-Baptiste FELDMANN, photographe du ciel\" \/>\n<meta property=\"article:published_time\" content=\"2020-09-20T07:56:32+00:00\" \/>\n<meta property=\"article:modified_time\" content=\"2020-10-02T16:20:29+00:00\" \/>\n<meta property=\"og:image\" content=\"https:\/\/blogs.futura-sciences.com\/feldmann\/wp-content\/uploads\/sites\/9\/2020\/09\/mars1-1.jpg\" \/>\n\t<meta property=\"og:image:width\" content=\"1300\" \/>\n\t<meta property=\"og:image:height\" content=\"800\" \/>\n\t<meta property=\"og:image:type\" content=\"image\/jpeg\" \/>\n<meta name=\"author\" content=\"Jean-Baptiste FELDMANN\" \/>\n<meta name=\"twitter:card\" content=\"summary_large_image\" \/>\n<meta name=\"twitter:label1\" content=\"\u00c9crit par\" \/>\n\t<meta name=\"twitter:data1\" content=\"Jean-Baptiste FELDMANN\" \/>\n\t<meta name=\"twitter:label2\" content=\"Dur\u00e9e de lecture estim\u00e9e\" \/>\n\t<meta name=\"twitter:data2\" content=\"3 minutes\" \/>\n<script type=\"application\/ld+json\" class=\"yoast-schema-graph\">{\"@context\":\"https:\/\/schema.org\",\"@graph\":[{\"@type\":\"WebPage\",\"@id\":\"https:\/\/blogs.futura-sciences.com\/feldmann\/2020\/09\/20\/la-planete-mars-sapproche-et-devoile-ses-etonnants-paysages\/\",\"url\":\"https:\/\/blogs.futura-sciences.com\/feldmann\/2020\/09\/20\/la-planete-mars-sapproche-et-devoile-ses-etonnants-paysages\/\",\"name\":\"La plan\u00e8te Mars s'approche et d\u00e9voile ses \u00e9tonnants paysages\",\"isPartOf\":{\"@id\":\"https:\/\/blogs.futura-sciences.com\/feldmann\/#website\"},\"primaryImageOfPage\":{\"@id\":\"https:\/\/blogs.futura-sciences.com\/feldmann\/2020\/09\/20\/la-planete-mars-sapproche-et-devoile-ses-etonnants-paysages\/#primaryimage\"},\"image\":{\"@id\":\"https:\/\/blogs.futura-sciences.com\/feldmann\/2020\/09\/20\/la-planete-mars-sapproche-et-devoile-ses-etonnants-paysages\/#primaryimage\"},\"thumbnailUrl\":\"https:\/\/blogs.futura-sciences.com\/feldmann\/wp-content\/uploads\/sites\/9\/2020\/09\/mars1-1.jpg\",\"datePublished\":\"2020-09-20T07:56:32+00:00\",\"dateModified\":\"2020-10-02T16:20:29+00:00\",\"author\":{\"@id\":\"https:\/\/blogs.futura-sciences.com\/feldmann\/#\/schema\/person\/62b391b709c307783237b759b62731ea\"},\"description\":\"\u00c0 quelques jours de son passage au plus pr\u00e8s de la Terre (le 6 octobre), la plan\u00e8te Mars r\u00e9v\u00e8le sa surface aux astronomes amateurs les plus dou\u00e9s.\",\"inLanguage\":\"fr-FR\",\"potentialAction\":[{\"@type\":\"ReadAction\",\"target\":[\"https:\/\/blogs.futura-sciences.com\/feldmann\/2020\/09\/20\/la-planete-mars-sapproche-et-devoile-ses-etonnants-paysages\/\"]}]},{\"@type\":\"ImageObject\",\"inLanguage\":\"fr-FR\",\"@id\":\"https:\/\/blogs.futura-sciences.com\/feldmann\/2020\/09\/20\/la-planete-mars-sapproche-et-devoile-ses-etonnants-paysages\/#primaryimage\",\"url\":\"https:\/\/blogs.futura-sciences.com\/feldmann\/wp-content\/uploads\/sites\/9\/2020\/09\/mars1-1.jpg\",\"contentUrl\":\"https:\/\/blogs.futura-sciences.com\/feldmann\/wp-content\/uploads\/sites\/9\/2020\/09\/mars1-1.jpg\",\"width\":1300,\"height\":800},{\"@type\":\"WebSite\",\"@id\":\"https:\/\/blogs.futura-sciences.com\/feldmann\/#website\",\"url\":\"https:\/\/blogs.futura-sciences.com\/feldmann\/\",\"name\":\"CIELMANIA : le blog de Jean-Baptiste FELDMANN, photographe du ciel\",\"description\":\"&quot;J&#039;ai en moi un besoin terrible. Dirais-je le mot? La religion. Alors, je sors la nuit et je peins des \u00e9toiles.&quot;  Vincent van Gogh\",\"potentialAction\":[{\"@type\":\"SearchAction\",\"target\":{\"@type\":\"EntryPoint\",\"urlTemplate\":\"https:\/\/blogs.futura-sciences.com\/feldmann\/?s={search_term_string}\"},\"query-input\":{\"@type\":\"PropertyValueSpecification\",\"valueRequired\":true,\"valueName\":\"search_term_string\"}}],\"inLanguage\":\"fr-FR\"},{\"@type\":\"Person\",\"@id\":\"https:\/\/blogs.futura-sciences.com\/feldmann\/#\/schema\/person\/62b391b709c307783237b759b62731ea\",\"name\":\"Jean-Baptiste FELDMANN\",\"image\":{\"@type\":\"ImageObject\",\"inLanguage\":\"fr-FR\",\"@id\":\"https:\/\/blogs.futura-sciences.com\/feldmann\/#\/schema\/person\/image\/\",\"url\":\"https:\/\/secure.gravatar.com\/avatar\/41f96607fde7a81a14570eec74177c42?s=96&d=mm&r=g\",\"contentUrl\":\"https:\/\/secure.gravatar.com\/avatar\/41f96607fde7a81a14570eec74177c42?s=96&d=mm&r=g\",\"caption\":\"Jean-Baptiste FELDMANN\"},\"url\":\"https:\/\/blogs.futura-sciences.com\/feldmann\/author\/jbfe\/\"}]}<\/script>\n<!-- \/ Yoast SEO plugin. -->","yoast_head_json":{"title":"La plan\u00e8te Mars s'approche et d\u00e9voile ses \u00e9tonnants paysages","description":"\u00c0 quelques jours de son passage au plus pr\u00e8s de la Terre (le 6 octobre), la plan\u00e8te Mars r\u00e9v\u00e8le sa surface aux astronomes amateurs les plus dou\u00e9s.","robots":{"index":"index","follow":"follow","max-snippet":"max-snippet:-1","max-image-preview":"max-image-preview:large","max-video-preview":"max-video-preview:-1"},"canonical":"https:\/\/blogs.futura-sciences.com\/feldmann\/2020\/09\/20\/la-planete-mars-sapproche-et-devoile-ses-etonnants-paysages\/","og_locale":"fr_FR","og_type":"article","og_title":"La plan\u00e8te Mars s'approche et d\u00e9voile ses \u00e9tonnants paysages","og_description":"\u00c0 quelques jours de son passage au plus pr\u00e8s de la Terre (le 6 octobre), la plan\u00e8te Mars r\u00e9v\u00e8le sa surface aux astronomes amateurs les plus dou\u00e9s.","og_url":"https:\/\/blogs.futura-sciences.com\/feldmann\/2020\/09\/20\/la-planete-mars-sapproche-et-devoile-ses-etonnants-paysages\/","og_site_name":"CIELMANIA : le blog de Jean-Baptiste FELDMANN, photographe du ciel","article_published_time":"2020-09-20T07:56:32+00:00","article_modified_time":"2020-10-02T16:20:29+00:00","og_image":[{"width":1300,"height":800,"url":"https:\/\/blogs.futura-sciences.com\/feldmann\/wp-content\/uploads\/sites\/9\/2020\/09\/mars1-1.jpg","type":"image\/jpeg"}],"author":"Jean-Baptiste FELDMANN","twitter_card":"summary_large_image","twitter_misc":{"\u00c9crit par":"Jean-Baptiste FELDMANN","Dur\u00e9e de lecture estim\u00e9e":"3 minutes"},"schema":{"@context":"https:\/\/schema.org","@graph":[{"@type":"WebPage","@id":"https:\/\/blogs.futura-sciences.com\/feldmann\/2020\/09\/20\/la-planete-mars-sapproche-et-devoile-ses-etonnants-paysages\/","url":"https:\/\/blogs.futura-sciences.com\/feldmann\/2020\/09\/20\/la-planete-mars-sapproche-et-devoile-ses-etonnants-paysages\/","name":"La plan\u00e8te Mars s'approche et d\u00e9voile ses \u00e9tonnants paysages","isPartOf":{"@id":"https:\/\/blogs.futura-sciences.com\/feldmann\/#website"},"primaryImageOfPage":{"@id":"https:\/\/blogs.futura-sciences.com\/feldmann\/2020\/09\/20\/la-planete-mars-sapproche-et-devoile-ses-etonnants-paysages\/#primaryimage"},"image":{"@id":"https:\/\/blogs.futura-sciences.com\/feldmann\/2020\/09\/20\/la-planete-mars-sapproche-et-devoile-ses-etonnants-paysages\/#primaryimage"},"thumbnailUrl":"https:\/\/blogs.futura-sciences.com\/feldmann\/wp-content\/uploads\/sites\/9\/2020\/09\/mars1-1.jpg","datePublished":"2020-09-20T07:56:32+00:00","dateModified":"2020-10-02T16:20:29+00:00","author":{"@id":"https:\/\/blogs.futura-sciences.com\/feldmann\/#\/schema\/person\/62b391b709c307783237b759b62731ea"},"description":"\u00c0 quelques jours de son passage au plus pr\u00e8s de la Terre (le 6 octobre), la plan\u00e8te Mars r\u00e9v\u00e8le sa surface aux astronomes amateurs les plus dou\u00e9s.","inLanguage":"fr-FR","potentialAction":[{"@type":"ReadAction","target":["https:\/\/blogs.futura-sciences.com\/feldmann\/2020\/09\/20\/la-planete-mars-sapproche-et-devoile-ses-etonnants-paysages\/"]}]},{"@type":"ImageObject","inLanguage":"fr-FR","@id":"https:\/\/blogs.futura-sciences.com\/feldmann\/2020\/09\/20\/la-planete-mars-sapproche-et-devoile-ses-etonnants-paysages\/#primaryimage","url":"https:\/\/blogs.futura-sciences.com\/feldmann\/wp-content\/uploads\/sites\/9\/2020\/09\/mars1-1.jpg","contentUrl":"https:\/\/blogs.futura-sciences.com\/feldmann\/wp-content\/uploads\/sites\/9\/2020\/09\/mars1-1.jpg","width":1300,"height":800},{"@type":"WebSite","@id":"https:\/\/blogs.futura-sciences.com\/feldmann\/#website","url":"https:\/\/blogs.futura-sciences.com\/feldmann\/","name":"CIELMANIA : le blog de Jean-Baptiste FELDMANN, photographe du ciel","description":"&quot;J&#039;ai en moi un besoin terrible. Dirais-je le mot? La religion. Alors, je sors la nuit et je peins des \u00e9toiles.&quot;  Vincent van Gogh","potentialAction":[{"@type":"SearchAction","target":{"@type":"EntryPoint","urlTemplate":"https:\/\/blogs.futura-sciences.com\/feldmann\/?s={search_term_string}"},"query-input":{"@type":"PropertyValueSpecification","valueRequired":true,"valueName":"search_term_string"}}],"inLanguage":"fr-FR"},{"@type":"Person","@id":"https:\/\/blogs.futura-sciences.com\/feldmann\/#\/schema\/person\/62b391b709c307783237b759b62731ea","name":"Jean-Baptiste FELDMANN","image":{"@type":"ImageObject","inLanguage":"fr-FR","@id":"https:\/\/blogs.futura-sciences.com\/feldmann\/#\/schema\/person\/image\/","url":"https:\/\/secure.gravatar.com\/avatar\/41f96607fde7a81a14570eec74177c42?s=96&d=mm&r=g","contentUrl":"https:\/\/secure.gravatar.com\/avatar\/41f96607fde7a81a14570eec74177c42?s=96&d=mm&r=g","caption":"Jean-Baptiste FELDMANN"},"url":"https:\/\/blogs.futura-sciences.com\/feldmann\/author\/jbfe\/"}]}},"_links":{"self":[{"href":"https:\/\/blogs.futura-sciences.com\/feldmann\/wp-json\/wp\/v2\/posts\/12501","targetHints":{"allow":["GET"]}}],"collection":[{"href":"https:\/\/blogs.futura-sciences.com\/feldmann\/wp-json\/wp\/v2\/posts"}],"about":[{"href":"https:\/\/blogs.futura-sciences.com\/feldmann\/wp-json\/wp\/v2\/types\/post"}],"author":[{"embeddable":true,"href":"https:\/\/blogs.futura-sciences.com\/feldmann\/wp-json\/wp\/v2\/users\/8"}],"replies":[{"embeddable":true,"href":"https:\/\/blogs.futura-sciences.com\/feldmann\/wp-json\/wp\/v2\/comments?post=12501"}],"version-history":[{"count":8,"href":"https:\/\/blogs.futura-sciences.com\/feldmann\/wp-json\/wp\/v2\/posts\/12501\/revisions"}],"predecessor-version":[{"id":12512,"href":"https:\/\/blogs.futura-sciences.com\/feldmann\/wp-json\/wp\/v2\/posts\/12501\/revisions\/12512"}],"wp:featuredmedia":[{"embeddable":true,"href":"https:\/\/blogs.futura-sciences.com\/feldmann\/wp-json\/wp\/v2\/media\/12502"}],"wp:attachment":[{"href":"https:\/\/blogs.futura-sciences.com\/feldmann\/wp-json\/wp\/v2\/media?parent=12501"}],"wp:term":[{"taxonomy":"category","embeddable":true,"href":"https:\/\/blogs.futura-sciences.com\/feldmann\/wp-json\/wp\/v2\/categories?post=12501"},{"taxonomy":"post_tag","embeddable":true,"href":"https:\/\/blogs.futura-sciences.com\/feldmann\/wp-json\/wp\/v2\/tags?post=12501"}],"curies":[{"name":"wp","href":"https:\/\/api.w.org\/{rel}","templated":true}]}}