{"id":11807,"date":"2020-04-09T12:19:11","date_gmt":"2020-04-09T12:19:11","guid":{"rendered":"https:\/\/blogs.futura-sciences.com\/feldmann\/?p=11807"},"modified":"2020-04-20T17:23:39","modified_gmt":"2020-04-20T17:23:39","slug":"la-plus-grosse-pleine-lune-de-lannee-en-images","status":"publish","type":"post","link":"https:\/\/blogs.futura-sciences.com\/feldmann\/2020\/04\/09\/la-plus-grosse-pleine-lune-de-lannee-en-images\/","title":{"rendered":"La plus grosse Pleine Lune de l&#8217;ann\u00e9e en images"},"content":{"rendered":"<p><strong>Les 7 et 8 avril chacun a pu admirer et photographier la plus grosse Pleine Lune de l&#8217;ann\u00e9e. Avec parfois une teinte rouge exceptionnelle. Explications.<\/strong><\/p>\n<p>En raison de son orbite elliptique, la Lune n\u2019est pas toujours \u00e0 la m\u00eame distance de la Terre. Au plus pr\u00e8s,\u00a0<strong>le p\u00e9rig\u00e9e<\/strong>, cette distance est de 356.700 km ; au plus loin,\u00a0<strong>l\u2019apog\u00e9e<\/strong>, la Lune se trouve \u00e0 406.300 km.\u00a0<span id=\"more-11786\"><\/span>Cette variation de distance induit automatiquement une variation du diam\u00e8tre lunaire apparent qui oscille entre 29,5 minutes d\u2019arc \u00e0\u00a0<strong>l\u2019apog\u00e9e<\/strong>\u00a0et 33,5 minutes d\u2019arc au\u00a0<strong>p\u00e9rig\u00e9e<\/strong>, soit une diff\u00e9rence de 12%.<\/p>\n<p><a href=\"https:\/\/blogs.futura-sciences.com\/feldmann\/wp-content\/uploads\/sites\/9\/2020\/04\/P17.jpg\" rel=\"lightbox[11807]\"><img loading=\"lazy\" decoding=\"async\" class=\"alignnone size-medium wp-image-11813\" src=\"https:\/\/blogs.futura-sciences.com\/feldmann\/wp-content\/uploads\/sites\/9\/2020\/04\/P17-450x318.jpg\" alt=\"\" width=\"450\" height=\"318\" srcset=\"https:\/\/blogs.futura-sciences.com\/feldmann\/wp-content\/uploads\/sites\/9\/2020\/04\/P17-450x318.jpg 450w, https:\/\/blogs.futura-sciences.com\/feldmann\/wp-content\/uploads\/sites\/9\/2020\/04\/P17-1024x724.jpg 1024w, https:\/\/blogs.futura-sciences.com\/feldmann\/wp-content\/uploads\/sites\/9\/2020\/04\/P17-768x543.jpg 768w, https:\/\/blogs.futura-sciences.com\/feldmann\/wp-content\/uploads\/sites\/9\/2020\/04\/P17.jpg 1273w\" sizes=\"auto, (max-width: 450px) 100vw, 450px\" \/><\/a><\/p>\n<p>Le 8 avril \u00e0 2 heures se produisait la plus grosse Pleine Lune de l&#8217;ann\u00e9e. De nombreux amateurs ont immortalis\u00e9 la sc\u00e8ne en soir\u00e9e la veille et le jour m\u00eame. C&#8217;est en effet lorsqu&#8217;il se l\u00e8ve que notre satellite naturel est le plus photog\u00e9nique avec un premier plan bien choisi.<\/p>\n<p><a href=\"https:\/\/blogs.futura-sciences.com\/feldmann\/wp-content\/uploads\/sites\/9\/2020\/04\/P12.jpg\" rel=\"lightbox[11807]\"><img loading=\"lazy\" decoding=\"async\" class=\"alignnone size-medium wp-image-11808\" src=\"https:\/\/blogs.futura-sciences.com\/feldmann\/wp-content\/uploads\/sites\/9\/2020\/04\/P12-450x272.jpg\" alt=\"\" width=\"450\" height=\"272\" srcset=\"https:\/\/blogs.futura-sciences.com\/feldmann\/wp-content\/uploads\/sites\/9\/2020\/04\/P12-450x272.jpg 450w, https:\/\/blogs.futura-sciences.com\/feldmann\/wp-content\/uploads\/sites\/9\/2020\/04\/P12-1024x619.jpg 1024w, https:\/\/blogs.futura-sciences.com\/feldmann\/wp-content\/uploads\/sites\/9\/2020\/04\/P12-768x464.jpg 768w, https:\/\/blogs.futura-sciences.com\/feldmann\/wp-content\/uploads\/sites\/9\/2020\/04\/P12.jpg 1490w\" sizes=\"auto, (max-width: 450px) 100vw, 450px\" \/><\/a><\/p>\n<p>Peut-\u00eatre avez-vous vu comme moi appara\u00eetre sur l&#8217;horizon une Lune particuli\u00e8rement rouge (ci-dessus). Contrairement \u00e0 ce que certains ont pu penser en voyant l&#8217;image, il n&#8217;y a aucun traitement informatique. Lorsque la lumi\u00e8re de la Lune (qui ne fait que renvoyer la lumi\u00e8re solaire) passe par l&#8217;atmosph\u00e8re terrestre, certaines des couleurs sont absorb\u00e9es par les compos\u00e9s pr\u00e9sents dans l&#8217;atmosph\u00e8re comme de la vapeur d&#8217;eau, des particules ou des poussi\u00e8res. D\u00e8s lors la lumi\u00e8re bleue, de faible longueur d&#8217;onde, est filtr\u00e9e par ces compos\u00e9s et nous ne recevons que la lumi\u00e8re \u00e0 dominante rouge.<\/p>\n<p><a href=\"https:\/\/blogs.futura-sciences.com\/feldmann\/wp-content\/uploads\/sites\/9\/2020\/04\/P16.jpg\" rel=\"lightbox[11807]\"><img loading=\"lazy\" decoding=\"async\" class=\"alignnone size-medium wp-image-11812\" src=\"https:\/\/blogs.futura-sciences.com\/feldmann\/wp-content\/uploads\/sites\/9\/2020\/04\/P16-450x300.jpg\" alt=\"\" width=\"450\" height=\"300\" srcset=\"https:\/\/blogs.futura-sciences.com\/feldmann\/wp-content\/uploads\/sites\/9\/2020\/04\/P16-450x300.jpg 450w, https:\/\/blogs.futura-sciences.com\/feldmann\/wp-content\/uploads\/sites\/9\/2020\/04\/P16.jpg 720w\" sizes=\"auto, (max-width: 450px) 100vw, 450px\" \/><\/a><\/p>\n<p>Ce ph\u00e9nom\u00e8ne est renforc\u00e9 lorsque la Lune est basse sur l&#8217;horizon : dans ce cas, la lumi\u00e8re doit traverser une plus grande \u00e9paisseur d&#8217;atmosph\u00e8re pour nous arriver ce qui implique davantage de lumi\u00e8re bleue absorb\u00e9e. Il s\u2019agit du m\u00eame ph\u00e9nom\u00e8ne qui se d\u00e9roule lors d\u2019un <a href=\"https:\/\/blogs.futura-sciences.com\/feldmann\/2017\/02\/06\/le-soleil-se-couche-sur-le-desert-datacama\/\" target=\"_blank\" rel=\"noopener noreferrer\">Soleil couchant<\/a> qui appara\u00eet rouge. On voit tr\u00e8s bien le ph\u00e9nom\u00e8ne lorsqu&#8217;on photographie le lever de Lune \u00e0 intervalles r\u00e9guliers pour obtenir un chapelet (ci-dessus). Sur l&#8217;horizon l&#8217;absorption atmosph\u00e9rique \u00e9tait extr\u00eamement forte et j&#8217;ai pos\u00e9 1 seconde, 1000 fois moins que quand la Pleine Lune est au z\u00e9nith !<\/p>\n<div id='gallery-1' class='gallery galleryid-11807 gallery-columns-3 gallery-size-thumbnail'><figure class='gallery-item'>\n\t\t\t<div class='gallery-icon landscape'>\n\t\t\t\t<a href='https:\/\/blogs.futura-sciences.com\/feldmann\/wp-content\/uploads\/sites\/9\/2020\/04\/P12.jpg' rel=\"lightbox[11807]\"><img loading=\"lazy\" decoding=\"async\" width=\"150\" height=\"150\" src=\"https:\/\/blogs.futura-sciences.com\/feldmann\/wp-content\/uploads\/sites\/9\/2020\/04\/P12-150x150.jpg\" class=\"attachment-thumbnail size-thumbnail\" alt=\"\" \/><\/a>\n\t\t\t<\/div><\/figure><figure class='gallery-item'>\n\t\t\t<div class='gallery-icon landscape'>\n\t\t\t\t<a href='https:\/\/blogs.futura-sciences.com\/feldmann\/wp-content\/uploads\/sites\/9\/2020\/04\/P13.jpg' rel=\"lightbox[11807]\"><img loading=\"lazy\" decoding=\"async\" width=\"150\" height=\"150\" src=\"https:\/\/blogs.futura-sciences.com\/feldmann\/wp-content\/uploads\/sites\/9\/2020\/04\/P13-150x150.jpg\" class=\"attachment-thumbnail size-thumbnail\" alt=\"\" \/><\/a>\n\t\t\t<\/div><\/figure><figure class='gallery-item'>\n\t\t\t<div class='gallery-icon landscape'>\n\t\t\t\t<a href='https:\/\/blogs.futura-sciences.com\/feldmann\/wp-content\/uploads\/sites\/9\/2020\/04\/P14.jpg' rel=\"lightbox[11807]\"><img loading=\"lazy\" decoding=\"async\" width=\"150\" height=\"150\" src=\"https:\/\/blogs.futura-sciences.com\/feldmann\/wp-content\/uploads\/sites\/9\/2020\/04\/P14-150x150.jpg\" class=\"attachment-thumbnail size-thumbnail\" alt=\"\" \/><\/a>\n\t\t\t<\/div><\/figure><figure class='gallery-item'>\n\t\t\t<div class='gallery-icon landscape'>\n\t\t\t\t<a href='https:\/\/blogs.futura-sciences.com\/feldmann\/wp-content\/uploads\/sites\/9\/2020\/04\/P15.jpg' rel=\"lightbox[11807]\"><img loading=\"lazy\" decoding=\"async\" width=\"150\" height=\"150\" src=\"https:\/\/blogs.futura-sciences.com\/feldmann\/wp-content\/uploads\/sites\/9\/2020\/04\/P15-150x150.jpg\" class=\"attachment-thumbnail size-thumbnail\" alt=\"\" \/><\/a>\n\t\t\t<\/div><\/figure><figure class='gallery-item'>\n\t\t\t<div class='gallery-icon landscape'>\n\t\t\t\t<a href='https:\/\/blogs.futura-sciences.com\/feldmann\/wp-content\/uploads\/sites\/9\/2020\/04\/P16.jpg' rel=\"lightbox[11807]\"><img loading=\"lazy\" decoding=\"async\" width=\"150\" height=\"150\" src=\"https:\/\/blogs.futura-sciences.com\/feldmann\/wp-content\/uploads\/sites\/9\/2020\/04\/P16-150x150.jpg\" class=\"attachment-thumbnail size-thumbnail\" alt=\"\" \/><\/a>\n\t\t\t<\/div><\/figure><figure class='gallery-item'>\n\t\t\t<div class='gallery-icon landscape'>\n\t\t\t\t<a href='https:\/\/blogs.futura-sciences.com\/feldmann\/wp-content\/uploads\/sites\/9\/2020\/04\/P17.jpg' rel=\"lightbox[11807]\"><img loading=\"lazy\" decoding=\"async\" width=\"150\" height=\"150\" src=\"https:\/\/blogs.futura-sciences.com\/feldmann\/wp-content\/uploads\/sites\/9\/2020\/04\/P17-150x150.jpg\" class=\"attachment-thumbnail size-thumbnail\" alt=\"\" \/><\/a>\n\t\t\t<\/div><\/figure><figure class='gallery-item'>\n\t\t\t<div class='gallery-icon landscape'>\n\t\t\t\t<a href='https:\/\/blogs.futura-sciences.com\/feldmann\/wp-content\/uploads\/sites\/9\/2020\/04\/P18.jpg' rel=\"lightbox[11807]\"><img loading=\"lazy\" decoding=\"async\" width=\"150\" height=\"150\" src=\"https:\/\/blogs.futura-sciences.com\/feldmann\/wp-content\/uploads\/sites\/9\/2020\/04\/P18-150x150.jpg\" class=\"attachment-thumbnail size-thumbnail\" alt=\"\" \/><\/a>\n\t\t\t<\/div><\/figure><figure class='gallery-item'>\n\t\t\t<div class='gallery-icon landscape'>\n\t\t\t\t<a href='https:\/\/blogs.futura-sciences.com\/feldmann\/wp-content\/uploads\/sites\/9\/2020\/04\/P19.jpg' rel=\"lightbox[11807]\"><img loading=\"lazy\" decoding=\"async\" width=\"150\" height=\"150\" src=\"https:\/\/blogs.futura-sciences.com\/feldmann\/wp-content\/uploads\/sites\/9\/2020\/04\/P19-150x150.jpg\" class=\"attachment-thumbnail size-thumbnail\" alt=\"\" \/><\/a>\n\t\t\t<\/div><\/figure><figure class='gallery-item'>\n\t\t\t<div class='gallery-icon landscape'>\n\t\t\t\t<a href='https:\/\/blogs.futura-sciences.com\/feldmann\/wp-content\/uploads\/sites\/9\/2020\/04\/P20.jpg' rel=\"lightbox[11807]\"><img loading=\"lazy\" decoding=\"async\" width=\"150\" height=\"150\" src=\"https:\/\/blogs.futura-sciences.com\/feldmann\/wp-content\/uploads\/sites\/9\/2020\/04\/P20-150x150.jpg\" class=\"attachment-thumbnail size-thumbnail\" alt=\"\" \/><\/a>\n\t\t\t<\/div><\/figure><figure class='gallery-item'>\n\t\t\t<div class='gallery-icon landscape'>\n\t\t\t\t<a href='https:\/\/blogs.futura-sciences.com\/feldmann\/wp-content\/uploads\/sites\/9\/2020\/04\/P21.jpg' rel=\"lightbox[11807]\"><img loading=\"lazy\" decoding=\"async\" width=\"150\" height=\"150\" src=\"https:\/\/blogs.futura-sciences.com\/feldmann\/wp-content\/uploads\/sites\/9\/2020\/04\/P21-150x150.jpg\" class=\"attachment-thumbnail size-thumbnail\" alt=\"\" \/><\/a>\n\t\t\t<\/div><\/figure><figure class='gallery-item'>\n\t\t\t<div class='gallery-icon landscape'>\n\t\t\t\t<a href='https:\/\/blogs.futura-sciences.com\/feldmann\/wp-content\/uploads\/sites\/9\/2020\/04\/P22.jpg' rel=\"lightbox[11807]\"><img loading=\"lazy\" decoding=\"async\" width=\"150\" height=\"150\" src=\"https:\/\/blogs.futura-sciences.com\/feldmann\/wp-content\/uploads\/sites\/9\/2020\/04\/P22-150x150.jpg\" class=\"attachment-thumbnail size-thumbnail\" alt=\"\" \/><\/a>\n\t\t\t<\/div><\/figure><figure class='gallery-item'>\n\t\t\t<div class='gallery-icon landscape'>\n\t\t\t\t<a href='https:\/\/blogs.futura-sciences.com\/feldmann\/wp-content\/uploads\/sites\/9\/2020\/04\/P23.jpg' rel=\"lightbox[11807]\"><img loading=\"lazy\" decoding=\"async\" width=\"150\" height=\"150\" src=\"https:\/\/blogs.futura-sciences.com\/feldmann\/wp-content\/uploads\/sites\/9\/2020\/04\/P23-150x150.jpg\" class=\"attachment-thumbnail size-thumbnail\" alt=\"\" \/><\/a>\n\t\t\t<\/div><\/figure>\n\t\t<\/div>\n\n<!-- AddThis Advanced Settings generic via filter on the_content --><!-- AddThis Share Buttons generic via filter on the_content -->","protected":false},"excerpt":{"rendered":"<p>Les 7 et 8 avril chacun a pu admirer et photographier la plus grosse Pleine Lune de l&#8217;ann\u00e9e. Avec parfois une teinte rouge exceptionnelle. Explications. En raison de son orbite elliptique, la Lune n\u2019est pas toujours \u00e0 la m\u00eame distance de la Terre. Au plus pr\u00e8s,\u00a0le p\u00e9rig\u00e9e, cette distance est de 356.700 km ; au &hellip; <a href=\"https:\/\/blogs.futura-sciences.com\/feldmann\/2020\/04\/09\/la-plus-grosse-pleine-lune-de-lannee-en-images\/\" class=\"more-link\">Continuer la lecture de <span class=\"screen-reader-text\">La plus grosse Pleine Lune de l&#8217;ann\u00e9e en images<\/span>  <span class=\"meta-nav\">&rarr;<\/span><\/a><!-- AddThis Advanced Settings generic via filter on get_the_excerpt --><!-- AddThis Share Buttons generic via filter on get_the_excerpt --><\/p>\n","protected":false},"author":8,"featured_media":11808,"comment_status":"open","ping_status":"open","sticky":false,"template":"","format":"standard","meta":{"footnotes":"","_links_to":"","_links_to_target":""},"categories":[509],"tags":[2632],"class_list":["post-11807","post","type-post","status-publish","format-standard","has-post-thumbnail","hentry","category-actualites","tag-on-the-moon"],"yoast_head":"<!-- This site is optimized with the Yoast SEO plugin v24.1 - https:\/\/yoast.com\/wordpress\/plugins\/seo\/ -->\n<title>La plus grosse Pleine Lune de l&#039;ann\u00e9e en images<\/title>\n<meta name=\"description\" content=\"Les 7 et 8 avril chacun a pu admirer et photographier la plus grosse Pleine Lune de l&#039;ann\u00e9e. Avec parfois une teinte rouge exceptionnelle. Explications.\" \/>\n<meta name=\"robots\" content=\"index, follow, max-snippet:-1, max-image-preview:large, max-video-preview:-1\" \/>\n<link rel=\"canonical\" href=\"https:\/\/blogs.futura-sciences.com\/feldmann\/2020\/04\/09\/la-plus-grosse-pleine-lune-de-lannee-en-images\/\" \/>\n<meta property=\"og:locale\" content=\"fr_FR\" \/>\n<meta property=\"og:type\" content=\"article\" \/>\n<meta property=\"og:title\" content=\"La plus grosse Pleine Lune de l&#039;ann\u00e9e en images\" \/>\n<meta property=\"og:description\" content=\"Les 7 et 8 avril chacun a pu admirer et photographier la plus grosse Pleine Lune de l&#039;ann\u00e9e. Avec parfois une teinte rouge exceptionnelle. Explications.\" \/>\n<meta property=\"og:url\" content=\"https:\/\/blogs.futura-sciences.com\/feldmann\/2020\/04\/09\/la-plus-grosse-pleine-lune-de-lannee-en-images\/\" \/>\n<meta property=\"og:site_name\" content=\"CIELMANIA : le blog de Jean-Baptiste FELDMANN, photographe du ciel\" \/>\n<meta property=\"article:published_time\" content=\"2020-04-09T12:19:11+00:00\" \/>\n<meta property=\"article:modified_time\" content=\"2020-04-20T17:23:39+00:00\" \/>\n<meta property=\"og:image\" content=\"https:\/\/blogs.futura-sciences.com\/feldmann\/wp-content\/uploads\/sites\/9\/2020\/04\/P12.jpg\" \/>\n\t<meta property=\"og:image:width\" content=\"1490\" \/>\n\t<meta property=\"og:image:height\" content=\"900\" \/>\n\t<meta property=\"og:image:type\" content=\"image\/jpeg\" \/>\n<meta name=\"author\" content=\"Jean-Baptiste FELDMANN\" \/>\n<meta name=\"twitter:card\" content=\"summary_large_image\" \/>\n<meta name=\"twitter:label1\" content=\"\u00c9crit par\" \/>\n\t<meta name=\"twitter:data1\" content=\"Jean-Baptiste FELDMANN\" \/>\n\t<meta name=\"twitter:label2\" content=\"Dur\u00e9e de lecture estim\u00e9e\" \/>\n\t<meta name=\"twitter:data2\" content=\"2 minutes\" \/>\n<script type=\"application\/ld+json\" class=\"yoast-schema-graph\">{\"@context\":\"https:\/\/schema.org\",\"@graph\":[{\"@type\":\"WebPage\",\"@id\":\"https:\/\/blogs.futura-sciences.com\/feldmann\/2020\/04\/09\/la-plus-grosse-pleine-lune-de-lannee-en-images\/\",\"url\":\"https:\/\/blogs.futura-sciences.com\/feldmann\/2020\/04\/09\/la-plus-grosse-pleine-lune-de-lannee-en-images\/\",\"name\":\"La plus grosse Pleine Lune de l'ann\u00e9e en images\",\"isPartOf\":{\"@id\":\"https:\/\/blogs.futura-sciences.com\/feldmann\/#website\"},\"primaryImageOfPage\":{\"@id\":\"https:\/\/blogs.futura-sciences.com\/feldmann\/2020\/04\/09\/la-plus-grosse-pleine-lune-de-lannee-en-images\/#primaryimage\"},\"image\":{\"@id\":\"https:\/\/blogs.futura-sciences.com\/feldmann\/2020\/04\/09\/la-plus-grosse-pleine-lune-de-lannee-en-images\/#primaryimage\"},\"thumbnailUrl\":\"https:\/\/blogs.futura-sciences.com\/feldmann\/wp-content\/uploads\/sites\/9\/2020\/04\/P12.jpg\",\"datePublished\":\"2020-04-09T12:19:11+00:00\",\"dateModified\":\"2020-04-20T17:23:39+00:00\",\"author\":{\"@id\":\"https:\/\/blogs.futura-sciences.com\/feldmann\/#\/schema\/person\/62b391b709c307783237b759b62731ea\"},\"description\":\"Les 7 et 8 avril chacun a pu admirer et photographier la plus grosse Pleine Lune de l'ann\u00e9e. Avec parfois une teinte rouge exceptionnelle. Explications.\",\"inLanguage\":\"fr-FR\",\"potentialAction\":[{\"@type\":\"ReadAction\",\"target\":[\"https:\/\/blogs.futura-sciences.com\/feldmann\/2020\/04\/09\/la-plus-grosse-pleine-lune-de-lannee-en-images\/\"]}]},{\"@type\":\"ImageObject\",\"inLanguage\":\"fr-FR\",\"@id\":\"https:\/\/blogs.futura-sciences.com\/feldmann\/2020\/04\/09\/la-plus-grosse-pleine-lune-de-lannee-en-images\/#primaryimage\",\"url\":\"https:\/\/blogs.futura-sciences.com\/feldmann\/wp-content\/uploads\/sites\/9\/2020\/04\/P12.jpg\",\"contentUrl\":\"https:\/\/blogs.futura-sciences.com\/feldmann\/wp-content\/uploads\/sites\/9\/2020\/04\/P12.jpg\",\"width\":1490,\"height\":900},{\"@type\":\"WebSite\",\"@id\":\"https:\/\/blogs.futura-sciences.com\/feldmann\/#website\",\"url\":\"https:\/\/blogs.futura-sciences.com\/feldmann\/\",\"name\":\"CIELMANIA : le blog de Jean-Baptiste FELDMANN, photographe du ciel\",\"description\":\"&quot;J&#039;ai en moi un besoin terrible. Dirais-je le mot? La religion. Alors, je sors la nuit et je peins des \u00e9toiles.&quot;  Vincent van Gogh\",\"potentialAction\":[{\"@type\":\"SearchAction\",\"target\":{\"@type\":\"EntryPoint\",\"urlTemplate\":\"https:\/\/blogs.futura-sciences.com\/feldmann\/?s={search_term_string}\"},\"query-input\":{\"@type\":\"PropertyValueSpecification\",\"valueRequired\":true,\"valueName\":\"search_term_string\"}}],\"inLanguage\":\"fr-FR\"},{\"@type\":\"Person\",\"@id\":\"https:\/\/blogs.futura-sciences.com\/feldmann\/#\/schema\/person\/62b391b709c307783237b759b62731ea\",\"name\":\"Jean-Baptiste FELDMANN\",\"image\":{\"@type\":\"ImageObject\",\"inLanguage\":\"fr-FR\",\"@id\":\"https:\/\/blogs.futura-sciences.com\/feldmann\/#\/schema\/person\/image\/\",\"url\":\"https:\/\/secure.gravatar.com\/avatar\/41f96607fde7a81a14570eec74177c42?s=96&d=mm&r=g\",\"contentUrl\":\"https:\/\/secure.gravatar.com\/avatar\/41f96607fde7a81a14570eec74177c42?s=96&d=mm&r=g\",\"caption\":\"Jean-Baptiste FELDMANN\"},\"url\":\"https:\/\/blogs.futura-sciences.com\/feldmann\/author\/jbfe\/\"}]}<\/script>\n<!-- \/ Yoast SEO plugin. -->","yoast_head_json":{"title":"La plus grosse Pleine Lune de l'ann\u00e9e en images","description":"Les 7 et 8 avril chacun a pu admirer et photographier la plus grosse Pleine Lune de l'ann\u00e9e. Avec parfois une teinte rouge exceptionnelle. Explications.","robots":{"index":"index","follow":"follow","max-snippet":"max-snippet:-1","max-image-preview":"max-image-preview:large","max-video-preview":"max-video-preview:-1"},"canonical":"https:\/\/blogs.futura-sciences.com\/feldmann\/2020\/04\/09\/la-plus-grosse-pleine-lune-de-lannee-en-images\/","og_locale":"fr_FR","og_type":"article","og_title":"La plus grosse Pleine Lune de l'ann\u00e9e en images","og_description":"Les 7 et 8 avril chacun a pu admirer et photographier la plus grosse Pleine Lune de l'ann\u00e9e. Avec parfois une teinte rouge exceptionnelle. Explications.","og_url":"https:\/\/blogs.futura-sciences.com\/feldmann\/2020\/04\/09\/la-plus-grosse-pleine-lune-de-lannee-en-images\/","og_site_name":"CIELMANIA : le blog de Jean-Baptiste FELDMANN, photographe du ciel","article_published_time":"2020-04-09T12:19:11+00:00","article_modified_time":"2020-04-20T17:23:39+00:00","og_image":[{"width":1490,"height":900,"url":"https:\/\/blogs.futura-sciences.com\/feldmann\/wp-content\/uploads\/sites\/9\/2020\/04\/P12.jpg","type":"image\/jpeg"}],"author":"Jean-Baptiste FELDMANN","twitter_card":"summary_large_image","twitter_misc":{"\u00c9crit par":"Jean-Baptiste FELDMANN","Dur\u00e9e de lecture estim\u00e9e":"2 minutes"},"schema":{"@context":"https:\/\/schema.org","@graph":[{"@type":"WebPage","@id":"https:\/\/blogs.futura-sciences.com\/feldmann\/2020\/04\/09\/la-plus-grosse-pleine-lune-de-lannee-en-images\/","url":"https:\/\/blogs.futura-sciences.com\/feldmann\/2020\/04\/09\/la-plus-grosse-pleine-lune-de-lannee-en-images\/","name":"La plus grosse Pleine Lune de l'ann\u00e9e en images","isPartOf":{"@id":"https:\/\/blogs.futura-sciences.com\/feldmann\/#website"},"primaryImageOfPage":{"@id":"https:\/\/blogs.futura-sciences.com\/feldmann\/2020\/04\/09\/la-plus-grosse-pleine-lune-de-lannee-en-images\/#primaryimage"},"image":{"@id":"https:\/\/blogs.futura-sciences.com\/feldmann\/2020\/04\/09\/la-plus-grosse-pleine-lune-de-lannee-en-images\/#primaryimage"},"thumbnailUrl":"https:\/\/blogs.futura-sciences.com\/feldmann\/wp-content\/uploads\/sites\/9\/2020\/04\/P12.jpg","datePublished":"2020-04-09T12:19:11+00:00","dateModified":"2020-04-20T17:23:39+00:00","author":{"@id":"https:\/\/blogs.futura-sciences.com\/feldmann\/#\/schema\/person\/62b391b709c307783237b759b62731ea"},"description":"Les 7 et 8 avril chacun a pu admirer et photographier la plus grosse Pleine Lune de l'ann\u00e9e. Avec parfois une teinte rouge exceptionnelle. Explications.","inLanguage":"fr-FR","potentialAction":[{"@type":"ReadAction","target":["https:\/\/blogs.futura-sciences.com\/feldmann\/2020\/04\/09\/la-plus-grosse-pleine-lune-de-lannee-en-images\/"]}]},{"@type":"ImageObject","inLanguage":"fr-FR","@id":"https:\/\/blogs.futura-sciences.com\/feldmann\/2020\/04\/09\/la-plus-grosse-pleine-lune-de-lannee-en-images\/#primaryimage","url":"https:\/\/blogs.futura-sciences.com\/feldmann\/wp-content\/uploads\/sites\/9\/2020\/04\/P12.jpg","contentUrl":"https:\/\/blogs.futura-sciences.com\/feldmann\/wp-content\/uploads\/sites\/9\/2020\/04\/P12.jpg","width":1490,"height":900},{"@type":"WebSite","@id":"https:\/\/blogs.futura-sciences.com\/feldmann\/#website","url":"https:\/\/blogs.futura-sciences.com\/feldmann\/","name":"CIELMANIA : le blog de Jean-Baptiste FELDMANN, photographe du ciel","description":"&quot;J&#039;ai en moi un besoin terrible. Dirais-je le mot? La religion. Alors, je sors la nuit et je peins des \u00e9toiles.&quot;  Vincent van Gogh","potentialAction":[{"@type":"SearchAction","target":{"@type":"EntryPoint","urlTemplate":"https:\/\/blogs.futura-sciences.com\/feldmann\/?s={search_term_string}"},"query-input":{"@type":"PropertyValueSpecification","valueRequired":true,"valueName":"search_term_string"}}],"inLanguage":"fr-FR"},{"@type":"Person","@id":"https:\/\/blogs.futura-sciences.com\/feldmann\/#\/schema\/person\/62b391b709c307783237b759b62731ea","name":"Jean-Baptiste FELDMANN","image":{"@type":"ImageObject","inLanguage":"fr-FR","@id":"https:\/\/blogs.futura-sciences.com\/feldmann\/#\/schema\/person\/image\/","url":"https:\/\/secure.gravatar.com\/avatar\/41f96607fde7a81a14570eec74177c42?s=96&d=mm&r=g","contentUrl":"https:\/\/secure.gravatar.com\/avatar\/41f96607fde7a81a14570eec74177c42?s=96&d=mm&r=g","caption":"Jean-Baptiste FELDMANN"},"url":"https:\/\/blogs.futura-sciences.com\/feldmann\/author\/jbfe\/"}]}},"_links":{"self":[{"href":"https:\/\/blogs.futura-sciences.com\/feldmann\/wp-json\/wp\/v2\/posts\/11807","targetHints":{"allow":["GET"]}}],"collection":[{"href":"https:\/\/blogs.futura-sciences.com\/feldmann\/wp-json\/wp\/v2\/posts"}],"about":[{"href":"https:\/\/blogs.futura-sciences.com\/feldmann\/wp-json\/wp\/v2\/types\/post"}],"author":[{"embeddable":true,"href":"https:\/\/blogs.futura-sciences.com\/feldmann\/wp-json\/wp\/v2\/users\/8"}],"replies":[{"embeddable":true,"href":"https:\/\/blogs.futura-sciences.com\/feldmann\/wp-json\/wp\/v2\/comments?post=11807"}],"version-history":[{"count":7,"href":"https:\/\/blogs.futura-sciences.com\/feldmann\/wp-json\/wp\/v2\/posts\/11807\/revisions"}],"predecessor-version":[{"id":11826,"href":"https:\/\/blogs.futura-sciences.com\/feldmann\/wp-json\/wp\/v2\/posts\/11807\/revisions\/11826"}],"wp:featuredmedia":[{"embeddable":true,"href":"https:\/\/blogs.futura-sciences.com\/feldmann\/wp-json\/wp\/v2\/media\/11808"}],"wp:attachment":[{"href":"https:\/\/blogs.futura-sciences.com\/feldmann\/wp-json\/wp\/v2\/media?parent=11807"}],"wp:term":[{"taxonomy":"category","embeddable":true,"href":"https:\/\/blogs.futura-sciences.com\/feldmann\/wp-json\/wp\/v2\/categories?post=11807"},{"taxonomy":"post_tag","embeddable":true,"href":"https:\/\/blogs.futura-sciences.com\/feldmann\/wp-json\/wp\/v2\/tags?post=11807"}],"curies":[{"name":"wp","href":"https:\/\/api.w.org\/{rel}","templated":true}]}}