{"id":11721,"date":"2020-03-20T10:19:52","date_gmt":"2020-03-20T10:19:52","guid":{"rendered":"https:\/\/blogs.futura-sciences.com\/feldmann\/?p=11721"},"modified":"2020-04-03T09:54:30","modified_gmt":"2020-04-03T09:54:30","slug":"la-lune-et-le-heron-hommage-a-nos-amis-a-plumes","status":"publish","type":"post","link":"https:\/\/blogs.futura-sciences.com\/feldmann\/2020\/03\/20\/la-lune-et-le-heron-hommage-a-nos-amis-a-plumes\/","title":{"rendered":"La Lune et le h\u00e9ron, hommage \u00e0 nos amis \u00e0 plumes"},"content":{"rendered":"<p><strong>Un h\u00e9ron qui s&#8217;invite \u00e0 l&#8217;aube aux c\u00f4t\u00e9s de la vieille Lune, il n&#8217;en fallait pas plus pour me donner envie de rendre hommage \u00e0 la gent ail\u00e9e.<\/strong><\/p>\n<h5>Surprise en fin de lunaison :<\/h5>\n<p>Ce matin, comme je le fais depuis le d\u00e9but de la semaine, j&#8217;ai \u00e9chapp\u00e9 au confinement pour me retrouver sous les \u00e9toiles. Je suis \u00e0 quelques pas de la nature et mes sorties ne risquent en rien de compromettre ma sant\u00e9 ou celle des autres puisque je me retrouve seul dehors. Des \u00e9toiles il n&#8217;y en avait plus gu\u00e8re dans un ciel \u00e9clairci, mais <a href=\"https:\/\/blogs.futura-sciences.com\/feldmann\/2020\/03\/18\/ballet-celeste-a-laube-entre-la-lune-et-trois-planetes\/\" target=\"_blank\" rel=\"noopener noreferrer\">Saturne, Jupiter et Mars<\/a> \u00e9taient encore visibles. Un banc de nuages \u00e0 l&#8217;horizon me masquait le vieux croissant. Quatre jours avant la Nouvelle Lune j&#8217;avais pr\u00e9vu de l&#8217;immortaliser.<\/p>\n<figure id=\"attachment_11722\" aria-describedby=\"caption-attachment-11722\" style=\"width: 450px\" class=\"wp-caption alignnone\"><a href=\"https:\/\/blogs.futura-sciences.com\/feldmann\/wp-content\/uploads\/sites\/9\/2020\/03\/lune_heron.jpg\" rel=\"lightbox[11721]\"><img loading=\"lazy\" decoding=\"async\" class=\"size-medium wp-image-11722\" src=\"https:\/\/blogs.futura-sciences.com\/feldmann\/wp-content\/uploads\/sites\/9\/2020\/03\/lune_heron-450x270.jpg\" alt=\"\" width=\"450\" height=\"270\" srcset=\"https:\/\/blogs.futura-sciences.com\/feldmann\/wp-content\/uploads\/sites\/9\/2020\/03\/lune_heron-450x270.jpg 450w, https:\/\/blogs.futura-sciences.com\/feldmann\/wp-content\/uploads\/sites\/9\/2020\/03\/lune_heron-1024x614.jpg 1024w, https:\/\/blogs.futura-sciences.com\/feldmann\/wp-content\/uploads\/sites\/9\/2020\/03\/lune_heron-768x461.jpg 768w, https:\/\/blogs.futura-sciences.com\/feldmann\/wp-content\/uploads\/sites\/9\/2020\/03\/lune_heron.jpg 1500w\" sizes=\"auto, (max-width: 450px) 100vw, 450px\" \/><\/a><figcaption id=\"caption-attachment-11722\" class=\"wp-caption-text\">La vieille Lune \u00e0 l&#8217;aube accompagn\u00e9e d&#8217;un h\u00e9ron. \u00a9 Jean-Baptiste Feldmann<\/figcaption><\/figure>\n<p>C&#8217;est alors que j&#8217;ai remarqu\u00e9 la pr\u00e9sence d&#8217;un h\u00e9ron dans un grand arbre. Y avait-il pass\u00e9 la nuit, venait-il de s&#8217;y poser ? Je n&#8217;en sais rien mais il \u00e9tait immobile. Le croissant de Lune \u00e9tant apparu entre temps, je me suis positionn\u00e9 pour avoir les deux dans le cadre de mon bo\u00eetier photo, esp\u00e9rant que le volatile daignerait patienter le temps de mes r\u00e9glages. Il a eu la bonne id\u00e9e de rester l\u00e0 pour appara\u00eetre dans l&#8217;image finale.\u00a0 <!--more--><\/p>\n<h5>Rares rencontres :<\/h5>\n<p>Il n&#8217;est jamais \u00e9vident de composer une image avec la Lune et un oiseau. Il y a quelques ann\u00e9es j&#8217;\u00e9tais parvenu \u00e0 immortaliser une petite chouette <a href=\"https:\/\/www.futura-sciences.com\/planete\/photos\/zoologie-rapaces-rois-ciel-22-especes-representatives-1003\/zoologie-cheveche-athena-chouette-yeux-dores-6594\/\" target=\"_blank\" rel=\"noopener noreferrer\">chev\u00eache<\/a> devant un lever de <a title=\"Pleine Lune des r\u00e9coltes\" href=\"https:\/\/blogs.futura-sciences.com\/feldmann\/2014\/09\/08\/pleine-lune-recoltes\/\" target=\"_blank\" rel=\"noopener noreferrer\">Pleine Lune<\/a> depuis Montignac, un village situ\u00e9 en Dordogne et surtout connu pour \u00eatre \u00e0 deux pas de la c\u00e9l\u00e8bre <a href=\"https:\/\/www.futura-sciences.com\/planete\/dossiers\/geologie-grottes-cavernes-secrets-profondeurs-592\/page\/6\/\" target=\"_blank\" rel=\"noopener noreferrer\">grotte de Lascaux<\/a>. Mais en g\u00e9n\u00e9ral les oiseaux que je rep\u00e8re n&#8217;attendent pas que je me sois install\u00e9 et quittent leur perchoir en me laissant avec des regrets.<\/p>\n<figure id=\"attachment_940\" aria-describedby=\"caption-attachment-940\" style=\"width: 450px\" class=\"wp-caption alignnone\"><a href=\"https:\/\/blogs.futura-sciences.com\/feldmann\/wp-content\/uploads\/sites\/9\/2014\/10\/lune21.jpg\" rel=\"lightbox[11721]\"><img loading=\"lazy\" decoding=\"async\" class=\"size-medium wp-image-940\" src=\"https:\/\/blogs.futura-sciences.com\/feldmann\/wp-content\/uploads\/sites\/9\/2014\/10\/lune21-450x337.jpg\" alt=\"\" width=\"450\" height=\"337\" srcset=\"https:\/\/blogs.futura-sciences.com\/feldmann\/wp-content\/uploads\/sites\/9\/2014\/10\/lune21-450x337.jpg 450w, https:\/\/blogs.futura-sciences.com\/feldmann\/wp-content\/uploads\/sites\/9\/2014\/10\/lune21-1024x768.jpg 1024w, https:\/\/blogs.futura-sciences.com\/feldmann\/wp-content\/uploads\/sites\/9\/2014\/10\/lune21.jpg 1200w\" sizes=\"auto, (max-width: 450px) 100vw, 450px\" \/><\/a><figcaption id=\"caption-attachment-940\" class=\"wp-caption-text\">La chouette et la Pleine Lune. \u00a9 Jean-Baptiste Feldmann<\/figcaption><\/figure>\n<h5>Le chant de la nature :<\/h5>\n<p>J&#8217;aime beaucoup la gent ail\u00e9e mais je suis totalement incapable d&#8217;en reconna\u00eetre les membres. Je me contente alors de me promener sans bruit dans les bois pour \u00e9couter ce concert. J&#8217;\u00e9vite de faire craquer feuilles mortes et brindilles, mais je sais qu&#8217;on m&#8217;observe. D&#8217;ailleurs les chants s&#8217;interrompent \u00e0 mon approche pour reprendre quand je m&#8217;\u00e9loigne. J&#8217;ai profit\u00e9 en cette fin de nuit d&#8217;une jolie symphonie dont les musiciens \u00e9taient invisibles mais bien pr\u00e9sents. Je suis ensuite rentr\u00e9 me confiner, et en faisant ma revue de presse matinale je suis tomb\u00e9 sur un bel article de Herv\u00e9 Gardette intitul\u00e9 <a href=\"https:\/\/www.franceculture.fr\/environnement\/le-chant-des-oiseaux\" target=\"_blank\" rel=\"noopener noreferrer\">le chant des oiseaux<\/a> que je partage ici.<\/p>\n<!-- AddThis Advanced Settings generic via filter on the_content --><!-- AddThis Share Buttons generic via filter on the_content -->","protected":false},"excerpt":{"rendered":"<p>Un h\u00e9ron qui s&#8217;invite \u00e0 l&#8217;aube aux c\u00f4t\u00e9s de la vieille Lune, il n&#8217;en fallait pas plus pour me donner envie de rendre hommage \u00e0 la gent ail\u00e9e. Surprise en fin de lunaison : Ce matin, comme je le fais depuis le d\u00e9but de la semaine, j&#8217;ai \u00e9chapp\u00e9 au confinement pour me retrouver sous les &hellip; <a href=\"https:\/\/blogs.futura-sciences.com\/feldmann\/2020\/03\/20\/la-lune-et-le-heron-hommage-a-nos-amis-a-plumes\/\" class=\"more-link\">Continuer la lecture de <span class=\"screen-reader-text\">La Lune et le h\u00e9ron, hommage \u00e0 nos amis \u00e0 plumes<\/span>  <span class=\"meta-nav\">&rarr;<\/span><\/a><!-- AddThis Advanced Settings generic via filter on get_the_excerpt --><!-- AddThis Share Buttons generic via filter on get_the_excerpt --><\/p>\n","protected":false},"author":8,"featured_media":11722,"comment_status":"open","ping_status":"open","sticky":false,"template":"","format":"standard","meta":{"footnotes":"","_links_to":"","_links_to_target":""},"categories":[83],"tags":[2798,2632],"class_list":["post-11721","post","type-post","status-publish","format-standard","has-post-thumbnail","hentry","category-la-lune","tag-heron","tag-on-the-moon"],"yoast_head":"<!-- This site is optimized with the Yoast SEO plugin v24.1 - https:\/\/yoast.com\/wordpress\/plugins\/seo\/ -->\n<title>La Lune et le h\u00e9ron, hommage \u00e0 nos amis \u00e0 plumes<\/title>\n<meta name=\"description\" content=\"Un h\u00e9ron qui s&#039;invite \u00e0 l&#039;aube aux c\u00f4t\u00e9s de la vieille Lune, il n&#039;en fallait pas plus pour me donner envie de rendre hommage \u00e0 la gent ail\u00e9e.\" \/>\n<meta name=\"robots\" content=\"index, follow, max-snippet:-1, max-image-preview:large, max-video-preview:-1\" \/>\n<link rel=\"canonical\" href=\"https:\/\/blogs.futura-sciences.com\/feldmann\/2020\/03\/20\/la-lune-et-le-heron-hommage-a-nos-amis-a-plumes\/\" \/>\n<meta property=\"og:locale\" content=\"fr_FR\" \/>\n<meta property=\"og:type\" content=\"article\" \/>\n<meta property=\"og:title\" content=\"La Lune et le h\u00e9ron, hommage \u00e0 nos amis \u00e0 plumes\" \/>\n<meta property=\"og:description\" content=\"Un h\u00e9ron qui s&#039;invite \u00e0 l&#039;aube aux c\u00f4t\u00e9s de la vieille Lune, il n&#039;en fallait pas plus pour me donner envie de rendre hommage \u00e0 la gent ail\u00e9e.\" \/>\n<meta property=\"og:url\" content=\"https:\/\/blogs.futura-sciences.com\/feldmann\/2020\/03\/20\/la-lune-et-le-heron-hommage-a-nos-amis-a-plumes\/\" \/>\n<meta property=\"og:site_name\" content=\"CIELMANIA : le blog de Jean-Baptiste FELDMANN, photographe du ciel\" \/>\n<meta property=\"article:published_time\" content=\"2020-03-20T10:19:52+00:00\" \/>\n<meta property=\"article:modified_time\" content=\"2020-04-03T09:54:30+00:00\" \/>\n<meta property=\"og:image\" content=\"https:\/\/blogs.futura-sciences.com\/feldmann\/wp-content\/uploads\/sites\/9\/2020\/03\/lune_heron.jpg\" \/>\n\t<meta property=\"og:image:width\" content=\"1500\" \/>\n\t<meta property=\"og:image:height\" content=\"900\" \/>\n\t<meta property=\"og:image:type\" content=\"image\/jpeg\" \/>\n<meta name=\"author\" content=\"Jean-Baptiste FELDMANN\" \/>\n<meta name=\"twitter:card\" content=\"summary_large_image\" \/>\n<meta name=\"twitter:label1\" content=\"\u00c9crit par\" \/>\n\t<meta name=\"twitter:data1\" content=\"Jean-Baptiste FELDMANN\" \/>\n\t<meta name=\"twitter:label2\" content=\"Dur\u00e9e de lecture estim\u00e9e\" \/>\n\t<meta name=\"twitter:data2\" content=\"2 minutes\" \/>\n<script type=\"application\/ld+json\" class=\"yoast-schema-graph\">{\"@context\":\"https:\/\/schema.org\",\"@graph\":[{\"@type\":\"WebPage\",\"@id\":\"https:\/\/blogs.futura-sciences.com\/feldmann\/2020\/03\/20\/la-lune-et-le-heron-hommage-a-nos-amis-a-plumes\/\",\"url\":\"https:\/\/blogs.futura-sciences.com\/feldmann\/2020\/03\/20\/la-lune-et-le-heron-hommage-a-nos-amis-a-plumes\/\",\"name\":\"La Lune et le h\u00e9ron, hommage \u00e0 nos amis \u00e0 plumes\",\"isPartOf\":{\"@id\":\"https:\/\/blogs.futura-sciences.com\/feldmann\/#website\"},\"primaryImageOfPage\":{\"@id\":\"https:\/\/blogs.futura-sciences.com\/feldmann\/2020\/03\/20\/la-lune-et-le-heron-hommage-a-nos-amis-a-plumes\/#primaryimage\"},\"image\":{\"@id\":\"https:\/\/blogs.futura-sciences.com\/feldmann\/2020\/03\/20\/la-lune-et-le-heron-hommage-a-nos-amis-a-plumes\/#primaryimage\"},\"thumbnailUrl\":\"https:\/\/blogs.futura-sciences.com\/feldmann\/wp-content\/uploads\/sites\/9\/2020\/03\/lune_heron.jpg\",\"datePublished\":\"2020-03-20T10:19:52+00:00\",\"dateModified\":\"2020-04-03T09:54:30+00:00\",\"author\":{\"@id\":\"https:\/\/blogs.futura-sciences.com\/feldmann\/#\/schema\/person\/62b391b709c307783237b759b62731ea\"},\"description\":\"Un h\u00e9ron qui s'invite \u00e0 l'aube aux c\u00f4t\u00e9s de la vieille Lune, il n'en fallait pas plus pour me donner envie de rendre hommage \u00e0 la gent ail\u00e9e.\",\"inLanguage\":\"fr-FR\",\"potentialAction\":[{\"@type\":\"ReadAction\",\"target\":[\"https:\/\/blogs.futura-sciences.com\/feldmann\/2020\/03\/20\/la-lune-et-le-heron-hommage-a-nos-amis-a-plumes\/\"]}]},{\"@type\":\"ImageObject\",\"inLanguage\":\"fr-FR\",\"@id\":\"https:\/\/blogs.futura-sciences.com\/feldmann\/2020\/03\/20\/la-lune-et-le-heron-hommage-a-nos-amis-a-plumes\/#primaryimage\",\"url\":\"https:\/\/blogs.futura-sciences.com\/feldmann\/wp-content\/uploads\/sites\/9\/2020\/03\/lune_heron.jpg\",\"contentUrl\":\"https:\/\/blogs.futura-sciences.com\/feldmann\/wp-content\/uploads\/sites\/9\/2020\/03\/lune_heron.jpg\",\"width\":1500,\"height\":900,\"caption\":\"La vieille Lune \u00e0 l'aube accompagn\u00e9e d'un h\u00e9ron. \u00a9 Jean-Baptiste Feldmann\"},{\"@type\":\"WebSite\",\"@id\":\"https:\/\/blogs.futura-sciences.com\/feldmann\/#website\",\"url\":\"https:\/\/blogs.futura-sciences.com\/feldmann\/\",\"name\":\"CIELMANIA : le blog de Jean-Baptiste FELDMANN, photographe du ciel\",\"description\":\"&quot;J&#039;ai en moi un besoin terrible. Dirais-je le mot? La religion. Alors, je sors la nuit et je peins des \u00e9toiles.&quot;  Vincent van Gogh\",\"potentialAction\":[{\"@type\":\"SearchAction\",\"target\":{\"@type\":\"EntryPoint\",\"urlTemplate\":\"https:\/\/blogs.futura-sciences.com\/feldmann\/?s={search_term_string}\"},\"query-input\":{\"@type\":\"PropertyValueSpecification\",\"valueRequired\":true,\"valueName\":\"search_term_string\"}}],\"inLanguage\":\"fr-FR\"},{\"@type\":\"Person\",\"@id\":\"https:\/\/blogs.futura-sciences.com\/feldmann\/#\/schema\/person\/62b391b709c307783237b759b62731ea\",\"name\":\"Jean-Baptiste FELDMANN\",\"image\":{\"@type\":\"ImageObject\",\"inLanguage\":\"fr-FR\",\"@id\":\"https:\/\/blogs.futura-sciences.com\/feldmann\/#\/schema\/person\/image\/\",\"url\":\"https:\/\/secure.gravatar.com\/avatar\/41f96607fde7a81a14570eec74177c42?s=96&d=mm&r=g\",\"contentUrl\":\"https:\/\/secure.gravatar.com\/avatar\/41f96607fde7a81a14570eec74177c42?s=96&d=mm&r=g\",\"caption\":\"Jean-Baptiste FELDMANN\"},\"url\":\"https:\/\/blogs.futura-sciences.com\/feldmann\/author\/jbfe\/\"}]}<\/script>\n<!-- \/ Yoast SEO plugin. -->","yoast_head_json":{"title":"La Lune et le h\u00e9ron, hommage \u00e0 nos amis \u00e0 plumes","description":"Un h\u00e9ron qui s'invite \u00e0 l'aube aux c\u00f4t\u00e9s de la vieille Lune, il n'en fallait pas plus pour me donner envie de rendre hommage \u00e0 la gent ail\u00e9e.","robots":{"index":"index","follow":"follow","max-snippet":"max-snippet:-1","max-image-preview":"max-image-preview:large","max-video-preview":"max-video-preview:-1"},"canonical":"https:\/\/blogs.futura-sciences.com\/feldmann\/2020\/03\/20\/la-lune-et-le-heron-hommage-a-nos-amis-a-plumes\/","og_locale":"fr_FR","og_type":"article","og_title":"La Lune et le h\u00e9ron, hommage \u00e0 nos amis \u00e0 plumes","og_description":"Un h\u00e9ron qui s'invite \u00e0 l'aube aux c\u00f4t\u00e9s de la vieille Lune, il n'en fallait pas plus pour me donner envie de rendre hommage \u00e0 la gent ail\u00e9e.","og_url":"https:\/\/blogs.futura-sciences.com\/feldmann\/2020\/03\/20\/la-lune-et-le-heron-hommage-a-nos-amis-a-plumes\/","og_site_name":"CIELMANIA : le blog de Jean-Baptiste FELDMANN, photographe du ciel","article_published_time":"2020-03-20T10:19:52+00:00","article_modified_time":"2020-04-03T09:54:30+00:00","og_image":[{"width":1500,"height":900,"url":"https:\/\/blogs.futura-sciences.com\/feldmann\/wp-content\/uploads\/sites\/9\/2020\/03\/lune_heron.jpg","type":"image\/jpeg"}],"author":"Jean-Baptiste FELDMANN","twitter_card":"summary_large_image","twitter_misc":{"\u00c9crit par":"Jean-Baptiste FELDMANN","Dur\u00e9e de lecture estim\u00e9e":"2 minutes"},"schema":{"@context":"https:\/\/schema.org","@graph":[{"@type":"WebPage","@id":"https:\/\/blogs.futura-sciences.com\/feldmann\/2020\/03\/20\/la-lune-et-le-heron-hommage-a-nos-amis-a-plumes\/","url":"https:\/\/blogs.futura-sciences.com\/feldmann\/2020\/03\/20\/la-lune-et-le-heron-hommage-a-nos-amis-a-plumes\/","name":"La Lune et le h\u00e9ron, hommage \u00e0 nos amis \u00e0 plumes","isPartOf":{"@id":"https:\/\/blogs.futura-sciences.com\/feldmann\/#website"},"primaryImageOfPage":{"@id":"https:\/\/blogs.futura-sciences.com\/feldmann\/2020\/03\/20\/la-lune-et-le-heron-hommage-a-nos-amis-a-plumes\/#primaryimage"},"image":{"@id":"https:\/\/blogs.futura-sciences.com\/feldmann\/2020\/03\/20\/la-lune-et-le-heron-hommage-a-nos-amis-a-plumes\/#primaryimage"},"thumbnailUrl":"https:\/\/blogs.futura-sciences.com\/feldmann\/wp-content\/uploads\/sites\/9\/2020\/03\/lune_heron.jpg","datePublished":"2020-03-20T10:19:52+00:00","dateModified":"2020-04-03T09:54:30+00:00","author":{"@id":"https:\/\/blogs.futura-sciences.com\/feldmann\/#\/schema\/person\/62b391b709c307783237b759b62731ea"},"description":"Un h\u00e9ron qui s'invite \u00e0 l'aube aux c\u00f4t\u00e9s de la vieille Lune, il n'en fallait pas plus pour me donner envie de rendre hommage \u00e0 la gent ail\u00e9e.","inLanguage":"fr-FR","potentialAction":[{"@type":"ReadAction","target":["https:\/\/blogs.futura-sciences.com\/feldmann\/2020\/03\/20\/la-lune-et-le-heron-hommage-a-nos-amis-a-plumes\/"]}]},{"@type":"ImageObject","inLanguage":"fr-FR","@id":"https:\/\/blogs.futura-sciences.com\/feldmann\/2020\/03\/20\/la-lune-et-le-heron-hommage-a-nos-amis-a-plumes\/#primaryimage","url":"https:\/\/blogs.futura-sciences.com\/feldmann\/wp-content\/uploads\/sites\/9\/2020\/03\/lune_heron.jpg","contentUrl":"https:\/\/blogs.futura-sciences.com\/feldmann\/wp-content\/uploads\/sites\/9\/2020\/03\/lune_heron.jpg","width":1500,"height":900,"caption":"La vieille Lune \u00e0 l'aube accompagn\u00e9e d'un h\u00e9ron. \u00a9 Jean-Baptiste Feldmann"},{"@type":"WebSite","@id":"https:\/\/blogs.futura-sciences.com\/feldmann\/#website","url":"https:\/\/blogs.futura-sciences.com\/feldmann\/","name":"CIELMANIA : le blog de Jean-Baptiste FELDMANN, photographe du ciel","description":"&quot;J&#039;ai en moi un besoin terrible. Dirais-je le mot? La religion. Alors, je sors la nuit et je peins des \u00e9toiles.&quot;  Vincent van Gogh","potentialAction":[{"@type":"SearchAction","target":{"@type":"EntryPoint","urlTemplate":"https:\/\/blogs.futura-sciences.com\/feldmann\/?s={search_term_string}"},"query-input":{"@type":"PropertyValueSpecification","valueRequired":true,"valueName":"search_term_string"}}],"inLanguage":"fr-FR"},{"@type":"Person","@id":"https:\/\/blogs.futura-sciences.com\/feldmann\/#\/schema\/person\/62b391b709c307783237b759b62731ea","name":"Jean-Baptiste FELDMANN","image":{"@type":"ImageObject","inLanguage":"fr-FR","@id":"https:\/\/blogs.futura-sciences.com\/feldmann\/#\/schema\/person\/image\/","url":"https:\/\/secure.gravatar.com\/avatar\/41f96607fde7a81a14570eec74177c42?s=96&d=mm&r=g","contentUrl":"https:\/\/secure.gravatar.com\/avatar\/41f96607fde7a81a14570eec74177c42?s=96&d=mm&r=g","caption":"Jean-Baptiste FELDMANN"},"url":"https:\/\/blogs.futura-sciences.com\/feldmann\/author\/jbfe\/"}]}},"_links":{"self":[{"href":"https:\/\/blogs.futura-sciences.com\/feldmann\/wp-json\/wp\/v2\/posts\/11721","targetHints":{"allow":["GET"]}}],"collection":[{"href":"https:\/\/blogs.futura-sciences.com\/feldmann\/wp-json\/wp\/v2\/posts"}],"about":[{"href":"https:\/\/blogs.futura-sciences.com\/feldmann\/wp-json\/wp\/v2\/types\/post"}],"author":[{"embeddable":true,"href":"https:\/\/blogs.futura-sciences.com\/feldmann\/wp-json\/wp\/v2\/users\/8"}],"replies":[{"embeddable":true,"href":"https:\/\/blogs.futura-sciences.com\/feldmann\/wp-json\/wp\/v2\/comments?post=11721"}],"version-history":[{"count":2,"href":"https:\/\/blogs.futura-sciences.com\/feldmann\/wp-json\/wp\/v2\/posts\/11721\/revisions"}],"predecessor-version":[{"id":11724,"href":"https:\/\/blogs.futura-sciences.com\/feldmann\/wp-json\/wp\/v2\/posts\/11721\/revisions\/11724"}],"wp:featuredmedia":[{"embeddable":true,"href":"https:\/\/blogs.futura-sciences.com\/feldmann\/wp-json\/wp\/v2\/media\/11722"}],"wp:attachment":[{"href":"https:\/\/blogs.futura-sciences.com\/feldmann\/wp-json\/wp\/v2\/media?parent=11721"}],"wp:term":[{"taxonomy":"category","embeddable":true,"href":"https:\/\/blogs.futura-sciences.com\/feldmann\/wp-json\/wp\/v2\/categories?post=11721"},{"taxonomy":"post_tag","embeddable":true,"href":"https:\/\/blogs.futura-sciences.com\/feldmann\/wp-json\/wp\/v2\/tags?post=11721"}],"curies":[{"name":"wp","href":"https:\/\/api.w.org\/{rel}","templated":true}]}}