{"id":11078,"date":"2019-09-01T06:00:40","date_gmt":"2019-09-01T06:00:40","guid":{"rendered":"https:\/\/blogs.futura-sciences.com\/feldmann\/?p=11078"},"modified":"2019-09-30T04:59:52","modified_gmt":"2019-09-30T04:59:52","slug":"que-voir-dans-le-ciel-nocturne-au-mois-de-septembre-2019","status":"publish","type":"post","link":"https:\/\/blogs.futura-sciences.com\/feldmann\/2019\/09\/01\/que-voir-dans-le-ciel-nocturne-au-mois-de-septembre-2019\/","title":{"rendered":"Que voir dans le ciel nocturne au mois de septembre 2019"},"content":{"rendered":"<p><strong>En septembre Saturne et Jupiter continuent de briller plein sud, Mercure et V\u00e9nus reviennent doucement et la Pleine Lune est toute petite\u00a0!<\/strong><\/p>\n<p><strong>Un \u00e9t\u00e9 charg\u00e9 :<\/strong><\/p>\n<p>Juillet et ao\u00fbt ont \u00e9t\u00e9 riches en \u00e9v\u00e9nements astronomiques : le <a href=\"https:\/\/blogs.futura-sciences.com\/feldmann\/2019\/07\/15\/on-the-moon-again-en-bresse-aussi-on-a-admire-la-lune\/\" target=\"_blank\" rel=\"noopener noreferrer\">cinquantenaire du premier Homme sur la Lune<\/a>, une <a href=\"https:\/\/blogs.futura-sciences.com\/feldmann\/2019\/07\/17\/en-images-les-dijonnais-ont-admire-leclipse-partielle-de-lune\/\" target=\"_blank\" rel=\"noopener noreferrer\">\u00e9clipse partielle de Lune<\/a>, des <a href=\"https:\/\/blogs.futura-sciences.com\/feldmann\/2019\/08\/03\/en-images-les-nuits-des-etoiles-2019-a-dijon\/\" target=\"_blank\" rel=\"noopener noreferrer\">Nuits des \u00c9toiles<\/a> f\u00e9condes et des <a href=\"https:\/\/blogs.futura-sciences.com\/feldmann\/2019\/08\/18\/perseides-2019-des-etoiles-filantes-sous-la-lune\/\" target=\"_blank\" rel=\"noopener noreferrer\">Pers\u00e9ides<\/a> toujours au rendez-vous. L\u2019\u00e9t\u00e9 touche lentement \u00e0 sa fin, nous offrant des nuits de plus en plus longues avec des temp\u00e9ratures agr\u00e9ables. Deux bonnes raisons pour rester dehors en soir\u00e9e et admirer quelques spectacles c\u00e9lestes courant septembre. N&#8217;oubliez pas de regarder\u00a0<a href=\"https:\/\/www.stelvision.com\/carte-ciel\/\" target=\"_blank\" rel=\"noopener noreferrer\">la carte de Stelvision<\/a> pour localiser les astres dans le ciel tout au long du mois.<!--more--><\/p>\n<h5>Septembre en d\u00e9tail :<\/h5>\n<ul>\n<li>Le 3 <a href=\"https:\/\/blogs.futura-sciences.com\/feldmann\/2019\/02\/26\/guettez-la-fugace-planete-mercure-au-crepuscule\/\" target=\"_blank\" rel=\"noopener noreferrer\">Mercure<\/a> et <a href=\"https:\/\/blogs.futura-sciences.com\/feldmann\/2018\/11\/27\/percival-lowell-lhomme-qui-aimait-trop-la-planete-mars\/\" target=\"_blank\" rel=\"noopener noreferrer\">Mars<\/a> ne sont s\u00e9par\u00e9es que de 0,6\u00b0 \u00e0 proximit\u00e9 de <a href=\"https:\/\/blogs.futura-sciences.com\/feldmann\/2018\/06\/20\/venus-passe-a-cote-de-lamas-detoiles-de-la-creche\/\" target=\"_blank\" rel=\"noopener noreferrer\">V\u00e9nus<\/a>. Comme les trois plan\u00e8tes sont actuellement dans la direction du <a href=\"https:\/\/blogs.futura-sciences.com\/feldmann\/2017\/06\/26\/solarigraphe-revele-soleil-dun-solstice-a-lautre\/\" target=\"_blank\" rel=\"noopener noreferrer\">Soleil<\/a>, ce rapprochement apparent est visible uniquement dans le coronographe <a href=\"https:\/\/sohowww.nascom.nasa.gov\/data\/realtime\/c3\/512\/\" target=\"_blank\" rel=\"noopener noreferrer\">LASCO C3<\/a> de la sonde SOHO<\/li>\n<\/ul>\n<figure id=\"attachment_2460\" aria-describedby=\"caption-attachment-2460\" style=\"width: 450px\" class=\"wp-caption alignnone\"><a href=\"https:\/\/blogs.futura-sciences.com\/feldmann\/wp-content\/uploads\/sites\/9\/2015\/04\/lasco06-04-2.jpg\" rel=\"lightbox[11078]\"><img loading=\"lazy\" decoding=\"async\" class=\"wp-image-2460 size-medium\" src=\"https:\/\/blogs.futura-sciences.com\/feldmann\/wp-content\/uploads\/sites\/9\/2015\/04\/lasco06-04-2-450x450.jpg\" alt=\"\" width=\"450\" height=\"450\" srcset=\"https:\/\/blogs.futura-sciences.com\/feldmann\/wp-content\/uploads\/sites\/9\/2015\/04\/lasco06-04-2-450x450.jpg 450w, https:\/\/blogs.futura-sciences.com\/feldmann\/wp-content\/uploads\/sites\/9\/2015\/04\/lasco06-04-2-150x150.jpg 150w, https:\/\/blogs.futura-sciences.com\/feldmann\/wp-content\/uploads\/sites\/9\/2015\/04\/lasco06-04-2.jpg 1024w\" sizes=\"auto, (max-width: 450px) 100vw, 450px\" \/><\/a><figcaption id=\"caption-attachment-2460\" class=\"wp-caption-text\">Exemple d&#8217;un rapprochement entre le Soleil et une plan\u00e8te (ici Mercure) observ\u00e9 dans le coronographe LASCO C3 de la sonde SOHO. \u00a9 NASA<\/figcaption><\/figure>\n<ul>\n<li>Le 6 c\u2019est le <a href=\"https:\/\/blogs.futura-sciences.com\/feldmann\/2018\/03\/25\/voit-on-lors-dun-premier-quartier-de-lune\/\" target=\"_blank\" rel=\"noopener noreferrer\">Premier Quartier de Lune<\/a>, quelques degr\u00e9s \u00e0 l\u2019est de <a href=\"https:\/\/blogs.futura-sciences.com\/feldmann\/2019\/06\/10\/spectacle-celeste-ce-soir-jupiter-est-au-plus-pres-de-la-terre\/\" target=\"_blank\" rel=\"noopener noreferrer\">Jupiter<\/a><\/li>\n<li>Le 8 c\u2019est au tour de <a href=\"https:\/\/blogs.futura-sciences.com\/feldmann\/2018\/09\/17\/saturne-la-planete-qui-fait-naitre-des-vocations\/\" target=\"_blank\" rel=\"noopener noreferrer\">Saturne<\/a> d\u2019\u00eatre courtis\u00e9e par la Lune gibbeuse (3\u00b0 les s\u00e9parent au cr\u00e9puscule). Il y a m\u00eame occultation un peu plus t\u00f4t dans l\u2019apr\u00e8s-midi pour les observateurs situ\u00e9s entre Madagascar et l\u2019Australie<\/li>\n<\/ul>\n<figure id=\"attachment_10536\" aria-describedby=\"caption-attachment-10536\" style=\"width: 450px\" class=\"wp-caption alignnone\"><a href=\"https:\/\/blogs.futura-sciences.com\/feldmann\/wp-content\/uploads\/sites\/9\/2019\/04\/occultsaturne.jpg\" rel=\"lightbox[11078]\"><img loading=\"lazy\" decoding=\"async\" class=\"size-medium wp-image-10536\" src=\"https:\/\/blogs.futura-sciences.com\/feldmann\/wp-content\/uploads\/sites\/9\/2019\/04\/occultsaturne-450x279.jpg\" alt=\"\" width=\"450\" height=\"279\" srcset=\"https:\/\/blogs.futura-sciences.com\/feldmann\/wp-content\/uploads\/sites\/9\/2019\/04\/occultsaturne-450x279.jpg 450w, https:\/\/blogs.futura-sciences.com\/feldmann\/wp-content\/uploads\/sites\/9\/2019\/04\/occultsaturne-768x477.jpg 768w, https:\/\/blogs.futura-sciences.com\/feldmann\/wp-content\/uploads\/sites\/9\/2019\/04\/occultsaturne-1024x636.jpg 1024w, https:\/\/blogs.futura-sciences.com\/feldmann\/wp-content\/uploads\/sites\/9\/2019\/04\/occultsaturne.jpg 1450w\" sizes=\"auto, (max-width: 450px) 100vw, 450px\" \/><\/a><figcaption id=\"caption-attachment-10536\" class=\"wp-caption-text\">Saturne dispara\u00eet derri\u00e8re la Lune le 29 mars 2019. \u00a9 Grant Petersen<\/figcaption><\/figure>\n<ul>\n<li>Le 13 vous pouvez tenter de rep\u00e9rer Mercure et V\u00e9nus c\u00f4te \u00e0 c\u00f4te sur l\u2019horizon ouest peu apr\u00e8s le coucher du Soleil. Une paire de jumelles est vivement conseill\u00e9e pour d\u00e9celer les deux astres dans un ciel encore tr\u00e8s lumineux<\/li>\n<li>Le 14 c\u2019est la Pleine Lune. Admirez son lever la veille au soir dans un ciel encore clair quelques minutes apr\u00e8s le coucher du Soleil. Il s\u2019agit de la Pleine Lune des r\u00e9coltes, <a href=\"https:\/\/blogs.futura-sciences.com\/feldmann\/2016\/09\/20\/harvest-moon-pleine-lune-recoltes\/\" target=\"_blank\" rel=\"noopener noreferrer\"><em>Harvest Moon<\/em><\/a>, car c\u2019est la plus proche de l\u2019\u00e9quinoxe d\u2019automne. Autre curiosit\u00e9, c\u2019est \u00e9galement la plus petite Pleine Lune de la d\u00e9cennie \u00e0 venir (distance de 406.000 km, diam\u00e8tre apparent de 29\u201925\u2019\u2019)<\/li>\n<\/ul>\n<figure id=\"attachment_10865\" aria-describedby=\"caption-attachment-10865\" style=\"width: 450px\" class=\"wp-caption alignnone\"><a href=\"https:\/\/blogs.futura-sciences.com\/feldmann\/wp-content\/uploads\/sites\/9\/2019\/06\/plune.jpg\" rel=\"lightbox[11078]\"><img loading=\"lazy\" decoding=\"async\" class=\"size-medium wp-image-10865\" src=\"https:\/\/blogs.futura-sciences.com\/feldmann\/wp-content\/uploads\/sites\/9\/2019\/06\/plune-450x270.jpg\" alt=\"\" width=\"450\" height=\"270\" srcset=\"https:\/\/blogs.futura-sciences.com\/feldmann\/wp-content\/uploads\/sites\/9\/2019\/06\/plune-450x270.jpg 450w, https:\/\/blogs.futura-sciences.com\/feldmann\/wp-content\/uploads\/sites\/9\/2019\/06\/plune-768x461.jpg 768w, https:\/\/blogs.futura-sciences.com\/feldmann\/wp-content\/uploads\/sites\/9\/2019\/06\/plune-1024x614.jpg 1024w, https:\/\/blogs.futura-sciences.com\/feldmann\/wp-content\/uploads\/sites\/9\/2019\/06\/plune.jpg 1500w\" sizes=\"auto, (max-width: 450px) 100vw, 450px\" \/><\/a><figcaption id=\"caption-attachment-10865\" class=\"wp-caption-text\">Lever de Pleine Lune \u00e0 Rome derri\u00e8re le Colis\u00e9e. \u00a9 Jean-Baptiste Feldmann<\/figcaption><\/figure>\n<ul>\n<li>Le 22 c\u2019est le <a href=\"https:\/\/blogs.futura-sciences.com\/feldmann\/2015\/02\/12\/dernier-quartier-de-lune-dans-le-brouillard\/\" target=\"_blank\" rel=\"noopener noreferrer\">Dernier Quartier<\/a>. La Lune se levant en seconde partie de nuit, profitez-en pour admirer la <a href=\"https:\/\/blogs.futura-sciences.com\/feldmann\/2018\/09\/08\/souvenirs-dete-mars-aux-cotes-de-la-voie-lactee\/\" target=\"_blank\" rel=\"noopener noreferrer\">Voie lact\u00e9e<\/a> au z\u00e9nith \u00e0 la fin du cr\u00e9puscule<\/li>\n<li>Le 23 c\u2019est l\u2019\u00e9quinoxe qui marque le d\u00e9but de l\u2019automne dans l\u2019h\u00e9misph\u00e8re nord. Admirez avant l\u2019aube la vieille Lune \u00e0 proximit\u00e9 des \u00e9toiles <a href=\"https:\/\/blogs.futura-sciences.com\/feldmann\/2016\/03\/18\/17-mars-la-lune-glisse-sous-castor-et-pollux\/\" target=\"_blank\" rel=\"noopener noreferrer\">Castor et Pollux<\/a> dans les G\u00e9meaux<\/li>\n<li>Le 26 avant l\u2019aube le vieux croissant de Lune accompagn\u00e9 de la lumi\u00e8re cendr\u00e9e brille \u00e0 proximit\u00e9 de l\u2019\u00e9toile<a href=\"https:\/\/blogs.futura-sciences.com\/feldmann\/2014\/09\/06\/venus-regulus\/\" target=\"_blank\" rel=\"noopener noreferrer\"> R\u00e9gulus<\/a> du Lion<\/li>\n<li>Le 28 c\u2019est la Nouvelle Lune \u00e0 18 h 26. Armez-vous d\u2019une paire de jumelles pour essayer de rep\u00e9rer un minuscule croissant 13 heures plus t\u00f4t sur l\u2019horizon est, juste avant le lever du Soleil<\/li>\n<li>Le 29 en soir\u00e9e le jeune croissant de Lune se situe 4\u00b0 au-dessus de V\u00e9nus juste au-dessus de l\u2019horizon ouest<\/li>\n<\/ul>\n<figure id=\"attachment_9252\" aria-describedby=\"caption-attachment-9252\" style=\"width: 450px\" class=\"wp-caption alignnone\"><a href=\"https:\/\/blogs.futura-sciences.com\/feldmann\/wp-content\/uploads\/sites\/9\/2018\/05\/lune_venus.jpg\" rel=\"lightbox[11078]\"><img loading=\"lazy\" decoding=\"async\" class=\"size-medium wp-image-9252\" src=\"https:\/\/blogs.futura-sciences.com\/feldmann\/wp-content\/uploads\/sites\/9\/2018\/05\/lune_venus-450x290.jpg\" alt=\"\" width=\"450\" height=\"290\" srcset=\"https:\/\/blogs.futura-sciences.com\/feldmann\/wp-content\/uploads\/sites\/9\/2018\/05\/lune_venus-450x290.jpg 450w, https:\/\/blogs.futura-sciences.com\/feldmann\/wp-content\/uploads\/sites\/9\/2018\/05\/lune_venus-768x494.jpg 768w, https:\/\/blogs.futura-sciences.com\/feldmann\/wp-content\/uploads\/sites\/9\/2018\/05\/lune_venus-1024x659.jpg 1024w, https:\/\/blogs.futura-sciences.com\/feldmann\/wp-content\/uploads\/sites\/9\/2018\/05\/lune_venus.jpg 1400w\" sizes=\"auto, (max-width: 450px) 100vw, 450px\" \/><\/a><figcaption id=\"caption-attachment-9252\" class=\"wp-caption-text\">Rapprochement entre la jeune Lune et V\u00e9nus au cr\u00e9puscule. \u00a9 Jean-Baptiste Feldmann<\/figcaption><\/figure>\n<!-- AddThis Advanced Settings generic via filter on the_content --><!-- AddThis Share Buttons generic via filter on the_content -->","protected":false},"excerpt":{"rendered":"<p>En septembre Saturne et Jupiter continuent de briller plein sud, Mercure et V\u00e9nus reviennent doucement et la Pleine Lune est toute petite\u00a0! Un \u00e9t\u00e9 charg\u00e9 : Juillet et ao\u00fbt ont \u00e9t\u00e9 riches en \u00e9v\u00e9nements astronomiques : le cinquantenaire du premier Homme sur la Lune, une \u00e9clipse partielle de Lune, des Nuits des \u00c9toiles f\u00e9condes et &hellip; <a href=\"https:\/\/blogs.futura-sciences.com\/feldmann\/2019\/09\/01\/que-voir-dans-le-ciel-nocturne-au-mois-de-septembre-2019\/\" class=\"more-link\">Continuer la lecture de <span class=\"screen-reader-text\">Que voir dans le ciel nocturne au mois de septembre 2019<\/span>  <span class=\"meta-nav\">&rarr;<\/span><\/a><!-- AddThis Advanced Settings generic via filter on get_the_excerpt --><!-- AddThis Share Buttons generic via filter on get_the_excerpt --><\/p>\n","protected":false},"author":8,"featured_media":11090,"comment_status":"open","ping_status":"open","sticky":false,"template":"","format":"standard","meta":{"footnotes":"","_links_to":"","_links_to_target":""},"categories":[509],"tags":[149],"class_list":["post-11078","post","type-post","status-publish","format-standard","has-post-thumbnail","hentry","category-actualites","tag-ephemerides"],"yoast_head":"<!-- This site is optimized with the Yoast SEO plugin v24.1 - https:\/\/yoast.com\/wordpress\/plugins\/seo\/ -->\n<title>Que voir dans le ciel nocturne au mois de septembre 2019<\/title>\n<meta name=\"description\" content=\"En septembre Saturne et Jupiter continuent de briller plein sud, Mercure et V\u00e9nus reviennent doucement et la Pleine Lune est toute petite\u00a0!\" \/>\n<meta name=\"robots\" content=\"index, follow, max-snippet:-1, max-image-preview:large, max-video-preview:-1\" \/>\n<link rel=\"canonical\" href=\"https:\/\/blogs.futura-sciences.com\/feldmann\/2019\/09\/01\/que-voir-dans-le-ciel-nocturne-au-mois-de-septembre-2019\/\" \/>\n<meta property=\"og:locale\" content=\"fr_FR\" \/>\n<meta property=\"og:type\" content=\"article\" \/>\n<meta property=\"og:title\" content=\"Que voir dans le ciel nocturne au mois de septembre 2019\" \/>\n<meta property=\"og:description\" content=\"En septembre Saturne et Jupiter continuent de briller plein sud, Mercure et V\u00e9nus reviennent doucement et la Pleine Lune est toute petite\u00a0!\" \/>\n<meta property=\"og:url\" content=\"https:\/\/blogs.futura-sciences.com\/feldmann\/2019\/09\/01\/que-voir-dans-le-ciel-nocturne-au-mois-de-septembre-2019\/\" \/>\n<meta property=\"og:site_name\" content=\"CIELMANIA : le blog de Jean-Baptiste FELDMANN, photographe du ciel\" \/>\n<meta property=\"article:published_time\" content=\"2019-09-01T06:00:40+00:00\" \/>\n<meta property=\"article:modified_time\" content=\"2019-09-30T04:59:52+00:00\" \/>\n<meta property=\"og:image\" content=\"https:\/\/blogs.futura-sciences.com\/feldmann\/wp-content\/uploads\/sites\/9\/2019\/08\/ephem.jpg\" \/>\n\t<meta property=\"og:image:width\" content=\"921\" \/>\n\t<meta property=\"og:image:height\" content=\"572\" \/>\n\t<meta property=\"og:image:type\" content=\"image\/jpeg\" \/>\n<meta name=\"author\" content=\"Jean-Baptiste FELDMANN\" \/>\n<meta name=\"twitter:card\" content=\"summary_large_image\" \/>\n<meta name=\"twitter:label1\" content=\"\u00c9crit par\" \/>\n\t<meta name=\"twitter:data1\" content=\"Jean-Baptiste FELDMANN\" \/>\n\t<meta name=\"twitter:label2\" content=\"Dur\u00e9e de lecture estim\u00e9e\" \/>\n\t<meta name=\"twitter:data2\" content=\"3 minutes\" \/>\n<script type=\"application\/ld+json\" class=\"yoast-schema-graph\">{\"@context\":\"https:\/\/schema.org\",\"@graph\":[{\"@type\":\"WebPage\",\"@id\":\"https:\/\/blogs.futura-sciences.com\/feldmann\/2019\/09\/01\/que-voir-dans-le-ciel-nocturne-au-mois-de-septembre-2019\/\",\"url\":\"https:\/\/blogs.futura-sciences.com\/feldmann\/2019\/09\/01\/que-voir-dans-le-ciel-nocturne-au-mois-de-septembre-2019\/\",\"name\":\"Que voir dans le ciel nocturne au mois de septembre 2019\",\"isPartOf\":{\"@id\":\"https:\/\/blogs.futura-sciences.com\/feldmann\/#website\"},\"primaryImageOfPage\":{\"@id\":\"https:\/\/blogs.futura-sciences.com\/feldmann\/2019\/09\/01\/que-voir-dans-le-ciel-nocturne-au-mois-de-septembre-2019\/#primaryimage\"},\"image\":{\"@id\":\"https:\/\/blogs.futura-sciences.com\/feldmann\/2019\/09\/01\/que-voir-dans-le-ciel-nocturne-au-mois-de-septembre-2019\/#primaryimage\"},\"thumbnailUrl\":\"https:\/\/blogs.futura-sciences.com\/feldmann\/wp-content\/uploads\/sites\/9\/2019\/08\/ephem.jpg\",\"datePublished\":\"2019-09-01T06:00:40+00:00\",\"dateModified\":\"2019-09-30T04:59:52+00:00\",\"author\":{\"@id\":\"https:\/\/blogs.futura-sciences.com\/feldmann\/#\/schema\/person\/62b391b709c307783237b759b62731ea\"},\"description\":\"En septembre Saturne et Jupiter continuent de briller plein sud, Mercure et V\u00e9nus reviennent doucement et la Pleine Lune est toute petite\u00a0!\",\"inLanguage\":\"fr-FR\",\"potentialAction\":[{\"@type\":\"ReadAction\",\"target\":[\"https:\/\/blogs.futura-sciences.com\/feldmann\/2019\/09\/01\/que-voir-dans-le-ciel-nocturne-au-mois-de-septembre-2019\/\"]}]},{\"@type\":\"ImageObject\",\"inLanguage\":\"fr-FR\",\"@id\":\"https:\/\/blogs.futura-sciences.com\/feldmann\/2019\/09\/01\/que-voir-dans-le-ciel-nocturne-au-mois-de-septembre-2019\/#primaryimage\",\"url\":\"https:\/\/blogs.futura-sciences.com\/feldmann\/wp-content\/uploads\/sites\/9\/2019\/08\/ephem.jpg\",\"contentUrl\":\"https:\/\/blogs.futura-sciences.com\/feldmann\/wp-content\/uploads\/sites\/9\/2019\/08\/ephem.jpg\",\"width\":921,\"height\":572},{\"@type\":\"WebSite\",\"@id\":\"https:\/\/blogs.futura-sciences.com\/feldmann\/#website\",\"url\":\"https:\/\/blogs.futura-sciences.com\/feldmann\/\",\"name\":\"CIELMANIA : le blog de Jean-Baptiste FELDMANN, photographe du ciel\",\"description\":\"&quot;J&#039;ai en moi un besoin terrible. Dirais-je le mot? La religion. Alors, je sors la nuit et je peins des \u00e9toiles.&quot;  Vincent van Gogh\",\"potentialAction\":[{\"@type\":\"SearchAction\",\"target\":{\"@type\":\"EntryPoint\",\"urlTemplate\":\"https:\/\/blogs.futura-sciences.com\/feldmann\/?s={search_term_string}\"},\"query-input\":{\"@type\":\"PropertyValueSpecification\",\"valueRequired\":true,\"valueName\":\"search_term_string\"}}],\"inLanguage\":\"fr-FR\"},{\"@type\":\"Person\",\"@id\":\"https:\/\/blogs.futura-sciences.com\/feldmann\/#\/schema\/person\/62b391b709c307783237b759b62731ea\",\"name\":\"Jean-Baptiste FELDMANN\",\"image\":{\"@type\":\"ImageObject\",\"inLanguage\":\"fr-FR\",\"@id\":\"https:\/\/blogs.futura-sciences.com\/feldmann\/#\/schema\/person\/image\/\",\"url\":\"https:\/\/secure.gravatar.com\/avatar\/41f96607fde7a81a14570eec74177c42?s=96&d=mm&r=g\",\"contentUrl\":\"https:\/\/secure.gravatar.com\/avatar\/41f96607fde7a81a14570eec74177c42?s=96&d=mm&r=g\",\"caption\":\"Jean-Baptiste FELDMANN\"},\"url\":\"https:\/\/blogs.futura-sciences.com\/feldmann\/author\/jbfe\/\"}]}<\/script>\n<!-- \/ Yoast SEO plugin. -->","yoast_head_json":{"title":"Que voir dans le ciel nocturne au mois de septembre 2019","description":"En septembre Saturne et Jupiter continuent de briller plein sud, Mercure et V\u00e9nus reviennent doucement et la Pleine Lune est toute petite\u00a0!","robots":{"index":"index","follow":"follow","max-snippet":"max-snippet:-1","max-image-preview":"max-image-preview:large","max-video-preview":"max-video-preview:-1"},"canonical":"https:\/\/blogs.futura-sciences.com\/feldmann\/2019\/09\/01\/que-voir-dans-le-ciel-nocturne-au-mois-de-septembre-2019\/","og_locale":"fr_FR","og_type":"article","og_title":"Que voir dans le ciel nocturne au mois de septembre 2019","og_description":"En septembre Saturne et Jupiter continuent de briller plein sud, Mercure et V\u00e9nus reviennent doucement et la Pleine Lune est toute petite\u00a0!","og_url":"https:\/\/blogs.futura-sciences.com\/feldmann\/2019\/09\/01\/que-voir-dans-le-ciel-nocturne-au-mois-de-septembre-2019\/","og_site_name":"CIELMANIA : le blog de Jean-Baptiste FELDMANN, photographe du ciel","article_published_time":"2019-09-01T06:00:40+00:00","article_modified_time":"2019-09-30T04:59:52+00:00","og_image":[{"width":921,"height":572,"url":"https:\/\/blogs.futura-sciences.com\/feldmann\/wp-content\/uploads\/sites\/9\/2019\/08\/ephem.jpg","type":"image\/jpeg"}],"author":"Jean-Baptiste FELDMANN","twitter_card":"summary_large_image","twitter_misc":{"\u00c9crit par":"Jean-Baptiste FELDMANN","Dur\u00e9e de lecture estim\u00e9e":"3 minutes"},"schema":{"@context":"https:\/\/schema.org","@graph":[{"@type":"WebPage","@id":"https:\/\/blogs.futura-sciences.com\/feldmann\/2019\/09\/01\/que-voir-dans-le-ciel-nocturne-au-mois-de-septembre-2019\/","url":"https:\/\/blogs.futura-sciences.com\/feldmann\/2019\/09\/01\/que-voir-dans-le-ciel-nocturne-au-mois-de-septembre-2019\/","name":"Que voir dans le ciel nocturne au mois de septembre 2019","isPartOf":{"@id":"https:\/\/blogs.futura-sciences.com\/feldmann\/#website"},"primaryImageOfPage":{"@id":"https:\/\/blogs.futura-sciences.com\/feldmann\/2019\/09\/01\/que-voir-dans-le-ciel-nocturne-au-mois-de-septembre-2019\/#primaryimage"},"image":{"@id":"https:\/\/blogs.futura-sciences.com\/feldmann\/2019\/09\/01\/que-voir-dans-le-ciel-nocturne-au-mois-de-septembre-2019\/#primaryimage"},"thumbnailUrl":"https:\/\/blogs.futura-sciences.com\/feldmann\/wp-content\/uploads\/sites\/9\/2019\/08\/ephem.jpg","datePublished":"2019-09-01T06:00:40+00:00","dateModified":"2019-09-30T04:59:52+00:00","author":{"@id":"https:\/\/blogs.futura-sciences.com\/feldmann\/#\/schema\/person\/62b391b709c307783237b759b62731ea"},"description":"En septembre Saturne et Jupiter continuent de briller plein sud, Mercure et V\u00e9nus reviennent doucement et la Pleine Lune est toute petite\u00a0!","inLanguage":"fr-FR","potentialAction":[{"@type":"ReadAction","target":["https:\/\/blogs.futura-sciences.com\/feldmann\/2019\/09\/01\/que-voir-dans-le-ciel-nocturne-au-mois-de-septembre-2019\/"]}]},{"@type":"ImageObject","inLanguage":"fr-FR","@id":"https:\/\/blogs.futura-sciences.com\/feldmann\/2019\/09\/01\/que-voir-dans-le-ciel-nocturne-au-mois-de-septembre-2019\/#primaryimage","url":"https:\/\/blogs.futura-sciences.com\/feldmann\/wp-content\/uploads\/sites\/9\/2019\/08\/ephem.jpg","contentUrl":"https:\/\/blogs.futura-sciences.com\/feldmann\/wp-content\/uploads\/sites\/9\/2019\/08\/ephem.jpg","width":921,"height":572},{"@type":"WebSite","@id":"https:\/\/blogs.futura-sciences.com\/feldmann\/#website","url":"https:\/\/blogs.futura-sciences.com\/feldmann\/","name":"CIELMANIA : le blog de Jean-Baptiste FELDMANN, photographe du ciel","description":"&quot;J&#039;ai en moi un besoin terrible. Dirais-je le mot? La religion. Alors, je sors la nuit et je peins des \u00e9toiles.&quot;  Vincent van Gogh","potentialAction":[{"@type":"SearchAction","target":{"@type":"EntryPoint","urlTemplate":"https:\/\/blogs.futura-sciences.com\/feldmann\/?s={search_term_string}"},"query-input":{"@type":"PropertyValueSpecification","valueRequired":true,"valueName":"search_term_string"}}],"inLanguage":"fr-FR"},{"@type":"Person","@id":"https:\/\/blogs.futura-sciences.com\/feldmann\/#\/schema\/person\/62b391b709c307783237b759b62731ea","name":"Jean-Baptiste FELDMANN","image":{"@type":"ImageObject","inLanguage":"fr-FR","@id":"https:\/\/blogs.futura-sciences.com\/feldmann\/#\/schema\/person\/image\/","url":"https:\/\/secure.gravatar.com\/avatar\/41f96607fde7a81a14570eec74177c42?s=96&d=mm&r=g","contentUrl":"https:\/\/secure.gravatar.com\/avatar\/41f96607fde7a81a14570eec74177c42?s=96&d=mm&r=g","caption":"Jean-Baptiste FELDMANN"},"url":"https:\/\/blogs.futura-sciences.com\/feldmann\/author\/jbfe\/"}]}},"_links":{"self":[{"href":"https:\/\/blogs.futura-sciences.com\/feldmann\/wp-json\/wp\/v2\/posts\/11078","targetHints":{"allow":["GET"]}}],"collection":[{"href":"https:\/\/blogs.futura-sciences.com\/feldmann\/wp-json\/wp\/v2\/posts"}],"about":[{"href":"https:\/\/blogs.futura-sciences.com\/feldmann\/wp-json\/wp\/v2\/types\/post"}],"author":[{"embeddable":true,"href":"https:\/\/blogs.futura-sciences.com\/feldmann\/wp-json\/wp\/v2\/users\/8"}],"replies":[{"embeddable":true,"href":"https:\/\/blogs.futura-sciences.com\/feldmann\/wp-json\/wp\/v2\/comments?post=11078"}],"version-history":[{"count":4,"href":"https:\/\/blogs.futura-sciences.com\/feldmann\/wp-json\/wp\/v2\/posts\/11078\/revisions"}],"predecessor-version":[{"id":11089,"href":"https:\/\/blogs.futura-sciences.com\/feldmann\/wp-json\/wp\/v2\/posts\/11078\/revisions\/11089"}],"wp:featuredmedia":[{"embeddable":true,"href":"https:\/\/blogs.futura-sciences.com\/feldmann\/wp-json\/wp\/v2\/media\/11090"}],"wp:attachment":[{"href":"https:\/\/blogs.futura-sciences.com\/feldmann\/wp-json\/wp\/v2\/media?parent=11078"}],"wp:term":[{"taxonomy":"category","embeddable":true,"href":"https:\/\/blogs.futura-sciences.com\/feldmann\/wp-json\/wp\/v2\/categories?post=11078"},{"taxonomy":"post_tag","embeddable":true,"href":"https:\/\/blogs.futura-sciences.com\/feldmann\/wp-json\/wp\/v2\/tags?post=11078"}],"curies":[{"name":"wp","href":"https:\/\/api.w.org\/{rel}","templated":true}]}}