{"id":10864,"date":"2019-06-17T04:58:20","date_gmt":"2019-06-17T04:58:20","guid":{"rendered":"https:\/\/blogs.futura-sciences.com\/feldmann\/?p=10864"},"modified":"2019-06-19T05:47:19","modified_gmt":"2019-06-19T05:47:19","slug":"j-25-rendez-vous-avec-la-pleine-lune-des-fraises-ce-soir","status":"publish","type":"post","link":"https:\/\/blogs.futura-sciences.com\/feldmann\/2019\/06\/17\/j-25-rendez-vous-avec-la-pleine-lune-des-fraises-ce-soir\/","title":{"rendered":"J-25 : rendez-vous avec la Pleine Lune des fraises ce soir"},"content":{"rendered":"<p><strong>La sixi\u00e8me Pleine Lune de l&#8217;ann\u00e9e a lieu ce lundi 17 juin. Ne manquez pas d&#8217;observer son lever. Mais pourquoi la surnomme-t-on la Pleine Lune des fraises ?<\/strong><\/p>\n<p><em>Dans 25 jours ce sera <a href=\"https:\/\/blogs.futura-sciences.com\/feldmann\/2018\/12\/31\/on-the-moon-again-en-2019-regardez-la-lune\/\" target=\"_blank\" rel=\"noopener noreferrer\">On The Moon Again<\/a>. Deux nuits de f\u00eate sur la plan\u00e8te pour rendre hommage \u00e0 la Lune les 12 et 13 juillet prochains. Cinquante ans apr\u00e8s l\u2019alunissage d\u2019Apollo 11, les astronomes du monde entier vous inviteront \u00e0 observer notre satellite naturel dans un t\u00e9lescope. Apr\u00e8s <a href=\"https:\/\/blogs.futura-sciences.com\/feldmann\/2019\/06\/12\/j-30-la-lune-dans-une-paire-de-jumelles-mode-demploi\/\" target=\"_blank\" rel=\"noopener noreferrer\">la Lune dans une paire de jumelles, mode d&#8217;emploi<\/a>, CIELMANIA poursuit sa s\u00e9rie de chroniques pour vous accompagner jusqu\u2019\u00e0 cet \u00e9v\u00e9nement.<\/em><\/p>\n<figure id=\"attachment_10865\" aria-describedby=\"caption-attachment-10865\" style=\"width: 450px\" class=\"wp-caption alignnone\"><a href=\"https:\/\/blogs.futura-sciences.com\/feldmann\/wp-content\/uploads\/sites\/9\/2019\/06\/plune.jpg\" rel=\"lightbox[10864]\"><img loading=\"lazy\" decoding=\"async\" class=\"size-medium wp-image-10865\" src=\"https:\/\/blogs.futura-sciences.com\/feldmann\/wp-content\/uploads\/sites\/9\/2019\/06\/plune-450x270.jpg\" alt=\"\" width=\"450\" height=\"270\" srcset=\"https:\/\/blogs.futura-sciences.com\/feldmann\/wp-content\/uploads\/sites\/9\/2019\/06\/plune-450x270.jpg 450w, https:\/\/blogs.futura-sciences.com\/feldmann\/wp-content\/uploads\/sites\/9\/2019\/06\/plune-768x461.jpg 768w, https:\/\/blogs.futura-sciences.com\/feldmann\/wp-content\/uploads\/sites\/9\/2019\/06\/plune-1024x614.jpg 1024w, https:\/\/blogs.futura-sciences.com\/feldmann\/wp-content\/uploads\/sites\/9\/2019\/06\/plune.jpg 1500w\" sizes=\"auto, (max-width: 450px) 100vw, 450px\" \/><\/a><figcaption id=\"caption-attachment-10865\" class=\"wp-caption-text\">Lever de Pleine Lune \u00e0 Rome derri\u00e8re le Colis\u00e9e. \u00a9 Jean-Baptiste Feldmann<\/figcaption><\/figure>\n<h6>Un alignement presque parfait :<\/h6>\n<p>La Pleine Lune se produit lorsque le Soleil, la Terre et la Lune sont align\u00e9s. Une situation que l&#8217;on retrouve tous les 29,5 jours environ, le temps pour la Lune de faire un tour complet de la Terre.<!--more--><\/p>\n<p>En th\u00e9orie nous devrions assister \u00e0 une \u00e9clipse de Lune \u00e0 chaque Pleine Lune puisque notre satellite naturel passe dans l&#8217;ombre de la Terre. De m\u00eame nous devrions avoir une \u00e9clipse de Soleil \u00e0 chaque Nouvelle Lune, quand cette derni\u00e8re passe entre le Soleil et la Terre. En r\u00e9alit\u00e9 la Lune ne tourne pas tout \u00e0 fait dans le m\u00eame plan que le Soleil et la Terre (le d\u00e9calage est de l&#8217;ordre de 5\u00b0). La Lune passe la plupart du temps au-dessous ou au-dessus de l&#8217;alignement Soleil-Terre.<\/p>\n<figure id=\"attachment_9556\" aria-describedby=\"caption-attachment-9556\" style=\"width: 450px\" class=\"wp-caption alignnone\"><a href=\"https:\/\/blogs.futura-sciences.com\/feldmann\/wp-content\/uploads\/sites\/9\/2018\/08\/plune.jpg\" rel=\"lightbox[10864]\"><img loading=\"lazy\" decoding=\"async\" class=\"size-medium wp-image-9556\" src=\"https:\/\/blogs.futura-sciences.com\/feldmann\/wp-content\/uploads\/sites\/9\/2018\/08\/plune-450x280.jpg\" alt=\"\" width=\"450\" height=\"280\" srcset=\"https:\/\/blogs.futura-sciences.com\/feldmann\/wp-content\/uploads\/sites\/9\/2018\/08\/plune-450x280.jpg 450w, https:\/\/blogs.futura-sciences.com\/feldmann\/wp-content\/uploads\/sites\/9\/2018\/08\/plune-768x477.jpg 768w, https:\/\/blogs.futura-sciences.com\/feldmann\/wp-content\/uploads\/sites\/9\/2018\/08\/plune-1024x636.jpg 1024w, https:\/\/blogs.futura-sciences.com\/feldmann\/wp-content\/uploads\/sites\/9\/2018\/08\/plune.jpg 1450w\" sizes=\"auto, (max-width: 450px) 100vw, 450px\" \/><\/a><figcaption id=\"caption-attachment-9556\" class=\"wp-caption-text\">Lever de Pleine Lune \u00e0 la fin d&#8217;une chaude journ\u00e9e. \u00a9 Jean-Baptiste Feldmann<\/figcaption><\/figure>\n<h5>Une histoire de fraises :<\/h5>\n<p>La Pleine Lune a souvent un nom. En avril nous avons eu droit par exemple \u00e0 la <a href=\"https:\/\/blogs.futura-sciences.com\/feldmann\/2019\/04\/19\/ce-soir-ne-manquez-pas-la-pleine-lune-des-cerisiers\/\" target=\"_blank\" rel=\"noopener noreferrer\">Pleine Lune des cerisiers<\/a>. En juin c&#8217;est la Pleine Lune des fraises. On pourrait penser que l&#8217;on fait allusion aux petits fruits rouges d\u00e9licieux qui apparaissent dans nos jardins. En r\u00e9alit\u00e9 l&#8217;expression fait r\u00e9f\u00e9rence \u00e0 la couleur que prend la Lune quand elle se l\u00e8ve \u00e0 la fin d&#8217;une chaude journ\u00e9e de juin. L&#8217;atmosph\u00e8re terrestre forme alors le m\u00eame filtre qu&#8217;\u00e0 l&#8217;occasion d&#8217;un lever ou <a href=\"https:\/\/blogs.futura-sciences.com\/feldmann\/2017\/02\/06\/le-soleil-se-couche-sur-le-desert-datacama\/\" target=\"_blank\" rel=\"noopener noreferrer\">coucher de Soleil<\/a>.<\/p>\n<p><iframe loading=\"lazy\" title=\"Full Moon 2016\" src=\"https:\/\/player.vimeo.com\/video\/160503656?dnt=1&amp;app_id=122963\" width=\"474\" height=\"356\" frameborder=\"0\" allow=\"autoplay; fullscreen; picture-in-picture; clipboard-write\"><\/iframe><\/p>\n<h5>Avant le solstice :<\/h5>\n<p>Cette sixi\u00e8me Pleine Lune se produit 4 jours avant le <a href=\"https:\/\/blogs.futura-sciences.com\/feldmann\/2017\/06\/20\/21-juin-cest-solstice-dete-lhemisphere-nord\/\" target=\"_blank\" rel=\"noopener noreferrer\">solstice de juin<\/a> qui marquera le d\u00e9but de l&#8217;\u00e9t\u00e9 dans l&#8217;h\u00e9misph\u00e8re NORD. Ce soir si vous regardez l&#8217;horizon SUD-EST, vous verrez la Lune se lever toute ronde juste apr\u00e8s le coucher du Soleil dans votre dos. Lorsque le ciel commencera \u00e0 s&#8217;assombrir <a href=\"https:\/\/blogs.futura-sciences.com\/feldmann\/2019\/06\/10\/spectacle-celeste-ce-soir-jupiter-est-au-plus-pres-de-la-terre\/\" target=\"_blank\" rel=\"noopener noreferrer\">Jupiter<\/a> fera son apparition \u00e0 droite de la Lune. Hier soir la plan\u00e8te gazeuse g\u00e9ante \u00e9tait tr\u00e8s proche de notre satellite naturel (image ci-dessous). Un peu plus tard dans la soir\u00e9e c&#8217;est <a href=\"https:\/\/blogs.futura-sciences.com\/feldmann\/2019\/04\/03\/superbe-occultation-de-saturne-par-la-lune-le-29-mars\/\" target=\"_blank\" rel=\"noopener noreferrer\">Saturne<\/a> que vous distinguerez \u00e0 gauche de la Lune. Les deux plan\u00e8tes gazeuses g\u00e9antes accompagneront cette Pleine Lune des fraises toute la nuit.<\/p>\n<figure id=\"attachment_10873\" aria-describedby=\"caption-attachment-10873\" style=\"width: 450px\" class=\"wp-caption alignnone\"><a href=\"https:\/\/blogs.futura-sciences.com\/feldmann\/wp-content\/uploads\/sites\/9\/2019\/06\/lune-jupiter.jpg\" rel=\"lightbox[10864]\"><img loading=\"lazy\" decoding=\"async\" class=\"size-medium wp-image-10873\" src=\"https:\/\/blogs.futura-sciences.com\/feldmann\/wp-content\/uploads\/sites\/9\/2019\/06\/lune-jupiter-450x269.jpg\" alt=\"\" width=\"450\" height=\"269\" srcset=\"https:\/\/blogs.futura-sciences.com\/feldmann\/wp-content\/uploads\/sites\/9\/2019\/06\/lune-jupiter-450x269.jpg 450w, https:\/\/blogs.futura-sciences.com\/feldmann\/wp-content\/uploads\/sites\/9\/2019\/06\/lune-jupiter-768x460.jpg 768w, https:\/\/blogs.futura-sciences.com\/feldmann\/wp-content\/uploads\/sites\/9\/2019\/06\/lune-jupiter-1024x613.jpg 1024w, https:\/\/blogs.futura-sciences.com\/feldmann\/wp-content\/uploads\/sites\/9\/2019\/06\/lune-jupiter.jpg 1500w\" sizes=\"auto, (max-width: 450px) 100vw, 450px\" \/><\/a><figcaption id=\"caption-attachment-10873\" class=\"wp-caption-text\">La Lune et Jupiter ensemble dans la soir\u00e9e du 16 juin. \u00a9 Jean-Baptiste Feldmann<\/figcaption><\/figure>\n<!-- AddThis Advanced Settings generic via filter on the_content --><!-- AddThis Share Buttons generic via filter on the_content -->","protected":false},"excerpt":{"rendered":"<p>La sixi\u00e8me Pleine Lune de l&#8217;ann\u00e9e a lieu ce lundi 17 juin. Ne manquez pas d&#8217;observer son lever. Mais pourquoi la surnomme-t-on la Pleine Lune des fraises ? Dans 25 jours ce sera On The Moon Again. Deux nuits de f\u00eate sur la plan\u00e8te pour rendre hommage \u00e0 la Lune les 12 et 13 juillet &hellip; <a href=\"https:\/\/blogs.futura-sciences.com\/feldmann\/2019\/06\/17\/j-25-rendez-vous-avec-la-pleine-lune-des-fraises-ce-soir\/\" class=\"more-link\">Continuer la lecture de <span class=\"screen-reader-text\">J-25 : rendez-vous avec la Pleine Lune des fraises ce soir<\/span>  <span class=\"meta-nav\">&rarr;<\/span><\/a><!-- AddThis Advanced Settings generic via filter on get_the_excerpt --><!-- AddThis Share Buttons generic via filter on get_the_excerpt --><\/p>\n","protected":false},"author":8,"featured_media":10865,"comment_status":"open","ping_status":"open","sticky":false,"template":"","format":"standard","meta":{"footnotes":"","_links_to":"","_links_to_target":""},"categories":[509],"tags":[2632,1663],"class_list":["post-10864","post","type-post","status-publish","format-standard","has-post-thumbnail","hentry","category-actualites","tag-on-the-moon","tag-pleine-lune-des-fraises"],"yoast_head":"<!-- This site is optimized with the Yoast SEO plugin v24.1 - https:\/\/yoast.com\/wordpress\/plugins\/seo\/ -->\n<title>J-25 : rendez-vous avec la Pleine Lune des fraises ce soir<\/title>\n<meta name=\"description\" content=\"La sixi\u00e8me Pleine Lune de l&#039;ann\u00e9e a lieu ce lundi 17 juin. Ne manquez pas d&#039;observer son lever. Mais pourquoi la surnomme-t-on la Pleine Lune des fraises ?\" \/>\n<meta name=\"robots\" content=\"index, follow, max-snippet:-1, max-image-preview:large, max-video-preview:-1\" \/>\n<link rel=\"canonical\" href=\"https:\/\/blogs.futura-sciences.com\/feldmann\/2019\/06\/17\/j-25-rendez-vous-avec-la-pleine-lune-des-fraises-ce-soir\/\" \/>\n<meta property=\"og:locale\" content=\"fr_FR\" \/>\n<meta property=\"og:type\" content=\"article\" \/>\n<meta property=\"og:title\" content=\"J-25 : rendez-vous avec la Pleine Lune des fraises ce soir\" \/>\n<meta property=\"og:description\" content=\"La sixi\u00e8me Pleine Lune de l&#039;ann\u00e9e a lieu ce lundi 17 juin. Ne manquez pas d&#039;observer son lever. Mais pourquoi la surnomme-t-on la Pleine Lune des fraises ?\" \/>\n<meta property=\"og:url\" content=\"https:\/\/blogs.futura-sciences.com\/feldmann\/2019\/06\/17\/j-25-rendez-vous-avec-la-pleine-lune-des-fraises-ce-soir\/\" \/>\n<meta property=\"og:site_name\" content=\"CIELMANIA : le blog de Jean-Baptiste FELDMANN, photographe du ciel\" \/>\n<meta property=\"article:published_time\" content=\"2019-06-17T04:58:20+00:00\" \/>\n<meta property=\"article:modified_time\" content=\"2019-06-19T05:47:19+00:00\" \/>\n<meta property=\"og:image\" content=\"https:\/\/blogs.futura-sciences.com\/feldmann\/wp-content\/uploads\/sites\/9\/2019\/06\/plune.jpg\" \/>\n\t<meta property=\"og:image:width\" content=\"1500\" \/>\n\t<meta property=\"og:image:height\" content=\"900\" \/>\n\t<meta property=\"og:image:type\" content=\"image\/jpeg\" \/>\n<meta name=\"author\" content=\"Jean-Baptiste FELDMANN\" \/>\n<meta name=\"twitter:card\" content=\"summary_large_image\" \/>\n<meta name=\"twitter:label1\" content=\"\u00c9crit par\" \/>\n\t<meta name=\"twitter:data1\" content=\"Jean-Baptiste FELDMANN\" \/>\n\t<meta name=\"twitter:label2\" content=\"Dur\u00e9e de lecture estim\u00e9e\" \/>\n\t<meta name=\"twitter:data2\" content=\"3 minutes\" \/>\n<script type=\"application\/ld+json\" class=\"yoast-schema-graph\">{\"@context\":\"https:\/\/schema.org\",\"@graph\":[{\"@type\":\"WebPage\",\"@id\":\"https:\/\/blogs.futura-sciences.com\/feldmann\/2019\/06\/17\/j-25-rendez-vous-avec-la-pleine-lune-des-fraises-ce-soir\/\",\"url\":\"https:\/\/blogs.futura-sciences.com\/feldmann\/2019\/06\/17\/j-25-rendez-vous-avec-la-pleine-lune-des-fraises-ce-soir\/\",\"name\":\"J-25 : rendez-vous avec la Pleine Lune des fraises ce soir\",\"isPartOf\":{\"@id\":\"https:\/\/blogs.futura-sciences.com\/feldmann\/#website\"},\"primaryImageOfPage\":{\"@id\":\"https:\/\/blogs.futura-sciences.com\/feldmann\/2019\/06\/17\/j-25-rendez-vous-avec-la-pleine-lune-des-fraises-ce-soir\/#primaryimage\"},\"image\":{\"@id\":\"https:\/\/blogs.futura-sciences.com\/feldmann\/2019\/06\/17\/j-25-rendez-vous-avec-la-pleine-lune-des-fraises-ce-soir\/#primaryimage\"},\"thumbnailUrl\":\"https:\/\/blogs.futura-sciences.com\/feldmann\/wp-content\/uploads\/sites\/9\/2019\/06\/plune.jpg\",\"datePublished\":\"2019-06-17T04:58:20+00:00\",\"dateModified\":\"2019-06-19T05:47:19+00:00\",\"author\":{\"@id\":\"https:\/\/blogs.futura-sciences.com\/feldmann\/#\/schema\/person\/62b391b709c307783237b759b62731ea\"},\"description\":\"La sixi\u00e8me Pleine Lune de l'ann\u00e9e a lieu ce lundi 17 juin. Ne manquez pas d'observer son lever. Mais pourquoi la surnomme-t-on la Pleine Lune des fraises ?\",\"inLanguage\":\"fr-FR\",\"potentialAction\":[{\"@type\":\"ReadAction\",\"target\":[\"https:\/\/blogs.futura-sciences.com\/feldmann\/2019\/06\/17\/j-25-rendez-vous-avec-la-pleine-lune-des-fraises-ce-soir\/\"]}]},{\"@type\":\"ImageObject\",\"inLanguage\":\"fr-FR\",\"@id\":\"https:\/\/blogs.futura-sciences.com\/feldmann\/2019\/06\/17\/j-25-rendez-vous-avec-la-pleine-lune-des-fraises-ce-soir\/#primaryimage\",\"url\":\"https:\/\/blogs.futura-sciences.com\/feldmann\/wp-content\/uploads\/sites\/9\/2019\/06\/plune.jpg\",\"contentUrl\":\"https:\/\/blogs.futura-sciences.com\/feldmann\/wp-content\/uploads\/sites\/9\/2019\/06\/plune.jpg\",\"width\":1500,\"height\":900,\"caption\":\"Lever de Pleine Lune \u00e0 Rome derri\u00e8re le Colis\u00e9e. \u00a9 Jean-Baptiste Feldmann\"},{\"@type\":\"WebSite\",\"@id\":\"https:\/\/blogs.futura-sciences.com\/feldmann\/#website\",\"url\":\"https:\/\/blogs.futura-sciences.com\/feldmann\/\",\"name\":\"CIELMANIA : le blog de Jean-Baptiste FELDMANN, photographe du ciel\",\"description\":\"&quot;J&#039;ai en moi un besoin terrible. Dirais-je le mot? La religion. Alors, je sors la nuit et je peins des \u00e9toiles.&quot;  Vincent van Gogh\",\"potentialAction\":[{\"@type\":\"SearchAction\",\"target\":{\"@type\":\"EntryPoint\",\"urlTemplate\":\"https:\/\/blogs.futura-sciences.com\/feldmann\/?s={search_term_string}\"},\"query-input\":{\"@type\":\"PropertyValueSpecification\",\"valueRequired\":true,\"valueName\":\"search_term_string\"}}],\"inLanguage\":\"fr-FR\"},{\"@type\":\"Person\",\"@id\":\"https:\/\/blogs.futura-sciences.com\/feldmann\/#\/schema\/person\/62b391b709c307783237b759b62731ea\",\"name\":\"Jean-Baptiste FELDMANN\",\"image\":{\"@type\":\"ImageObject\",\"inLanguage\":\"fr-FR\",\"@id\":\"https:\/\/blogs.futura-sciences.com\/feldmann\/#\/schema\/person\/image\/\",\"url\":\"https:\/\/secure.gravatar.com\/avatar\/41f96607fde7a81a14570eec74177c42?s=96&d=mm&r=g\",\"contentUrl\":\"https:\/\/secure.gravatar.com\/avatar\/41f96607fde7a81a14570eec74177c42?s=96&d=mm&r=g\",\"caption\":\"Jean-Baptiste FELDMANN\"},\"url\":\"https:\/\/blogs.futura-sciences.com\/feldmann\/author\/jbfe\/\"}]}<\/script>\n<!-- \/ Yoast SEO plugin. -->","yoast_head_json":{"title":"J-25 : rendez-vous avec la Pleine Lune des fraises ce soir","description":"La sixi\u00e8me Pleine Lune de l'ann\u00e9e a lieu ce lundi 17 juin. Ne manquez pas d'observer son lever. Mais pourquoi la surnomme-t-on la Pleine Lune des fraises ?","robots":{"index":"index","follow":"follow","max-snippet":"max-snippet:-1","max-image-preview":"max-image-preview:large","max-video-preview":"max-video-preview:-1"},"canonical":"https:\/\/blogs.futura-sciences.com\/feldmann\/2019\/06\/17\/j-25-rendez-vous-avec-la-pleine-lune-des-fraises-ce-soir\/","og_locale":"fr_FR","og_type":"article","og_title":"J-25 : rendez-vous avec la Pleine Lune des fraises ce soir","og_description":"La sixi\u00e8me Pleine Lune de l'ann\u00e9e a lieu ce lundi 17 juin. Ne manquez pas d'observer son lever. Mais pourquoi la surnomme-t-on la Pleine Lune des fraises ?","og_url":"https:\/\/blogs.futura-sciences.com\/feldmann\/2019\/06\/17\/j-25-rendez-vous-avec-la-pleine-lune-des-fraises-ce-soir\/","og_site_name":"CIELMANIA : le blog de Jean-Baptiste FELDMANN, photographe du ciel","article_published_time":"2019-06-17T04:58:20+00:00","article_modified_time":"2019-06-19T05:47:19+00:00","og_image":[{"width":1500,"height":900,"url":"https:\/\/blogs.futura-sciences.com\/feldmann\/wp-content\/uploads\/sites\/9\/2019\/06\/plune.jpg","type":"image\/jpeg"}],"author":"Jean-Baptiste FELDMANN","twitter_card":"summary_large_image","twitter_misc":{"\u00c9crit par":"Jean-Baptiste FELDMANN","Dur\u00e9e de lecture estim\u00e9e":"3 minutes"},"schema":{"@context":"https:\/\/schema.org","@graph":[{"@type":"WebPage","@id":"https:\/\/blogs.futura-sciences.com\/feldmann\/2019\/06\/17\/j-25-rendez-vous-avec-la-pleine-lune-des-fraises-ce-soir\/","url":"https:\/\/blogs.futura-sciences.com\/feldmann\/2019\/06\/17\/j-25-rendez-vous-avec-la-pleine-lune-des-fraises-ce-soir\/","name":"J-25 : rendez-vous avec la Pleine Lune des fraises ce soir","isPartOf":{"@id":"https:\/\/blogs.futura-sciences.com\/feldmann\/#website"},"primaryImageOfPage":{"@id":"https:\/\/blogs.futura-sciences.com\/feldmann\/2019\/06\/17\/j-25-rendez-vous-avec-la-pleine-lune-des-fraises-ce-soir\/#primaryimage"},"image":{"@id":"https:\/\/blogs.futura-sciences.com\/feldmann\/2019\/06\/17\/j-25-rendez-vous-avec-la-pleine-lune-des-fraises-ce-soir\/#primaryimage"},"thumbnailUrl":"https:\/\/blogs.futura-sciences.com\/feldmann\/wp-content\/uploads\/sites\/9\/2019\/06\/plune.jpg","datePublished":"2019-06-17T04:58:20+00:00","dateModified":"2019-06-19T05:47:19+00:00","author":{"@id":"https:\/\/blogs.futura-sciences.com\/feldmann\/#\/schema\/person\/62b391b709c307783237b759b62731ea"},"description":"La sixi\u00e8me Pleine Lune de l'ann\u00e9e a lieu ce lundi 17 juin. Ne manquez pas d'observer son lever. Mais pourquoi la surnomme-t-on la Pleine Lune des fraises ?","inLanguage":"fr-FR","potentialAction":[{"@type":"ReadAction","target":["https:\/\/blogs.futura-sciences.com\/feldmann\/2019\/06\/17\/j-25-rendez-vous-avec-la-pleine-lune-des-fraises-ce-soir\/"]}]},{"@type":"ImageObject","inLanguage":"fr-FR","@id":"https:\/\/blogs.futura-sciences.com\/feldmann\/2019\/06\/17\/j-25-rendez-vous-avec-la-pleine-lune-des-fraises-ce-soir\/#primaryimage","url":"https:\/\/blogs.futura-sciences.com\/feldmann\/wp-content\/uploads\/sites\/9\/2019\/06\/plune.jpg","contentUrl":"https:\/\/blogs.futura-sciences.com\/feldmann\/wp-content\/uploads\/sites\/9\/2019\/06\/plune.jpg","width":1500,"height":900,"caption":"Lever de Pleine Lune \u00e0 Rome derri\u00e8re le Colis\u00e9e. \u00a9 Jean-Baptiste Feldmann"},{"@type":"WebSite","@id":"https:\/\/blogs.futura-sciences.com\/feldmann\/#website","url":"https:\/\/blogs.futura-sciences.com\/feldmann\/","name":"CIELMANIA : le blog de Jean-Baptiste FELDMANN, photographe du ciel","description":"&quot;J&#039;ai en moi un besoin terrible. Dirais-je le mot? La religion. Alors, je sors la nuit et je peins des \u00e9toiles.&quot;  Vincent van Gogh","potentialAction":[{"@type":"SearchAction","target":{"@type":"EntryPoint","urlTemplate":"https:\/\/blogs.futura-sciences.com\/feldmann\/?s={search_term_string}"},"query-input":{"@type":"PropertyValueSpecification","valueRequired":true,"valueName":"search_term_string"}}],"inLanguage":"fr-FR"},{"@type":"Person","@id":"https:\/\/blogs.futura-sciences.com\/feldmann\/#\/schema\/person\/62b391b709c307783237b759b62731ea","name":"Jean-Baptiste FELDMANN","image":{"@type":"ImageObject","inLanguage":"fr-FR","@id":"https:\/\/blogs.futura-sciences.com\/feldmann\/#\/schema\/person\/image\/","url":"https:\/\/secure.gravatar.com\/avatar\/41f96607fde7a81a14570eec74177c42?s=96&d=mm&r=g","contentUrl":"https:\/\/secure.gravatar.com\/avatar\/41f96607fde7a81a14570eec74177c42?s=96&d=mm&r=g","caption":"Jean-Baptiste FELDMANN"},"url":"https:\/\/blogs.futura-sciences.com\/feldmann\/author\/jbfe\/"}]}},"_links":{"self":[{"href":"https:\/\/blogs.futura-sciences.com\/feldmann\/wp-json\/wp\/v2\/posts\/10864","targetHints":{"allow":["GET"]}}],"collection":[{"href":"https:\/\/blogs.futura-sciences.com\/feldmann\/wp-json\/wp\/v2\/posts"}],"about":[{"href":"https:\/\/blogs.futura-sciences.com\/feldmann\/wp-json\/wp\/v2\/types\/post"}],"author":[{"embeddable":true,"href":"https:\/\/blogs.futura-sciences.com\/feldmann\/wp-json\/wp\/v2\/users\/8"}],"replies":[{"embeddable":true,"href":"https:\/\/blogs.futura-sciences.com\/feldmann\/wp-json\/wp\/v2\/comments?post=10864"}],"version-history":[{"count":3,"href":"https:\/\/blogs.futura-sciences.com\/feldmann\/wp-json\/wp\/v2\/posts\/10864\/revisions"}],"predecessor-version":[{"id":10875,"href":"https:\/\/blogs.futura-sciences.com\/feldmann\/wp-json\/wp\/v2\/posts\/10864\/revisions\/10875"}],"wp:featuredmedia":[{"embeddable":true,"href":"https:\/\/blogs.futura-sciences.com\/feldmann\/wp-json\/wp\/v2\/media\/10865"}],"wp:attachment":[{"href":"https:\/\/blogs.futura-sciences.com\/feldmann\/wp-json\/wp\/v2\/media?parent=10864"}],"wp:term":[{"taxonomy":"category","embeddable":true,"href":"https:\/\/blogs.futura-sciences.com\/feldmann\/wp-json\/wp\/v2\/categories?post=10864"},{"taxonomy":"post_tag","embeddable":true,"href":"https:\/\/blogs.futura-sciences.com\/feldmann\/wp-json\/wp\/v2\/tags?post=10864"}],"curies":[{"name":"wp","href":"https:\/\/api.w.org\/{rel}","templated":true}]}}