{"id":10668,"date":"2019-05-06T02:21:13","date_gmt":"2019-05-06T02:21:13","guid":{"rendered":"https:\/\/blogs.futura-sciences.com\/feldmann\/?p=10668"},"modified":"2019-05-16T17:20:26","modified_gmt":"2019-05-16T17:20:26","slug":"ce-soir-admirez-le-fin-croissant-de-lune-sur-lhorizon","status":"publish","type":"post","link":"https:\/\/blogs.futura-sciences.com\/feldmann\/2019\/05\/06\/ce-soir-admirez-le-fin-croissant-de-lune-sur-lhorizon\/","title":{"rendered":"Ce soir admirez le fin croissant de Lune sur l&#8217;horizon"},"content":{"rendered":"<p><strong>La cinqui\u00e8me lunaison de l&#8217;ann\u00e9e a commenc\u00e9 et vous pourrez retrouver d\u00e8s ce soir un fin croissant de Lune au-dessus de l&#8217;horizon ouest.<\/strong><\/p>\n<h5>Un spectacle enchanteur :<\/h5>\n<p>Comme \u00e0 chaque d\u00e9but de lunaison, c\u2019est un spectacle enchanteur qui attend les observateurs quand la nuit tombe. Entre deux et quatre jours apr\u00e8s la Nouvelle Lune, un fin croissant lunaire\u00a0nous adresse un sourire lumineux, accompagn\u00e9 d\u2019une d\u00e9licate lueur sur le reste du disque lunaire, la\u00a0<a href=\"https:\/\/blogs.futura-sciences.com\/feldmann\/2015\/09\/17\/en-video-un-saisissant-coucher-de-lumiere-cendree\/\" target=\"_blank\" rel=\"noopener noreferrer\">lumi\u00e8re cendr\u00e9e<\/a>\u00a0ou clair de Terre. Imaginez un astronaute plac\u00e9 sur la Lune \u00e0 cette \u00e9poque\u00a0: il verrait dans le ciel la Pleine Terre presque cent fois plus lumineuse que la\u00a0<a href=\"https:\/\/blogs.futura-sciences.com\/feldmann\/2016\/05\/30\/video-pleine-lune-derriere-pic-teide\/\" target=\"_blank\" rel=\"noopener noreferrer\">Pleine Lune<\/a>\u00a0lorsque nous l\u2019admirons depuis notre plan\u00e8te\u00a0!<\/p>\n\n<!-- iframe plugin v.5.1 wordpress.org\/plugins\/iframe\/ -->\n<iframe loading=\"lazy\" src=\"https:\/\/player.vimeo.com\/video\/134736291\" width=\"640\" height=\"480\" frameborder=\"0\" allow=\"autoplay; fullscreen\" 0=\"allowfullscreen&gt;&lt;\/iframe\" scrolling=\"yes\" class=\"iframe-class\"><\/iframe>\n\n<p>On pouvait en th\u00e9orie tenter de rep\u00e9rer le premier croissant de cette nouvelle lunaison (la cinqui\u00e8me de l\u2019ann\u00e9e) \u00e0 partir du 05 mai au soir. Mais ce dernier, 20 heures seulement apr\u00e8s la Nouvelle Lune, \u00e9tait extr\u00eamement t\u00e9nu. Ce soir il sera beaucoup plus facile \u00e0 admirer.<!--more--><\/p>\n<h5>Un croissant tr\u00e8s attendu :<\/h5>\n<p>Dans beaucoup de pays on attendait le retour de la Lune pour d\u00e9marrer le Ramadan, privil\u00e9giant l\u2019observation lunaire comme le pr\u00e9conisait le Proph\u00e8te : \u00ab <em>ne je\u00fbnez que lorsque vous verrez le croissant lunaire et rompez le je\u00fbne lorsque vous le verrez aussi\u00a0\u00bb<\/em>.\u00a0<span id=\"more-7838\"><\/span>Ce Ramadan est celui de l\u2019an 1440 depuis l\u2019h\u00e9gire, date de l\u2019\u00e9migration du proph\u00e8te Mahomet et de ses compagnons de la Mecque \u00e0 M\u00e9dine.<\/p>\n<figure id=\"attachment_9618\" aria-describedby=\"caption-attachment-9618\" style=\"width: 450px\" class=\"wp-caption alignnone\"><a href=\"https:\/\/blogs.futura-sciences.com\/feldmann\/wp-content\/uploads\/sites\/9\/2018\/09\/croissant1.jpg\" rel=\"lightbox[10668]\"><img loading=\"lazy\" decoding=\"async\" class=\"size-medium wp-image-9618\" src=\"https:\/\/blogs.futura-sciences.com\/feldmann\/wp-content\/uploads\/sites\/9\/2018\/09\/croissant1-450x285.jpg\" alt=\"\" width=\"450\" height=\"285\" srcset=\"https:\/\/blogs.futura-sciences.com\/feldmann\/wp-content\/uploads\/sites\/9\/2018\/09\/croissant1-450x285.jpg 450w, https:\/\/blogs.futura-sciences.com\/feldmann\/wp-content\/uploads\/sites\/9\/2018\/09\/croissant1-768x487.jpg 768w, https:\/\/blogs.futura-sciences.com\/feldmann\/wp-content\/uploads\/sites\/9\/2018\/09\/croissant1-1024x649.jpg 1024w, https:\/\/blogs.futura-sciences.com\/feldmann\/wp-content\/uploads\/sites\/9\/2018\/09\/croissant1.jpg 1420w\" sizes=\"auto, (max-width: 450px) 100vw, 450px\" \/><\/a><figcaption id=\"caption-attachment-9618\" class=\"wp-caption-text\">Le jeune croissant de Lune comme vous pourrez l&#8217;admirer dans la soir\u00e9e du 6 mai.<\/figcaption><\/figure>\n<p>Pour les simples curieux du ciel l&#8217;apparition de la jeune Lune signifie que nous allons pouvoir retrouver au fil des soir\u00e9es \u00e0 venir les principaux <a href=\"https:\/\/blogs.futura-sciences.com\/feldmann\/2018\/12\/15\/paysages-lunaires-a-explorer-11-copernic-le-magnifique\/\" target=\"_blank\" rel=\"noopener noreferrer\">paysages lunaires<\/a> \u00e0 admirer dans une paire de jumelles ou \u00e0 l&#8217;aide d&#8217;une <a href=\"https:\/\/blogs.futura-sciences.com\/feldmann\/2017\/12\/10\/longue-vue-bon-choix-debuter-astronomie\/\" target=\"_blank\" rel=\"noopener noreferrer\">longue-vue<\/a>. Si vous disposez de l&#8217;un ou l&#8217;autre de ces instruments, c&#8217;est le moment de les diriger en direction de la Lune. Dites-vous que la lunette de <a href=\"https:\/\/blogs.futura-sciences.com\/feldmann\/2016\/01\/06\/galilee-le-savant-qui-a-ouvert-nos-yeux-sur-lunivers\/\" target=\"_blank\" rel=\"noopener noreferrer\">Galil\u00e9e<\/a> \u00e9tait de bien m\u00e9diocre qualit\u00e9, ce qui ne l&#8217;a pas emp\u00each\u00e9 de d\u00e9couvrir crat\u00e8res et montagnes lunaires !<\/p>\n<h5>Prochains rendez-vous :<\/h5>\n<p>Le mardi 7 mai en soir\u00e9e la plan\u00e8te\u00a0<a href=\"https:\/\/blogs.futura-sciences.com\/feldmann\/2018\/10\/21\/mars-la-planete-quon-peut-parfois-toucher-du-doigt\/\" target=\"_blank\" rel=\"noopener noreferrer\">Mars<\/a> sera \u00e0 moins de 4 degr\u00e9s apparents du jeune croissant de Lune en d\u00e9but de nuit. Le 12 ce sera le <a href=\"https:\/\/blogs.futura-sciences.com\/feldmann\/2018\/03\/25\/voit-on-lors-dun-premier-quartier-de-lune\/\" target=\"_blank\" rel=\"noopener noreferrer\">Premier Quartier de Lune<\/a> et le 18 la Pleine Lune bleue. C&#8217;est le nom donn\u00e9 \u00e0 la troisi\u00e8me Pleine Lune d\u2019une saison qui en compte 4 (21 mars, 19 avril, 18 mai et 17 juin pour ce printemps). N&#8217;oubliez pas d&#8217;utiliser la <a href=\"https:\/\/www.stelvision.com\/carte-ciel\/\" target=\"_blank\" rel=\"noopener noreferrer\">carte du ciel de Stelvision<\/a> pour reconna\u00eetre les \u00e9toiles et plan\u00e8tes que vous remarquerez \u00e0 proximit\u00e9 de la Lune.<\/p>\n<!-- AddThis Advanced Settings generic via filter on the_content --><!-- AddThis Share Buttons generic via filter on the_content -->","protected":false},"excerpt":{"rendered":"<p>La cinqui\u00e8me lunaison de l&#8217;ann\u00e9e a commenc\u00e9 et vous pourrez retrouver d\u00e8s ce soir un fin croissant de Lune au-dessus de l&#8217;horizon ouest. Un spectacle enchanteur : Comme \u00e0 chaque d\u00e9but de lunaison, c\u2019est un spectacle enchanteur qui attend les observateurs quand la nuit tombe. Entre deux et quatre jours apr\u00e8s la Nouvelle Lune, un &hellip; <a href=\"https:\/\/blogs.futura-sciences.com\/feldmann\/2019\/05\/06\/ce-soir-admirez-le-fin-croissant-de-lune-sur-lhorizon\/\" class=\"more-link\">Continuer la lecture de <span class=\"screen-reader-text\">Ce soir admirez le fin croissant de Lune sur l&#8217;horizon<\/span>  <span class=\"meta-nav\">&rarr;<\/span><\/a><!-- AddThis Advanced Settings generic via filter on get_the_excerpt --><!-- AddThis Share Buttons generic via filter on get_the_excerpt --><\/p>\n","protected":false},"author":8,"featured_media":9618,"comment_status":"open","ping_status":"open","sticky":false,"template":"","format":"standard","meta":{"footnotes":"","_links_to":"","_links_to_target":""},"categories":[83],"tags":[131,2632,224],"class_list":["post-10668","post","type-post","status-publish","format-standard","has-post-thumbnail","hentry","category-la-lune","tag-croissant-de-lune","tag-on-the-moon","tag-ramadan"],"yoast_head":"<!-- This site is optimized with the Yoast SEO plugin v24.1 - https:\/\/yoast.com\/wordpress\/plugins\/seo\/ -->\n<title>Ce soir admirez le fin croissant de Lune sur l&#039;horizon<\/title>\n<meta name=\"description\" content=\"La cinqui\u00e8me lunaison de l&#039;ann\u00e9e a commenc\u00e9 et vous pourrez retrouver d\u00e8s ce soir un fin croissant de Lune au-dessus de l&#039;horizon ouest.\" \/>\n<meta name=\"robots\" content=\"index, follow, max-snippet:-1, max-image-preview:large, max-video-preview:-1\" \/>\n<link rel=\"canonical\" href=\"https:\/\/blogs.futura-sciences.com\/feldmann\/2019\/05\/06\/ce-soir-admirez-le-fin-croissant-de-lune-sur-lhorizon\/\" \/>\n<meta property=\"og:locale\" content=\"fr_FR\" \/>\n<meta property=\"og:type\" content=\"article\" \/>\n<meta property=\"og:title\" content=\"Ce soir admirez le fin croissant de Lune sur l&#039;horizon\" \/>\n<meta property=\"og:description\" content=\"La cinqui\u00e8me lunaison de l&#039;ann\u00e9e a commenc\u00e9 et vous pourrez retrouver d\u00e8s ce soir un fin croissant de Lune au-dessus de l&#039;horizon ouest.\" \/>\n<meta property=\"og:url\" content=\"https:\/\/blogs.futura-sciences.com\/feldmann\/2019\/05\/06\/ce-soir-admirez-le-fin-croissant-de-lune-sur-lhorizon\/\" \/>\n<meta property=\"og:site_name\" content=\"CIELMANIA : le blog de Jean-Baptiste FELDMANN, photographe du ciel\" \/>\n<meta property=\"article:published_time\" content=\"2019-05-06T02:21:13+00:00\" \/>\n<meta property=\"article:modified_time\" content=\"2019-05-16T17:20:26+00:00\" \/>\n<meta property=\"og:image\" content=\"https:\/\/blogs.futura-sciences.com\/feldmann\/wp-content\/uploads\/sites\/9\/2018\/09\/croissant1.jpg\" \/>\n\t<meta property=\"og:image:width\" content=\"1420\" \/>\n\t<meta property=\"og:image:height\" content=\"900\" \/>\n\t<meta property=\"og:image:type\" content=\"image\/jpeg\" \/>\n<meta name=\"author\" content=\"Jean-Baptiste FELDMANN\" \/>\n<meta name=\"twitter:card\" content=\"summary_large_image\" \/>\n<meta name=\"twitter:label1\" content=\"\u00c9crit par\" \/>\n\t<meta name=\"twitter:data1\" content=\"Jean-Baptiste FELDMANN\" \/>\n\t<meta name=\"twitter:label2\" content=\"Dur\u00e9e de lecture estim\u00e9e\" \/>\n\t<meta name=\"twitter:data2\" content=\"2 minutes\" \/>\n<script type=\"application\/ld+json\" class=\"yoast-schema-graph\">{\"@context\":\"https:\/\/schema.org\",\"@graph\":[{\"@type\":\"WebPage\",\"@id\":\"https:\/\/blogs.futura-sciences.com\/feldmann\/2019\/05\/06\/ce-soir-admirez-le-fin-croissant-de-lune-sur-lhorizon\/\",\"url\":\"https:\/\/blogs.futura-sciences.com\/feldmann\/2019\/05\/06\/ce-soir-admirez-le-fin-croissant-de-lune-sur-lhorizon\/\",\"name\":\"Ce soir admirez le fin croissant de Lune sur l'horizon\",\"isPartOf\":{\"@id\":\"https:\/\/blogs.futura-sciences.com\/feldmann\/#website\"},\"primaryImageOfPage\":{\"@id\":\"https:\/\/blogs.futura-sciences.com\/feldmann\/2019\/05\/06\/ce-soir-admirez-le-fin-croissant-de-lune-sur-lhorizon\/#primaryimage\"},\"image\":{\"@id\":\"https:\/\/blogs.futura-sciences.com\/feldmann\/2019\/05\/06\/ce-soir-admirez-le-fin-croissant-de-lune-sur-lhorizon\/#primaryimage\"},\"thumbnailUrl\":\"https:\/\/blogs.futura-sciences.com\/feldmann\/wp-content\/uploads\/sites\/9\/2018\/09\/croissant1.jpg\",\"datePublished\":\"2019-05-06T02:21:13+00:00\",\"dateModified\":\"2019-05-16T17:20:26+00:00\",\"author\":{\"@id\":\"https:\/\/blogs.futura-sciences.com\/feldmann\/#\/schema\/person\/62b391b709c307783237b759b62731ea\"},\"description\":\"La cinqui\u00e8me lunaison de l'ann\u00e9e a commenc\u00e9 et vous pourrez retrouver d\u00e8s ce soir un fin croissant de Lune au-dessus de l'horizon ouest.\",\"inLanguage\":\"fr-FR\",\"potentialAction\":[{\"@type\":\"ReadAction\",\"target\":[\"https:\/\/blogs.futura-sciences.com\/feldmann\/2019\/05\/06\/ce-soir-admirez-le-fin-croissant-de-lune-sur-lhorizon\/\"]}]},{\"@type\":\"ImageObject\",\"inLanguage\":\"fr-FR\",\"@id\":\"https:\/\/blogs.futura-sciences.com\/feldmann\/2019\/05\/06\/ce-soir-admirez-le-fin-croissant-de-lune-sur-lhorizon\/#primaryimage\",\"url\":\"https:\/\/blogs.futura-sciences.com\/feldmann\/wp-content\/uploads\/sites\/9\/2018\/09\/croissant1.jpg\",\"contentUrl\":\"https:\/\/blogs.futura-sciences.com\/feldmann\/wp-content\/uploads\/sites\/9\/2018\/09\/croissant1.jpg\",\"width\":1420,\"height\":900,\"caption\":\"Jeune croissant de Lune\"},{\"@type\":\"WebSite\",\"@id\":\"https:\/\/blogs.futura-sciences.com\/feldmann\/#website\",\"url\":\"https:\/\/blogs.futura-sciences.com\/feldmann\/\",\"name\":\"CIELMANIA : le blog de Jean-Baptiste FELDMANN, photographe du ciel\",\"description\":\"&quot;J&#039;ai en moi un besoin terrible. Dirais-je le mot? La religion. Alors, je sors la nuit et je peins des \u00e9toiles.&quot;  Vincent van Gogh\",\"potentialAction\":[{\"@type\":\"SearchAction\",\"target\":{\"@type\":\"EntryPoint\",\"urlTemplate\":\"https:\/\/blogs.futura-sciences.com\/feldmann\/?s={search_term_string}\"},\"query-input\":{\"@type\":\"PropertyValueSpecification\",\"valueRequired\":true,\"valueName\":\"search_term_string\"}}],\"inLanguage\":\"fr-FR\"},{\"@type\":\"Person\",\"@id\":\"https:\/\/blogs.futura-sciences.com\/feldmann\/#\/schema\/person\/62b391b709c307783237b759b62731ea\",\"name\":\"Jean-Baptiste FELDMANN\",\"image\":{\"@type\":\"ImageObject\",\"inLanguage\":\"fr-FR\",\"@id\":\"https:\/\/blogs.futura-sciences.com\/feldmann\/#\/schema\/person\/image\/\",\"url\":\"https:\/\/secure.gravatar.com\/avatar\/41f96607fde7a81a14570eec74177c42?s=96&d=mm&r=g\",\"contentUrl\":\"https:\/\/secure.gravatar.com\/avatar\/41f96607fde7a81a14570eec74177c42?s=96&d=mm&r=g\",\"caption\":\"Jean-Baptiste FELDMANN\"},\"url\":\"https:\/\/blogs.futura-sciences.com\/feldmann\/author\/jbfe\/\"}]}<\/script>\n<!-- \/ Yoast SEO plugin. -->","yoast_head_json":{"title":"Ce soir admirez le fin croissant de Lune sur l'horizon","description":"La cinqui\u00e8me lunaison de l'ann\u00e9e a commenc\u00e9 et vous pourrez retrouver d\u00e8s ce soir un fin croissant de Lune au-dessus de l'horizon ouest.","robots":{"index":"index","follow":"follow","max-snippet":"max-snippet:-1","max-image-preview":"max-image-preview:large","max-video-preview":"max-video-preview:-1"},"canonical":"https:\/\/blogs.futura-sciences.com\/feldmann\/2019\/05\/06\/ce-soir-admirez-le-fin-croissant-de-lune-sur-lhorizon\/","og_locale":"fr_FR","og_type":"article","og_title":"Ce soir admirez le fin croissant de Lune sur l'horizon","og_description":"La cinqui\u00e8me lunaison de l'ann\u00e9e a commenc\u00e9 et vous pourrez retrouver d\u00e8s ce soir un fin croissant de Lune au-dessus de l'horizon ouest.","og_url":"https:\/\/blogs.futura-sciences.com\/feldmann\/2019\/05\/06\/ce-soir-admirez-le-fin-croissant-de-lune-sur-lhorizon\/","og_site_name":"CIELMANIA : le blog de Jean-Baptiste FELDMANN, photographe du ciel","article_published_time":"2019-05-06T02:21:13+00:00","article_modified_time":"2019-05-16T17:20:26+00:00","og_image":[{"width":1420,"height":900,"url":"https:\/\/blogs.futura-sciences.com\/feldmann\/wp-content\/uploads\/sites\/9\/2018\/09\/croissant1.jpg","type":"image\/jpeg"}],"author":"Jean-Baptiste FELDMANN","twitter_card":"summary_large_image","twitter_misc":{"\u00c9crit par":"Jean-Baptiste FELDMANN","Dur\u00e9e de lecture estim\u00e9e":"2 minutes"},"schema":{"@context":"https:\/\/schema.org","@graph":[{"@type":"WebPage","@id":"https:\/\/blogs.futura-sciences.com\/feldmann\/2019\/05\/06\/ce-soir-admirez-le-fin-croissant-de-lune-sur-lhorizon\/","url":"https:\/\/blogs.futura-sciences.com\/feldmann\/2019\/05\/06\/ce-soir-admirez-le-fin-croissant-de-lune-sur-lhorizon\/","name":"Ce soir admirez le fin croissant de Lune sur l'horizon","isPartOf":{"@id":"https:\/\/blogs.futura-sciences.com\/feldmann\/#website"},"primaryImageOfPage":{"@id":"https:\/\/blogs.futura-sciences.com\/feldmann\/2019\/05\/06\/ce-soir-admirez-le-fin-croissant-de-lune-sur-lhorizon\/#primaryimage"},"image":{"@id":"https:\/\/blogs.futura-sciences.com\/feldmann\/2019\/05\/06\/ce-soir-admirez-le-fin-croissant-de-lune-sur-lhorizon\/#primaryimage"},"thumbnailUrl":"https:\/\/blogs.futura-sciences.com\/feldmann\/wp-content\/uploads\/sites\/9\/2018\/09\/croissant1.jpg","datePublished":"2019-05-06T02:21:13+00:00","dateModified":"2019-05-16T17:20:26+00:00","author":{"@id":"https:\/\/blogs.futura-sciences.com\/feldmann\/#\/schema\/person\/62b391b709c307783237b759b62731ea"},"description":"La cinqui\u00e8me lunaison de l'ann\u00e9e a commenc\u00e9 et vous pourrez retrouver d\u00e8s ce soir un fin croissant de Lune au-dessus de l'horizon ouest.","inLanguage":"fr-FR","potentialAction":[{"@type":"ReadAction","target":["https:\/\/blogs.futura-sciences.com\/feldmann\/2019\/05\/06\/ce-soir-admirez-le-fin-croissant-de-lune-sur-lhorizon\/"]}]},{"@type":"ImageObject","inLanguage":"fr-FR","@id":"https:\/\/blogs.futura-sciences.com\/feldmann\/2019\/05\/06\/ce-soir-admirez-le-fin-croissant-de-lune-sur-lhorizon\/#primaryimage","url":"https:\/\/blogs.futura-sciences.com\/feldmann\/wp-content\/uploads\/sites\/9\/2018\/09\/croissant1.jpg","contentUrl":"https:\/\/blogs.futura-sciences.com\/feldmann\/wp-content\/uploads\/sites\/9\/2018\/09\/croissant1.jpg","width":1420,"height":900,"caption":"Jeune croissant de Lune"},{"@type":"WebSite","@id":"https:\/\/blogs.futura-sciences.com\/feldmann\/#website","url":"https:\/\/blogs.futura-sciences.com\/feldmann\/","name":"CIELMANIA : le blog de Jean-Baptiste FELDMANN, photographe du ciel","description":"&quot;J&#039;ai en moi un besoin terrible. Dirais-je le mot? La religion. Alors, je sors la nuit et je peins des \u00e9toiles.&quot;  Vincent van Gogh","potentialAction":[{"@type":"SearchAction","target":{"@type":"EntryPoint","urlTemplate":"https:\/\/blogs.futura-sciences.com\/feldmann\/?s={search_term_string}"},"query-input":{"@type":"PropertyValueSpecification","valueRequired":true,"valueName":"search_term_string"}}],"inLanguage":"fr-FR"},{"@type":"Person","@id":"https:\/\/blogs.futura-sciences.com\/feldmann\/#\/schema\/person\/62b391b709c307783237b759b62731ea","name":"Jean-Baptiste FELDMANN","image":{"@type":"ImageObject","inLanguage":"fr-FR","@id":"https:\/\/blogs.futura-sciences.com\/feldmann\/#\/schema\/person\/image\/","url":"https:\/\/secure.gravatar.com\/avatar\/41f96607fde7a81a14570eec74177c42?s=96&d=mm&r=g","contentUrl":"https:\/\/secure.gravatar.com\/avatar\/41f96607fde7a81a14570eec74177c42?s=96&d=mm&r=g","caption":"Jean-Baptiste FELDMANN"},"url":"https:\/\/blogs.futura-sciences.com\/feldmann\/author\/jbfe\/"}]}},"_links":{"self":[{"href":"https:\/\/blogs.futura-sciences.com\/feldmann\/wp-json\/wp\/v2\/posts\/10668","targetHints":{"allow":["GET"]}}],"collection":[{"href":"https:\/\/blogs.futura-sciences.com\/feldmann\/wp-json\/wp\/v2\/posts"}],"about":[{"href":"https:\/\/blogs.futura-sciences.com\/feldmann\/wp-json\/wp\/v2\/types\/post"}],"author":[{"embeddable":true,"href":"https:\/\/blogs.futura-sciences.com\/feldmann\/wp-json\/wp\/v2\/users\/8"}],"replies":[{"embeddable":true,"href":"https:\/\/blogs.futura-sciences.com\/feldmann\/wp-json\/wp\/v2\/comments?post=10668"}],"version-history":[{"count":3,"href":"https:\/\/blogs.futura-sciences.com\/feldmann\/wp-json\/wp\/v2\/posts\/10668\/revisions"}],"predecessor-version":[{"id":10671,"href":"https:\/\/blogs.futura-sciences.com\/feldmann\/wp-json\/wp\/v2\/posts\/10668\/revisions\/10671"}],"wp:featuredmedia":[{"embeddable":true,"href":"https:\/\/blogs.futura-sciences.com\/feldmann\/wp-json\/wp\/v2\/media\/9618"}],"wp:attachment":[{"href":"https:\/\/blogs.futura-sciences.com\/feldmann\/wp-json\/wp\/v2\/media?parent=10668"}],"wp:term":[{"taxonomy":"category","embeddable":true,"href":"https:\/\/blogs.futura-sciences.com\/feldmann\/wp-json\/wp\/v2\/categories?post=10668"},{"taxonomy":"post_tag","embeddable":true,"href":"https:\/\/blogs.futura-sciences.com\/feldmann\/wp-json\/wp\/v2\/tags?post=10668"}],"curies":[{"name":"wp","href":"https:\/\/api.w.org\/{rel}","templated":true}]}}