{"id":10378,"date":"2019-03-10T08:48:03","date_gmt":"2019-03-10T08:48:03","guid":{"rendered":"https:\/\/blogs.futura-sciences.com\/feldmann\/?p=10378"},"modified":"2019-03-18T19:32:44","modified_gmt":"2019-03-18T19:32:44","slug":"joa-vingtieme-edition-de-loccasion-astronomique","status":"publish","type":"post","link":"https:\/\/blogs.futura-sciences.com\/feldmann\/2019\/03\/10\/joa-vingtieme-edition-de-loccasion-astronomique\/","title":{"rendered":"JOA : vingti\u00e8me \u00e9dition de l&#8217;occasion astronomique"},"content":{"rendered":"<p><strong>Le 9 mars Communay accueillait la 20\u00e8me \u00e9dition de\u00a0la Journ\u00e9e de l\u2019Occasion en Astronomie (JOA), un grand march\u00e9 de l\u2019occasion, mais pas seulement.<\/strong><\/p>\n<p>Ils \u00e9taient nombreux \u00e0 se presser samedi 9 mars dans la Salle des Sports des Brosses \u00e0 Communay (au sud de <a href=\"https:\/\/blogs.futura-sciences.com\/feldmann\/2017\/03\/13\/la-pleine-lune-du-corbeau-se-leve-sur-lyon\/\" target=\"_blank\" rel=\"noopener\">Lyon<\/a>) pour participer \u00e0 \u00e0 la vingti\u00e8me \u00e9dition du grand march\u00e9 de l\u2019occasion en astronomie, la d\u00e9sormais c\u00e9l\u00e8bre JOA.<\/p>\n<p><a href=\"https:\/\/blogs.futura-sciences.com\/feldmann\/wp-content\/uploads\/sites\/9\/2019\/03\/joa6.jpg\" rel=\"lightbox[10378]\"><img loading=\"lazy\" decoding=\"async\" class=\"alignnone size-medium wp-image-10382\" src=\"https:\/\/blogs.futura-sciences.com\/feldmann\/wp-content\/uploads\/sites\/9\/2019\/03\/joa6-450x278.jpg\" alt=\"\" width=\"450\" height=\"278\" srcset=\"https:\/\/blogs.futura-sciences.com\/feldmann\/wp-content\/uploads\/sites\/9\/2019\/03\/joa6-450x278.jpg 450w, https:\/\/blogs.futura-sciences.com\/feldmann\/wp-content\/uploads\/sites\/9\/2019\/03\/joa6-768x475.jpg 768w, https:\/\/blogs.futura-sciences.com\/feldmann\/wp-content\/uploads\/sites\/9\/2019\/03\/joa6-1024x633.jpg 1024w, https:\/\/blogs.futura-sciences.com\/feldmann\/wp-content\/uploads\/sites\/9\/2019\/03\/joa6.jpg 1450w\" sizes=\"auto, (max-width: 450px) 100vw, 450px\" \/><\/a><\/p>\n<p>Astronomes amateurs de la r\u00e9gion (et de plus loin encore) seuls ou venus avec des membres de leur club (\u00e0 l\u2019image de la\u00a0<a href=\"https:\/\/blogs.futura-sciences.com\/feldmann\/2017\/07\/29\/nuits-etoiles-grande-foule-a-dijon\/\" target=\"_blank\" rel=\"noopener\">Soci\u00e9t\u00e9 Astronomique de Bourgogne<\/a>) ou simples curieux du ciel, tous \u00e9taient l\u00e0 pour vendre ou acheter du mat\u00e9riel et des accessoires : paires de jumelles, lunettes astronomiques, t\u00e9lescopes, pi\u00e8ces optiques mais \u00e9galement appareils photographiques, livres et revues recouvraient les nombreuses tables mises \u00e0 disposition par\u00a0<a href=\"http:\/\/joa.space\/\" target=\"_blank\" rel=\"noopener\">les organisateurs<\/a>.<\/p>\n<p><a href=\"https:\/\/blogs.futura-sciences.com\/feldmann\/wp-content\/uploads\/sites\/9\/2019\/03\/joa5.jpg\" rel=\"lightbox[10378]\"><img loading=\"lazy\" decoding=\"async\" class=\"alignnone size-medium wp-image-10381\" src=\"https:\/\/blogs.futura-sciences.com\/feldmann\/wp-content\/uploads\/sites\/9\/2019\/03\/joa5-450x279.jpg\" alt=\"\" width=\"450\" height=\"279\" srcset=\"https:\/\/blogs.futura-sciences.com\/feldmann\/wp-content\/uploads\/sites\/9\/2019\/03\/joa5-450x279.jpg 450w, https:\/\/blogs.futura-sciences.com\/feldmann\/wp-content\/uploads\/sites\/9\/2019\/03\/joa5-768x477.jpg 768w, https:\/\/blogs.futura-sciences.com\/feldmann\/wp-content\/uploads\/sites\/9\/2019\/03\/joa5-1024x636.jpg 1024w, https:\/\/blogs.futura-sciences.com\/feldmann\/wp-content\/uploads\/sites\/9\/2019\/03\/joa5.jpg 1450w\" sizes=\"auto, (max-width: 450px) 100vw, 450px\" \/><\/a><\/p>\n<p><!--more--><\/p>\n<p>Cette sympathique manifestation \u00e9tait \u00e9galement l\u2019occasion de d\u00e9couvrir le mat\u00e9riel d\u00e9stock\u00e9 propos\u00e9 par le magasin <a href=\"https:\/\/www.telescopes-et-accessoires.fr\/fr\/\" target=\"_blank\" rel=\"noopener\">Optique Unterlinden<\/a>\u00a0(dont le stand conna\u00eet toujours une forte affluence) ou de faire provision de livres et de revues du c\u00f4t\u00e9 d&#8217;<a href=\"http:\/\/www.astrosurf.com\/magazine\/\" target=\"_blank\" rel=\"noopener\">Astrosurf-Magazine<\/a>, le bimestriel d\u00e9di\u00e9 \u00e0 la pratique de l&#8217;astronomie (image ci-dessous).<\/p>\n<p><a href=\"https:\/\/blogs.futura-sciences.com\/feldmann\/wp-content\/uploads\/sites\/9\/2019\/03\/joa8.jpg\" rel=\"lightbox[10378]\"><img loading=\"lazy\" decoding=\"async\" class=\"alignnone size-medium wp-image-10384\" src=\"https:\/\/blogs.futura-sciences.com\/feldmann\/wp-content\/uploads\/sites\/9\/2019\/03\/joa8-450x279.jpg\" alt=\"\" width=\"450\" height=\"279\" srcset=\"https:\/\/blogs.futura-sciences.com\/feldmann\/wp-content\/uploads\/sites\/9\/2019\/03\/joa8-450x279.jpg 450w, https:\/\/blogs.futura-sciences.com\/feldmann\/wp-content\/uploads\/sites\/9\/2019\/03\/joa8-768x476.jpg 768w, https:\/\/blogs.futura-sciences.com\/feldmann\/wp-content\/uploads\/sites\/9\/2019\/03\/joa8-1024x635.jpg 1024w, https:\/\/blogs.futura-sciences.com\/feldmann\/wp-content\/uploads\/sites\/9\/2019\/03\/joa8.jpg 1450w\" sizes=\"auto, (max-width: 450px) 100vw, 450px\" \/><\/a><\/p>\n<p>Outre les revendeurs de mat\u00e9riel d&#8217;occasion on pouvait croiser des passionn\u00e9s venus pr\u00e9senter leurs r\u00e9alisations comme par exemple Sophie POUGET (<a href=\"https:\/\/www.houzz.fr\/pro\/atelierbulle\/atelier-bulle\" target=\"_blank\" rel=\"noopener\">atelier Bulle<\/a>) et ses reproductions d\u2019images astronomiques sur textile\u00a0:<\/p>\n<p><a href=\"https:\/\/blogs.futura-sciences.com\/feldmann\/wp-content\/uploads\/sites\/9\/2019\/03\/joa7.jpg\" rel=\"lightbox[10378]\"><img loading=\"lazy\" decoding=\"async\" class=\"alignnone size-medium wp-image-10383\" src=\"https:\/\/blogs.futura-sciences.com\/feldmann\/wp-content\/uploads\/sites\/9\/2019\/03\/joa7-450x279.jpg\" alt=\"\" width=\"450\" height=\"279\" srcset=\"https:\/\/blogs.futura-sciences.com\/feldmann\/wp-content\/uploads\/sites\/9\/2019\/03\/joa7-450x279.jpg 450w, https:\/\/blogs.futura-sciences.com\/feldmann\/wp-content\/uploads\/sites\/9\/2019\/03\/joa7-768x476.jpg 768w, https:\/\/blogs.futura-sciences.com\/feldmann\/wp-content\/uploads\/sites\/9\/2019\/03\/joa7-1024x635.jpg 1024w, https:\/\/blogs.futura-sciences.com\/feldmann\/wp-content\/uploads\/sites\/9\/2019\/03\/joa7.jpg 1450w\" sizes=\"auto, (max-width: 450px) 100vw, 450px\" \/><\/a><\/p>\n<p>La\u00a0 cr\u00e9atrice VERENA\u00a0 proposait de jolis bijoux dont le plus petit t\u00e9lescope du monde r\u00e9alis\u00e9 en cristal de Swarovski, Raymond Sadin repr\u00e9sentait le <a href=\"http:\/\/www.planetarium-itinerant.org\/\" target=\"_blank\" rel=\"noopener\">plan\u00e9tarium itin\u00e9rant L\u00e9o Lagrange<\/a>, quant \u00e0 Pierre Bonhomme (<a href=\"https:\/\/nuits-magiques.fr\/\" target=\"_blank\" rel=\"noopener\">Club d\u2019Astronomie Nuits Magiques<\/a>) il \u00e9tait venu avec ses \u00e9tonnantes maquettes anim\u00e9es, lui qui avait d\u00e9j\u00e0 pr\u00e9sent\u00e9 l&#8217;an pass\u00e9\u00a0une reconstitution libre de la\u00a0<a href=\"https:\/\/blogs.futura-sciences.com\/feldmann\/2014\/12\/03\/machine-danticythere-aurait-plus-de-2200-ans\/\" target=\"_blank\" rel=\"noopener\">machine d\u2019Anticyth\u00e8re<\/a>\u00a0ayant n\u00e9cessit\u00e9 5 ans et 5.000 h de travail \u00e0 son concepteur. Les sp\u00e9cialistes ont pu \u00e9galement profiter de cette vingti\u00e8me \u00e9dition pour d\u00e9couvrir le logiciel de traitement d&#8217;images <a href=\"https:\/\/www.siril.org\/fr\/\" target=\"_blank\" rel=\"noopener\">Siril<\/a> pr\u00e9sent\u00e9 par l&#8217;un de ses d\u00e9veloppeurs, Cyril Richard :<\/p>\n<p><a href=\"https:\/\/blogs.futura-sciences.com\/feldmann\/wp-content\/uploads\/sites\/9\/2019\/03\/joa4.jpg\" rel=\"lightbox[10378]\"><img loading=\"lazy\" decoding=\"async\" class=\"alignnone size-medium wp-image-10380\" src=\"https:\/\/blogs.futura-sciences.com\/feldmann\/wp-content\/uploads\/sites\/9\/2019\/03\/joa4-450x279.jpg\" alt=\"\" width=\"450\" height=\"279\" srcset=\"https:\/\/blogs.futura-sciences.com\/feldmann\/wp-content\/uploads\/sites\/9\/2019\/03\/joa4-450x279.jpg 450w, https:\/\/blogs.futura-sciences.com\/feldmann\/wp-content\/uploads\/sites\/9\/2019\/03\/joa4-768x477.jpg 768w, https:\/\/blogs.futura-sciences.com\/feldmann\/wp-content\/uploads\/sites\/9\/2019\/03\/joa4-1024x636.jpg 1024w, https:\/\/blogs.futura-sciences.com\/feldmann\/wp-content\/uploads\/sites\/9\/2019\/03\/joa4.jpg 1450w\" sizes=\"auto, (max-width: 450px) 100vw, 450px\" \/><\/a><\/p>\n<p>Notez enfin que les amateurs de la r\u00e9gion lyonnaise ont un autre rendez-vous astronomique le weekend prochain avec la <a href=\"https:\/\/cala.asso.fr\/nuit-de-lequinoxe-2019\/\" target=\"_blank\" rel=\"noopener\">Nuit de l&#8217;\u00c9quinoxe<\/a>.<\/p>\n<!-- AddThis Advanced Settings generic via filter on the_content --><!-- AddThis Share Buttons generic via filter on the_content -->","protected":false},"excerpt":{"rendered":"<p>Le 9 mars Communay accueillait la 20\u00e8me \u00e9dition de\u00a0la Journ\u00e9e de l\u2019Occasion en Astronomie (JOA), un grand march\u00e9 de l\u2019occasion, mais pas seulement. Ils \u00e9taient nombreux \u00e0 se presser samedi 9 mars dans la Salle des Sports des Brosses \u00e0 Communay (au sud de Lyon) pour participer \u00e0 \u00e0 la vingti\u00e8me \u00e9dition du grand march\u00e9 &hellip; <a href=\"https:\/\/blogs.futura-sciences.com\/feldmann\/2019\/03\/10\/joa-vingtieme-edition-de-loccasion-astronomique\/\" class=\"more-link\">Continuer la lecture de <span class=\"screen-reader-text\">JOA : vingti\u00e8me \u00e9dition de l&#8217;occasion astronomique<\/span>  <span class=\"meta-nav\">&rarr;<\/span><\/a><!-- AddThis Advanced Settings generic via filter on get_the_excerpt --><!-- AddThis Share Buttons generic via filter on get_the_excerpt --><\/p>\n","protected":false},"author":8,"featured_media":10379,"comment_status":"open","ping_status":"open","sticky":false,"template":"","format":"standard","meta":{"footnotes":"","_links_to":"","_links_to_target":""},"categories":[87],"tags":[2474,2645,2469,2477,2644,2479],"class_list":["post-10378","post","type-post","status-publish","format-standard","has-post-thumbnail","hentry","category-les-hommes-et-le-ciel","tag-atelier-bulle","tag-cyril-richard","tag-joa","tag-pierre-bonhomme","tag-siril","tag-verena"],"yoast_head":"<!-- This site is optimized with the Yoast SEO plugin v24.1 - https:\/\/yoast.com\/wordpress\/plugins\/seo\/ -->\n<title>JOA : vingti\u00e8me \u00e9dition de l&#039;occasion astronomique<\/title>\n<meta name=\"description\" content=\"Le 9 mars Communay accueillait la 20\u00e8me \u00e9dition de\u00a0la Journ\u00e9e de l\u2019Occasion en Astronomie (JOA), un grand march\u00e9 de l\u2019occasion, mais pas seulement.\" \/>\n<meta name=\"robots\" content=\"index, follow, max-snippet:-1, max-image-preview:large, max-video-preview:-1\" \/>\n<link rel=\"canonical\" href=\"https:\/\/blogs.futura-sciences.com\/feldmann\/2019\/03\/10\/joa-vingtieme-edition-de-loccasion-astronomique\/\" \/>\n<meta property=\"og:locale\" content=\"fr_FR\" \/>\n<meta property=\"og:type\" content=\"article\" \/>\n<meta property=\"og:title\" content=\"JOA : vingti\u00e8me \u00e9dition de l&#039;occasion astronomique\" \/>\n<meta property=\"og:description\" content=\"Le 9 mars Communay accueillait la 20\u00e8me \u00e9dition de\u00a0la Journ\u00e9e de l\u2019Occasion en Astronomie (JOA), un grand march\u00e9 de l\u2019occasion, mais pas seulement.\" \/>\n<meta property=\"og:url\" content=\"https:\/\/blogs.futura-sciences.com\/feldmann\/2019\/03\/10\/joa-vingtieme-edition-de-loccasion-astronomique\/\" \/>\n<meta property=\"og:site_name\" content=\"CIELMANIA : le blog de Jean-Baptiste FELDMANN, photographe du ciel\" \/>\n<meta property=\"article:published_time\" content=\"2019-03-10T08:48:03+00:00\" \/>\n<meta property=\"article:modified_time\" content=\"2019-03-18T19:32:44+00:00\" \/>\n<meta property=\"og:image\" content=\"https:\/\/blogs.futura-sciences.com\/feldmann\/wp-content\/uploads\/sites\/9\/2019\/03\/joa3.jpg\" \/>\n\t<meta property=\"og:image:width\" content=\"1500\" \/>\n\t<meta property=\"og:image:height\" content=\"900\" \/>\n\t<meta property=\"og:image:type\" content=\"image\/jpeg\" \/>\n<meta name=\"author\" content=\"Jean-Baptiste FELDMANN\" \/>\n<meta name=\"twitter:card\" content=\"summary_large_image\" \/>\n<meta name=\"twitter:label1\" content=\"\u00c9crit par\" \/>\n\t<meta name=\"twitter:data1\" content=\"Jean-Baptiste FELDMANN\" \/>\n\t<meta name=\"twitter:label2\" content=\"Dur\u00e9e de lecture estim\u00e9e\" \/>\n\t<meta name=\"twitter:data2\" content=\"2 minutes\" \/>\n<script type=\"application\/ld+json\" class=\"yoast-schema-graph\">{\"@context\":\"https:\/\/schema.org\",\"@graph\":[{\"@type\":\"WebPage\",\"@id\":\"https:\/\/blogs.futura-sciences.com\/feldmann\/2019\/03\/10\/joa-vingtieme-edition-de-loccasion-astronomique\/\",\"url\":\"https:\/\/blogs.futura-sciences.com\/feldmann\/2019\/03\/10\/joa-vingtieme-edition-de-loccasion-astronomique\/\",\"name\":\"JOA : vingti\u00e8me \u00e9dition de l'occasion astronomique\",\"isPartOf\":{\"@id\":\"https:\/\/blogs.futura-sciences.com\/feldmann\/#website\"},\"primaryImageOfPage\":{\"@id\":\"https:\/\/blogs.futura-sciences.com\/feldmann\/2019\/03\/10\/joa-vingtieme-edition-de-loccasion-astronomique\/#primaryimage\"},\"image\":{\"@id\":\"https:\/\/blogs.futura-sciences.com\/feldmann\/2019\/03\/10\/joa-vingtieme-edition-de-loccasion-astronomique\/#primaryimage\"},\"thumbnailUrl\":\"https:\/\/blogs.futura-sciences.com\/feldmann\/wp-content\/uploads\/sites\/9\/2019\/03\/joa3.jpg\",\"datePublished\":\"2019-03-10T08:48:03+00:00\",\"dateModified\":\"2019-03-18T19:32:44+00:00\",\"author\":{\"@id\":\"https:\/\/blogs.futura-sciences.com\/feldmann\/#\/schema\/person\/62b391b709c307783237b759b62731ea\"},\"description\":\"Le 9 mars Communay accueillait la 20\u00e8me \u00e9dition de\u00a0la Journ\u00e9e de l\u2019Occasion en Astronomie (JOA), un grand march\u00e9 de l\u2019occasion, mais pas seulement.\",\"inLanguage\":\"fr-FR\",\"potentialAction\":[{\"@type\":\"ReadAction\",\"target\":[\"https:\/\/blogs.futura-sciences.com\/feldmann\/2019\/03\/10\/joa-vingtieme-edition-de-loccasion-astronomique\/\"]}]},{\"@type\":\"ImageObject\",\"inLanguage\":\"fr-FR\",\"@id\":\"https:\/\/blogs.futura-sciences.com\/feldmann\/2019\/03\/10\/joa-vingtieme-edition-de-loccasion-astronomique\/#primaryimage\",\"url\":\"https:\/\/blogs.futura-sciences.com\/feldmann\/wp-content\/uploads\/sites\/9\/2019\/03\/joa3.jpg\",\"contentUrl\":\"https:\/\/blogs.futura-sciences.com\/feldmann\/wp-content\/uploads\/sites\/9\/2019\/03\/joa3.jpg\",\"width\":1500,\"height\":900},{\"@type\":\"WebSite\",\"@id\":\"https:\/\/blogs.futura-sciences.com\/feldmann\/#website\",\"url\":\"https:\/\/blogs.futura-sciences.com\/feldmann\/\",\"name\":\"CIELMANIA : le blog de Jean-Baptiste FELDMANN, photographe du ciel\",\"description\":\"&quot;J&#039;ai en moi un besoin terrible. Dirais-je le mot? La religion. Alors, je sors la nuit et je peins des \u00e9toiles.&quot;  Vincent van Gogh\",\"potentialAction\":[{\"@type\":\"SearchAction\",\"target\":{\"@type\":\"EntryPoint\",\"urlTemplate\":\"https:\/\/blogs.futura-sciences.com\/feldmann\/?s={search_term_string}\"},\"query-input\":{\"@type\":\"PropertyValueSpecification\",\"valueRequired\":true,\"valueName\":\"search_term_string\"}}],\"inLanguage\":\"fr-FR\"},{\"@type\":\"Person\",\"@id\":\"https:\/\/blogs.futura-sciences.com\/feldmann\/#\/schema\/person\/62b391b709c307783237b759b62731ea\",\"name\":\"Jean-Baptiste FELDMANN\",\"image\":{\"@type\":\"ImageObject\",\"inLanguage\":\"fr-FR\",\"@id\":\"https:\/\/blogs.futura-sciences.com\/feldmann\/#\/schema\/person\/image\/\",\"url\":\"https:\/\/secure.gravatar.com\/avatar\/41f96607fde7a81a14570eec74177c42?s=96&d=mm&r=g\",\"contentUrl\":\"https:\/\/secure.gravatar.com\/avatar\/41f96607fde7a81a14570eec74177c42?s=96&d=mm&r=g\",\"caption\":\"Jean-Baptiste FELDMANN\"},\"url\":\"https:\/\/blogs.futura-sciences.com\/feldmann\/author\/jbfe\/\"}]}<\/script>\n<!-- \/ Yoast SEO plugin. -->","yoast_head_json":{"title":"JOA : vingti\u00e8me \u00e9dition de l'occasion astronomique","description":"Le 9 mars Communay accueillait la 20\u00e8me \u00e9dition de\u00a0la Journ\u00e9e de l\u2019Occasion en Astronomie (JOA), un grand march\u00e9 de l\u2019occasion, mais pas seulement.","robots":{"index":"index","follow":"follow","max-snippet":"max-snippet:-1","max-image-preview":"max-image-preview:large","max-video-preview":"max-video-preview:-1"},"canonical":"https:\/\/blogs.futura-sciences.com\/feldmann\/2019\/03\/10\/joa-vingtieme-edition-de-loccasion-astronomique\/","og_locale":"fr_FR","og_type":"article","og_title":"JOA : vingti\u00e8me \u00e9dition de l'occasion astronomique","og_description":"Le 9 mars Communay accueillait la 20\u00e8me \u00e9dition de\u00a0la Journ\u00e9e de l\u2019Occasion en Astronomie (JOA), un grand march\u00e9 de l\u2019occasion, mais pas seulement.","og_url":"https:\/\/blogs.futura-sciences.com\/feldmann\/2019\/03\/10\/joa-vingtieme-edition-de-loccasion-astronomique\/","og_site_name":"CIELMANIA : le blog de Jean-Baptiste FELDMANN, photographe du ciel","article_published_time":"2019-03-10T08:48:03+00:00","article_modified_time":"2019-03-18T19:32:44+00:00","og_image":[{"width":1500,"height":900,"url":"https:\/\/blogs.futura-sciences.com\/feldmann\/wp-content\/uploads\/sites\/9\/2019\/03\/joa3.jpg","type":"image\/jpeg"}],"author":"Jean-Baptiste FELDMANN","twitter_card":"summary_large_image","twitter_misc":{"\u00c9crit par":"Jean-Baptiste FELDMANN","Dur\u00e9e de lecture estim\u00e9e":"2 minutes"},"schema":{"@context":"https:\/\/schema.org","@graph":[{"@type":"WebPage","@id":"https:\/\/blogs.futura-sciences.com\/feldmann\/2019\/03\/10\/joa-vingtieme-edition-de-loccasion-astronomique\/","url":"https:\/\/blogs.futura-sciences.com\/feldmann\/2019\/03\/10\/joa-vingtieme-edition-de-loccasion-astronomique\/","name":"JOA : vingti\u00e8me \u00e9dition de l'occasion astronomique","isPartOf":{"@id":"https:\/\/blogs.futura-sciences.com\/feldmann\/#website"},"primaryImageOfPage":{"@id":"https:\/\/blogs.futura-sciences.com\/feldmann\/2019\/03\/10\/joa-vingtieme-edition-de-loccasion-astronomique\/#primaryimage"},"image":{"@id":"https:\/\/blogs.futura-sciences.com\/feldmann\/2019\/03\/10\/joa-vingtieme-edition-de-loccasion-astronomique\/#primaryimage"},"thumbnailUrl":"https:\/\/blogs.futura-sciences.com\/feldmann\/wp-content\/uploads\/sites\/9\/2019\/03\/joa3.jpg","datePublished":"2019-03-10T08:48:03+00:00","dateModified":"2019-03-18T19:32:44+00:00","author":{"@id":"https:\/\/blogs.futura-sciences.com\/feldmann\/#\/schema\/person\/62b391b709c307783237b759b62731ea"},"description":"Le 9 mars Communay accueillait la 20\u00e8me \u00e9dition de\u00a0la Journ\u00e9e de l\u2019Occasion en Astronomie (JOA), un grand march\u00e9 de l\u2019occasion, mais pas seulement.","inLanguage":"fr-FR","potentialAction":[{"@type":"ReadAction","target":["https:\/\/blogs.futura-sciences.com\/feldmann\/2019\/03\/10\/joa-vingtieme-edition-de-loccasion-astronomique\/"]}]},{"@type":"ImageObject","inLanguage":"fr-FR","@id":"https:\/\/blogs.futura-sciences.com\/feldmann\/2019\/03\/10\/joa-vingtieme-edition-de-loccasion-astronomique\/#primaryimage","url":"https:\/\/blogs.futura-sciences.com\/feldmann\/wp-content\/uploads\/sites\/9\/2019\/03\/joa3.jpg","contentUrl":"https:\/\/blogs.futura-sciences.com\/feldmann\/wp-content\/uploads\/sites\/9\/2019\/03\/joa3.jpg","width":1500,"height":900},{"@type":"WebSite","@id":"https:\/\/blogs.futura-sciences.com\/feldmann\/#website","url":"https:\/\/blogs.futura-sciences.com\/feldmann\/","name":"CIELMANIA : le blog de Jean-Baptiste FELDMANN, photographe du ciel","description":"&quot;J&#039;ai en moi un besoin terrible. Dirais-je le mot? La religion. Alors, je sors la nuit et je peins des \u00e9toiles.&quot;  Vincent van Gogh","potentialAction":[{"@type":"SearchAction","target":{"@type":"EntryPoint","urlTemplate":"https:\/\/blogs.futura-sciences.com\/feldmann\/?s={search_term_string}"},"query-input":{"@type":"PropertyValueSpecification","valueRequired":true,"valueName":"search_term_string"}}],"inLanguage":"fr-FR"},{"@type":"Person","@id":"https:\/\/blogs.futura-sciences.com\/feldmann\/#\/schema\/person\/62b391b709c307783237b759b62731ea","name":"Jean-Baptiste FELDMANN","image":{"@type":"ImageObject","inLanguage":"fr-FR","@id":"https:\/\/blogs.futura-sciences.com\/feldmann\/#\/schema\/person\/image\/","url":"https:\/\/secure.gravatar.com\/avatar\/41f96607fde7a81a14570eec74177c42?s=96&d=mm&r=g","contentUrl":"https:\/\/secure.gravatar.com\/avatar\/41f96607fde7a81a14570eec74177c42?s=96&d=mm&r=g","caption":"Jean-Baptiste FELDMANN"},"url":"https:\/\/blogs.futura-sciences.com\/feldmann\/author\/jbfe\/"}]}},"_links":{"self":[{"href":"https:\/\/blogs.futura-sciences.com\/feldmann\/wp-json\/wp\/v2\/posts\/10378","targetHints":{"allow":["GET"]}}],"collection":[{"href":"https:\/\/blogs.futura-sciences.com\/feldmann\/wp-json\/wp\/v2\/posts"}],"about":[{"href":"https:\/\/blogs.futura-sciences.com\/feldmann\/wp-json\/wp\/v2\/types\/post"}],"author":[{"embeddable":true,"href":"https:\/\/blogs.futura-sciences.com\/feldmann\/wp-json\/wp\/v2\/users\/8"}],"replies":[{"embeddable":true,"href":"https:\/\/blogs.futura-sciences.com\/feldmann\/wp-json\/wp\/v2\/comments?post=10378"}],"version-history":[{"count":4,"href":"https:\/\/blogs.futura-sciences.com\/feldmann\/wp-json\/wp\/v2\/posts\/10378\/revisions"}],"predecessor-version":[{"id":10388,"href":"https:\/\/blogs.futura-sciences.com\/feldmann\/wp-json\/wp\/v2\/posts\/10378\/revisions\/10388"}],"wp:featuredmedia":[{"embeddable":true,"href":"https:\/\/blogs.futura-sciences.com\/feldmann\/wp-json\/wp\/v2\/media\/10379"}],"wp:attachment":[{"href":"https:\/\/blogs.futura-sciences.com\/feldmann\/wp-json\/wp\/v2\/media?parent=10378"}],"wp:term":[{"taxonomy":"category","embeddable":true,"href":"https:\/\/blogs.futura-sciences.com\/feldmann\/wp-json\/wp\/v2\/categories?post=10378"},{"taxonomy":"post_tag","embeddable":true,"href":"https:\/\/blogs.futura-sciences.com\/feldmann\/wp-json\/wp\/v2\/tags?post=10378"}],"curies":[{"name":"wp","href":"https:\/\/api.w.org\/{rel}","templated":true}]}}