{"id":10159,"date":"2019-01-17T06:14:21","date_gmt":"2019-01-17T06:14:21","guid":{"rendered":"https:\/\/blogs.futura-sciences.com\/feldmann\/?p=10159"},"modified":"2019-02-03T09:41:41","modified_gmt":"2019-02-03T09:41:41","slug":"un-halo-lunaire-enveloppe-lamas-des-pleiades","status":"publish","type":"post","link":"https:\/\/blogs.futura-sciences.com\/feldmann\/2019\/01\/17\/un-halo-lunaire-enveloppe-lamas-des-pleiades\/","title":{"rendered":"Un halo lunaire enveloppe l&#8217;amas des Pl\u00e9iades"},"content":{"rendered":"<p><strong>Un halo lunaire a fait son apparition dans la soir\u00e9e du 16 janvier, alors que la Lune gibbeuse se trouvait \u00e0 proximit\u00e9 de l&#8217;amas des Pl\u00e9iades.<\/strong><\/p>\n<p>Un halo se forme parfois autour de la\u00a0<a title=\"La Lune dans les vignes\" href=\"https:\/\/blogs.futura-sciences.com\/feldmann\/2014\/11\/14\/lune-les-vignes\/\" target=\"_blank\" rel=\"noopener\">Lune\u00a0<\/a>ou du\u00a0<a title=\"Coucher de Soleil tach\u00e9\" href=\"https:\/\/blogs.futura-sciences.com\/feldmann\/2014\/08\/04\/coucher-soleil-tache\/\" target=\"_blank\" rel=\"noopener\">Soleil\u00a0<\/a>lorsque les rayons de lumi\u00e8re \u00e9mis par ces astres rencontrent des particules de glace (\u00e0 l&#8217;int\u00e9rieur d&#8217;un nuage ou d&#8217;une nappe de brouillard) avant de nous arriver. Si ces particules ont une forme particuli\u00e8re (plaques de formes hexagonales ou colonnes \u00e0 base hexagonale), elles d\u00e9composent alors la lumi\u00e8re comme dans un <a href=\"https:\/\/blogs.futura-sciences.com\/feldmann\/2017\/06\/10\/arc-en-ciel-dans-la-baie-de-douarnenez\/\" target=\"_blank\" rel=\"noopener\">arc-en-ciel<\/a>. De telles conditions m\u00e9t\u00e9orologiques se rencontrent surtout l\u2019hiver. C&#8217;est ce qui s&#8217;est produit le 16 janvier en d\u00e9but de soir\u00e9e : un l\u00e9ger voile de cirrus filtrait les rayons d&#8217;une Lune gibbeuse, cinq jours avant l&#8217;<a href=\"https:\/\/blogs.futura-sciences.com\/feldmann\/2019\/01\/14\/comment-photographier-leclipse-de-lune-du-21-janvier\/\" target=\"_blank\" rel=\"noopener\">\u00e9clipse totale<\/a>.<\/p>\n<figure id=\"attachment_10160\" aria-describedby=\"caption-attachment-10160\" style=\"width: 450px\" class=\"wp-caption alignnone\"><a href=\"https:\/\/blogs.futura-sciences.com\/feldmann\/wp-content\/uploads\/sites\/9\/2019\/01\/halo-lune.jpg\" rel=\"lightbox[10159]\"><img loading=\"lazy\" decoding=\"async\" class=\"size-medium wp-image-10160\" src=\"https:\/\/blogs.futura-sciences.com\/feldmann\/wp-content\/uploads\/sites\/9\/2019\/01\/halo-lune-450x270.jpg\" alt=\"\" width=\"450\" height=\"270\" srcset=\"https:\/\/blogs.futura-sciences.com\/feldmann\/wp-content\/uploads\/sites\/9\/2019\/01\/halo-lune-450x270.jpg 450w, https:\/\/blogs.futura-sciences.com\/feldmann\/wp-content\/uploads\/sites\/9\/2019\/01\/halo-lune-768x461.jpg 768w, https:\/\/blogs.futura-sciences.com\/feldmann\/wp-content\/uploads\/sites\/9\/2019\/01\/halo-lune-1024x614.jpg 1024w, https:\/\/blogs.futura-sciences.com\/feldmann\/wp-content\/uploads\/sites\/9\/2019\/01\/halo-lune.jpg 1500w\" sizes=\"auto, (max-width: 450px) 100vw, 450px\" \/><\/a><figcaption id=\"caption-attachment-10160\" class=\"wp-caption-text\">Au centre d&#8217;un halo, la Lune accompagne les Pl\u00e9iades. \u00a9 Jean-Baptiste Feldmann<\/figcaption><\/figure>\n<p>Cette image a \u00e9t\u00e9 r\u00e9alis\u00e9e au pied de l&#8217;<a href=\"https:\/\/blogs.futura-sciences.com\/feldmann\/2016\/12\/17\/file-detoiles-sur-leglise-saint-symphorien-en-bourgogne\/\" target=\"_blank\" rel=\"noopener\">\u00e9glise Saint-Symphorien<\/a> de <a href=\"https:\/\/blogs.futura-sciences.com\/feldmann\/2017\/07\/10\/nuits-saint-georges-regard-tourne-vers-ciel\/\" target=\"_blank\" rel=\"noopener\">Nuits-Saint-Georges<\/a> (Bourgogne), un fleuron de l&#8217;art gothique\u00a0encore fortement marqu\u00e9 par le style roman ; elle fut construite au XIII\u1d49 si\u00e8cle.<!--more--><\/p>\n<p>Juste au-dessus de la Lune se trouve l&#8217;<a href=\"https:\/\/blogs.futura-sciences.com\/feldmann\/2019\/01\/08\/lamas-des-pleiades-au-dessus-de-letang\/\" target=\"_blank\" rel=\"noopener\">amas des Pl\u00e9iades<\/a>, un petit groupe d&#8217;\u00e9toiles ; \u00e0 cette \u00e9poque de l&#8217;ann\u00e9e notre satellite naturel traverse la nuit tr\u00e8s haut dans le ciel entre le <a href=\"https:\/\/blogs.futura-sciences.com\/feldmann\/2018\/03\/25\/voit-on-lors-dun-premier-quartier-de-lune\/\" target=\"_blank\" rel=\"noopener\">Premier Quartier<\/a> et la <a href=\"https:\/\/blogs.futura-sciences.com\/feldmann\/2018\/06\/28\/la-pleine-lune-de-juin-et-la-girouette\/\" target=\"_blank\" rel=\"noopener\">Pleine Lune<\/a>, n&#8217;h\u00e9sitant pas \u00e0 aller taquiner les \u00e9toiles des constellations aux d\u00e9clinaisons \u00e9lev\u00e9es comme le <a href=\"https:\/\/blogs.futura-sciences.com\/feldmann\/2015\/04\/25\/simeis-147-un-remanent-de-supernova-dans-le-taureau\/\" target=\"_blank\" rel=\"noopener\">Taureau<\/a> ou les <a href=\"https:\/\/blogs.futura-sciences.com\/feldmann\/2017\/06\/07\/messier-35-ngc-2158-deux-joyaux-gemeaux\/\" target=\"_blank\" rel=\"noopener\">G\u00e9meaux<\/a>.<\/p>\n<p>Cette image a \u00e9t\u00e9 obtenue avec un bo\u00eetier Nikon D7100, un objectif 18-105 mm r\u00e9gl\u00e9 sur sa plus courte focale (ouverture de 3,5), 10 secondes de pose \u00e0 2000 iso.<\/p>\n<!-- AddThis Advanced Settings generic via filter on the_content --><!-- AddThis Share Buttons generic via filter on the_content -->","protected":false},"excerpt":{"rendered":"<p>Un halo lunaire a fait son apparition dans la soir\u00e9e du 16 janvier, alors que la Lune gibbeuse se trouvait \u00e0 proximit\u00e9 de l&#8217;amas des Pl\u00e9iades. Un halo se forme parfois autour de la\u00a0Lune\u00a0ou du\u00a0Soleil\u00a0lorsque les rayons de lumi\u00e8re \u00e9mis par ces astres rencontrent des particules de glace (\u00e0 l&#8217;int\u00e9rieur d&#8217;un nuage ou d&#8217;une nappe &hellip; <a href=\"https:\/\/blogs.futura-sciences.com\/feldmann\/2019\/01\/17\/un-halo-lunaire-enveloppe-lamas-des-pleiades\/\" class=\"more-link\">Continuer la lecture de <span class=\"screen-reader-text\">Un halo lunaire enveloppe l&#8217;amas des Pl\u00e9iades<\/span>  <span class=\"meta-nav\">&rarr;<\/span><\/a><!-- AddThis Advanced Settings generic via filter on get_the_excerpt --><!-- AddThis Share Buttons generic via filter on get_the_excerpt --><\/p>\n","protected":false},"author":8,"featured_media":10160,"comment_status":"open","ping_status":"open","sticky":false,"template":"","format":"standard","meta":{"footnotes":"","_links_to":"","_links_to_target":""},"categories":[85],"tags":[713,91,132,823],"class_list":["post-10159","post","type-post","status-publish","format-standard","has-post-thumbnail","hentry","category-meteores","tag-amas-des-pleiades","tag-constellation-des-gemeaux","tag-constellation-du-taureau","tag-halo-lunaire"],"yoast_head":"<!-- This site is optimized with the Yoast SEO plugin v24.1 - https:\/\/yoast.com\/wordpress\/plugins\/seo\/ -->\n<title>Un halo lunaire enveloppe l&#039;amas des Pl\u00e9iades<\/title>\n<meta name=\"description\" content=\"Un halo lunaire a fait son apparition dans la soir\u00e9e du 16 janvier, alors que la Lune gibbeuse se trouvait \u00e0 proximit\u00e9 de l&#039;amas des Pl\u00e9iades.\" \/>\n<meta name=\"robots\" content=\"index, follow, max-snippet:-1, max-image-preview:large, max-video-preview:-1\" \/>\n<link rel=\"canonical\" href=\"https:\/\/blogs.futura-sciences.com\/feldmann\/2019\/01\/17\/un-halo-lunaire-enveloppe-lamas-des-pleiades\/\" \/>\n<meta property=\"og:locale\" content=\"fr_FR\" \/>\n<meta property=\"og:type\" content=\"article\" \/>\n<meta property=\"og:title\" content=\"Un halo lunaire enveloppe l&#039;amas des Pl\u00e9iades\" \/>\n<meta property=\"og:description\" content=\"Un halo lunaire a fait son apparition dans la soir\u00e9e du 16 janvier, alors que la Lune gibbeuse se trouvait \u00e0 proximit\u00e9 de l&#039;amas des Pl\u00e9iades.\" \/>\n<meta property=\"og:url\" content=\"https:\/\/blogs.futura-sciences.com\/feldmann\/2019\/01\/17\/un-halo-lunaire-enveloppe-lamas-des-pleiades\/\" \/>\n<meta property=\"og:site_name\" content=\"CIELMANIA : le blog de Jean-Baptiste FELDMANN, photographe du ciel\" \/>\n<meta property=\"article:published_time\" content=\"2019-01-17T06:14:21+00:00\" \/>\n<meta property=\"article:modified_time\" content=\"2019-02-03T09:41:41+00:00\" \/>\n<meta property=\"og:image\" content=\"https:\/\/blogs.futura-sciences.com\/feldmann\/wp-content\/uploads\/sites\/9\/2019\/01\/halo-lune.jpg\" \/>\n\t<meta property=\"og:image:width\" content=\"1500\" \/>\n\t<meta property=\"og:image:height\" content=\"900\" \/>\n\t<meta property=\"og:image:type\" content=\"image\/jpeg\" \/>\n<meta name=\"author\" content=\"Jean-Baptiste FELDMANN\" \/>\n<meta name=\"twitter:card\" content=\"summary_large_image\" \/>\n<meta name=\"twitter:label1\" content=\"\u00c9crit par\" \/>\n\t<meta name=\"twitter:data1\" content=\"Jean-Baptiste FELDMANN\" \/>\n\t<meta name=\"twitter:label2\" content=\"Dur\u00e9e de lecture estim\u00e9e\" \/>\n\t<meta name=\"twitter:data2\" content=\"1 minute\" \/>\n<script type=\"application\/ld+json\" class=\"yoast-schema-graph\">{\"@context\":\"https:\/\/schema.org\",\"@graph\":[{\"@type\":\"WebPage\",\"@id\":\"https:\/\/blogs.futura-sciences.com\/feldmann\/2019\/01\/17\/un-halo-lunaire-enveloppe-lamas-des-pleiades\/\",\"url\":\"https:\/\/blogs.futura-sciences.com\/feldmann\/2019\/01\/17\/un-halo-lunaire-enveloppe-lamas-des-pleiades\/\",\"name\":\"Un halo lunaire enveloppe l'amas des Pl\u00e9iades\",\"isPartOf\":{\"@id\":\"https:\/\/blogs.futura-sciences.com\/feldmann\/#website\"},\"primaryImageOfPage\":{\"@id\":\"https:\/\/blogs.futura-sciences.com\/feldmann\/2019\/01\/17\/un-halo-lunaire-enveloppe-lamas-des-pleiades\/#primaryimage\"},\"image\":{\"@id\":\"https:\/\/blogs.futura-sciences.com\/feldmann\/2019\/01\/17\/un-halo-lunaire-enveloppe-lamas-des-pleiades\/#primaryimage\"},\"thumbnailUrl\":\"https:\/\/blogs.futura-sciences.com\/feldmann\/wp-content\/uploads\/sites\/9\/2019\/01\/halo-lune.jpg\",\"datePublished\":\"2019-01-17T06:14:21+00:00\",\"dateModified\":\"2019-02-03T09:41:41+00:00\",\"author\":{\"@id\":\"https:\/\/blogs.futura-sciences.com\/feldmann\/#\/schema\/person\/62b391b709c307783237b759b62731ea\"},\"description\":\"Un halo lunaire a fait son apparition dans la soir\u00e9e du 16 janvier, alors que la Lune gibbeuse se trouvait \u00e0 proximit\u00e9 de l'amas des Pl\u00e9iades.\",\"inLanguage\":\"fr-FR\",\"potentialAction\":[{\"@type\":\"ReadAction\",\"target\":[\"https:\/\/blogs.futura-sciences.com\/feldmann\/2019\/01\/17\/un-halo-lunaire-enveloppe-lamas-des-pleiades\/\"]}]},{\"@type\":\"ImageObject\",\"inLanguage\":\"fr-FR\",\"@id\":\"https:\/\/blogs.futura-sciences.com\/feldmann\/2019\/01\/17\/un-halo-lunaire-enveloppe-lamas-des-pleiades\/#primaryimage\",\"url\":\"https:\/\/blogs.futura-sciences.com\/feldmann\/wp-content\/uploads\/sites\/9\/2019\/01\/halo-lune.jpg\",\"contentUrl\":\"https:\/\/blogs.futura-sciences.com\/feldmann\/wp-content\/uploads\/sites\/9\/2019\/01\/halo-lune.jpg\",\"width\":1500,\"height\":900,\"caption\":\"Un halo\"},{\"@type\":\"WebSite\",\"@id\":\"https:\/\/blogs.futura-sciences.com\/feldmann\/#website\",\"url\":\"https:\/\/blogs.futura-sciences.com\/feldmann\/\",\"name\":\"CIELMANIA : le blog de Jean-Baptiste FELDMANN, photographe du ciel\",\"description\":\"&quot;J&#039;ai en moi un besoin terrible. Dirais-je le mot? La religion. Alors, je sors la nuit et je peins des \u00e9toiles.&quot;  Vincent van Gogh\",\"potentialAction\":[{\"@type\":\"SearchAction\",\"target\":{\"@type\":\"EntryPoint\",\"urlTemplate\":\"https:\/\/blogs.futura-sciences.com\/feldmann\/?s={search_term_string}\"},\"query-input\":{\"@type\":\"PropertyValueSpecification\",\"valueRequired\":true,\"valueName\":\"search_term_string\"}}],\"inLanguage\":\"fr-FR\"},{\"@type\":\"Person\",\"@id\":\"https:\/\/blogs.futura-sciences.com\/feldmann\/#\/schema\/person\/62b391b709c307783237b759b62731ea\",\"name\":\"Jean-Baptiste FELDMANN\",\"image\":{\"@type\":\"ImageObject\",\"inLanguage\":\"fr-FR\",\"@id\":\"https:\/\/blogs.futura-sciences.com\/feldmann\/#\/schema\/person\/image\/\",\"url\":\"https:\/\/secure.gravatar.com\/avatar\/41f96607fde7a81a14570eec74177c42?s=96&d=mm&r=g\",\"contentUrl\":\"https:\/\/secure.gravatar.com\/avatar\/41f96607fde7a81a14570eec74177c42?s=96&d=mm&r=g\",\"caption\":\"Jean-Baptiste FELDMANN\"},\"url\":\"https:\/\/blogs.futura-sciences.com\/feldmann\/author\/jbfe\/\"}]}<\/script>\n<!-- \/ Yoast SEO plugin. -->","yoast_head_json":{"title":"Un halo lunaire enveloppe l'amas des Pl\u00e9iades","description":"Un halo lunaire a fait son apparition dans la soir\u00e9e du 16 janvier, alors que la Lune gibbeuse se trouvait \u00e0 proximit\u00e9 de l'amas des Pl\u00e9iades.","robots":{"index":"index","follow":"follow","max-snippet":"max-snippet:-1","max-image-preview":"max-image-preview:large","max-video-preview":"max-video-preview:-1"},"canonical":"https:\/\/blogs.futura-sciences.com\/feldmann\/2019\/01\/17\/un-halo-lunaire-enveloppe-lamas-des-pleiades\/","og_locale":"fr_FR","og_type":"article","og_title":"Un halo lunaire enveloppe l'amas des Pl\u00e9iades","og_description":"Un halo lunaire a fait son apparition dans la soir\u00e9e du 16 janvier, alors que la Lune gibbeuse se trouvait \u00e0 proximit\u00e9 de l'amas des Pl\u00e9iades.","og_url":"https:\/\/blogs.futura-sciences.com\/feldmann\/2019\/01\/17\/un-halo-lunaire-enveloppe-lamas-des-pleiades\/","og_site_name":"CIELMANIA : le blog de Jean-Baptiste FELDMANN, photographe du ciel","article_published_time":"2019-01-17T06:14:21+00:00","article_modified_time":"2019-02-03T09:41:41+00:00","og_image":[{"width":1500,"height":900,"url":"https:\/\/blogs.futura-sciences.com\/feldmann\/wp-content\/uploads\/sites\/9\/2019\/01\/halo-lune.jpg","type":"image\/jpeg"}],"author":"Jean-Baptiste FELDMANN","twitter_card":"summary_large_image","twitter_misc":{"\u00c9crit par":"Jean-Baptiste FELDMANN","Dur\u00e9e de lecture estim\u00e9e":"1 minute"},"schema":{"@context":"https:\/\/schema.org","@graph":[{"@type":"WebPage","@id":"https:\/\/blogs.futura-sciences.com\/feldmann\/2019\/01\/17\/un-halo-lunaire-enveloppe-lamas-des-pleiades\/","url":"https:\/\/blogs.futura-sciences.com\/feldmann\/2019\/01\/17\/un-halo-lunaire-enveloppe-lamas-des-pleiades\/","name":"Un halo lunaire enveloppe l'amas des Pl\u00e9iades","isPartOf":{"@id":"https:\/\/blogs.futura-sciences.com\/feldmann\/#website"},"primaryImageOfPage":{"@id":"https:\/\/blogs.futura-sciences.com\/feldmann\/2019\/01\/17\/un-halo-lunaire-enveloppe-lamas-des-pleiades\/#primaryimage"},"image":{"@id":"https:\/\/blogs.futura-sciences.com\/feldmann\/2019\/01\/17\/un-halo-lunaire-enveloppe-lamas-des-pleiades\/#primaryimage"},"thumbnailUrl":"https:\/\/blogs.futura-sciences.com\/feldmann\/wp-content\/uploads\/sites\/9\/2019\/01\/halo-lune.jpg","datePublished":"2019-01-17T06:14:21+00:00","dateModified":"2019-02-03T09:41:41+00:00","author":{"@id":"https:\/\/blogs.futura-sciences.com\/feldmann\/#\/schema\/person\/62b391b709c307783237b759b62731ea"},"description":"Un halo lunaire a fait son apparition dans la soir\u00e9e du 16 janvier, alors que la Lune gibbeuse se trouvait \u00e0 proximit\u00e9 de l'amas des Pl\u00e9iades.","inLanguage":"fr-FR","potentialAction":[{"@type":"ReadAction","target":["https:\/\/blogs.futura-sciences.com\/feldmann\/2019\/01\/17\/un-halo-lunaire-enveloppe-lamas-des-pleiades\/"]}]},{"@type":"ImageObject","inLanguage":"fr-FR","@id":"https:\/\/blogs.futura-sciences.com\/feldmann\/2019\/01\/17\/un-halo-lunaire-enveloppe-lamas-des-pleiades\/#primaryimage","url":"https:\/\/blogs.futura-sciences.com\/feldmann\/wp-content\/uploads\/sites\/9\/2019\/01\/halo-lune.jpg","contentUrl":"https:\/\/blogs.futura-sciences.com\/feldmann\/wp-content\/uploads\/sites\/9\/2019\/01\/halo-lune.jpg","width":1500,"height":900,"caption":"Un halo"},{"@type":"WebSite","@id":"https:\/\/blogs.futura-sciences.com\/feldmann\/#website","url":"https:\/\/blogs.futura-sciences.com\/feldmann\/","name":"CIELMANIA : le blog de Jean-Baptiste FELDMANN, photographe du ciel","description":"&quot;J&#039;ai en moi un besoin terrible. Dirais-je le mot? La religion. Alors, je sors la nuit et je peins des \u00e9toiles.&quot;  Vincent van Gogh","potentialAction":[{"@type":"SearchAction","target":{"@type":"EntryPoint","urlTemplate":"https:\/\/blogs.futura-sciences.com\/feldmann\/?s={search_term_string}"},"query-input":{"@type":"PropertyValueSpecification","valueRequired":true,"valueName":"search_term_string"}}],"inLanguage":"fr-FR"},{"@type":"Person","@id":"https:\/\/blogs.futura-sciences.com\/feldmann\/#\/schema\/person\/62b391b709c307783237b759b62731ea","name":"Jean-Baptiste FELDMANN","image":{"@type":"ImageObject","inLanguage":"fr-FR","@id":"https:\/\/blogs.futura-sciences.com\/feldmann\/#\/schema\/person\/image\/","url":"https:\/\/secure.gravatar.com\/avatar\/41f96607fde7a81a14570eec74177c42?s=96&d=mm&r=g","contentUrl":"https:\/\/secure.gravatar.com\/avatar\/41f96607fde7a81a14570eec74177c42?s=96&d=mm&r=g","caption":"Jean-Baptiste FELDMANN"},"url":"https:\/\/blogs.futura-sciences.com\/feldmann\/author\/jbfe\/"}]}},"_links":{"self":[{"href":"https:\/\/blogs.futura-sciences.com\/feldmann\/wp-json\/wp\/v2\/posts\/10159","targetHints":{"allow":["GET"]}}],"collection":[{"href":"https:\/\/blogs.futura-sciences.com\/feldmann\/wp-json\/wp\/v2\/posts"}],"about":[{"href":"https:\/\/blogs.futura-sciences.com\/feldmann\/wp-json\/wp\/v2\/types\/post"}],"author":[{"embeddable":true,"href":"https:\/\/blogs.futura-sciences.com\/feldmann\/wp-json\/wp\/v2\/users\/8"}],"replies":[{"embeddable":true,"href":"https:\/\/blogs.futura-sciences.com\/feldmann\/wp-json\/wp\/v2\/comments?post=10159"}],"version-history":[{"count":7,"href":"https:\/\/blogs.futura-sciences.com\/feldmann\/wp-json\/wp\/v2\/posts\/10159\/revisions"}],"predecessor-version":[{"id":10168,"href":"https:\/\/blogs.futura-sciences.com\/feldmann\/wp-json\/wp\/v2\/posts\/10159\/revisions\/10168"}],"wp:featuredmedia":[{"embeddable":true,"href":"https:\/\/blogs.futura-sciences.com\/feldmann\/wp-json\/wp\/v2\/media\/10160"}],"wp:attachment":[{"href":"https:\/\/blogs.futura-sciences.com\/feldmann\/wp-json\/wp\/v2\/media?parent=10159"}],"wp:term":[{"taxonomy":"category","embeddable":true,"href":"https:\/\/blogs.futura-sciences.com\/feldmann\/wp-json\/wp\/v2\/categories?post=10159"},{"taxonomy":"post_tag","embeddable":true,"href":"https:\/\/blogs.futura-sciences.com\/feldmann\/wp-json\/wp\/v2\/tags?post=10159"}],"curies":[{"name":"wp","href":"https:\/\/api.w.org\/{rel}","templated":true}]}}