{"id":857,"date":"2017-05-31T15:55:13","date_gmt":"2017-05-31T13:55:13","guid":{"rendered":"http:\/\/blogs.futura-sciences.com\/barrau\/?p=857"},"modified":"2017-06-10T11:58:32","modified_gmt":"2017-06-10T09:58:32","slug":"probleme-immense-de-lacceleration-de-lunivers-enfin-resolu","status":"publish","type":"post","link":"https:\/\/blogs.futura-sciences.com\/barrau\/2017\/05\/31\/probleme-immense-de-lacceleration-de-lunivers-enfin-resolu\/","title":{"rendered":"Le probl\u00e8me immense de l\u2019acc\u00e9l\u00e9ration de l\u2019Univers est-il enfin r\u00e9solu ?"},"content":{"rendered":"<p>En math\u00e9matiques, on utilise souvent ce qu\u2019on nomme un d\u00e9veloppement limit\u00e9. Cela consiste \u00e0 approximer une fonction suffisamment r\u00e9guli\u00e8re par une s\u00e9rie de termes dont chacun fait intervenir une d\u00e9riv\u00e9 d\u2019ordre plus \u00e9lev\u00e9e que le pr\u00e9c\u00e9dent (la d\u00e9riv\u00e9 renseigne sur la vitesse de variation de la fonction).<\/p>\n<p>Si l\u2019on consid\u00e8re le facteur d\u2019\u00e9chelle de l\u2019Univers &#8211; que l\u2019on peut intuitivement penser comme sa taille si la courbure est positive &#8211; et son \u00e9volution en fonction du temps, on peut l\u00e0 aussi mener un d\u00e9veloppement limit\u00e9 de cette fonction.<br \/>\nLe terme d\u2019ordre z\u00e9ro de ce d\u00e9veloppement est connu depuis toujours : c\u2019est l\u2019existence de l\u2019Univers.<br \/>\nLe terme d\u2019ordre un de ce d\u00e9veloppement est la grande d\u00e9couverte du d\u00e9but du vingti\u00e8me si\u00e8cle : l\u2019Univers est en expansion.<br \/>\nLe terme d\u2019ordre deux de ce d\u00e9veloppement est la grande d\u00e9couverte de la fin du vingti\u00e8me si\u00e8cle : l\u2019expansion de l\u2019Univers est acc\u00e9l\u00e9r\u00e9e.<\/p>\n<p><img loading=\"lazy\" decoding=\"async\" src=\"https:\/\/blogs.futura-sciences.com\/barrau\/wp-content\/uploads\/sites\/12\/2017\/05\/56200main_dark_expansion-lg-4f4d2a0-intro.jpg\" alt=\"\" width=\"608\" height=\"403\" class=\"aligncenter size-full wp-image-853\" srcset=\"https:\/\/blogs.futura-sciences.com\/barrau\/wp-content\/uploads\/sites\/12\/2017\/05\/56200main_dark_expansion-lg-4f4d2a0-intro.jpg 608w, https:\/\/blogs.futura-sciences.com\/barrau\/wp-content\/uploads\/sites\/12\/2017\/05\/56200main_dark_expansion-lg-4f4d2a0-intro-450x298.jpg 450w\" sizes=\"auto, (max-width: 608px) 100vw, 608px\" \/><\/p>\n<p><!--more--><\/p>\n<p>Voila o\u00f9 nous en sommes. Est-ce probl\u00e9matique ?<br \/>\nLe terme d\u2019orde z\u00e9ro est peut-\u00eatre probl\u00e9matique au niveau m\u00e9taphysique (qu\u2019on pense \u00e0 Leibniz et Heidegger) mais n\u2019est pas paradoxal du point de vue physique.<br \/>\nLe terme d\u2019ordre un, l&#8217;expansion de l\u2019Univers, est tout sauf probl\u00e9matique ! C\u2019est exactement ce que pr\u00e9dit la grande th\u00e9orie d\u2019Einstein, la relativit\u00e9 g\u00e9n\u00e9rale.<br \/>\nLe troisi\u00e8me terme est plus contrariant. On dit parfois qu\u2019il est incompr\u00e9hensible car la gravitation \u00e9tant attractive (les galaxies s\u2019attirent les unes les autres), l\u2019expansion de l\u2019Univers devrait \u00eatre d\u00e9c\u00e9l\u00e9r\u00e9e. L\u2019Univers devrait, contrairement aux observations donc, s\u2019agrandir de moins en moins rapidement puisque la gravit\u00e9 le freine.<\/p>\n<p>Les choses sont en r\u00e9alit\u00e9 moins simples. La dynamique du cosmos est d\u00e9crite par les \u00e9quations d\u2019Einstein. Or, dans les \u00e9quations d\u2019Einstein, il y a deux termes en face du tenseur \u00e9nergie-impulsion : le tenseur d\u2019Einstein et le tenseur m\u00e9trique. Ces deux termes ont une raison d\u2019\u00eatre tout \u00e0 fait claire math\u00e9matiquement, ils ne sont pas ajout\u00e9s arbitrairement. Il ne sont pas invent\u00e9s de fa\u00e7on ad hoc. Or, le second est ce qu\u2019on nomme une constante cosmologique. Elle est naturellement pr\u00e9sente dans les \u00e9quations de la gravitation. Et cette constante est capable d\u2019expliquer l\u2019acc\u00e9l\u00e9ration de l\u2019acc\u00e9l\u00e9ration cosmologique. Pas de probl\u00e8me de principe, donc, \u00e0 rendre compte d\u2019un Univers en expansion de plus en plus rapide avec la th\u00e9orie relativiste de la gravitation. Sans aucune physique nouvelle ou exotique.<\/p>\n<p>Il semble ainsi n\u2019y avoir plus aucun probl\u00e8me ! Mais c&#8217;est aller un peu vite. Il faudrait aborder la question de la valeur de cette constante lorsqu\u2019il est tenu compte des corrections radiatives. En l\u2019absence de sym\u00e9trie protectrice nous faisons face \u00e0 un probl\u00e8me analogue \u00e0 celui de la masse du boson de Higgs : elle ne devrait pas \u00eatre si petite.<br \/>\nMais disons les choses plus simplement. Le vrai probl\u00e8me n\u2019est pas l&#8217;acc\u00e9l\u00e9ration mod\u00e9r\u00e9e de l\u2019Univers qui peut \u00eatre expliqu\u00e9e sans difficult\u00e9 particuli\u00e8re par les \u00e9quations d\u2019Einstein, comme je viens de l&#8217;expliquer. Le vrai probl\u00e8me est que l\u2019espace cosmologique est empli de fluctuations du vide \u00e9manant de la m\u00e9canique quantique. Or ces fluctuations devraient engendrer une acc\u00e9l\u00e9ration absolument gigantesque, d\u00e9mesur\u00e9ment plus \u00e9lev\u00e9es que celle observ\u00e9e ! Voila l\u2019immense probl\u00e8me. Tout gravite, c\u2019est le principe d\u2019\u00e9quivalence. Mais il semble que les fluctuations quantiques du vide ne gravitent pas &#8211; ou presque pas. Pourquoi ? C\u2019est sans doute une des questions les plus essentielles et ardues de toute la physique th\u00e9orique.<\/p>\n<figure id=\"attachment_855\" aria-describedby=\"caption-attachment-855\" style=\"width: 780px\" class=\"wp-caption aligncenter\"><img loading=\"lazy\" decoding=\"async\" src=\"https:\/\/blogs.futura-sciences.com\/barrau\/wp-content\/uploads\/sites\/12\/2017\/05\/image.jpg\" alt=\"\" width=\"780\" height=\"575\" class=\"size-full wp-image-855\" srcset=\"https:\/\/blogs.futura-sciences.com\/barrau\/wp-content\/uploads\/sites\/12\/2017\/05\/image.jpg 780w, https:\/\/blogs.futura-sciences.com\/barrau\/wp-content\/uploads\/sites\/12\/2017\/05\/image-450x332.jpg 450w, https:\/\/blogs.futura-sciences.com\/barrau\/wp-content\/uploads\/sites\/12\/2017\/05\/image-768x566.jpg 768w\" sizes=\"auto, (max-width: 780px) 100vw, 780px\" \/><figcaption id=\"caption-attachment-855\" class=\"wp-caption-text\">Fluctuations quantiques du vide.<br \/>JFC &#8211; lactamme.polytechnique.fr<\/figcaption><\/figure>\n<p>Il y a des voies pour \u00e9chapper \u00e0 ce paradoxe. Par exemple la gravitation unimodulaire. Mais aucune n\u2019est pleinement satisfaisante. Or, r\u00e9cemment, le tr\u00e8s grand physicien th\u00e9oricien Bill Unruh et deux de ses coll\u00e8gues, ont propos\u00e9 une nouvelle explication tr\u00e8s attrayante (voir <a href=\"https:\/\/arxiv.org\/pdf\/1703.00543.pdf\" target=\"_blank\">ici<\/a>). Selon cette \u00e9tude, les fluctuations quantiques du vide gravitent bien ! Tout se passe normalement. Mais l\u2019effet sur l\u2019\u00e9volution de l\u2019Univers ne serait pas du tout celui que nous pensions. Au lieu d\u2019induire une acc\u00e9l\u00e9ration d\u00e9mesur\u00e9e, c\u2019est exactement la petite acc\u00e9l\u00e9ration observ\u00e9e qui est pr\u00e9vue.<\/p>\n<p>Le point nodal de cette \u00e9tude repose sur la prise en compte de ce que l\u2019amplitudes des fluctuations est elle m\u00eame tr\u00e8s fluctuante ! Contrairement \u00e0 ce que la vision \u00ab moyenne \u00bb laissait entendre, il semblerait qu\u2019en chaque point l\u2019espace alterne entre expansion et contraction. A priori les comportements (les phases) de points m\u00eame tr\u00e8s voisins peuvent \u00eatre diff\u00e9rents. Bien que l\u2019effet des fluctuations quantiques du vide soit effectivement immense, comme escompt\u00e9, il n\u2019est immense qu\u2019\u00e0 tr\u00e8s petite \u00e9chelle et devient presque nul &#8211; comme nous l\u2019observons &#8211; dans le macrocosme. De plus, \u00e0 cause d\u2019une couplage param\u00e9trique faible, on s\u2019attend \u00e0 ce qu&#8217;une l\u00e9g\u00e8re acc\u00e9l\u00e9ration l\u2019emporte, conform\u00e9ment aux observations. <\/p>\n<p>Le mod\u00e8le n\u2019est pas sans faiblesses. Ces derni\u00e8res sont d\u2019ailleurs mentionn\u00e9es &#8211; et en partie trait\u00e9es &#8211; par les auteurs eux-m\u00eame. D\u2019abord, une \u00ab coupure \u00bb est impl\u00e9ment\u00e9e dans les calculs. Or cette coupure n\u2019est pas invariante de Lorentz : un observateur en mouvement verrait une autre coupure ! (Il proposent une solution \u00e0 ce probl\u00e8me mais elle comporte elle-m\u00eame des faiblesses th\u00e9oriques, des \u00ab fant\u00f4mes \u00bb.) Ensuite, le mod\u00e8le est \u00ab singulier \u00bb : le facteur d\u2019\u00e9chelle local passe constamment par z\u00e9ro. Il y a fort \u00e0 parier que c\u2019est ici la gravitation quantique qui apportera ses solutions.<\/p>\n<p>Cette belle \u00e9tude doit maintenant \u00eatre pass\u00e9e au crible. Mais elle apporte un \u00e9clairage remarquable sur cette vieille question que je consid\u00e8re comme l\u2019une des plus importantes de toute la physique. <\/p>\n<!-- AddThis Advanced Settings generic via filter on the_content --><!-- AddThis Share Buttons generic via filter on the_content -->","protected":false},"excerpt":{"rendered":"<p>En math\u00e9matiques, on utilise souvent ce qu\u2019on nomme un d\u00e9veloppement limit\u00e9. Cela consiste \u00e0 approximer une fonction suffisamment r\u00e9guli\u00e8re par une s\u00e9rie de termes dont chacun fait intervenir une d\u00e9riv\u00e9 d\u2019ordre plus \u00e9lev\u00e9e que le pr\u00e9c\u00e9dent (la d\u00e9riv\u00e9 renseigne sur la vitesse de variation de la fonction). Si l\u2019on consid\u00e8re le facteur d\u2019\u00e9chelle de l\u2019Univers &hellip; <a href=\"https:\/\/blogs.futura-sciences.com\/barrau\/2017\/05\/31\/probleme-immense-de-lacceleration-de-lunivers-enfin-resolu\/\" class=\"more-link\">Continuer la lecture de <span class=\"screen-reader-text\">Le probl\u00e8me immense de l\u2019acc\u00e9l\u00e9ration de l\u2019Univers est-il enfin r\u00e9solu ?<\/span>  <span class=\"meta-nav\">&rarr;<\/span><\/a><!-- AddThis Advanced Settings generic via filter on get_the_excerpt --><!-- AddThis Share Buttons generic via filter on get_the_excerpt --><\/p>\n","protected":false},"author":10,"featured_media":861,"comment_status":"open","ping_status":"open","sticky":false,"template":"","format":"standard","meta":{"footnotes":"","_links_to":"","_links_to_target":""},"categories":[8],"tags":[94,31,96],"class_list":["post-857","post","type-post","status-publish","format-standard","has-post-thumbnail","hentry","category-cosmos","tag-acceleration","tag-cosmologie","tag-unruh"],"yoast_head":"<!-- This site is optimized with the Yoast SEO plugin v24.1 - https:\/\/yoast.com\/wordpress\/plugins\/seo\/ -->\n<title>Le probl\u00e8me immense de l\u2019acc\u00e9l\u00e9ration de l\u2019Univers est-il enfin r\u00e9solu ?, par Aur\u00e9lien BARRAU<\/title>\n<meta name=\"robots\" content=\"index, follow, max-snippet:-1, max-image-preview:large, max-video-preview:-1\" \/>\n<link rel=\"canonical\" href=\"https:\/\/blogs.futura-sciences.com\/barrau\/2017\/05\/31\/probleme-immense-de-lacceleration-de-lunivers-enfin-resolu\/\" \/>\n<meta property=\"og:locale\" content=\"fr_FR\" \/>\n<meta property=\"og:type\" content=\"article\" \/>\n<meta property=\"og:title\" content=\"Le probl\u00e8me immense de l\u2019acc\u00e9l\u00e9ration de l\u2019Univers est-il enfin r\u00e9solu ?, par Aur\u00e9lien BARRAU\" \/>\n<meta property=\"og:description\" content=\"En math\u00e9matiques, on utilise souvent ce qu\u2019on nomme un d\u00e9veloppement limit\u00e9. Cela consiste \u00e0 approximer une fonction suffisamment r\u00e9guli\u00e8re par une s\u00e9rie de termes dont chacun fait intervenir une d\u00e9riv\u00e9 d\u2019ordre plus \u00e9lev\u00e9e que le pr\u00e9c\u00e9dent (la d\u00e9riv\u00e9 renseigne sur la vitesse de variation de la fonction). Si l\u2019on consid\u00e8re le facteur d\u2019\u00e9chelle de l\u2019Univers &hellip; Continuer la lecture de Le probl\u00e8me immense de l\u2019acc\u00e9l\u00e9ration de l\u2019Univers est-il enfin r\u00e9solu ? &rarr;\" \/>\n<meta property=\"og:url\" content=\"https:\/\/blogs.futura-sciences.com\/barrau\/2017\/05\/31\/probleme-immense-de-lacceleration-de-lunivers-enfin-resolu\/\" \/>\n<meta property=\"og:site_name\" content=\"COSMOGONIES, le blog d&#039;Aur\u00e9lien BARRAU, astrophysicien\" \/>\n<meta property=\"article:published_time\" content=\"2017-05-31T13:55:13+00:00\" \/>\n<meta property=\"article:modified_time\" content=\"2017-06-10T09:58:32+00:00\" \/>\n<meta property=\"og:image\" content=\"https:\/\/blogs.futura-sciences.com\/barrau\/wp-content\/uploads\/sites\/12\/2017\/05\/hud2014_1000c.jpg\" \/>\n\t<meta property=\"og:image:width\" content=\"1000\" \/>\n\t<meta property=\"og:image:height\" content=\"688\" \/>\n\t<meta property=\"og:image:type\" content=\"image\/jpeg\" \/>\n<meta name=\"author\" content=\"Aur\u00e9lien Barrau\" \/>\n<meta name=\"twitter:card\" content=\"summary_large_image\" \/>\n<meta name=\"twitter:creator\" content=\"@AurelienBarrau\" \/>\n<meta name=\"twitter:label1\" content=\"\u00c9crit par\" \/>\n\t<meta name=\"twitter:data1\" content=\"Aur\u00e9lien Barrau\" \/>\n\t<meta name=\"twitter:label2\" content=\"Dur\u00e9e de lecture estim\u00e9e\" \/>\n\t<meta name=\"twitter:data2\" content=\"5 minutes\" \/>\n<script type=\"application\/ld+json\" class=\"yoast-schema-graph\">{\"@context\":\"https:\/\/schema.org\",\"@graph\":[{\"@type\":\"WebPage\",\"@id\":\"https:\/\/blogs.futura-sciences.com\/barrau\/2017\/05\/31\/probleme-immense-de-lacceleration-de-lunivers-enfin-resolu\/\",\"url\":\"https:\/\/blogs.futura-sciences.com\/barrau\/2017\/05\/31\/probleme-immense-de-lacceleration-de-lunivers-enfin-resolu\/\",\"name\":\"Le probl\u00e8me immense de l\u2019acc\u00e9l\u00e9ration de l\u2019Univers est-il enfin r\u00e9solu ?, par Aur\u00e9lien BARRAU\",\"isPartOf\":{\"@id\":\"https:\/\/blogs.futura-sciences.com\/barrau\/#website\"},\"primaryImageOfPage\":{\"@id\":\"https:\/\/blogs.futura-sciences.com\/barrau\/2017\/05\/31\/probleme-immense-de-lacceleration-de-lunivers-enfin-resolu\/#primaryimage\"},\"image\":{\"@id\":\"https:\/\/blogs.futura-sciences.com\/barrau\/2017\/05\/31\/probleme-immense-de-lacceleration-de-lunivers-enfin-resolu\/#primaryimage\"},\"thumbnailUrl\":\"https:\/\/blogs.futura-sciences.com\/barrau\/wp-content\/uploads\/sites\/12\/2017\/05\/hud2014_1000c.jpg\",\"datePublished\":\"2017-05-31T13:55:13+00:00\",\"dateModified\":\"2017-06-10T09:58:32+00:00\",\"author\":{\"@id\":\"https:\/\/blogs.futura-sciences.com\/barrau\/#\/schema\/person\/e2e59819de4b883a82fd27b5dfaecdc6\"},\"inLanguage\":\"fr-FR\",\"potentialAction\":[{\"@type\":\"ReadAction\",\"target\":[\"https:\/\/blogs.futura-sciences.com\/barrau\/2017\/05\/31\/probleme-immense-de-lacceleration-de-lunivers-enfin-resolu\/\"]}]},{\"@type\":\"ImageObject\",\"inLanguage\":\"fr-FR\",\"@id\":\"https:\/\/blogs.futura-sciences.com\/barrau\/2017\/05\/31\/probleme-immense-de-lacceleration-de-lunivers-enfin-resolu\/#primaryimage\",\"url\":\"https:\/\/blogs.futura-sciences.com\/barrau\/wp-content\/uploads\/sites\/12\/2017\/05\/hud2014_1000c.jpg\",\"contentUrl\":\"https:\/\/blogs.futura-sciences.com\/barrau\/wp-content\/uploads\/sites\/12\/2017\/05\/hud2014_1000c.jpg\",\"width\":1000,\"height\":688,\"caption\":\"Hubble Deep Field, NASA\"},{\"@type\":\"WebSite\",\"@id\":\"https:\/\/blogs.futura-sciences.com\/barrau\/#website\",\"url\":\"https:\/\/blogs.futura-sciences.com\/barrau\/\",\"name\":\"COSMOGONIES, le blog d&#039;Aur\u00e9lien BARRAU, astrophysicien\",\"description\":\"\u00ab Et le centre \u00e9tait une mo\u00adsa\u00efque d&#039;\u00e9clats, une esp\u00e8ce de dur marteau cosmique, d&#039;une lourdeur d\u00e9figu\u00adr\u00e9e, et qui retombait sans cesse comme un front dans l&#039;espace, mais avec un bruit comme distill\u00e9. Et l&#039;enveloppement cotonneux du bruit avait l&#039;instance obtuse et la p\u00e9n\u00e9tration d&#039;un regard vivant. \u00bb Antonin Artaud\",\"potentialAction\":[{\"@type\":\"SearchAction\",\"target\":{\"@type\":\"EntryPoint\",\"urlTemplate\":\"https:\/\/blogs.futura-sciences.com\/barrau\/?s={search_term_string}\"},\"query-input\":{\"@type\":\"PropertyValueSpecification\",\"valueRequired\":true,\"valueName\":\"search_term_string\"}}],\"inLanguage\":\"fr-FR\"},{\"@type\":\"Person\",\"@id\":\"https:\/\/blogs.futura-sciences.com\/barrau\/#\/schema\/person\/e2e59819de4b883a82fd27b5dfaecdc6\",\"name\":\"Aur\u00e9lien Barrau\",\"image\":{\"@type\":\"ImageObject\",\"inLanguage\":\"fr-FR\",\"@id\":\"https:\/\/blogs.futura-sciences.com\/barrau\/#\/schema\/person\/image\/\",\"url\":\"https:\/\/secure.gravatar.com\/avatar\/fab6354a518a3f0b6751190970d0613a?s=96&d=identicon&r=g\",\"contentUrl\":\"https:\/\/secure.gravatar.com\/avatar\/fab6354a518a3f0b6751190970d0613a?s=96&d=identicon&r=g\",\"caption\":\"Aur\u00e9lien Barrau\"},\"sameAs\":[\"https:\/\/x.com\/AurelienBarrau\"],\"url\":\"https:\/\/blogs.futura-sciences.com\/barrau\/author\/abarrau\/\"}]}<\/script>\n<!-- \/ Yoast SEO plugin. -->","yoast_head_json":{"title":"Le probl\u00e8me immense de l\u2019acc\u00e9l\u00e9ration de l\u2019Univers est-il enfin r\u00e9solu ?, par Aur\u00e9lien BARRAU","robots":{"index":"index","follow":"follow","max-snippet":"max-snippet:-1","max-image-preview":"max-image-preview:large","max-video-preview":"max-video-preview:-1"},"canonical":"https:\/\/blogs.futura-sciences.com\/barrau\/2017\/05\/31\/probleme-immense-de-lacceleration-de-lunivers-enfin-resolu\/","og_locale":"fr_FR","og_type":"article","og_title":"Le probl\u00e8me immense de l\u2019acc\u00e9l\u00e9ration de l\u2019Univers est-il enfin r\u00e9solu ?, par Aur\u00e9lien BARRAU","og_description":"En math\u00e9matiques, on utilise souvent ce qu\u2019on nomme un d\u00e9veloppement limit\u00e9. Cela consiste \u00e0 approximer une fonction suffisamment r\u00e9guli\u00e8re par une s\u00e9rie de termes dont chacun fait intervenir une d\u00e9riv\u00e9 d\u2019ordre plus \u00e9lev\u00e9e que le pr\u00e9c\u00e9dent (la d\u00e9riv\u00e9 renseigne sur la vitesse de variation de la fonction). Si l\u2019on consid\u00e8re le facteur d\u2019\u00e9chelle de l\u2019Univers &hellip; Continuer la lecture de Le probl\u00e8me immense de l\u2019acc\u00e9l\u00e9ration de l\u2019Univers est-il enfin r\u00e9solu ? &rarr;","og_url":"https:\/\/blogs.futura-sciences.com\/barrau\/2017\/05\/31\/probleme-immense-de-lacceleration-de-lunivers-enfin-resolu\/","og_site_name":"COSMOGONIES, le blog d&#039;Aur\u00e9lien BARRAU, astrophysicien","article_published_time":"2017-05-31T13:55:13+00:00","article_modified_time":"2017-06-10T09:58:32+00:00","og_image":[{"width":1000,"height":688,"url":"https:\/\/blogs.futura-sciences.com\/barrau\/wp-content\/uploads\/sites\/12\/2017\/05\/hud2014_1000c.jpg","type":"image\/jpeg"}],"author":"Aur\u00e9lien Barrau","twitter_card":"summary_large_image","twitter_creator":"@AurelienBarrau","twitter_misc":{"\u00c9crit par":"Aur\u00e9lien Barrau","Dur\u00e9e de lecture estim\u00e9e":"5 minutes"},"schema":{"@context":"https:\/\/schema.org","@graph":[{"@type":"WebPage","@id":"https:\/\/blogs.futura-sciences.com\/barrau\/2017\/05\/31\/probleme-immense-de-lacceleration-de-lunivers-enfin-resolu\/","url":"https:\/\/blogs.futura-sciences.com\/barrau\/2017\/05\/31\/probleme-immense-de-lacceleration-de-lunivers-enfin-resolu\/","name":"Le probl\u00e8me immense de l\u2019acc\u00e9l\u00e9ration de l\u2019Univers est-il enfin r\u00e9solu ?, par Aur\u00e9lien BARRAU","isPartOf":{"@id":"https:\/\/blogs.futura-sciences.com\/barrau\/#website"},"primaryImageOfPage":{"@id":"https:\/\/blogs.futura-sciences.com\/barrau\/2017\/05\/31\/probleme-immense-de-lacceleration-de-lunivers-enfin-resolu\/#primaryimage"},"image":{"@id":"https:\/\/blogs.futura-sciences.com\/barrau\/2017\/05\/31\/probleme-immense-de-lacceleration-de-lunivers-enfin-resolu\/#primaryimage"},"thumbnailUrl":"https:\/\/blogs.futura-sciences.com\/barrau\/wp-content\/uploads\/sites\/12\/2017\/05\/hud2014_1000c.jpg","datePublished":"2017-05-31T13:55:13+00:00","dateModified":"2017-06-10T09:58:32+00:00","author":{"@id":"https:\/\/blogs.futura-sciences.com\/barrau\/#\/schema\/person\/e2e59819de4b883a82fd27b5dfaecdc6"},"inLanguage":"fr-FR","potentialAction":[{"@type":"ReadAction","target":["https:\/\/blogs.futura-sciences.com\/barrau\/2017\/05\/31\/probleme-immense-de-lacceleration-de-lunivers-enfin-resolu\/"]}]},{"@type":"ImageObject","inLanguage":"fr-FR","@id":"https:\/\/blogs.futura-sciences.com\/barrau\/2017\/05\/31\/probleme-immense-de-lacceleration-de-lunivers-enfin-resolu\/#primaryimage","url":"https:\/\/blogs.futura-sciences.com\/barrau\/wp-content\/uploads\/sites\/12\/2017\/05\/hud2014_1000c.jpg","contentUrl":"https:\/\/blogs.futura-sciences.com\/barrau\/wp-content\/uploads\/sites\/12\/2017\/05\/hud2014_1000c.jpg","width":1000,"height":688,"caption":"Hubble Deep Field, NASA"},{"@type":"WebSite","@id":"https:\/\/blogs.futura-sciences.com\/barrau\/#website","url":"https:\/\/blogs.futura-sciences.com\/barrau\/","name":"COSMOGONIES, le blog d&#039;Aur\u00e9lien BARRAU, astrophysicien","description":"\u00ab Et le centre \u00e9tait une mo\u00adsa\u00efque d&#039;\u00e9clats, une esp\u00e8ce de dur marteau cosmique, d&#039;une lourdeur d\u00e9figu\u00adr\u00e9e, et qui retombait sans cesse comme un front dans l&#039;espace, mais avec un bruit comme distill\u00e9. Et l&#039;enveloppement cotonneux du bruit avait l&#039;instance obtuse et la p\u00e9n\u00e9tration d&#039;un regard vivant. \u00bb Antonin Artaud","potentialAction":[{"@type":"SearchAction","target":{"@type":"EntryPoint","urlTemplate":"https:\/\/blogs.futura-sciences.com\/barrau\/?s={search_term_string}"},"query-input":{"@type":"PropertyValueSpecification","valueRequired":true,"valueName":"search_term_string"}}],"inLanguage":"fr-FR"},{"@type":"Person","@id":"https:\/\/blogs.futura-sciences.com\/barrau\/#\/schema\/person\/e2e59819de4b883a82fd27b5dfaecdc6","name":"Aur\u00e9lien Barrau","image":{"@type":"ImageObject","inLanguage":"fr-FR","@id":"https:\/\/blogs.futura-sciences.com\/barrau\/#\/schema\/person\/image\/","url":"https:\/\/secure.gravatar.com\/avatar\/fab6354a518a3f0b6751190970d0613a?s=96&d=identicon&r=g","contentUrl":"https:\/\/secure.gravatar.com\/avatar\/fab6354a518a3f0b6751190970d0613a?s=96&d=identicon&r=g","caption":"Aur\u00e9lien Barrau"},"sameAs":["https:\/\/x.com\/AurelienBarrau"],"url":"https:\/\/blogs.futura-sciences.com\/barrau\/author\/abarrau\/"}]}},"_links":{"self":[{"href":"https:\/\/blogs.futura-sciences.com\/barrau\/wp-json\/wp\/v2\/posts\/857","targetHints":{"allow":["GET"]}}],"collection":[{"href":"https:\/\/blogs.futura-sciences.com\/barrau\/wp-json\/wp\/v2\/posts"}],"about":[{"href":"https:\/\/blogs.futura-sciences.com\/barrau\/wp-json\/wp\/v2\/types\/post"}],"author":[{"embeddable":true,"href":"https:\/\/blogs.futura-sciences.com\/barrau\/wp-json\/wp\/v2\/users\/10"}],"replies":[{"embeddable":true,"href":"https:\/\/blogs.futura-sciences.com\/barrau\/wp-json\/wp\/v2\/comments?post=857"}],"version-history":[{"count":5,"href":"https:\/\/blogs.futura-sciences.com\/barrau\/wp-json\/wp\/v2\/posts\/857\/revisions"}],"predecessor-version":[{"id":864,"href":"https:\/\/blogs.futura-sciences.com\/barrau\/wp-json\/wp\/v2\/posts\/857\/revisions\/864"}],"wp:featuredmedia":[{"embeddable":true,"href":"https:\/\/blogs.futura-sciences.com\/barrau\/wp-json\/wp\/v2\/media\/861"}],"wp:attachment":[{"href":"https:\/\/blogs.futura-sciences.com\/barrau\/wp-json\/wp\/v2\/media?parent=857"}],"wp:term":[{"taxonomy":"category","embeddable":true,"href":"https:\/\/blogs.futura-sciences.com\/barrau\/wp-json\/wp\/v2\/categories?post=857"},{"taxonomy":"post_tag","embeddable":true,"href":"https:\/\/blogs.futura-sciences.com\/barrau\/wp-json\/wp\/v2\/tags?post=857"}],"curies":[{"name":"wp","href":"https:\/\/api.w.org\/{rel}","templated":true}]}}