{"id":703,"date":"2017-02-13T20:04:25","date_gmt":"2017-02-13T19:04:25","guid":{"rendered":"http:\/\/blogs.futura-sciences.com\/barrau\/?p=703"},"modified":"2017-02-18T21:33:08","modified_gmt":"2017-02-18T20:33:08","slug":"contre-faits-alternatifs-nuance-radicale","status":"publish","type":"post","link":"https:\/\/blogs.futura-sciences.com\/barrau\/2017\/02\/13\/contre-faits-alternatifs-nuance-radicale\/","title":{"rendered":"Contre les &#8220;faits alternatifs&#8221;, la nuance radicale"},"content":{"rendered":"<p>La nouvelle administration am\u00e9ricaine ne nous aura rien \u00e9pargn\u00e9. \u00c0 la vulgarit\u00e9, \u00e0 la misogynie, au racisme, \u00e0 l\u2019ignorance, au m\u00e9pris du pauvre et du faible, ils auront ajout\u00e9 une nouvelle strate de b\u00eatise dangereuse (qui n\u2019est d\u2019ailleurs pas h\u00e9t\u00e9rog\u00e8ne aux autres m\u00e9faits juste mentionn\u00e9s) : la haine de la v\u00e9rit\u00e9.<\/p>\n<p>Nier, par exemple, le r\u00e9chauffement climatique n\u2019est pas qu\u2019un geste symbolique stupide et path\u00e9tique, c\u2019est un acte criminel. C\u2019est peut-\u00eatre m\u00eame commettre l\u2019ignominie supr\u00eame : faire par avance payer \u00e0 ceux qui ne sont pas encore (pas seulement les hommes mais aussi les milliers de milliards d\u2019animaux concern\u00e9s) le prix exorbitant, c\u2019est-\u00e0-dire l\u00e9tal, du petit suppl\u00e9ment de luxe que les privil\u00e9gi\u00e9s de note temps veulent s\u2019octroyer encore, pour jouir sans fr\u00e9mir une derni\u00e8re fois, jusqu&#8217;\u00e0 l&#8217;ivresse.<\/p>\n<p>Entraver la libert\u00e9 de communication des scientifiques est un sympt\u00f4me. Celui d\u2019une angoisse pathologique qui traverse les hautes sph\u00e8res de l\u2019Etat am\u00e9ricain : l\u2019angoisse de la v\u00e9rit\u00e9.<br \/>\nSoyons donc parfaitement clairs et sans la moindre ambigu\u00eft\u00e9 : ce comportement n\u00e9gationniste et falsificationiste, cette g\u00e9n\u00e9ralisation du mensonge d\u00e9lib\u00e9r\u00e9, doivent \u00eatre combattus et r\u00e9fut\u00e9s avec la plus grande virulence. Il est exclusivement nuisible et ne peut b\u00e9n\u00e9ficier d\u2019aucune circonstance att\u00e9nuante. C\u2019est l\u00e0, me semble-t-il, un point qui n\u2019appelle aucune discussion suppl\u00e9mentaire.<\/p>\n<figure id=\"attachment_702\" aria-describedby=\"caption-attachment-702\" style=\"width: 474px\" class=\"wp-caption aligncenter\"><img loading=\"lazy\" decoding=\"async\" class=\"size-large wp-image-702\" src=\"https:\/\/blogs.futura-sciences.com\/barrau\/wp-content\/uploads\/sites\/12\/2017\/02\/donald-trump-1024x683.jpg\" alt=\"\" width=\"474\" height=\"316\" srcset=\"https:\/\/blogs.futura-sciences.com\/barrau\/wp-content\/uploads\/sites\/12\/2017\/02\/donald-trump-1024x683.jpg 1024w, https:\/\/blogs.futura-sciences.com\/barrau\/wp-content\/uploads\/sites\/12\/2017\/02\/donald-trump-450x300.jpg 450w, https:\/\/blogs.futura-sciences.com\/barrau\/wp-content\/uploads\/sites\/12\/2017\/02\/donald-trump-768x512.jpg 768w, https:\/\/blogs.futura-sciences.com\/barrau\/wp-content\/uploads\/sites\/12\/2017\/02\/donald-trump.jpg 1180w\" sizes=\"auto, (max-width: 474px) 100vw, 474px\" \/><figcaption id=\"caption-attachment-702\" class=\"wp-caption-text\">Kellyanne Conway, conseill\u00e8re de Donald Trump, ayant invent\u00e9 un massacre qui n&#8217;a jamais exist\u00e9. (Eduardo Munoz\/ Reuters)<\/figcaption><\/figure>\n<p><!--more--><\/p>\n<p>Certains ont qualifi\u00e9 ce d\u00e9ni de la v\u00e9rit\u00e9 de \u00ab\u00a0post-v\u00e9rit\u00e9\u00a0\u00bb. Ce concept est faible et laisse \u00e0 tort entendre qu\u2019avant le nouveau pr\u00e9sident am\u00e9ricain notre attachement \u00e0 la v\u00e9rit\u00e9 \u00e9tait pur et inconditionnel (voir une analyse de la pauvret\u00e9 de cette id\u00e9e\u00a0<a href=\"https:\/\/blogs.mediapart.fr\/mordraal\/blog\/241216\/la-post-verite-une-imbecilite-confortable\" target=\"_blank\">ici<\/a>). N\u00e9anmoins, l&#8217;image g\u00e9n\u00e9rale d\u2019un affaiblissement condamnable de l\u2019exigence de v\u00e9rit\u00e9, venant aujourd\u2019hui de l\u2019Ouest, est effectivement correcte. N\u2019oublions pas d\u2019ailleurs qu\u2019Occident est, \u00e9tymologiquement, le nom de la chute. Il est urgent, n\u00e9cessaire et &#8211; osons le mot &#8211; vital de s\u2019insurger contre cette d\u00e9rive. Luttons donc de toutes nos forces contre cette \u00e8re de la post-v\u00e9rit\u00e9 (en attendant un meilleur nom ou un concept plus dense pour la qualifier).<\/p>\n<figure id=\"attachment_706\" aria-describedby=\"caption-attachment-706\" style=\"width: 474px\" class=\"wp-caption aligncenter\"><img loading=\"lazy\" decoding=\"async\" class=\"size-large wp-image-706\" src=\"https:\/\/blogs.futura-sciences.com\/barrau\/wp-content\/uploads\/sites\/12\/2017\/02\/16300464_1252220261523318_7576296590951528823_o-1024x937.jpg\" alt=\"\" width=\"474\" height=\"434\" srcset=\"https:\/\/blogs.futura-sciences.com\/barrau\/wp-content\/uploads\/sites\/12\/2017\/02\/16300464_1252220261523318_7576296590951528823_o-1024x937.jpg 1024w, https:\/\/blogs.futura-sciences.com\/barrau\/wp-content\/uploads\/sites\/12\/2017\/02\/16300464_1252220261523318_7576296590951528823_o-450x412.jpg 450w, https:\/\/blogs.futura-sciences.com\/barrau\/wp-content\/uploads\/sites\/12\/2017\/02\/16300464_1252220261523318_7576296590951528823_o-768x703.jpg 768w, https:\/\/blogs.futura-sciences.com\/barrau\/wp-content\/uploads\/sites\/12\/2017\/02\/16300464_1252220261523318_7576296590951528823_o.jpg 1049w\" sizes=\"auto, (max-width: 474px) 100vw, 474px\" \/><figcaption id=\"caption-attachment-706\" class=\"wp-caption-text\">Article parodique, dans un journal fictif, \u00e9crit pour moquer &#8211; \u00e0 juste titre ! &#8211; le d\u00e9rive initi\u00e9e par la vision du pr\u00e9sident am\u00e9ricain sur la pratique scientifique.<\/figcaption><\/figure>\n<p>L\u2019emploi de l\u2019expression \u00ab fait alternatifs\u00a0\u00bb par Kellyanne Conway, conseill\u00e8re de Trump, a mis le feu aux poudres. Et pour cause ! Inventer par exemple, comme elle le fit, un massacre qui n\u2019a jamais exist\u00e9 pour alimenter une rh\u00e9torique haineuse doit susciter une r\u00e9action de saine indignation. Ce cynisme sans limite est ahurissant.<\/p>\n<p>Pour autant, ne tombons pas dans l&#8217;autre pi\u00e8ge. L\u2019autre pi\u00e8ge, ce serait de croire qu\u2019en effet le r\u00e9el est parfaitement donn\u00e9, qu\u2019il est limpide, qu\u2019il est simple et offert, qu\u2019il est transparent, qu\u2019il n\u2019y a jamais d\u2019alternative, de contexte, que nos convictions-croyances de l&#8217;instant sont des certitudes.<br \/>\nLa sup\u00e9riorit\u00e9 des blancs sur les noirs, des hommes sur le femmes ont \u00e9t\u00e9 des \u00e9vidences du pass\u00e9. Des \u00e9vidences qui ne supportaient pas le questionnement. De m\u00eame que la position centrale de la Terre ou la s\u00e9paration radicale des esp\u00e8ce vivantes. Heureusement, ces \u00ab\u00a0v\u00e9rit\u00e9s \u00e9videntes\u00a0\u00bb ont \u00e9t\u00e9 revues.<br \/>\nEt, m\u00eame dans un syst\u00e8me de pens\u00e9e donn\u00e9 (par exemple scientifique) et \u00e0 un moment fix\u00e9 de son histoire, il existe en effet des alternatives. On pourrait arguer que les faits sont ce qu\u2019ils sont et que seules les descriptions changent mais ce serait na\u00eff : les faits d\u00e9pendent \u00e9videmment du paradigme dans lequel ils sont appr\u00e9hend\u00e9s. Sauf \u00e0 se croire Dieu, personne ne touche ou ne voit la \u00ab chose en soi\u00a0\u00bb.<br \/>\nLa Terre tourne autour du Soleil. Oui, mais le \u00ab\u00a0fait alternatif\u00a0\u00bb le Soleil tourne autour de la Terre est vrai \u00e9galement (dans un autre r\u00e9f\u00e9rentiel, moins pratique mais pas interdit).<br \/>\nL\u2019Univers est en expansion. Oui, mais le \u00ab\u00a0fait alternatif\u00a0\u00bb l\u2019Univers est statique est vrai \u00e9galement (dans un autre syst\u00e8me de coordonn\u00e9es, moins pratique mais pas interdit).<br \/>\nLa lumi\u00e8re est une onde. Oui, mais le \u00ab\u00a0fait alternatif\u00a0\u00bb la lumi\u00e8re est un corpuscule est vrai \u00e9galement (dans le contexte quantique bien souvent essentiel).<br \/>\nLe temps d\u2019\u00e9coule. Oui, mais le \u00ab\u00a0fait alternatif\u00a0\u00bb le temps n\u2019existe pas est vrai \u00e9galement (si l\u2019on prend au pied la lettre la th\u00e9orie de la relativit\u00e9 g\u00e9n\u00e9rale).<br \/>\nOn pourrait multiplier les exemples \u00e0 l\u2019infini.<\/p>\n<p>Qu\u2019en conclure ?<br \/>\nCertainement pas que toutes les alternatives sont bonnes, que tout est vrai, que rien n\u2019est d\u00e9cidable. Je le mart\u00e8le &#8211; une fois de plus car il faut le faire &#8211; avec vigueur : il n&#8217;est pas\u00a0envisageable un instant de proposer cela. Cette id\u00e9e serait nihiliste et doit \u00eatre r\u00e9fut\u00e9e sans h\u00e9sitation.<\/p>\n<p>Mais rien ne serait pire que de combattre la rh\u00e9torique nocive du d\u00e9ni de v\u00e9rit\u00e9 (appelons-l\u00e0 donc provisoirement &#8220;post-v\u00e9rit\u00e9&#8221;) par la croyance na\u00efve et finalement dangereuse en une v\u00e9rit\u00e9 absolue, unique et connue (appelons-l\u00e0 &#8220;sur-v\u00e9rit\u00e9&#8221; comme le l\u2019ai propos\u00e9 <a href=\"https:\/\/diacritik.com\/2017\/01\/24\/entre-post-verite-et-sur-verite\/\" target=\"_blank\">ici<\/a>) refusant le doute et la remise en cause. Parce que s\u2019il est un fait que tout ne se vaut pas, il est aussi un fait que la quasi-totalit\u00e9 des v\u00e9rit\u00e9s du pass\u00e9 se sont r\u00e9v\u00e9l\u00e9es \u00eatre des erreurs et qu\u2019une partie des v\u00e9rit\u00e9s pr\u00e9sentes ne le sont que moyennant un syst\u00e8me d\u2019\u00e9valuation qui est \u00e9videmment partiellement construit et r\u00e9futable.<\/p>\n<p>Nietzsche rappelait qu\u2019il n\u2019y a pas de faits, que des interpr\u00e9tations. Ceci pour nous enjoindre \u00e0 une plus grande porosit\u00e9 \u00e0 la richesse et \u00e0 l\u2019\u00e9tranget\u00e9 du r\u00e9el. Et, contrairement \u00e0 ce qu\u2019une lecture simpliste et radicalement erron\u00e9e pourrait laisser croire, il s\u2019agit en fait du tr\u00e8s exact oppos\u00e9 de la posture de Conway (voir une analyse\u00a0<a href=\"https:\/\/diacritik.com\/2017\/02\/06\/conway-et-nietzsche-faits-alternatifs-vs-perspectives-infinies-par-dorian-astor\/\" target=\"_blank\">ici<\/a>).<\/p>\n<p>La d\u00e9rive fascisante \u00e0 laquelle nous faisons face nous menace donc par deux \u00e9cueils. Le premier serait le d\u00e9ni de la v\u00e9rit\u00e9. C\u2019est la posture de l\u2019administration am\u00e9ricaine qui r\u00e9vise le r\u00e9el de fa\u00e7on \u00e0 tenter de s\u2019assurer que ce dernier puisse \u00eatre enti\u00e8rement remodel\u00e9 par le \u00ab\u00a0roi\u00a0\u00bb (ou le bouffon qui en tient actuellement lieu). Le second serait d\u2019opposer \u00e0 cette abomination une vision scientiste extr\u00eame qui interdirait la r\u00e9flexion sur le concept de v\u00e9rit\u00e9, la nuance, la contextualisation. Parce que &#8211; que cela plaise ou non -, il y a effectivement parfois des faits alternatifs. Le fait apparement ind\u00e9niable \u00ab\u00a0la Terre exerce une force d\u2019attraction sur la Lune\u00a0\u00bb a \u00e9t\u00e9 remplac\u00e9 par un autre fait \u00ab il n\u2019y a aucune force d\u2019attraction, la Lune se meut librement, mais dans un espace courb\u00e9 par la Terre\u00bb. Interdire le questionnement des faits serait interdire toute forme d\u2019avanc\u00e9e scientifique, et sans doute m\u00eame \u00e9thique et esth\u00e9tique. Ce serait s&#8217;opposer \u00e0 l&#8217;essence m\u00eame du geste scientifique qui se fonde sur la remise en cause permanente de ce que l&#8217;on croit savoir.<\/p>\n<p>Le probl\u00e8me n\u2019est pas d\u2019interroger le r\u00e9el. Qu\u2019on appelle cela \u00ab fait\u00a0\u00bb ou \u00ab\u00a0interpr\u00e9tation\u00a0\u00bb ne change pas grand chose. Il faut le faire ! Toutes les grandes r\u00e9volutions intellectuelles ont \u00e9t\u00e9 permises parce qu\u2019on a proc\u00e9d\u00e9 \u00e0 ce genre de d\u00e9constructions. Y renoncer serait un d\u00e9sastre. Le probl\u00e8me est l\u2019intentionnalit\u00e9 : le fait-on pour mieux d\u00e9crire, pour mieux comprendre, pour ouvrir des possibles ? Ou le fait-on pour asservir, trahir, tromper ? L&#8217;\u00e9cart est immense. Le crit\u00e8re essentiel initial n\u2019est pas la v\u00e9rit\u00e9, parce qu\u2019elle est &#8211; pour le meilleur ou pour le pire, mais c&#8217;est ainsi ! &#8211; sujette \u00e0 \u00e9volution. Le crit\u00e8re primordial ici, c\u2019est l\u2019honn\u00eatet\u00e9. Et c\u2019est pr\u00e9cis\u00e9ment ce qui fait aujourd\u2019hui souvent d\u00e9faut. \u00c9videmment, la v\u00e9rit\u00e9 demeure in fine ce qui tranchera dans bien des cas. Mais il faut laisser \u00e0 ses modalit\u00e9s le temps de s&#8217;adapter au syst\u00e8me potentiellement infl\u00e9chi. <\/p>\n<p>Dans un de ses textes magnifiques, Jacques Derrida, dont le courage et la subtilit\u00e9 font tant d\u00e9faut dans le temps de crispations, de perfidies et de caricatures que nous traversons, proposait une \u00ab\u00a0Universit\u00e9 sans condition\u00a0\u00bb. Une universit\u00e9 sanctuaire o\u00f9 toutes les questions pourraient \u00eatre pos\u00e9es. Mais, naturellement, il fallait que ces questions soit honn\u00eates : qu\u2019elles servent \u00e0 d\u00e9voiler et non \u00e0 d\u00e9voyer. Et, surtout, il fallait comprendre que la possibilit\u00e9 de toutes les questions ne signifie nullement la l\u00e9gitimit\u00e9 de toutes les r\u00e9ponses ! \u00c9videmment.<br \/>\nCe n&#8217;est d&#8217;ailleurs pas une proposition postmoderne (un mot sans grand sens) subversive : c&#8217;est presque exactement un rappel aux rudiments de la d\u00e9marche scientifique qui fonctionne pr\u00e9cis\u00e9ment par doute et refus du dogme comme du tabou.<\/p>\n<p><img loading=\"lazy\" decoding=\"async\" src=\"https:\/\/blogs.futura-sciences.com\/barrau\/wp-content\/uploads\/sites\/12\/2016\/09\/31Sn01zKWkL._SX328_BO1204203200_.jpg\" alt=\"\" width=\"330\" height=\"499\" class=\"aligncenter size-full wp-image-730\" srcset=\"https:\/\/blogs.futura-sciences.com\/barrau\/wp-content\/uploads\/sites\/12\/2016\/09\/31Sn01zKWkL._SX328_BO1204203200_.jpg 330w, https:\/\/blogs.futura-sciences.com\/barrau\/wp-content\/uploads\/sites\/12\/2016\/09\/31Sn01zKWkL._SX328_BO1204203200_-298x450.jpg 298w\" sizes=\"auto, (max-width: 330px) 100vw, 330px\" \/><\/p>\n<p>N\u2019interdisons surtout pas de questionner la v\u00e9rit\u00e9, le monde, le sens. Si nous cessions de le faire, c\u2019est la pens\u00e9e elle-m\u00eame qui s\u2019\u00e9tiolerait avant de se mourir. Mais n\u2019autorisons \u00e9videment pas toutes les r\u00e9ponses \u00e0 ces salutaires interrogations. Si nous le faisions c\u2019est l\u2019exigence d\u2019honn\u00eatet\u00e9 et de rectitude qui s\u2019\u00e9vanouirait.<\/p>\n<p>La distinction parfois op\u00e9r\u00e9e entre faits (mesures) et th\u00e9ories (interpr\u00e9tation et pr\u00e9diction des faits) est utile dans certains cas quasi-triviaux. Mais elles est \u00e9videmment caricaturale puisqu&#8217;une mesure n&#8217;a de sens que dans un cadre &#8211; donc une th\u00e9orie &#8211; qui la sous-tend et la rend possible. Je peux mesurer une trajectoire (en physique classique) sauf si le corpus th\u00e9orique change (physique quantique) et montre la vacuit\u00e9 conceptuelle de l&#8217;id\u00e9e m\u00eame de trajectoire. Le fait n&#8217;est donc pas ind\u00e9pendant du cadre qui est n\u00e9cessaire ne serait-ce que pour d\u00e9finir ce qui est mesur\u00e9. Il n&#8217;est jamais strictement d\u00e9tach\u00e9 de toute interpr\u00e9tation. La pire offense \u00e0 la pens\u00e9e scientifique consisterait pr\u00e9cis\u00e9ment \u00e0 nier le complexit\u00e9 de nos analyses, la subtilit\u00e9 de nos \u00e9laborations, l&#8217;intrication de nos concepts, et \u00e0 feindre une transparence et une \u00e9vidence qui s&#8217;opposent \u00e0 l&#8217;essence du geste en question. On rebaptise g\u00e9n\u00e9ralement a posteriori &#8220;croyance du pass\u00e9&#8221; ce qu&#8217;on appelait &#8220;fait&#8221; dans le paradigme d&#8217;alors. Soyons honn\u00eates et pr\u00e9cis, me masquons pas les incertitudes : y faire face sans tituber est une des dignit\u00e9s de la d\u00e9marche.<br \/>\n(Sans m\u00eame mentionner que la science n&#8217;est, de plus, pas la seule mani\u00e8re de faire fonctionner le r\u00e9el.)<\/p>\n<p>Face aux deux p\u00e9rils (post-v\u00e9rit\u00e9 et sur-v\u00e9rit\u00e9), entrons en r\u00e9sistance. Par une philosophie de l\u2019amour, c\u2019est-\u00e0-dire de l&#8217;alt\u00e9rit\u00e9.<br \/>\nIci, en Europe occidentale, le risque de la post-v\u00e9rit\u00e9 (c\u2019est-\u00e0-dire du d\u00e9ni de la v\u00e9rit\u00e9 et de tout l\u2019immense danger qui en d\u00e9coule) a heureusement \u00e9t\u00e9, semble-t-il bien identifi\u00e9. Ne baissons pas la garde. Mais restons aussi vigilant face \u00e0 l\u2019autre risque, celui de la sur-v\u00e9rit\u00e9 (c\u2019est-\u00e0-dire de l\u2019interdiction de penser qu\u2019un autre monde que celui qui nous est familier et nous semble \u00e9vident est possible et parfois m\u00eame r\u00e9el). Si la lutte contre le premier \u00e9cueil nous poussait vers le second, nous serions seulement tomb\u00e9s de Charybde en Scylla et ferions route vers un autre totalitarisme dont l\u2019Histoire nous a montr\u00e9 les m\u00e9faits. Une seule r\u00e9sistance est possible : la nuance de l\u2019intelligence.<\/p>\n<p>L&#8217;obscurantisme &#8220;trumpiste&#8221; est un danger radical. De ceux qui pourraient avoir des cons\u00e9quences illimit\u00e9es. De ceux qui engagent bien au-del\u00e0 de la seule soci\u00e9t\u00e9 qui s&#8217;y fourvoie. De ceux qui pourraient placer la totalit\u00e9 du monde en situation dramatique.<br \/>\nEn parall\u00e8le, l&#8217;immobilisme &#8220;normativiste-scientiste&#8221; (qui est strictement anti-scientifique puisqu&#8217;il sacralise la science alors m\u00eame que celle-ci est en son fondement une pens\u00e9e dynamique en \u00e9ternel renouvellement) se d\u00e9ploie de mani\u00e8re effrayante. Allant parfois jusqu&#8217;\u00e0 qualifier de &#8220;n\u00e9gationnistes&#8221; ou &#8220;d&#8217;impostures&#8221; les pens\u00e9es exploratoires et honn\u00eates hors du &#8220;mainstream&#8221;, les \u00e9critures litt\u00e9raires et po\u00e9tiques, les gestes artistiques exp\u00e9rimentaux, les d\u00e9sirs de voir ou d&#8217;arpenter des mondes qui ne rel\u00e8vent pas de la seule science dure, les efforts pour cr\u00e9er des possibles in\u00e9vidents, ce scientisme aveugle impose une insupportable atrophie au r\u00e9el et aux devenirs.<br \/>\nJe ne veux ni de l&#8217;un, ni de l&#8217;autre. Et surtout pas que le refus &#8211; n\u00e9cessaire &#8211; du premier conduise au second.<\/p>\n<p>Ce que je sugg\u00e8re ici serait comme <strong>l&#8217;exact oppos\u00e9 d&#8217;un affaiblissement de la v\u00e9rit\u00e9<\/strong>. Ce serait, \u00e0 l&#8217;inverse, une tentative humble de ne plus mentir &#8211; ou exag\u00e9rer &#8211; au sujet de la v\u00e9rit\u00e9 en feignant sa totale limpidit\u00e9. Chacun sait que le concept a \u00e9volu\u00e9, c&#8217;est une \u00e9vidence historique, tr\u00e8s radicalement depuis son acception grecque (et ici d\u00e9j\u00e0 il faudrait distinguer entre le substantif <em>aletheia<\/em> et l&#8217;adjectif substantiv\u00e9 <em>to alethes<\/em> qui n&#8217;avaient pas le m\u00eame sens). Je propose d&#8217;en comprendre plus pr\u00e9cis\u00e9ment les modalit\u00e9s afin d&#8217;en permettre plus ad\u00e9quatement sa mise en oeuvre. Afin de contrer avec plus de cr\u00e9dibilit\u00e9 les mensonges qui nous entourent. Afin d&#8217;ouvrir d&#8217;autres possible jusqu&#8217;alors impens\u00e9s. Qu&#8217;avons-nous \u00e0 gagner \u00e0 &#8220;feindre&#8221; une univocit\u00e9 qui est certes parfois limpide &#8211; et qu&#8217;il faut alors souligner ! &#8211; mais qui, dans d&#8217;autres circonstances, est \u00e0 l&#8217;\u00e9vidence contredite par toute analyse honn\u00eate et minutieuse ? Ne mentons pas au nom de la v\u00e9rit\u00e9, rien ne serait plus triste et plus dangereux. <\/p>\n<p>Faut-il donc \u00eatre radical ou nuanc\u00e9 ? Radicalement nuanc\u00e9, je crois. C\u2019est une posture inactuelle. Tant pis. Je plaide pour ce courage &#8220;intranquille&#8221;, pourrait-on dire en parodiant l&#8217;immense po\u00e8te Fernando Pessoa. <\/p>\n<p>(Une petite vid\u00e9o pertinente sur la mani\u00e8re dont les mensonges de Donald Trump devraient \u00eatre trait\u00e9s par la presse <a href=\"https:\/\/www.facebook.com\/gq\/videos\/10155718333918098\/\" target=\"_blank\">ici<\/a>)<\/p>\n<!-- AddThis Advanced Settings generic via filter on the_content --><!-- AddThis Share Buttons generic via filter on the_content -->","protected":false},"excerpt":{"rendered":"<p>La nouvelle administration am\u00e9ricaine ne nous aura rien \u00e9pargn\u00e9. \u00c0 la vulgarit\u00e9, \u00e0 la misogynie, au racisme, \u00e0 l\u2019ignorance, au m\u00e9pris du pauvre et du faible, ils auront ajout\u00e9 une nouvelle strate de b\u00eatise dangereuse (qui n\u2019est d\u2019ailleurs pas h\u00e9t\u00e9rog\u00e8ne aux autres m\u00e9faits juste mentionn\u00e9s) : la haine de la v\u00e9rit\u00e9. Nier, par exemple, le &hellip; <a href=\"https:\/\/blogs.futura-sciences.com\/barrau\/2017\/02\/13\/contre-faits-alternatifs-nuance-radicale\/\" class=\"more-link\">Continuer la lecture de <span class=\"screen-reader-text\">Contre les &#8220;faits alternatifs&#8221;, la nuance radicale<\/span>  <span class=\"meta-nav\">&rarr;<\/span><\/a><!-- AddThis Advanced Settings generic via filter on get_the_excerpt --><!-- AddThis Share Buttons generic via filter on get_the_excerpt --><\/p>\n","protected":false},"author":10,"featured_media":718,"comment_status":"open","ping_status":"open","sticky":false,"template":"","format":"standard","meta":{"footnotes":"","_links_to":"","_links_to_target":""},"categories":[5],"tags":[89,87,88],"class_list":["post-703","post","type-post","status-publish","format-standard","has-post-thumbnail","hentry","category-science","tag-faits-alternatifs","tag-post-verite","tag-sur-verite"],"yoast_head":"<!-- This site is optimized with the Yoast SEO plugin v24.1 - https:\/\/yoast.com\/wordpress\/plugins\/seo\/ -->\n<title>Contre les &quot;faits alternatifs&quot;, la nuance radicale, par Aur\u00e9lien BARRAU<\/title>\n<meta name=\"robots\" content=\"index, follow, max-snippet:-1, max-image-preview:large, max-video-preview:-1\" \/>\n<link rel=\"canonical\" href=\"https:\/\/blogs.futura-sciences.com\/barrau\/2017\/02\/13\/contre-faits-alternatifs-nuance-radicale\/\" \/>\n<meta property=\"og:locale\" content=\"fr_FR\" \/>\n<meta property=\"og:type\" content=\"article\" \/>\n<meta property=\"og:title\" content=\"Contre les &quot;faits alternatifs&quot;, la nuance radicale, par Aur\u00e9lien BARRAU\" \/>\n<meta property=\"og:description\" content=\"La nouvelle administration am\u00e9ricaine ne nous aura rien \u00e9pargn\u00e9. \u00c0 la vulgarit\u00e9, \u00e0 la misogynie, au racisme, \u00e0 l\u2019ignorance, au m\u00e9pris du pauvre et du faible, ils auront ajout\u00e9 une nouvelle strate de b\u00eatise dangereuse (qui n\u2019est d\u2019ailleurs pas h\u00e9t\u00e9rog\u00e8ne aux autres m\u00e9faits juste mentionn\u00e9s) : la haine de la v\u00e9rit\u00e9. Nier, par exemple, le &hellip; Continuer la lecture de Contre les &#8220;faits alternatifs&#8221;, la nuance radicale &rarr;\" \/>\n<meta property=\"og:url\" content=\"https:\/\/blogs.futura-sciences.com\/barrau\/2017\/02\/13\/contre-faits-alternatifs-nuance-radicale\/\" \/>\n<meta property=\"og:site_name\" content=\"COSMOGONIES, le blog d&#039;Aur\u00e9lien BARRAU, astrophysicien\" \/>\n<meta property=\"article:published_time\" content=\"2017-02-13T19:04:25+00:00\" \/>\n<meta property=\"article:modified_time\" content=\"2017-02-18T20:33:08+00:00\" \/>\n<meta property=\"og:image\" content=\"https:\/\/blogs.futura-sciences.com\/barrau\/wp-content\/uploads\/sites\/12\/2016\/09\/303023_194430880635600_1056217219_n.jpg\" \/>\n\t<meta property=\"og:image:width\" content=\"960\" \/>\n\t<meta property=\"og:image:height\" content=\"640\" \/>\n\t<meta property=\"og:image:type\" content=\"image\/jpeg\" \/>\n<meta name=\"author\" content=\"Aur\u00e9lien Barrau\" \/>\n<meta name=\"twitter:card\" content=\"summary_large_image\" \/>\n<meta name=\"twitter:creator\" content=\"@AurelienBarrau\" \/>\n<meta name=\"twitter:label1\" content=\"\u00c9crit par\" \/>\n\t<meta name=\"twitter:data1\" content=\"Aur\u00e9lien Barrau\" \/>\n\t<meta name=\"twitter:label2\" content=\"Dur\u00e9e de lecture estim\u00e9e\" \/>\n\t<meta name=\"twitter:data2\" content=\"12 minutes\" \/>\n<script type=\"application\/ld+json\" class=\"yoast-schema-graph\">{\"@context\":\"https:\/\/schema.org\",\"@graph\":[{\"@type\":\"WebPage\",\"@id\":\"https:\/\/blogs.futura-sciences.com\/barrau\/2017\/02\/13\/contre-faits-alternatifs-nuance-radicale\/\",\"url\":\"https:\/\/blogs.futura-sciences.com\/barrau\/2017\/02\/13\/contre-faits-alternatifs-nuance-radicale\/\",\"name\":\"Contre les \\\"faits alternatifs\\\", la nuance radicale, par Aur\u00e9lien BARRAU\",\"isPartOf\":{\"@id\":\"https:\/\/blogs.futura-sciences.com\/barrau\/#website\"},\"primaryImageOfPage\":{\"@id\":\"https:\/\/blogs.futura-sciences.com\/barrau\/2017\/02\/13\/contre-faits-alternatifs-nuance-radicale\/#primaryimage\"},\"image\":{\"@id\":\"https:\/\/blogs.futura-sciences.com\/barrau\/2017\/02\/13\/contre-faits-alternatifs-nuance-radicale\/#primaryimage\"},\"thumbnailUrl\":\"https:\/\/blogs.futura-sciences.com\/barrau\/wp-content\/uploads\/sites\/12\/2016\/09\/303023_194430880635600_1056217219_n.jpg\",\"datePublished\":\"2017-02-13T19:04:25+00:00\",\"dateModified\":\"2017-02-18T20:33:08+00:00\",\"author\":{\"@id\":\"https:\/\/blogs.futura-sciences.com\/barrau\/#\/schema\/person\/e2e59819de4b883a82fd27b5dfaecdc6\"},\"inLanguage\":\"fr-FR\",\"potentialAction\":[{\"@type\":\"ReadAction\",\"target\":[\"https:\/\/blogs.futura-sciences.com\/barrau\/2017\/02\/13\/contre-faits-alternatifs-nuance-radicale\/\"]}]},{\"@type\":\"ImageObject\",\"inLanguage\":\"fr-FR\",\"@id\":\"https:\/\/blogs.futura-sciences.com\/barrau\/2017\/02\/13\/contre-faits-alternatifs-nuance-radicale\/#primaryimage\",\"url\":\"https:\/\/blogs.futura-sciences.com\/barrau\/wp-content\/uploads\/sites\/12\/2016\/09\/303023_194430880635600_1056217219_n.jpg\",\"contentUrl\":\"https:\/\/blogs.futura-sciences.com\/barrau\/wp-content\/uploads\/sites\/12\/2016\/09\/303023_194430880635600_1056217219_n.jpg\",\"width\":960,\"height\":640},{\"@type\":\"WebSite\",\"@id\":\"https:\/\/blogs.futura-sciences.com\/barrau\/#website\",\"url\":\"https:\/\/blogs.futura-sciences.com\/barrau\/\",\"name\":\"COSMOGONIES, le blog d&#039;Aur\u00e9lien BARRAU, astrophysicien\",\"description\":\"\u00ab Et le centre \u00e9tait une mo\u00adsa\u00efque d&#039;\u00e9clats, une esp\u00e8ce de dur marteau cosmique, d&#039;une lourdeur d\u00e9figu\u00adr\u00e9e, et qui retombait sans cesse comme un front dans l&#039;espace, mais avec un bruit comme distill\u00e9. Et l&#039;enveloppement cotonneux du bruit avait l&#039;instance obtuse et la p\u00e9n\u00e9tration d&#039;un regard vivant. \u00bb Antonin Artaud\",\"potentialAction\":[{\"@type\":\"SearchAction\",\"target\":{\"@type\":\"EntryPoint\",\"urlTemplate\":\"https:\/\/blogs.futura-sciences.com\/barrau\/?s={search_term_string}\"},\"query-input\":{\"@type\":\"PropertyValueSpecification\",\"valueRequired\":true,\"valueName\":\"search_term_string\"}}],\"inLanguage\":\"fr-FR\"},{\"@type\":\"Person\",\"@id\":\"https:\/\/blogs.futura-sciences.com\/barrau\/#\/schema\/person\/e2e59819de4b883a82fd27b5dfaecdc6\",\"name\":\"Aur\u00e9lien Barrau\",\"image\":{\"@type\":\"ImageObject\",\"inLanguage\":\"fr-FR\",\"@id\":\"https:\/\/blogs.futura-sciences.com\/barrau\/#\/schema\/person\/image\/\",\"url\":\"https:\/\/secure.gravatar.com\/avatar\/fab6354a518a3f0b6751190970d0613a?s=96&d=identicon&r=g\",\"contentUrl\":\"https:\/\/secure.gravatar.com\/avatar\/fab6354a518a3f0b6751190970d0613a?s=96&d=identicon&r=g\",\"caption\":\"Aur\u00e9lien Barrau\"},\"sameAs\":[\"https:\/\/x.com\/AurelienBarrau\"],\"url\":\"https:\/\/blogs.futura-sciences.com\/barrau\/author\/abarrau\/\"}]}<\/script>\n<!-- \/ Yoast SEO plugin. -->","yoast_head_json":{"title":"Contre les \"faits alternatifs\", la nuance radicale, par Aur\u00e9lien BARRAU","robots":{"index":"index","follow":"follow","max-snippet":"max-snippet:-1","max-image-preview":"max-image-preview:large","max-video-preview":"max-video-preview:-1"},"canonical":"https:\/\/blogs.futura-sciences.com\/barrau\/2017\/02\/13\/contre-faits-alternatifs-nuance-radicale\/","og_locale":"fr_FR","og_type":"article","og_title":"Contre les \"faits alternatifs\", la nuance radicale, par Aur\u00e9lien BARRAU","og_description":"La nouvelle administration am\u00e9ricaine ne nous aura rien \u00e9pargn\u00e9. \u00c0 la vulgarit\u00e9, \u00e0 la misogynie, au racisme, \u00e0 l\u2019ignorance, au m\u00e9pris du pauvre et du faible, ils auront ajout\u00e9 une nouvelle strate de b\u00eatise dangereuse (qui n\u2019est d\u2019ailleurs pas h\u00e9t\u00e9rog\u00e8ne aux autres m\u00e9faits juste mentionn\u00e9s) : la haine de la v\u00e9rit\u00e9. Nier, par exemple, le &hellip; Continuer la lecture de Contre les &#8220;faits alternatifs&#8221;, la nuance radicale &rarr;","og_url":"https:\/\/blogs.futura-sciences.com\/barrau\/2017\/02\/13\/contre-faits-alternatifs-nuance-radicale\/","og_site_name":"COSMOGONIES, le blog d&#039;Aur\u00e9lien BARRAU, astrophysicien","article_published_time":"2017-02-13T19:04:25+00:00","article_modified_time":"2017-02-18T20:33:08+00:00","og_image":[{"width":960,"height":640,"url":"https:\/\/blogs.futura-sciences.com\/barrau\/wp-content\/uploads\/sites\/12\/2016\/09\/303023_194430880635600_1056217219_n.jpg","type":"image\/jpeg"}],"author":"Aur\u00e9lien Barrau","twitter_card":"summary_large_image","twitter_creator":"@AurelienBarrau","twitter_misc":{"\u00c9crit par":"Aur\u00e9lien Barrau","Dur\u00e9e de lecture estim\u00e9e":"12 minutes"},"schema":{"@context":"https:\/\/schema.org","@graph":[{"@type":"WebPage","@id":"https:\/\/blogs.futura-sciences.com\/barrau\/2017\/02\/13\/contre-faits-alternatifs-nuance-radicale\/","url":"https:\/\/blogs.futura-sciences.com\/barrau\/2017\/02\/13\/contre-faits-alternatifs-nuance-radicale\/","name":"Contre les \"faits alternatifs\", la nuance radicale, par Aur\u00e9lien BARRAU","isPartOf":{"@id":"https:\/\/blogs.futura-sciences.com\/barrau\/#website"},"primaryImageOfPage":{"@id":"https:\/\/blogs.futura-sciences.com\/barrau\/2017\/02\/13\/contre-faits-alternatifs-nuance-radicale\/#primaryimage"},"image":{"@id":"https:\/\/blogs.futura-sciences.com\/barrau\/2017\/02\/13\/contre-faits-alternatifs-nuance-radicale\/#primaryimage"},"thumbnailUrl":"https:\/\/blogs.futura-sciences.com\/barrau\/wp-content\/uploads\/sites\/12\/2016\/09\/303023_194430880635600_1056217219_n.jpg","datePublished":"2017-02-13T19:04:25+00:00","dateModified":"2017-02-18T20:33:08+00:00","author":{"@id":"https:\/\/blogs.futura-sciences.com\/barrau\/#\/schema\/person\/e2e59819de4b883a82fd27b5dfaecdc6"},"inLanguage":"fr-FR","potentialAction":[{"@type":"ReadAction","target":["https:\/\/blogs.futura-sciences.com\/barrau\/2017\/02\/13\/contre-faits-alternatifs-nuance-radicale\/"]}]},{"@type":"ImageObject","inLanguage":"fr-FR","@id":"https:\/\/blogs.futura-sciences.com\/barrau\/2017\/02\/13\/contre-faits-alternatifs-nuance-radicale\/#primaryimage","url":"https:\/\/blogs.futura-sciences.com\/barrau\/wp-content\/uploads\/sites\/12\/2016\/09\/303023_194430880635600_1056217219_n.jpg","contentUrl":"https:\/\/blogs.futura-sciences.com\/barrau\/wp-content\/uploads\/sites\/12\/2016\/09\/303023_194430880635600_1056217219_n.jpg","width":960,"height":640},{"@type":"WebSite","@id":"https:\/\/blogs.futura-sciences.com\/barrau\/#website","url":"https:\/\/blogs.futura-sciences.com\/barrau\/","name":"COSMOGONIES, le blog d&#039;Aur\u00e9lien BARRAU, astrophysicien","description":"\u00ab Et le centre \u00e9tait une mo\u00adsa\u00efque d&#039;\u00e9clats, une esp\u00e8ce de dur marteau cosmique, d&#039;une lourdeur d\u00e9figu\u00adr\u00e9e, et qui retombait sans cesse comme un front dans l&#039;espace, mais avec un bruit comme distill\u00e9. Et l&#039;enveloppement cotonneux du bruit avait l&#039;instance obtuse et la p\u00e9n\u00e9tration d&#039;un regard vivant. \u00bb Antonin Artaud","potentialAction":[{"@type":"SearchAction","target":{"@type":"EntryPoint","urlTemplate":"https:\/\/blogs.futura-sciences.com\/barrau\/?s={search_term_string}"},"query-input":{"@type":"PropertyValueSpecification","valueRequired":true,"valueName":"search_term_string"}}],"inLanguage":"fr-FR"},{"@type":"Person","@id":"https:\/\/blogs.futura-sciences.com\/barrau\/#\/schema\/person\/e2e59819de4b883a82fd27b5dfaecdc6","name":"Aur\u00e9lien Barrau","image":{"@type":"ImageObject","inLanguage":"fr-FR","@id":"https:\/\/blogs.futura-sciences.com\/barrau\/#\/schema\/person\/image\/","url":"https:\/\/secure.gravatar.com\/avatar\/fab6354a518a3f0b6751190970d0613a?s=96&d=identicon&r=g","contentUrl":"https:\/\/secure.gravatar.com\/avatar\/fab6354a518a3f0b6751190970d0613a?s=96&d=identicon&r=g","caption":"Aur\u00e9lien Barrau"},"sameAs":["https:\/\/x.com\/AurelienBarrau"],"url":"https:\/\/blogs.futura-sciences.com\/barrau\/author\/abarrau\/"}]}},"_links":{"self":[{"href":"https:\/\/blogs.futura-sciences.com\/barrau\/wp-json\/wp\/v2\/posts\/703","targetHints":{"allow":["GET"]}}],"collection":[{"href":"https:\/\/blogs.futura-sciences.com\/barrau\/wp-json\/wp\/v2\/posts"}],"about":[{"href":"https:\/\/blogs.futura-sciences.com\/barrau\/wp-json\/wp\/v2\/types\/post"}],"author":[{"embeddable":true,"href":"https:\/\/blogs.futura-sciences.com\/barrau\/wp-json\/wp\/v2\/users\/10"}],"replies":[{"embeddable":true,"href":"https:\/\/blogs.futura-sciences.com\/barrau\/wp-json\/wp\/v2\/comments?post=703"}],"version-history":[{"count":66,"href":"https:\/\/blogs.futura-sciences.com\/barrau\/wp-json\/wp\/v2\/posts\/703\/revisions"}],"predecessor-version":[{"id":772,"href":"https:\/\/blogs.futura-sciences.com\/barrau\/wp-json\/wp\/v2\/posts\/703\/revisions\/772"}],"wp:featuredmedia":[{"embeddable":true,"href":"https:\/\/blogs.futura-sciences.com\/barrau\/wp-json\/wp\/v2\/media\/718"}],"wp:attachment":[{"href":"https:\/\/blogs.futura-sciences.com\/barrau\/wp-json\/wp\/v2\/media?parent=703"}],"wp:term":[{"taxonomy":"category","embeddable":true,"href":"https:\/\/blogs.futura-sciences.com\/barrau\/wp-json\/wp\/v2\/categories?post=703"},{"taxonomy":"post_tag","embeddable":true,"href":"https:\/\/blogs.futura-sciences.com\/barrau\/wp-json\/wp\/v2\/tags?post=703"}],"curies":[{"name":"wp","href":"https:\/\/api.w.org\/{rel}","templated":true}]}}