{"id":688,"date":"2016-12-21T15:54:37","date_gmt":"2016-12-21T14:54:37","guid":{"rendered":"http:\/\/blogs.futura-sciences.com\/barrau\/?p=688"},"modified":"2016-12-21T16:46:31","modified_gmt":"2016-12-21T15:46:31","slug":"ondes-gravitationnelles-revelent-physique-dela-de-relativite-generale","status":"publish","type":"post","link":"https:\/\/blogs.futura-sciences.com\/barrau\/2016\/12\/21\/ondes-gravitationnelles-revelent-physique-dela-de-relativite-generale\/","title":{"rendered":"Les ondes gravitationnelles r\u00e9v\u00e8lent-elles une physique au-del\u00e0 de la relativit\u00e9 g\u00e9n\u00e9rale ?"},"content":{"rendered":"<p>Il y a peu, l\u2019exp\u00e9rience LIGO a mesur\u00e9 les ondes gravitationnelles &#8211; petites vibrations de l\u2019espace &#8211; engendr\u00e9es par la danse de deux trous noirs. Il ne s\u2019agissait pas vraiment d\u2019une d\u00e9couverte puisque les ondes gravitationnelles ont \u00e9t\u00e9 d\u00e9tect\u00e9es il y 40 ans gr\u00e2ce \u00e0 un syst\u00e8me binaire de pulsars (le prix Nobel a \u00e9t\u00e9 donn\u00e9 il y a 20 ans pour cela). Il ne s\u2019agissait pas vraiment d\u2019une d\u00e9tections tout-\u00e0-fait directe puisque nous n\u2019avons jamais acc\u00e8s \u00e0 l\u2019en-soi des choses en physique et toute mesure est une tr\u00e8s complexe et tr\u00e8s indirecte mise en \u00e9vidence du ph\u00e9nom\u00e8ne recherch\u00e9. Il ne s\u2019agissait pas non plus d\u2019une \u00ab preuve \u00bb de la th\u00e9orie d\u2019Einstein puisqu\u2019aucune th\u00e9orie n\u2019a \u00e9t\u00e9 prouv\u00e9 en sciences de la Nature et aucune ne le sera jamais (pour la simple raison que toutes les th\u00e9ories sont fausses, elle sont seulement la meilleure proposition dont nous disposons \u00e0 un instant donn\u00e9).<\/p>\n<p>Pour autant, ces mesures sont tr\u00e8s loin d\u2019\u00eatre inutiles ! Tout au contraire, elles ouvrent un champ nouveau et fascinant ! C\u2019est une v\u00e9ritable astronomie gravitationnelles qui va maintenant \u00e9merger et donner acc\u00e8s \u00e0 des visages du cosmos qui nous sont pour le moment inconnu. Une nouvelle \u00e8re s\u2019ouvre. Nous disposons d\u2019un \u00ab nouveau sens \u00bb pour scruter et comprendre notre environnement.<\/p>\n<figure id=\"attachment_687\" aria-describedby=\"caption-attachment-687\" style=\"width: 1000px\" class=\"wp-caption aligncenter\"><img loading=\"lazy\" decoding=\"async\" class=\"size-full wp-image-687\" src=\"https:\/\/blogs.futura-sciences.com\/barrau\/wp-content\/uploads\/sites\/12\/2016\/12\/1280px-black_hole_milkyway.jpg\" alt=\"Simulation d'Alain Riazuelo\" width=\"1000\" height=\"800\" srcset=\"https:\/\/blogs.futura-sciences.com\/barrau\/wp-content\/uploads\/sites\/12\/2016\/12\/1280px-black_hole_milkyway.jpg 1000w, https:\/\/blogs.futura-sciences.com\/barrau\/wp-content\/uploads\/sites\/12\/2016\/12\/1280px-black_hole_milkyway-450x360.jpg 450w, https:\/\/blogs.futura-sciences.com\/barrau\/wp-content\/uploads\/sites\/12\/2016\/12\/1280px-black_hole_milkyway-768x614.jpg 768w\" sizes=\"auto, (max-width: 1000px) 100vw, 1000px\" \/><figcaption id=\"caption-attachment-687\" class=\"wp-caption-text\">Simulation d&#8217;Alain Riazuelo<\/figcaption><\/figure>\n<p><!--more--><\/p>\n<p>La communaut\u00e9 scientifique a vu dans ces mesures une nouvelle confirmation de la th\u00e9orie de la relativit\u00e9 g\u00e9n\u00e9rale d\u2019Einstein. Non pas une preuve puisque, comme je le rappelais, il est impossible de prouver une th\u00e9orie (quand bien m\u00eame elle serait \u00ab juste \u00bb, il faudrait la soumettre \u00e0 l\u2019infinit\u00e9 des exp\u00e9riences qui la mettent \u00e0 l\u2019\u00e9preuve et r\u00e9aliser chacune d\u2019elles avec une pr\u00e9cision infinie) mais au moins une corroboration suppl\u00e9mentaire. Tout se passait, semble-t-il, exactement comme pr\u00e9vu par la relativit\u00e9. Notre th\u00e9orie de l\u2019espace-temps &#8211; ou de la gravitation, c\u2019est la m\u00eame chose &#8211; \u00e9tait couronn\u00e9e d\u2019un nouveau succ\u00e8s.<\/p>\n<p>Mais, en marge de cela, une \u00e9tude r\u00e9cente a point\u00e9 du doigt un effet int\u00e9ressant et inattendu. Suivant ce travail (<a href=\"https:\/\/arxiv.org\/abs\/1612.00266\">ici<\/a>), des \u00e9cho d\u2019une physique \u00ab au-del\u00e0 de la relativit\u00e9 g\u00e9n\u00e9rale \u00bb seraient cach\u00e9s dans ces donn\u00e9es !<br \/>\nGrossi\u00e8rement l\u2019id\u00e9e se fonde sur des mod\u00e8les sp\u00e9culatifs qui tentent de rendre compte du paradoxe de l\u2019information dans les trous noirs. Ce dernier est fondamentalement li\u00e9 au fait que tous les processus physiques admettent un \u00ab processus inverse \u00bb sauf la formation d\u2019un trou noir ! Sans entrer dans le d\u00e9tail, disons que de fa\u00e7on assez g\u00e9n\u00e9rique une classe de mod\u00e8les permettant de faire face au probl\u00e8me de la perte d\u2019information dans les trous noirs invite \u00e0 remplacer l\u2019horizon du trou par une sorte de miroir (dans certaines conditions). L\u2019analyse men\u00e9e dans cette \u00e9tude recherche des traces des \u00e9chos associ\u00e9s \u00e0 ce miroir dans les donn\u00e9es de LIGO et &#8230; les trouve effectivement, en accord avec une structure microscopique \u00e0 l\u2019\u00e9chelle de Planck !!<\/p>\n<figure id=\"attachment_686\" aria-describedby=\"caption-attachment-686\" style=\"width: 358px\" class=\"wp-caption aligncenter\"><img loading=\"lazy\" decoding=\"async\" class=\"size-full wp-image-686\" src=\"https:\/\/blogs.futura-sciences.com\/barrau\/wp-content\/uploads\/sites\/12\/2016\/12\/arton324.jpg\" alt=\"Trou noir en gravit\u00e9 quantique (La Recherche)\" width=\"358\" height=\"300\" \/><figcaption id=\"caption-attachment-686\" class=\"wp-caption-text\">Trou noir en gravit\u00e9 quantique (La Recherche)<\/figcaption><\/figure>\n<p>Il s\u2019agirait d\u2019un r\u00e9sultat majeur ! Cependant, les auteurs sont prudents car la confiance qu\u2019on peut placer dans cette analyse est assez faible \u00e0 ce stade. J\u2019ai moi-m\u00eame plusieurs r\u00e9serves et d&#8217;autres ont \u00e9t\u00e9 r\u00e9cemment exprim\u00e9es <a href=\"https:\/\/arxiv.org\/abs\/1612.05625\">ici<\/a>.<\/p>\n<p>Toujours est-il que m\u00eame si cette premi\u00e8re \u00e9tude n\u2019est pas conclusive &#8211; ce que je crains &#8211; elle confirme que des effets gravitation quantique (relevant en principe de distances minuscules) pourraient \u00eatre d\u00e9tectables dans des processus macroscopiques (relevant de distances importantes). Une id\u00e9e qui creuse son chemin et fut, par exemple, propos\u00e9e par Carlo Rovelli et Hal Haggard (<a href=\"https:\/\/arxiv.org\/abs\/1607.00364\">ici<\/a>) en arguant que des ph\u00e9nom\u00e8nes li\u00e9s \u00e0 la gravitation quantique pourraient appara\u00eetre \u00e0 l\u2019ext\u00e9rieur de l\u2019horizon des trous noirs, m\u00eame tr\u00e8s massifs.<\/p>\n<figure id=\"attachment_684\" aria-describedby=\"caption-attachment-684\" style=\"width: 529px\" class=\"wp-caption aligncenter\"><img loading=\"lazy\" decoding=\"async\" class=\"size-full wp-image-684\" src=\"https:\/\/blogs.futura-sciences.com\/barrau\/wp-content\/uploads\/sites\/12\/2016\/12\/trounoir-entropie-bit1-0.jpg\" alt=\"Surface d'un trou noir en gravit\u00e9 quantique (Nature\/Scientific american, ad. Lombry)\" width=\"529\" height=\"459\" srcset=\"https:\/\/blogs.futura-sciences.com\/barrau\/wp-content\/uploads\/sites\/12\/2016\/12\/trounoir-entropie-bit1-0.jpg 529w, https:\/\/blogs.futura-sciences.com\/barrau\/wp-content\/uploads\/sites\/12\/2016\/12\/trounoir-entropie-bit1-0-450x390.jpg 450w\" sizes=\"auto, (max-width: 529px) 100vw, 529px\" \/><figcaption id=\"caption-attachment-684\" class=\"wp-caption-text\">Surface d&#8217;un trou noir en gravit\u00e9 quantique (Nature\/Scientific american, ad. Lombry)<\/figcaption><\/figure>\n<p>Affaire \u00e0 suivre.<\/p>\n<!-- AddThis Advanced Settings generic via filter on the_content --><!-- AddThis Share Buttons generic via filter on the_content -->","protected":false},"excerpt":{"rendered":"<p>Il y a peu, l\u2019exp\u00e9rience LIGO a mesur\u00e9 les ondes gravitationnelles &#8211; petites vibrations de l\u2019espace &#8211; engendr\u00e9es par la danse de deux trous noirs. Il ne s\u2019agissait pas vraiment d\u2019une d\u00e9couverte puisque les ondes gravitationnelles ont \u00e9t\u00e9 d\u00e9tect\u00e9es il y 40 ans gr\u00e2ce \u00e0 un syst\u00e8me binaire de pulsars (le prix Nobel a \u00e9t\u00e9 &hellip; <a href=\"https:\/\/blogs.futura-sciences.com\/barrau\/2016\/12\/21\/ondes-gravitationnelles-revelent-physique-dela-de-relativite-generale\/\" class=\"more-link\">Continuer la lecture de <span class=\"screen-reader-text\">Les ondes gravitationnelles r\u00e9v\u00e8lent-elles une physique au-del\u00e0 de la relativit\u00e9 g\u00e9n\u00e9rale ?<\/span>  <span class=\"meta-nav\">&rarr;<\/span><\/a><!-- AddThis Advanced Settings generic via filter on get_the_excerpt --><!-- AddThis Share Buttons generic via filter on get_the_excerpt --><\/p>\n","protected":false},"author":10,"featured_media":685,"comment_status":"open","ping_status":"open","sticky":false,"template":"","format":"standard","meta":{"footnotes":"","_links_to":"","_links_to_target":""},"categories":[8],"tags":[85,65,70],"class_list":["post-688","post","type-post","status-publish","format-standard","has-post-thumbnail","hentry","category-cosmos","tag-gravitation-quantique","tag-ondes-gravitationnelles","tag-trous-noirs"],"yoast_head":"<!-- This site is optimized with the Yoast SEO plugin v24.1 - https:\/\/yoast.com\/wordpress\/plugins\/seo\/ -->\n<title>Les ondes gravitationnelles r\u00e9v\u00e8lent-elles une physique au-del\u00e0 de la relativit\u00e9 g\u00e9n\u00e9rale ?, par Aur\u00e9lien BARRAU<\/title>\n<meta name=\"robots\" content=\"index, follow, max-snippet:-1, max-image-preview:large, max-video-preview:-1\" \/>\n<link rel=\"canonical\" href=\"https:\/\/blogs.futura-sciences.com\/barrau\/2016\/12\/21\/ondes-gravitationnelles-revelent-physique-dela-de-relativite-generale\/\" \/>\n<meta property=\"og:locale\" content=\"fr_FR\" \/>\n<meta property=\"og:type\" content=\"article\" \/>\n<meta property=\"og:title\" content=\"Les ondes gravitationnelles r\u00e9v\u00e8lent-elles une physique au-del\u00e0 de la relativit\u00e9 g\u00e9n\u00e9rale ?, par Aur\u00e9lien BARRAU\" \/>\n<meta property=\"og:description\" content=\"Il y a peu, l\u2019exp\u00e9rience LIGO a mesur\u00e9 les ondes gravitationnelles &#8211; petites vibrations de l\u2019espace &#8211; engendr\u00e9es par la danse de deux trous noirs. Il ne s\u2019agissait pas vraiment d\u2019une d\u00e9couverte puisque les ondes gravitationnelles ont \u00e9t\u00e9 d\u00e9tect\u00e9es il y 40 ans gr\u00e2ce \u00e0 un syst\u00e8me binaire de pulsars (le prix Nobel a \u00e9t\u00e9 &hellip; Continuer la lecture de Les ondes gravitationnelles r\u00e9v\u00e8lent-elles une physique au-del\u00e0 de la relativit\u00e9 g\u00e9n\u00e9rale ? &rarr;\" \/>\n<meta property=\"og:url\" content=\"https:\/\/blogs.futura-sciences.com\/barrau\/2016\/12\/21\/ondes-gravitationnelles-revelent-physique-dela-de-relativite-generale\/\" \/>\n<meta property=\"og:site_name\" content=\"COSMOGONIES, le blog d&#039;Aur\u00e9lien BARRAU, astrophysicien\" \/>\n<meta property=\"article:published_time\" content=\"2016-12-21T14:54:37+00:00\" \/>\n<meta property=\"article:modified_time\" content=\"2016-12-21T15:46:31+00:00\" \/>\n<meta property=\"og:image\" content=\"https:\/\/blogs.futura-sciences.com\/barrau\/wp-content\/uploads\/sites\/12\/2016\/12\/double-black-hole-quasar-1200x736-1200x736.jpg\" \/>\n\t<meta property=\"og:image:width\" content=\"960\" \/>\n\t<meta property=\"og:image:height\" content=\"588\" \/>\n\t<meta property=\"og:image:type\" content=\"image\/jpeg\" \/>\n<meta name=\"author\" content=\"Aur\u00e9lien Barrau\" \/>\n<meta name=\"twitter:card\" content=\"summary_large_image\" \/>\n<meta name=\"twitter:creator\" content=\"@AurelienBarrau\" \/>\n<meta name=\"twitter:label1\" content=\"\u00c9crit par\" \/>\n\t<meta name=\"twitter:data1\" content=\"Aur\u00e9lien Barrau\" \/>\n\t<meta name=\"twitter:label2\" content=\"Dur\u00e9e de lecture estim\u00e9e\" \/>\n\t<meta name=\"twitter:data2\" content=\"4 minutes\" \/>\n<script type=\"application\/ld+json\" class=\"yoast-schema-graph\">{\"@context\":\"https:\/\/schema.org\",\"@graph\":[{\"@type\":\"WebPage\",\"@id\":\"https:\/\/blogs.futura-sciences.com\/barrau\/2016\/12\/21\/ondes-gravitationnelles-revelent-physique-dela-de-relativite-generale\/\",\"url\":\"https:\/\/blogs.futura-sciences.com\/barrau\/2016\/12\/21\/ondes-gravitationnelles-revelent-physique-dela-de-relativite-generale\/\",\"name\":\"Les ondes gravitationnelles r\u00e9v\u00e8lent-elles une physique au-del\u00e0 de la relativit\u00e9 g\u00e9n\u00e9rale ?, par Aur\u00e9lien BARRAU\",\"isPartOf\":{\"@id\":\"https:\/\/blogs.futura-sciences.com\/barrau\/#website\"},\"primaryImageOfPage\":{\"@id\":\"https:\/\/blogs.futura-sciences.com\/barrau\/2016\/12\/21\/ondes-gravitationnelles-revelent-physique-dela-de-relativite-generale\/#primaryimage\"},\"image\":{\"@id\":\"https:\/\/blogs.futura-sciences.com\/barrau\/2016\/12\/21\/ondes-gravitationnelles-revelent-physique-dela-de-relativite-generale\/#primaryimage\"},\"thumbnailUrl\":\"https:\/\/blogs.futura-sciences.com\/barrau\/wp-content\/uploads\/sites\/12\/2016\/12\/double-black-hole-quasar-1200x736-1200x736.jpg\",\"datePublished\":\"2016-12-21T14:54:37+00:00\",\"dateModified\":\"2016-12-21T15:46:31+00:00\",\"author\":{\"@id\":\"https:\/\/blogs.futura-sciences.com\/barrau\/#\/schema\/person\/e2e59819de4b883a82fd27b5dfaecdc6\"},\"inLanguage\":\"fr-FR\",\"potentialAction\":[{\"@type\":\"ReadAction\",\"target\":[\"https:\/\/blogs.futura-sciences.com\/barrau\/2016\/12\/21\/ondes-gravitationnelles-revelent-physique-dela-de-relativite-generale\/\"]}]},{\"@type\":\"ImageObject\",\"inLanguage\":\"fr-FR\",\"@id\":\"https:\/\/blogs.futura-sciences.com\/barrau\/2016\/12\/21\/ondes-gravitationnelles-revelent-physique-dela-de-relativite-generale\/#primaryimage\",\"url\":\"https:\/\/blogs.futura-sciences.com\/barrau\/wp-content\/uploads\/sites\/12\/2016\/12\/double-black-hole-quasar-1200x736-1200x736.jpg\",\"contentUrl\":\"https:\/\/blogs.futura-sciences.com\/barrau\/wp-content\/uploads\/sites\/12\/2016\/12\/double-black-hole-quasar-1200x736-1200x736.jpg\",\"width\":960,\"height\":588},{\"@type\":\"WebSite\",\"@id\":\"https:\/\/blogs.futura-sciences.com\/barrau\/#website\",\"url\":\"https:\/\/blogs.futura-sciences.com\/barrau\/\",\"name\":\"COSMOGONIES, le blog d&#039;Aur\u00e9lien BARRAU, astrophysicien\",\"description\":\"\u00ab Et le centre \u00e9tait une mo\u00adsa\u00efque d&#039;\u00e9clats, une esp\u00e8ce de dur marteau cosmique, d&#039;une lourdeur d\u00e9figu\u00adr\u00e9e, et qui retombait sans cesse comme un front dans l&#039;espace, mais avec un bruit comme distill\u00e9. Et l&#039;enveloppement cotonneux du bruit avait l&#039;instance obtuse et la p\u00e9n\u00e9tration d&#039;un regard vivant. \u00bb Antonin Artaud\",\"potentialAction\":[{\"@type\":\"SearchAction\",\"target\":{\"@type\":\"EntryPoint\",\"urlTemplate\":\"https:\/\/blogs.futura-sciences.com\/barrau\/?s={search_term_string}\"},\"query-input\":{\"@type\":\"PropertyValueSpecification\",\"valueRequired\":true,\"valueName\":\"search_term_string\"}}],\"inLanguage\":\"fr-FR\"},{\"@type\":\"Person\",\"@id\":\"https:\/\/blogs.futura-sciences.com\/barrau\/#\/schema\/person\/e2e59819de4b883a82fd27b5dfaecdc6\",\"name\":\"Aur\u00e9lien Barrau\",\"image\":{\"@type\":\"ImageObject\",\"inLanguage\":\"fr-FR\",\"@id\":\"https:\/\/blogs.futura-sciences.com\/barrau\/#\/schema\/person\/image\/\",\"url\":\"https:\/\/secure.gravatar.com\/avatar\/fab6354a518a3f0b6751190970d0613a?s=96&d=identicon&r=g\",\"contentUrl\":\"https:\/\/secure.gravatar.com\/avatar\/fab6354a518a3f0b6751190970d0613a?s=96&d=identicon&r=g\",\"caption\":\"Aur\u00e9lien Barrau\"},\"sameAs\":[\"https:\/\/x.com\/AurelienBarrau\"],\"url\":\"https:\/\/blogs.futura-sciences.com\/barrau\/author\/abarrau\/\"}]}<\/script>\n<!-- \/ Yoast SEO plugin. -->","yoast_head_json":{"title":"Les ondes gravitationnelles r\u00e9v\u00e8lent-elles une physique au-del\u00e0 de la relativit\u00e9 g\u00e9n\u00e9rale ?, par Aur\u00e9lien BARRAU","robots":{"index":"index","follow":"follow","max-snippet":"max-snippet:-1","max-image-preview":"max-image-preview:large","max-video-preview":"max-video-preview:-1"},"canonical":"https:\/\/blogs.futura-sciences.com\/barrau\/2016\/12\/21\/ondes-gravitationnelles-revelent-physique-dela-de-relativite-generale\/","og_locale":"fr_FR","og_type":"article","og_title":"Les ondes gravitationnelles r\u00e9v\u00e8lent-elles une physique au-del\u00e0 de la relativit\u00e9 g\u00e9n\u00e9rale ?, par Aur\u00e9lien BARRAU","og_description":"Il y a peu, l\u2019exp\u00e9rience LIGO a mesur\u00e9 les ondes gravitationnelles &#8211; petites vibrations de l\u2019espace &#8211; engendr\u00e9es par la danse de deux trous noirs. Il ne s\u2019agissait pas vraiment d\u2019une d\u00e9couverte puisque les ondes gravitationnelles ont \u00e9t\u00e9 d\u00e9tect\u00e9es il y 40 ans gr\u00e2ce \u00e0 un syst\u00e8me binaire de pulsars (le prix Nobel a \u00e9t\u00e9 &hellip; Continuer la lecture de Les ondes gravitationnelles r\u00e9v\u00e8lent-elles une physique au-del\u00e0 de la relativit\u00e9 g\u00e9n\u00e9rale ? &rarr;","og_url":"https:\/\/blogs.futura-sciences.com\/barrau\/2016\/12\/21\/ondes-gravitationnelles-revelent-physique-dela-de-relativite-generale\/","og_site_name":"COSMOGONIES, le blog d&#039;Aur\u00e9lien BARRAU, astrophysicien","article_published_time":"2016-12-21T14:54:37+00:00","article_modified_time":"2016-12-21T15:46:31+00:00","og_image":[{"width":960,"height":588,"url":"https:\/\/blogs.futura-sciences.com\/barrau\/wp-content\/uploads\/sites\/12\/2016\/12\/double-black-hole-quasar-1200x736-1200x736.jpg","type":"image\/jpeg"}],"author":"Aur\u00e9lien Barrau","twitter_card":"summary_large_image","twitter_creator":"@AurelienBarrau","twitter_misc":{"\u00c9crit par":"Aur\u00e9lien Barrau","Dur\u00e9e de lecture estim\u00e9e":"4 minutes"},"schema":{"@context":"https:\/\/schema.org","@graph":[{"@type":"WebPage","@id":"https:\/\/blogs.futura-sciences.com\/barrau\/2016\/12\/21\/ondes-gravitationnelles-revelent-physique-dela-de-relativite-generale\/","url":"https:\/\/blogs.futura-sciences.com\/barrau\/2016\/12\/21\/ondes-gravitationnelles-revelent-physique-dela-de-relativite-generale\/","name":"Les ondes gravitationnelles r\u00e9v\u00e8lent-elles une physique au-del\u00e0 de la relativit\u00e9 g\u00e9n\u00e9rale ?, par Aur\u00e9lien BARRAU","isPartOf":{"@id":"https:\/\/blogs.futura-sciences.com\/barrau\/#website"},"primaryImageOfPage":{"@id":"https:\/\/blogs.futura-sciences.com\/barrau\/2016\/12\/21\/ondes-gravitationnelles-revelent-physique-dela-de-relativite-generale\/#primaryimage"},"image":{"@id":"https:\/\/blogs.futura-sciences.com\/barrau\/2016\/12\/21\/ondes-gravitationnelles-revelent-physique-dela-de-relativite-generale\/#primaryimage"},"thumbnailUrl":"https:\/\/blogs.futura-sciences.com\/barrau\/wp-content\/uploads\/sites\/12\/2016\/12\/double-black-hole-quasar-1200x736-1200x736.jpg","datePublished":"2016-12-21T14:54:37+00:00","dateModified":"2016-12-21T15:46:31+00:00","author":{"@id":"https:\/\/blogs.futura-sciences.com\/barrau\/#\/schema\/person\/e2e59819de4b883a82fd27b5dfaecdc6"},"inLanguage":"fr-FR","potentialAction":[{"@type":"ReadAction","target":["https:\/\/blogs.futura-sciences.com\/barrau\/2016\/12\/21\/ondes-gravitationnelles-revelent-physique-dela-de-relativite-generale\/"]}]},{"@type":"ImageObject","inLanguage":"fr-FR","@id":"https:\/\/blogs.futura-sciences.com\/barrau\/2016\/12\/21\/ondes-gravitationnelles-revelent-physique-dela-de-relativite-generale\/#primaryimage","url":"https:\/\/blogs.futura-sciences.com\/barrau\/wp-content\/uploads\/sites\/12\/2016\/12\/double-black-hole-quasar-1200x736-1200x736.jpg","contentUrl":"https:\/\/blogs.futura-sciences.com\/barrau\/wp-content\/uploads\/sites\/12\/2016\/12\/double-black-hole-quasar-1200x736-1200x736.jpg","width":960,"height":588},{"@type":"WebSite","@id":"https:\/\/blogs.futura-sciences.com\/barrau\/#website","url":"https:\/\/blogs.futura-sciences.com\/barrau\/","name":"COSMOGONIES, le blog d&#039;Aur\u00e9lien BARRAU, astrophysicien","description":"\u00ab Et le centre \u00e9tait une mo\u00adsa\u00efque d&#039;\u00e9clats, une esp\u00e8ce de dur marteau cosmique, d&#039;une lourdeur d\u00e9figu\u00adr\u00e9e, et qui retombait sans cesse comme un front dans l&#039;espace, mais avec un bruit comme distill\u00e9. Et l&#039;enveloppement cotonneux du bruit avait l&#039;instance obtuse et la p\u00e9n\u00e9tration d&#039;un regard vivant. \u00bb Antonin Artaud","potentialAction":[{"@type":"SearchAction","target":{"@type":"EntryPoint","urlTemplate":"https:\/\/blogs.futura-sciences.com\/barrau\/?s={search_term_string}"},"query-input":{"@type":"PropertyValueSpecification","valueRequired":true,"valueName":"search_term_string"}}],"inLanguage":"fr-FR"},{"@type":"Person","@id":"https:\/\/blogs.futura-sciences.com\/barrau\/#\/schema\/person\/e2e59819de4b883a82fd27b5dfaecdc6","name":"Aur\u00e9lien Barrau","image":{"@type":"ImageObject","inLanguage":"fr-FR","@id":"https:\/\/blogs.futura-sciences.com\/barrau\/#\/schema\/person\/image\/","url":"https:\/\/secure.gravatar.com\/avatar\/fab6354a518a3f0b6751190970d0613a?s=96&d=identicon&r=g","contentUrl":"https:\/\/secure.gravatar.com\/avatar\/fab6354a518a3f0b6751190970d0613a?s=96&d=identicon&r=g","caption":"Aur\u00e9lien Barrau"},"sameAs":["https:\/\/x.com\/AurelienBarrau"],"url":"https:\/\/blogs.futura-sciences.com\/barrau\/author\/abarrau\/"}]}},"_links":{"self":[{"href":"https:\/\/blogs.futura-sciences.com\/barrau\/wp-json\/wp\/v2\/posts\/688","targetHints":{"allow":["GET"]}}],"collection":[{"href":"https:\/\/blogs.futura-sciences.com\/barrau\/wp-json\/wp\/v2\/posts"}],"about":[{"href":"https:\/\/blogs.futura-sciences.com\/barrau\/wp-json\/wp\/v2\/types\/post"}],"author":[{"embeddable":true,"href":"https:\/\/blogs.futura-sciences.com\/barrau\/wp-json\/wp\/v2\/users\/10"}],"replies":[{"embeddable":true,"href":"https:\/\/blogs.futura-sciences.com\/barrau\/wp-json\/wp\/v2\/comments?post=688"}],"version-history":[{"count":5,"href":"https:\/\/blogs.futura-sciences.com\/barrau\/wp-json\/wp\/v2\/posts\/688\/revisions"}],"predecessor-version":[{"id":693,"href":"https:\/\/blogs.futura-sciences.com\/barrau\/wp-json\/wp\/v2\/posts\/688\/revisions\/693"}],"wp:featuredmedia":[{"embeddable":true,"href":"https:\/\/blogs.futura-sciences.com\/barrau\/wp-json\/wp\/v2\/media\/685"}],"wp:attachment":[{"href":"https:\/\/blogs.futura-sciences.com\/barrau\/wp-json\/wp\/v2\/media?parent=688"}],"wp:term":[{"taxonomy":"category","embeddable":true,"href":"https:\/\/blogs.futura-sciences.com\/barrau\/wp-json\/wp\/v2\/categories?post=688"},{"taxonomy":"post_tag","embeddable":true,"href":"https:\/\/blogs.futura-sciences.com\/barrau\/wp-json\/wp\/v2\/tags?post=688"}],"curies":[{"name":"wp","href":"https:\/\/api.w.org\/{rel}","templated":true}]}}