{"id":9498,"date":"2023-09-14T14:28:33","date_gmt":"2023-09-14T14:28:33","guid":{"rendered":"https:\/\/blogs.futura-sciences.com\/bardintzeff\/?p=9498"},"modified":"2023-09-14T14:30:31","modified_gmt":"2023-09-14T14:30:31","slug":"outremer-le-mag-le-replay","status":"publish","type":"post","link":"https:\/\/blogs.futura-sciences.com\/bardintzeff\/2023\/09\/14\/outremer-le-mag-le-replay\/","title":{"rendered":"Outremer.le mag : le replay"},"content":{"rendered":"<p>J\u2019ai eu le plaisir d\u2019\u00eatre l\u2019invit\u00e9 de l\u2019\u00e9mission Outremer.le mag, diffus\u00e9e le 14\/9\/2023 \u00e0 11h15 sur France 3 TV (dur\u00e9e 26 mn).<\/p>\n<p><img loading=\"lazy\" decoding=\"async\" class=\"alignnone size-medium wp-image-9501\" src=\"https:\/\/blogs.futura-sciences.com\/bardintzeff\/wp-content\/uploads\/sites\/3\/2023\/09\/20230914_122136low-450x264.jpg\" alt=\"\" width=\"450\" height=\"264\" srcset=\"https:\/\/blogs.futura-sciences.com\/bardintzeff\/wp-content\/uploads\/sites\/3\/2023\/09\/20230914_122136low-450x264.jpg 450w, https:\/\/blogs.futura-sciences.com\/bardintzeff\/wp-content\/uploads\/sites\/3\/2023\/09\/20230914_122136low-1024x601.jpg 1024w, https:\/\/blogs.futura-sciences.com\/bardintzeff\/wp-content\/uploads\/sites\/3\/2023\/09\/20230914_122136low-768x451.jpg 768w, https:\/\/blogs.futura-sciences.com\/bardintzeff\/wp-content\/uploads\/sites\/3\/2023\/09\/20230914_122136low.jpg 1417w\" sizes=\"auto, (max-width: 450px) 100vw, 450px\" \/>L\u2019invit\u00e9 de l\u2019\u00e9mission Outremer.le mag du 14\/9\/2023\u00a0: Jacques-Marie Bardintzeff, volcanologue.<\/p>\n<p><!--more--><\/p>\n<p><img loading=\"lazy\" decoding=\"async\" class=\"alignnone size-medium wp-image-9503\" src=\"https:\/\/blogs.futura-sciences.com\/bardintzeff\/wp-content\/uploads\/sites\/3\/2023\/09\/20230914_122435low-450x255.jpg\" alt=\"\" width=\"450\" height=\"255\" srcset=\"https:\/\/blogs.futura-sciences.com\/bardintzeff\/wp-content\/uploads\/sites\/3\/2023\/09\/20230914_122435low-450x255.jpg 450w, https:\/\/blogs.futura-sciences.com\/bardintzeff\/wp-content\/uploads\/sites\/3\/2023\/09\/20230914_122435low-1024x580.jpg 1024w, https:\/\/blogs.futura-sciences.com\/bardintzeff\/wp-content\/uploads\/sites\/3\/2023\/09\/20230914_122435low-768x435.jpg 768w, https:\/\/blogs.futura-sciences.com\/bardintzeff\/wp-content\/uploads\/sites\/3\/2023\/09\/20230914_122435low.jpg 1417w\" sizes=\"auto, (max-width: 450px) 100vw, 450px\" \/>Discussion passionn\u00e9e sur les volcans d\u2019Outre-mer. De droite \u00e0 gauche\u00a0: Brice Laurent Dubois (animateur), Maxime Veyrier (chroniqueur), Jacques-Marie Bardintzeff (volcanologue, invit\u00e9).<\/p>\n<p><img loading=\"lazy\" decoding=\"async\" class=\"alignnone size-medium wp-image-9505\" src=\"https:\/\/blogs.futura-sciences.com\/bardintzeff\/wp-content\/uploads\/sites\/3\/2023\/09\/20230914_122309low-450x265.jpg\" alt=\"\" width=\"450\" height=\"265\" srcset=\"https:\/\/blogs.futura-sciences.com\/bardintzeff\/wp-content\/uploads\/sites\/3\/2023\/09\/20230914_122309low-450x265.jpg 450w, https:\/\/blogs.futura-sciences.com\/bardintzeff\/wp-content\/uploads\/sites\/3\/2023\/09\/20230914_122309low-1024x604.jpg 1024w, https:\/\/blogs.futura-sciences.com\/bardintzeff\/wp-content\/uploads\/sites\/3\/2023\/09\/20230914_122309low-768x453.jpg 768w, https:\/\/blogs.futura-sciences.com\/bardintzeff\/wp-content\/uploads\/sites\/3\/2023\/09\/20230914_122309low.jpg 1417w\" sizes=\"auto, (max-width: 450px) 100vw, 450px\" \/>Jacques-Marie Bardintzeff, volcanologue, explique les volcans d\u2019Outre-mer.<\/p>\n<p><img loading=\"lazy\" decoding=\"async\" class=\"alignnone size-medium wp-image-9507\" src=\"https:\/\/blogs.futura-sciences.com\/bardintzeff\/wp-content\/uploads\/sites\/3\/2023\/09\/20230914_122755low-450x256.jpg\" alt=\"\" width=\"450\" height=\"256\" srcset=\"https:\/\/blogs.futura-sciences.com\/bardintzeff\/wp-content\/uploads\/sites\/3\/2023\/09\/20230914_122755low-450x256.jpg 450w, https:\/\/blogs.futura-sciences.com\/bardintzeff\/wp-content\/uploads\/sites\/3\/2023\/09\/20230914_122755low-1024x582.jpg 1024w, https:\/\/blogs.futura-sciences.com\/bardintzeff\/wp-content\/uploads\/sites\/3\/2023\/09\/20230914_122755low-768x436.jpg 768w, https:\/\/blogs.futura-sciences.com\/bardintzeff\/wp-content\/uploads\/sites\/3\/2023\/09\/20230914_122755low.jpg 1417w\" sizes=\"auto, (max-width: 450px) 100vw, 450px\" \/>L\u2019heure de la r\u00e9compense en fin d\u2019\u00e9mission Outremer.le mag\u00a0: d\u00e9gustation du dessert pr\u00e9par\u00e9 par Sanjee (bananes caram\u00e9lis\u00e9es et granola). De gauche \u00e0 droite\u00a0: Brice Laurent Dubois (animateur), Jacques-Marie Bardintzeff (volcanologue, invit\u00e9), Sanjee (chroniqueuse), Maxime Veyrier (chroniqueur).<\/p>\n<p>Voir l\u2019\u00e9mission en replay\u00a0:<\/p>\n<p><a href=\"https:\/\/www.france.tv\/france-3\/outremer-le-mag\/5204904-emission-du-jeudi-14-septembre-2023.html\">https:\/\/www.france.tv\/france-3\/outremer-le-mag\/5204904-emission-du-jeudi-14-septembre-2023.html<\/a><\/p>\n<p>(il suffit de s\u2019inscrire)<\/p>\n<!-- AddThis Advanced Settings generic via filter on the_content --><!-- AddThis Share Buttons generic via filter on the_content -->","protected":false},"excerpt":{"rendered":"<p>J\u2019ai eu le plaisir d\u2019\u00eatre l\u2019invit\u00e9 de l\u2019\u00e9mission Outremer.le mag, diffus\u00e9e le 14\/9\/2023 \u00e0 11h15 sur France 3 TV (dur\u00e9e 26 mn). L\u2019invit\u00e9 de l\u2019\u00e9mission Outremer.le mag du 14\/9\/2023\u00a0: Jacques-Marie Bardintzeff, volcanologue.<!-- AddThis Advanced Settings generic via filter on get_the_excerpt --><!-- AddThis Share Buttons generic via filter on get_the_excerpt --><\/p>\n","protected":false},"author":3,"featured_media":0,"comment_status":"open","ping_status":"open","sticky":false,"template":"","format":"standard","meta":{"footnotes":"","_links_to":"","_links_to_target":""},"categories":[6],"tags":[21,2812,2813,559,2814,2815,2816],"class_list":["post-9498","post","type-post","status-publish","format-standard","hentry","category-actualites","tag-bardintzeff","tag-france-3","tag-laurent-dubois","tag-outre-mer","tag-outremer-le-mag","tag-sanjee","tag-veyrier"],"yoast_head":"<!-- This site is optimized with the Yoast SEO plugin v24.1 - https:\/\/yoast.com\/wordpress\/plugins\/seo\/ -->\n<title>Outremer.le mag : le replay, par Jacques-Marie Bardintzeff<\/title>\n<meta name=\"robots\" content=\"index, follow, max-snippet:-1, max-image-preview:large, max-video-preview:-1\" \/>\n<link rel=\"canonical\" href=\"https:\/\/blogs.futura-sciences.com\/bardintzeff\/2023\/09\/14\/outremer-le-mag-le-replay\/\" \/>\n<meta property=\"og:locale\" content=\"fr_FR\" \/>\n<meta property=\"og:type\" content=\"article\" \/>\n<meta property=\"og:title\" content=\"Outremer.le mag : le replay, par Jacques-Marie Bardintzeff\" \/>\n<meta property=\"og:description\" content=\"J\u2019ai eu le plaisir d\u2019\u00eatre l\u2019invit\u00e9 de l\u2019\u00e9mission Outremer.le mag, diffus\u00e9e le 14\/9\/2023 \u00e0 11h15 sur France 3 TV (dur\u00e9e 26 mn). L\u2019invit\u00e9 de l\u2019\u00e9mission Outremer.le mag du 14\/9\/2023\u00a0: Jacques-Marie Bardintzeff, volcanologue.\" \/>\n<meta property=\"og:url\" content=\"https:\/\/blogs.futura-sciences.com\/bardintzeff\/2023\/09\/14\/outremer-le-mag-le-replay\/\" \/>\n<meta property=\"og:site_name\" content=\"VOLCANMANIA : le blog de Jacques-Marie BARDINTZEFF, volcanologue\" \/>\n<meta property=\"article:published_time\" content=\"2023-09-14T14:28:33+00:00\" \/>\n<meta property=\"article:modified_time\" content=\"2023-09-14T14:30:31+00:00\" \/>\n<meta property=\"og:image\" content=\"https:\/\/blogs.futura-sciences.com\/bardintzeff\/wp-content\/uploads\/sites\/3\/2023\/09\/20230914_122136low-450x264.jpg\" \/>\n<meta name=\"author\" content=\"jmbardintzeff\" \/>\n<meta name=\"twitter:card\" content=\"summary_large_image\" \/>\n<meta name=\"twitter:label1\" content=\"\u00c9crit par\" \/>\n\t<meta name=\"twitter:data1\" content=\"jmbardintzeff\" \/>\n\t<meta name=\"twitter:label2\" content=\"Dur\u00e9e de lecture estim\u00e9e\" \/>\n\t<meta name=\"twitter:data2\" content=\"1 minute\" \/>\n<script type=\"application\/ld+json\" class=\"yoast-schema-graph\">{\"@context\":\"https:\/\/schema.org\",\"@graph\":[{\"@type\":\"WebPage\",\"@id\":\"https:\/\/blogs.futura-sciences.com\/bardintzeff\/2023\/09\/14\/outremer-le-mag-le-replay\/\",\"url\":\"https:\/\/blogs.futura-sciences.com\/bardintzeff\/2023\/09\/14\/outremer-le-mag-le-replay\/\",\"name\":\"Outremer.le mag : le replay, par Jacques-Marie Bardintzeff\",\"isPartOf\":{\"@id\":\"https:\/\/blogs.futura-sciences.com\/bardintzeff\/#website\"},\"primaryImageOfPage\":{\"@id\":\"https:\/\/blogs.futura-sciences.com\/bardintzeff\/2023\/09\/14\/outremer-le-mag-le-replay\/#primaryimage\"},\"image\":{\"@id\":\"https:\/\/blogs.futura-sciences.com\/bardintzeff\/2023\/09\/14\/outremer-le-mag-le-replay\/#primaryimage\"},\"thumbnailUrl\":\"https:\/\/blogs.futura-sciences.com\/bardintzeff\/wp-content\/uploads\/sites\/3\/2023\/09\/20230914_122136low-450x264.jpg\",\"datePublished\":\"2023-09-14T14:28:33+00:00\",\"dateModified\":\"2023-09-14T14:30:31+00:00\",\"author\":{\"@id\":\"https:\/\/blogs.futura-sciences.com\/bardintzeff\/#\/schema\/person\/974e1e0324e3e06f08253784e8eca61e\"},\"inLanguage\":\"fr-FR\",\"potentialAction\":[{\"@type\":\"ReadAction\",\"target\":[\"https:\/\/blogs.futura-sciences.com\/bardintzeff\/2023\/09\/14\/outremer-le-mag-le-replay\/\"]}]},{\"@type\":\"ImageObject\",\"inLanguage\":\"fr-FR\",\"@id\":\"https:\/\/blogs.futura-sciences.com\/bardintzeff\/2023\/09\/14\/outremer-le-mag-le-replay\/#primaryimage\",\"url\":\"https:\/\/blogs.futura-sciences.com\/bardintzeff\/wp-content\/uploads\/sites\/3\/2023\/09\/20230914_122136low.jpg\",\"contentUrl\":\"https:\/\/blogs.futura-sciences.com\/bardintzeff\/wp-content\/uploads\/sites\/3\/2023\/09\/20230914_122136low.jpg\",\"width\":1417,\"height\":832},{\"@type\":\"WebSite\",\"@id\":\"https:\/\/blogs.futura-sciences.com\/bardintzeff\/#website\",\"url\":\"https:\/\/blogs.futura-sciences.com\/bardintzeff\/\",\"name\":\"VOLCANMANIA : le blog de Jacques-Marie BARDINTZEFF, volcanologue\",\"description\":\"Les volcans ? Passionn\u00e9ment ! Les volcans ne sont pas toujours m\u00e9chants, ils sont aussi les t\u00e9moins de la Terre active !\",\"potentialAction\":[{\"@type\":\"SearchAction\",\"target\":{\"@type\":\"EntryPoint\",\"urlTemplate\":\"https:\/\/blogs.futura-sciences.com\/bardintzeff\/?s={search_term_string}\"},\"query-input\":{\"@type\":\"PropertyValueSpecification\",\"valueRequired\":true,\"valueName\":\"search_term_string\"}}],\"inLanguage\":\"fr-FR\"},{\"@type\":\"Person\",\"@id\":\"https:\/\/blogs.futura-sciences.com\/bardintzeff\/#\/schema\/person\/974e1e0324e3e06f08253784e8eca61e\",\"name\":\"jmbardintzeff\",\"image\":{\"@type\":\"ImageObject\",\"inLanguage\":\"fr-FR\",\"@id\":\"https:\/\/blogs.futura-sciences.com\/bardintzeff\/#\/schema\/person\/image\/\",\"url\":\"https:\/\/secure.gravatar.com\/avatar\/d38cb5297008217786910838f2aa1bda?s=96&d=mm&r=g\",\"contentUrl\":\"https:\/\/secure.gravatar.com\/avatar\/d38cb5297008217786910838f2aa1bda?s=96&d=mm&r=g\",\"caption\":\"jmbardintzeff\"},\"url\":\"https:\/\/blogs.futura-sciences.com\/bardintzeff\/author\/jmbardintzeff\/\"}]}<\/script>\n<!-- \/ Yoast SEO plugin. -->","yoast_head_json":{"title":"Outremer.le mag : le replay, par Jacques-Marie Bardintzeff","robots":{"index":"index","follow":"follow","max-snippet":"max-snippet:-1","max-image-preview":"max-image-preview:large","max-video-preview":"max-video-preview:-1"},"canonical":"https:\/\/blogs.futura-sciences.com\/bardintzeff\/2023\/09\/14\/outremer-le-mag-le-replay\/","og_locale":"fr_FR","og_type":"article","og_title":"Outremer.le mag : le replay, par Jacques-Marie Bardintzeff","og_description":"J\u2019ai eu le plaisir d\u2019\u00eatre l\u2019invit\u00e9 de l\u2019\u00e9mission Outremer.le mag, diffus\u00e9e le 14\/9\/2023 \u00e0 11h15 sur France 3 TV (dur\u00e9e 26 mn). L\u2019invit\u00e9 de l\u2019\u00e9mission Outremer.le mag du 14\/9\/2023\u00a0: Jacques-Marie Bardintzeff, volcanologue.","og_url":"https:\/\/blogs.futura-sciences.com\/bardintzeff\/2023\/09\/14\/outremer-le-mag-le-replay\/","og_site_name":"VOLCANMANIA : le blog de Jacques-Marie BARDINTZEFF, volcanologue","article_published_time":"2023-09-14T14:28:33+00:00","article_modified_time":"2023-09-14T14:30:31+00:00","og_image":[{"url":"https:\/\/blogs.futura-sciences.com\/bardintzeff\/wp-content\/uploads\/sites\/3\/2023\/09\/20230914_122136low-450x264.jpg","type":"","width":"","height":""}],"author":"jmbardintzeff","twitter_card":"summary_large_image","twitter_misc":{"\u00c9crit par":"jmbardintzeff","Dur\u00e9e de lecture estim\u00e9e":"1 minute"},"schema":{"@context":"https:\/\/schema.org","@graph":[{"@type":"WebPage","@id":"https:\/\/blogs.futura-sciences.com\/bardintzeff\/2023\/09\/14\/outremer-le-mag-le-replay\/","url":"https:\/\/blogs.futura-sciences.com\/bardintzeff\/2023\/09\/14\/outremer-le-mag-le-replay\/","name":"Outremer.le mag : le replay, par Jacques-Marie Bardintzeff","isPartOf":{"@id":"https:\/\/blogs.futura-sciences.com\/bardintzeff\/#website"},"primaryImageOfPage":{"@id":"https:\/\/blogs.futura-sciences.com\/bardintzeff\/2023\/09\/14\/outremer-le-mag-le-replay\/#primaryimage"},"image":{"@id":"https:\/\/blogs.futura-sciences.com\/bardintzeff\/2023\/09\/14\/outremer-le-mag-le-replay\/#primaryimage"},"thumbnailUrl":"https:\/\/blogs.futura-sciences.com\/bardintzeff\/wp-content\/uploads\/sites\/3\/2023\/09\/20230914_122136low-450x264.jpg","datePublished":"2023-09-14T14:28:33+00:00","dateModified":"2023-09-14T14:30:31+00:00","author":{"@id":"https:\/\/blogs.futura-sciences.com\/bardintzeff\/#\/schema\/person\/974e1e0324e3e06f08253784e8eca61e"},"inLanguage":"fr-FR","potentialAction":[{"@type":"ReadAction","target":["https:\/\/blogs.futura-sciences.com\/bardintzeff\/2023\/09\/14\/outremer-le-mag-le-replay\/"]}]},{"@type":"ImageObject","inLanguage":"fr-FR","@id":"https:\/\/blogs.futura-sciences.com\/bardintzeff\/2023\/09\/14\/outremer-le-mag-le-replay\/#primaryimage","url":"https:\/\/blogs.futura-sciences.com\/bardintzeff\/wp-content\/uploads\/sites\/3\/2023\/09\/20230914_122136low.jpg","contentUrl":"https:\/\/blogs.futura-sciences.com\/bardintzeff\/wp-content\/uploads\/sites\/3\/2023\/09\/20230914_122136low.jpg","width":1417,"height":832},{"@type":"WebSite","@id":"https:\/\/blogs.futura-sciences.com\/bardintzeff\/#website","url":"https:\/\/blogs.futura-sciences.com\/bardintzeff\/","name":"VOLCANMANIA : le blog de Jacques-Marie BARDINTZEFF, volcanologue","description":"Les volcans ? Passionn\u00e9ment ! Les volcans ne sont pas toujours m\u00e9chants, ils sont aussi les t\u00e9moins de la Terre active !","potentialAction":[{"@type":"SearchAction","target":{"@type":"EntryPoint","urlTemplate":"https:\/\/blogs.futura-sciences.com\/bardintzeff\/?s={search_term_string}"},"query-input":{"@type":"PropertyValueSpecification","valueRequired":true,"valueName":"search_term_string"}}],"inLanguage":"fr-FR"},{"@type":"Person","@id":"https:\/\/blogs.futura-sciences.com\/bardintzeff\/#\/schema\/person\/974e1e0324e3e06f08253784e8eca61e","name":"jmbardintzeff","image":{"@type":"ImageObject","inLanguage":"fr-FR","@id":"https:\/\/blogs.futura-sciences.com\/bardintzeff\/#\/schema\/person\/image\/","url":"https:\/\/secure.gravatar.com\/avatar\/d38cb5297008217786910838f2aa1bda?s=96&d=mm&r=g","contentUrl":"https:\/\/secure.gravatar.com\/avatar\/d38cb5297008217786910838f2aa1bda?s=96&d=mm&r=g","caption":"jmbardintzeff"},"url":"https:\/\/blogs.futura-sciences.com\/bardintzeff\/author\/jmbardintzeff\/"}]}},"_links":{"self":[{"href":"https:\/\/blogs.futura-sciences.com\/bardintzeff\/wp-json\/wp\/v2\/posts\/9498","targetHints":{"allow":["GET"]}}],"collection":[{"href":"https:\/\/blogs.futura-sciences.com\/bardintzeff\/wp-json\/wp\/v2\/posts"}],"about":[{"href":"https:\/\/blogs.futura-sciences.com\/bardintzeff\/wp-json\/wp\/v2\/types\/post"}],"author":[{"embeddable":true,"href":"https:\/\/blogs.futura-sciences.com\/bardintzeff\/wp-json\/wp\/v2\/users\/3"}],"replies":[{"embeddable":true,"href":"https:\/\/blogs.futura-sciences.com\/bardintzeff\/wp-json\/wp\/v2\/comments?post=9498"}],"version-history":[{"count":6,"href":"https:\/\/blogs.futura-sciences.com\/bardintzeff\/wp-json\/wp\/v2\/posts\/9498\/revisions"}],"predecessor-version":[{"id":9508,"href":"https:\/\/blogs.futura-sciences.com\/bardintzeff\/wp-json\/wp\/v2\/posts\/9498\/revisions\/9508"}],"wp:attachment":[{"href":"https:\/\/blogs.futura-sciences.com\/bardintzeff\/wp-json\/wp\/v2\/media?parent=9498"}],"wp:term":[{"taxonomy":"category","embeddable":true,"href":"https:\/\/blogs.futura-sciences.com\/bardintzeff\/wp-json\/wp\/v2\/categories?post=9498"},{"taxonomy":"post_tag","embeddable":true,"href":"https:\/\/blogs.futura-sciences.com\/bardintzeff\/wp-json\/wp\/v2\/tags?post=9498"}],"curies":[{"name":"wp","href":"https:\/\/api.w.org\/{rel}","templated":true}]}}