{"id":9458,"date":"2023-09-11T10:54:36","date_gmt":"2023-09-11T10:54:36","guid":{"rendered":"https:\/\/blogs.futura-sciences.com\/bardintzeff\/?p=9458"},"modified":"2023-09-11T11:23:48","modified_gmt":"2023-09-11T11:23:48","slug":"seisme-meurtrier-au-maroc-sur-lci-et-bfmtv-suite","status":"publish","type":"post","link":"https:\/\/blogs.futura-sciences.com\/bardintzeff\/2023\/09\/11\/seisme-meurtrier-au-maroc-sur-lci-et-bfmtv-suite\/","title":{"rendered":"S\u00e9isme meurtrier au Maroc sur LCI et BFMTV (suite)"},"content":{"rendered":"<p>Le bilan humain du s\u00e9isme meurtrier, qui a frapp\u00e9 le Maroc vendredi 8\/9\/2023 en soir\u00e9e, ne cesse, malheureusement, de s\u2019accro\u00eetre. On d\u00e9plore actuellement pr\u00e8s de 2500 morts et pr\u00e8s de 2500 bless\u00e9s.<\/p>\n<p>J\u2019ai particip\u00e9 aux d\u00e9bats sur LCI et BFMTV, aux c\u00f4t\u00e9s de diff\u00e9rents sp\u00e9cialistes.<\/p>\n<p>&#8211; LCI, 15h30-16h15, pr\u00e9sent\u00e9 par Marie-Aline Meliyi, dimanche 10\/9\/2023<\/p>\n<p>&#8211; BFMTV, 22h-23h30, pr\u00e9sent\u00e9 par Alice Darfeuille, dimanche 10\/9\/2023<\/p>\n<p><img loading=\"lazy\" decoding=\"async\" class=\"alignnone size-medium wp-image-9462\" src=\"https:\/\/blogs.futura-sciences.com\/bardintzeff\/wp-content\/uploads\/sites\/3\/2023\/09\/20230911_084829low-450x257.jpg\" alt=\"\" width=\"450\" height=\"257\" srcset=\"https:\/\/blogs.futura-sciences.com\/bardintzeff\/wp-content\/uploads\/sites\/3\/2023\/09\/20230911_084829low-450x257.jpg 450w, https:\/\/blogs.futura-sciences.com\/bardintzeff\/wp-content\/uploads\/sites\/3\/2023\/09\/20230911_084829low-1024x585.jpg 1024w, https:\/\/blogs.futura-sciences.com\/bardintzeff\/wp-content\/uploads\/sites\/3\/2023\/09\/20230911_084829low-768x438.jpg 768w, https:\/\/blogs.futura-sciences.com\/bardintzeff\/wp-content\/uploads\/sites\/3\/2023\/09\/20230911_084829low.jpg 1417w\" sizes=\"auto, (max-width: 450px) 100vw, 450px\" \/>Jacques-Marie Bardintzeff, g\u00e9ologue, explique le contexte g\u00e9ologique des failles du Maroc \u00e0 Alice Darfeuille, pr\u00e9sentatrice de l\u2019\u00e9mission, BFMTV, 22h-23h30, 10\/9\/2023<\/p>\n<p><!--more--><\/p>\n<p><img loading=\"lazy\" decoding=\"async\" class=\"alignnone size-medium wp-image-9464\" src=\"https:\/\/blogs.futura-sciences.com\/bardintzeff\/wp-content\/uploads\/sites\/3\/2023\/09\/20230911_083626low-450x256.jpg\" alt=\"\" width=\"450\" height=\"256\" srcset=\"https:\/\/blogs.futura-sciences.com\/bardintzeff\/wp-content\/uploads\/sites\/3\/2023\/09\/20230911_083626low-450x256.jpg 450w, https:\/\/blogs.futura-sciences.com\/bardintzeff\/wp-content\/uploads\/sites\/3\/2023\/09\/20230911_083626low-1024x582.jpg 1024w, https:\/\/blogs.futura-sciences.com\/bardintzeff\/wp-content\/uploads\/sites\/3\/2023\/09\/20230911_083626low-768x436.jpg 768w, https:\/\/blogs.futura-sciences.com\/bardintzeff\/wp-content\/uploads\/sites\/3\/2023\/09\/20230911_083626low.jpg 1417w\" sizes=\"auto, (max-width: 450px) 100vw, 450px\" \/><\/p>\n<p>Le plateau sur BFMTV, 10\/9\/2023, 22h-23h30<\/p>\n<p><img loading=\"lazy\" decoding=\"async\" class=\"alignnone size-medium wp-image-9466\" src=\"https:\/\/blogs.futura-sciences.com\/bardintzeff\/wp-content\/uploads\/sites\/3\/2023\/09\/20230911_082850low-450x261.jpg\" alt=\"\" width=\"450\" height=\"261\" srcset=\"https:\/\/blogs.futura-sciences.com\/bardintzeff\/wp-content\/uploads\/sites\/3\/2023\/09\/20230911_082850low-450x261.jpg 450w, https:\/\/blogs.futura-sciences.com\/bardintzeff\/wp-content\/uploads\/sites\/3\/2023\/09\/20230911_082850low-1024x594.jpg 1024w, https:\/\/blogs.futura-sciences.com\/bardintzeff\/wp-content\/uploads\/sites\/3\/2023\/09\/20230911_082850low-768x446.jpg 768w, https:\/\/blogs.futura-sciences.com\/bardintzeff\/wp-content\/uploads\/sites\/3\/2023\/09\/20230911_082850low.jpg 1417w\" sizes=\"auto, (max-width: 450px) 100vw, 450px\" \/><\/p>\n<p>Le plateau sur LCI, le 10\/9\/2023, apr\u00e8s-midi.<\/p>\n<p>Revoir ces \u00e9missions en replay\u00a0:<\/p>\n<p>LCI 10\/9\/2023 apr\u00e8s-midi<\/p>\n<p><a href=\"https:\/\/www.tf1info.fr\/replay-lci\/video-le-club-du-dimanche-10-septembre-2269319.html\">https:\/\/www.tf1info.fr\/replay-lci\/video-le-club-du-dimanche-10-septembre-2269319.html<\/a><\/p>\n<p>BFMTV 10\/9\/2023 soir<\/p>\n<p><a href=\"https:\/\/www.bfmtv.com\/replay-emissions\/week-end-direct\/seisme-au-maroc-deux-jours-apres-les-recherches-continuent-10-09_VN-202309100425.html\">https:\/\/www.bfmtv.com\/replay-emissions\/week-end-direct\/seisme-au-maroc-deux-jours-apres-les-recherches-continuent-10-09_VN-202309100425.html<\/a><\/p>\n<!-- AddThis Advanced Settings generic via filter on the_content --><!-- AddThis Share Buttons generic via filter on the_content -->","protected":false},"excerpt":{"rendered":"<p>Le bilan humain du s\u00e9isme meurtrier, qui a frapp\u00e9 le Maroc vendredi 8\/9\/2023 en soir\u00e9e, ne cesse, malheureusement, de s\u2019accro\u00eetre. On d\u00e9plore actuellement pr\u00e8s de 2500 morts et pr\u00e8s de 2500 bless\u00e9s. J\u2019ai particip\u00e9 aux d\u00e9bats sur LCI et BFMTV, aux c\u00f4t\u00e9s de diff\u00e9rents sp\u00e9cialistes. &#8211; LCI, 15h30-16h15, pr\u00e9sent\u00e9 par Marie-Aline Meliyi, dimanche 10\/9\/2023 &#8211; &hellip; <a href=\"https:\/\/blogs.futura-sciences.com\/bardintzeff\/2023\/09\/11\/seisme-meurtrier-au-maroc-sur-lci-et-bfmtv-suite\/\" class=\"more-link\">Continuer la lecture de <span class=\"screen-reader-text\">S\u00e9isme meurtrier au Maroc sur LCI et BFMTV (suite)<\/span>  <span class=\"meta-nav\">&rarr;<\/span><\/a><!-- AddThis Advanced Settings generic via filter on get_the_excerpt --><!-- AddThis Share Buttons generic via filter on get_the_excerpt --><\/p>\n","protected":false},"author":3,"featured_media":0,"comment_status":"open","ping_status":"open","sticky":false,"template":"","format":"standard","meta":{"footnotes":"","_links_to":"","_links_to_target":""},"categories":[6],"tags":[1621,999,1213,22],"class_list":["post-9458","post","type-post","status-publish","format-standard","hentry","category-actualites","tag-bfmtv","tag-lci","tag-maroc","tag-seisme"],"yoast_head":"<!-- This site is optimized with the Yoast SEO plugin v24.1 - https:\/\/yoast.com\/wordpress\/plugins\/seo\/ -->\n<title>S\u00e9isme meurtrier au Maroc sur LCI et BFMTV (suite), par Jacques-Marie Bardintzeff<\/title>\n<meta name=\"robots\" content=\"index, follow, max-snippet:-1, max-image-preview:large, max-video-preview:-1\" \/>\n<link rel=\"canonical\" href=\"https:\/\/blogs.futura-sciences.com\/bardintzeff\/2023\/09\/11\/seisme-meurtrier-au-maroc-sur-lci-et-bfmtv-suite\/\" \/>\n<meta property=\"og:locale\" content=\"fr_FR\" \/>\n<meta property=\"og:type\" content=\"article\" \/>\n<meta property=\"og:title\" content=\"S\u00e9isme meurtrier au Maroc sur LCI et BFMTV (suite), par Jacques-Marie Bardintzeff\" \/>\n<meta property=\"og:description\" content=\"Le bilan humain du s\u00e9isme meurtrier, qui a frapp\u00e9 le Maroc vendredi 8\/9\/2023 en soir\u00e9e, ne cesse, malheureusement, de s\u2019accro\u00eetre. On d\u00e9plore actuellement pr\u00e8s de 2500 morts et pr\u00e8s de 2500 bless\u00e9s. J\u2019ai particip\u00e9 aux d\u00e9bats sur LCI et BFMTV, aux c\u00f4t\u00e9s de diff\u00e9rents sp\u00e9cialistes. &#8211; LCI, 15h30-16h15, pr\u00e9sent\u00e9 par Marie-Aline Meliyi, dimanche 10\/9\/2023 &#8211; &hellip; Continuer la lecture de S\u00e9isme meurtrier au Maroc sur LCI et BFMTV (suite) &rarr;\" \/>\n<meta property=\"og:url\" content=\"https:\/\/blogs.futura-sciences.com\/bardintzeff\/2023\/09\/11\/seisme-meurtrier-au-maroc-sur-lci-et-bfmtv-suite\/\" \/>\n<meta property=\"og:site_name\" content=\"VOLCANMANIA : le blog de Jacques-Marie BARDINTZEFF, volcanologue\" \/>\n<meta property=\"article:published_time\" content=\"2023-09-11T10:54:36+00:00\" \/>\n<meta property=\"article:modified_time\" content=\"2023-09-11T11:23:48+00:00\" \/>\n<meta property=\"og:image\" content=\"https:\/\/blogs.futura-sciences.com\/bardintzeff\/wp-content\/uploads\/sites\/3\/2023\/09\/20230911_084829low-450x257.jpg\" \/>\n<meta name=\"author\" content=\"jmbardintzeff\" \/>\n<meta name=\"twitter:card\" content=\"summary_large_image\" \/>\n<meta name=\"twitter:label1\" content=\"\u00c9crit par\" \/>\n\t<meta name=\"twitter:data1\" content=\"jmbardintzeff\" \/>\n\t<meta name=\"twitter:label2\" content=\"Dur\u00e9e de lecture estim\u00e9e\" \/>\n\t<meta name=\"twitter:data2\" content=\"1 minute\" \/>\n<script type=\"application\/ld+json\" class=\"yoast-schema-graph\">{\"@context\":\"https:\/\/schema.org\",\"@graph\":[{\"@type\":\"WebPage\",\"@id\":\"https:\/\/blogs.futura-sciences.com\/bardintzeff\/2023\/09\/11\/seisme-meurtrier-au-maroc-sur-lci-et-bfmtv-suite\/\",\"url\":\"https:\/\/blogs.futura-sciences.com\/bardintzeff\/2023\/09\/11\/seisme-meurtrier-au-maroc-sur-lci-et-bfmtv-suite\/\",\"name\":\"S\u00e9isme meurtrier au Maroc sur LCI et BFMTV (suite), par Jacques-Marie Bardintzeff\",\"isPartOf\":{\"@id\":\"https:\/\/blogs.futura-sciences.com\/bardintzeff\/#website\"},\"primaryImageOfPage\":{\"@id\":\"https:\/\/blogs.futura-sciences.com\/bardintzeff\/2023\/09\/11\/seisme-meurtrier-au-maroc-sur-lci-et-bfmtv-suite\/#primaryimage\"},\"image\":{\"@id\":\"https:\/\/blogs.futura-sciences.com\/bardintzeff\/2023\/09\/11\/seisme-meurtrier-au-maroc-sur-lci-et-bfmtv-suite\/#primaryimage\"},\"thumbnailUrl\":\"https:\/\/blogs.futura-sciences.com\/bardintzeff\/wp-content\/uploads\/sites\/3\/2023\/09\/20230911_084829low-450x257.jpg\",\"datePublished\":\"2023-09-11T10:54:36+00:00\",\"dateModified\":\"2023-09-11T11:23:48+00:00\",\"author\":{\"@id\":\"https:\/\/blogs.futura-sciences.com\/bardintzeff\/#\/schema\/person\/974e1e0324e3e06f08253784e8eca61e\"},\"inLanguage\":\"fr-FR\",\"potentialAction\":[{\"@type\":\"ReadAction\",\"target\":[\"https:\/\/blogs.futura-sciences.com\/bardintzeff\/2023\/09\/11\/seisme-meurtrier-au-maroc-sur-lci-et-bfmtv-suite\/\"]}]},{\"@type\":\"ImageObject\",\"inLanguage\":\"fr-FR\",\"@id\":\"https:\/\/blogs.futura-sciences.com\/bardintzeff\/2023\/09\/11\/seisme-meurtrier-au-maroc-sur-lci-et-bfmtv-suite\/#primaryimage\",\"url\":\"https:\/\/blogs.futura-sciences.com\/bardintzeff\/wp-content\/uploads\/sites\/3\/2023\/09\/20230911_084829low.jpg\",\"contentUrl\":\"https:\/\/blogs.futura-sciences.com\/bardintzeff\/wp-content\/uploads\/sites\/3\/2023\/09\/20230911_084829low.jpg\",\"width\":1417,\"height\":809},{\"@type\":\"WebSite\",\"@id\":\"https:\/\/blogs.futura-sciences.com\/bardintzeff\/#website\",\"url\":\"https:\/\/blogs.futura-sciences.com\/bardintzeff\/\",\"name\":\"VOLCANMANIA : le blog de Jacques-Marie BARDINTZEFF, volcanologue\",\"description\":\"Les volcans ? Passionn\u00e9ment ! Les volcans ne sont pas toujours m\u00e9chants, ils sont aussi les t\u00e9moins de la Terre active !\",\"potentialAction\":[{\"@type\":\"SearchAction\",\"target\":{\"@type\":\"EntryPoint\",\"urlTemplate\":\"https:\/\/blogs.futura-sciences.com\/bardintzeff\/?s={search_term_string}\"},\"query-input\":{\"@type\":\"PropertyValueSpecification\",\"valueRequired\":true,\"valueName\":\"search_term_string\"}}],\"inLanguage\":\"fr-FR\"},{\"@type\":\"Person\",\"@id\":\"https:\/\/blogs.futura-sciences.com\/bardintzeff\/#\/schema\/person\/974e1e0324e3e06f08253784e8eca61e\",\"name\":\"jmbardintzeff\",\"image\":{\"@type\":\"ImageObject\",\"inLanguage\":\"fr-FR\",\"@id\":\"https:\/\/blogs.futura-sciences.com\/bardintzeff\/#\/schema\/person\/image\/\",\"url\":\"https:\/\/secure.gravatar.com\/avatar\/d38cb5297008217786910838f2aa1bda?s=96&d=mm&r=g\",\"contentUrl\":\"https:\/\/secure.gravatar.com\/avatar\/d38cb5297008217786910838f2aa1bda?s=96&d=mm&r=g\",\"caption\":\"jmbardintzeff\"},\"url\":\"https:\/\/blogs.futura-sciences.com\/bardintzeff\/author\/jmbardintzeff\/\"}]}<\/script>\n<!-- \/ Yoast SEO plugin. -->","yoast_head_json":{"title":"S\u00e9isme meurtrier au Maroc sur LCI et BFMTV (suite), par Jacques-Marie Bardintzeff","robots":{"index":"index","follow":"follow","max-snippet":"max-snippet:-1","max-image-preview":"max-image-preview:large","max-video-preview":"max-video-preview:-1"},"canonical":"https:\/\/blogs.futura-sciences.com\/bardintzeff\/2023\/09\/11\/seisme-meurtrier-au-maroc-sur-lci-et-bfmtv-suite\/","og_locale":"fr_FR","og_type":"article","og_title":"S\u00e9isme meurtrier au Maroc sur LCI et BFMTV (suite), par Jacques-Marie Bardintzeff","og_description":"Le bilan humain du s\u00e9isme meurtrier, qui a frapp\u00e9 le Maroc vendredi 8\/9\/2023 en soir\u00e9e, ne cesse, malheureusement, de s\u2019accro\u00eetre. On d\u00e9plore actuellement pr\u00e8s de 2500 morts et pr\u00e8s de 2500 bless\u00e9s. J\u2019ai particip\u00e9 aux d\u00e9bats sur LCI et BFMTV, aux c\u00f4t\u00e9s de diff\u00e9rents sp\u00e9cialistes. &#8211; LCI, 15h30-16h15, pr\u00e9sent\u00e9 par Marie-Aline Meliyi, dimanche 10\/9\/2023 &#8211; &hellip; Continuer la lecture de S\u00e9isme meurtrier au Maroc sur LCI et BFMTV (suite) &rarr;","og_url":"https:\/\/blogs.futura-sciences.com\/bardintzeff\/2023\/09\/11\/seisme-meurtrier-au-maroc-sur-lci-et-bfmtv-suite\/","og_site_name":"VOLCANMANIA : le blog de Jacques-Marie BARDINTZEFF, volcanologue","article_published_time":"2023-09-11T10:54:36+00:00","article_modified_time":"2023-09-11T11:23:48+00:00","og_image":[{"url":"https:\/\/blogs.futura-sciences.com\/bardintzeff\/wp-content\/uploads\/sites\/3\/2023\/09\/20230911_084829low-450x257.jpg","type":"","width":"","height":""}],"author":"jmbardintzeff","twitter_card":"summary_large_image","twitter_misc":{"\u00c9crit par":"jmbardintzeff","Dur\u00e9e de lecture estim\u00e9e":"1 minute"},"schema":{"@context":"https:\/\/schema.org","@graph":[{"@type":"WebPage","@id":"https:\/\/blogs.futura-sciences.com\/bardintzeff\/2023\/09\/11\/seisme-meurtrier-au-maroc-sur-lci-et-bfmtv-suite\/","url":"https:\/\/blogs.futura-sciences.com\/bardintzeff\/2023\/09\/11\/seisme-meurtrier-au-maroc-sur-lci-et-bfmtv-suite\/","name":"S\u00e9isme meurtrier au Maroc sur LCI et BFMTV (suite), par Jacques-Marie Bardintzeff","isPartOf":{"@id":"https:\/\/blogs.futura-sciences.com\/bardintzeff\/#website"},"primaryImageOfPage":{"@id":"https:\/\/blogs.futura-sciences.com\/bardintzeff\/2023\/09\/11\/seisme-meurtrier-au-maroc-sur-lci-et-bfmtv-suite\/#primaryimage"},"image":{"@id":"https:\/\/blogs.futura-sciences.com\/bardintzeff\/2023\/09\/11\/seisme-meurtrier-au-maroc-sur-lci-et-bfmtv-suite\/#primaryimage"},"thumbnailUrl":"https:\/\/blogs.futura-sciences.com\/bardintzeff\/wp-content\/uploads\/sites\/3\/2023\/09\/20230911_084829low-450x257.jpg","datePublished":"2023-09-11T10:54:36+00:00","dateModified":"2023-09-11T11:23:48+00:00","author":{"@id":"https:\/\/blogs.futura-sciences.com\/bardintzeff\/#\/schema\/person\/974e1e0324e3e06f08253784e8eca61e"},"inLanguage":"fr-FR","potentialAction":[{"@type":"ReadAction","target":["https:\/\/blogs.futura-sciences.com\/bardintzeff\/2023\/09\/11\/seisme-meurtrier-au-maroc-sur-lci-et-bfmtv-suite\/"]}]},{"@type":"ImageObject","inLanguage":"fr-FR","@id":"https:\/\/blogs.futura-sciences.com\/bardintzeff\/2023\/09\/11\/seisme-meurtrier-au-maroc-sur-lci-et-bfmtv-suite\/#primaryimage","url":"https:\/\/blogs.futura-sciences.com\/bardintzeff\/wp-content\/uploads\/sites\/3\/2023\/09\/20230911_084829low.jpg","contentUrl":"https:\/\/blogs.futura-sciences.com\/bardintzeff\/wp-content\/uploads\/sites\/3\/2023\/09\/20230911_084829low.jpg","width":1417,"height":809},{"@type":"WebSite","@id":"https:\/\/blogs.futura-sciences.com\/bardintzeff\/#website","url":"https:\/\/blogs.futura-sciences.com\/bardintzeff\/","name":"VOLCANMANIA : le blog de Jacques-Marie BARDINTZEFF, volcanologue","description":"Les volcans ? Passionn\u00e9ment ! Les volcans ne sont pas toujours m\u00e9chants, ils sont aussi les t\u00e9moins de la Terre active !","potentialAction":[{"@type":"SearchAction","target":{"@type":"EntryPoint","urlTemplate":"https:\/\/blogs.futura-sciences.com\/bardintzeff\/?s={search_term_string}"},"query-input":{"@type":"PropertyValueSpecification","valueRequired":true,"valueName":"search_term_string"}}],"inLanguage":"fr-FR"},{"@type":"Person","@id":"https:\/\/blogs.futura-sciences.com\/bardintzeff\/#\/schema\/person\/974e1e0324e3e06f08253784e8eca61e","name":"jmbardintzeff","image":{"@type":"ImageObject","inLanguage":"fr-FR","@id":"https:\/\/blogs.futura-sciences.com\/bardintzeff\/#\/schema\/person\/image\/","url":"https:\/\/secure.gravatar.com\/avatar\/d38cb5297008217786910838f2aa1bda?s=96&d=mm&r=g","contentUrl":"https:\/\/secure.gravatar.com\/avatar\/d38cb5297008217786910838f2aa1bda?s=96&d=mm&r=g","caption":"jmbardintzeff"},"url":"https:\/\/blogs.futura-sciences.com\/bardintzeff\/author\/jmbardintzeff\/"}]}},"_links":{"self":[{"href":"https:\/\/blogs.futura-sciences.com\/bardintzeff\/wp-json\/wp\/v2\/posts\/9458","targetHints":{"allow":["GET"]}}],"collection":[{"href":"https:\/\/blogs.futura-sciences.com\/bardintzeff\/wp-json\/wp\/v2\/posts"}],"about":[{"href":"https:\/\/blogs.futura-sciences.com\/bardintzeff\/wp-json\/wp\/v2\/types\/post"}],"author":[{"embeddable":true,"href":"https:\/\/blogs.futura-sciences.com\/bardintzeff\/wp-json\/wp\/v2\/users\/3"}],"replies":[{"embeddable":true,"href":"https:\/\/blogs.futura-sciences.com\/bardintzeff\/wp-json\/wp\/v2\/comments?post=9458"}],"version-history":[{"count":8,"href":"https:\/\/blogs.futura-sciences.com\/bardintzeff\/wp-json\/wp\/v2\/posts\/9458\/revisions"}],"predecessor-version":[{"id":9470,"href":"https:\/\/blogs.futura-sciences.com\/bardintzeff\/wp-json\/wp\/v2\/posts\/9458\/revisions\/9470"}],"wp:attachment":[{"href":"https:\/\/blogs.futura-sciences.com\/bardintzeff\/wp-json\/wp\/v2\/media?parent=9458"}],"wp:term":[{"taxonomy":"category","embeddable":true,"href":"https:\/\/blogs.futura-sciences.com\/bardintzeff\/wp-json\/wp\/v2\/categories?post=9458"},{"taxonomy":"post_tag","embeddable":true,"href":"https:\/\/blogs.futura-sciences.com\/bardintzeff\/wp-json\/wp\/v2\/tags?post=9458"}],"curies":[{"name":"wp","href":"https:\/\/api.w.org\/{rel}","templated":true}]}}