{"id":9155,"date":"2023-06-13T07:41:43","date_gmt":"2023-06-13T07:41:43","guid":{"rendered":"https:\/\/blogs.futura-sciences.com\/bardintzeff\/?p=9155"},"modified":"2023-06-13T08:12:01","modified_gmt":"2023-06-13T08:12:01","slug":"curieux-la-mediterranee-une-region-a-haut-risque-tellurique","status":"publish","type":"post","link":"https:\/\/blogs.futura-sciences.com\/bardintzeff\/2023\/06\/13\/curieux-la-mediterranee-une-region-a-haut-risque-tellurique\/","title":{"rendered":"Curieux! La M\u00e9diterran\u00e9e, une r\u00e9gion \u00e0 haut risque tellurique"},"content":{"rendered":"<p>Alexandrine Civard-Racinais m\u2019a interview\u00e9 pour \u00ab\u00a0Curieux!\u00a0\u00bb, m\u00e9dia digital d&#8217;information et de vulgarisation scientifique \u00e0 destination du grand public ; elle m\u2019a demand\u00e9 quels \u00e9taient les risques telluriques en M\u00e9diterran\u00e9e.<\/p>\n<p><img loading=\"lazy\" decoding=\"async\" class=\"alignnone size-medium wp-image-9160\" src=\"https:\/\/blogs.futura-sciences.com\/bardintzeff\/wp-content\/uploads\/sites\/3\/2023\/06\/Bardintzeff.ITA79.3.08.Stromboli.low_.s-450x283.jpg\" alt=\"\" width=\"450\" height=\"283\" srcset=\"https:\/\/blogs.futura-sciences.com\/bardintzeff\/wp-content\/uploads\/sites\/3\/2023\/06\/Bardintzeff.ITA79.3.08.Stromboli.low_.s-450x283.jpg 450w, https:\/\/blogs.futura-sciences.com\/bardintzeff\/wp-content\/uploads\/sites\/3\/2023\/06\/Bardintzeff.ITA79.3.08.Stromboli.low_.s-1024x645.jpg 1024w, https:\/\/blogs.futura-sciences.com\/bardintzeff\/wp-content\/uploads\/sites\/3\/2023\/06\/Bardintzeff.ITA79.3.08.Stromboli.low_.s-768x484.jpg 768w, https:\/\/blogs.futura-sciences.com\/bardintzeff\/wp-content\/uploads\/sites\/3\/2023\/06\/Bardintzeff.ITA79.3.08.Stromboli.low_.s-1536x967.jpg 1536w, https:\/\/blogs.futura-sciences.com\/bardintzeff\/wp-content\/uploads\/sites\/3\/2023\/06\/Bardintzeff.ITA79.3.08.Stromboli.low_.s.jpg 1772w\" sizes=\"auto, (max-width: 450px) 100vw, 450px\" \/><\/p>\n<p>Le Stromboli, un volcan en M\u00e9diterran\u00e9e (\u00a9 J.M. Bardintzeff).<\/p>\n<p>Voici l\u2019article (du 8 juin 2023)\u00a0:<\/p>\n<p><a href=\"https:\/\/www.curieux.live\/2023\/06\/08\/seismes-volcans-la-mediterranee-est-une-region-a-haut-risque-tellurique\/\">https:\/\/www.curieux.live\/2023\/06\/08\/seismes-volcans-la-mediterranee-est-une-region-a-haut-risque-tellurique\/<\/a><\/p>\n<p><!--more--><\/p>\n<p>Le texte complet de l\u2019article\u00a0:<\/p>\n<p><strong>CURIEUX!<\/strong><\/p>\n<p><strong>Science #Mer M\u00e9diterran\u00e9e<\/strong><\/p>\n<p><strong>S\u00e9ismes et volcans, la M\u00e9diterran\u00e9e est une r\u00e9gion \u00e0 haut risque tellurique<\/strong><\/p>\n<p><strong>Alexandrine Civard-Racinais \/ 8 juin 2023<\/strong><\/p>\n<p><strong>La M\u00e9diterran\u00e9e et son pourtour sont le si\u00e8ge d\u2019une activit\u00e9 tellurique intense. Quels sont les principaux risques naturels qui en r\u00e9sultent ? Nous avons pos\u00e9 cette question \u00e0 Jacques-Marie <\/strong><a href=\"http:\/\/geops.geol.u-psud.fr\/spip.php?article707\"><strong>Bardintzeff<\/strong><\/a><strong>, volcanologue renomm\u00e9, professeur \u00e0 l\u2019universit\u00e9 Paris-Saclay.<\/strong><\/p>\n<p><strong>Interview<\/strong><\/p>\n<p>Jacques-Marie Bardintzeff\u00a0:<\/p>\n<p>\u00ab\u00a0H\u00e9riti\u00e8re de la mer T\u00e9thys, la M\u00e9diterran\u00e9e s\u2019est form\u00e9e il y a plusieurs dizaines de millions d\u2019ann\u00e9es. C\u2019est une r\u00e9gion g\u00e9ologique complexe par sa tectonique. Elle est coinc\u00e9e entre les plaques africaine et eurasiatique, d\u2019o\u00f9 son nom de \u00ab mer au milieu des terres \u00bb.<\/p>\n<p>Ces grandes plaques s\u2019encastrent les unes dans les autres et sont en contact avec des plaques plus petites : les plaques adriatique, \u00e9g\u00e9enne, anatolienne. En bougeant, ces plaques g\u00e9n\u00e8rent une \u00e9nergie importante qui se traduit par des mouvements telluriques. Rien d\u2019\u00e9tonnant donc, que la M\u00e9diterran\u00e9e ait \u00e9t\u00e9 et soit encore le si\u00e8ge de catastrophes telluriques, comme celle qui s\u2019est produite en f\u00e9vrier 2023 au sud de la Turquie et au nord de la Syrie.<\/p>\n<p>\u00ab\u00a0<em>Les volcans, les s\u00e9ismes et les tsunamis sont\u00a0trois grands risques telluriques. <\/em>\u00bb<\/p>\n<ol>\n<li><strong> Les s\u00e9ismes<\/strong><\/li>\n<\/ol>\n<p>\u00ab\u00a0La Turquie est une r\u00e9gion tr\u00e8s sismique, elle connait un s\u00e9isme meurtrier tous les 10 ans en moyenne. La majeure partie du territoire turc se trouve sur la plaque anatolienne. Le s\u00e9isme du 6 f\u00e9vrier dernier s\u2019est produit au niveau de la faille est-anatolienne, longue de plusieurs centaines de km. Cette faille est tr\u00e8s surveill\u00e9e, mais il est impossible de pr\u00e9voir \u00e0 quel moment elle va casser.<\/p>\n<p>Outre la Turquie, les zones les plus concern\u00e9es par ce risque se situent au Maghreb, notamment en Alg\u00e9rie et au Maroc, en Italie, Gr\u00e8ce, dans l\u2019ex-Yougoslavie, et dans une moindre mesure dans le sud de la France (dernier s\u00e9isme meurtrier en date \u00e0 Aix-en-Provence, 1909).\u00a0\u00bb<\/p>\n<p>\u00ab\u00a0<em>Un s\u00e9isme c\u2019est du solide qui casse d\u2019une minute \u00e0 l\u2019autre. Un volcan c\u2019est du magma qui monte et peut prendre son temps.<\/em>\u00a0\u00bb<\/p>\n<ol start=\"2\">\n<li><strong> Les volcans<\/strong><\/li>\n<\/ol>\n<p>Sur terre, les volcans actifs constituent une autre menace, notamment en Italie o\u00f9 l\u2019<a href=\"http:\/\/www.apple.fr\">Etna<\/a> et le Stromboli sont actifs actuellement. Le Stromboli est m\u00eame le volcan le plus actif d\u2019Europe. D\u2019autres, comme Vulcano ou le V\u00e9suve, ne dorment que d\u2019un \u0153il. Idem en Gr\u00e8ce sur l\u2019\u00eele de Santorin. Le volcan, dont le dernier r\u00e9veil date de 1950, a connu une \u00e9ruption cataclysmale vers 1610 (+\/- 14 ans) av. J.-C. qui a boulevers\u00e9 la physionomie de l\u2019\u00eele.<\/p>\n<p>Cette \u00e9ruption a \u00e9galement g\u00e9n\u00e9r\u00e9 un tsunami. On pense qu\u2019\u00e0 certains endroits, les vagues ont atteint plus de 100 m\u00e8tres de haut.<\/p>\n<p>\u00ab\u00a0<em>Les tsunamis sont provoqu\u00e9s par une instabilit\u00e9 sous la mer qui peut \u00eatre li\u00e9e \u00e0 des causes sismiques ou volcaniques ou \u00e0 des glissements de terrain.<\/em>\u00a0\u00bb<\/p>\n<ol start=\"3\">\n<li><strong> Les tsunamis<\/strong><\/li>\n<\/ol>\n<p>Photo\u00a0: En 1887, un s\u00e9isme en M\u00e9diterran\u00e9e aurait d\u00e9clench\u00e9 un tsunami g\u00e9n\u00e9rant des vagues hautes de 2 m \u00e0 Menton. Photo Alexandrine Civard-Racinais<\/p>\n<p>Les tsunamis sont des trains de vagues qui avancent \u00e0 grande vitesse, puis ralentissement brutalement passant de 700 \u00e0 100 km\/h et g\u00e9n\u00e8rent alors des vagues qui peuvent d\u00e9passer 30 m\u00e8tres de haut comme on l\u2019a vu en 1956 sur l\u2019\u00eele d\u2019Amorgos. La Gr\u00e8ce, mais aussi le sud de la France (dans une moindre mesure) sont concern\u00e9s par ce risque.<\/p>\n<p>Compar\u00e9e \u00e0 d\u2019autres mers et oc\u00e9ans, la M\u00e9diterran\u00e9e est de petite taille. Cette sp\u00e9cificit\u00e9 cr\u00e9e une difficult\u00e9 suppl\u00e9mentaire, car il ne faut que quelques dizaines de minutes \u00e0 un tsunami pour parcourir sa largeur. Cela laisse peu de temps pour pr\u00e9venir les populations en danger. Aussi est-il important de d\u00e9velopper l\u2019\u00e9ducation \u00e0 ces risques.\u00a0\u00bb<\/p>\n<p><strong><u>A suivre en direct <\/u><\/strong><strong>: <\/strong>\u00ab La Terre en col\u00e8re \u00bb, conf\u00e9rence de Jacques-Marie Bardintzeff retransmise en direct sur la page facebook de la m\u00e9diath\u00e8que de Parentis-en-Born (40), organisatrice. RV le 8 juin 2023 \u00e0 20h.<\/p>\n<p><a href=\"https:\/\/www.facebook.com\/villedeparentisenborn\/videos\/1378728519577626\">https:\/\/www.facebook.com\/villedeparentisenborn\/videos\/1378728519577626<\/a><\/p>\n<p><strong><u>A lire<\/u><\/strong><strong> :<\/strong><\/p>\n<ul>\n<li><em>Tout savoir sur les volcans du monde, s\u00e9ismes et tsunamis<\/em>, Orphie, 2015.<\/li>\n<li><a href=\"https:\/\/blogs.futura-sciences.com\/bardintzeff\/\">Volcanmania<\/a>. Le blog de Jacques-Marie Bardintzeff<\/li>\n<\/ul>\n<p>Au tableau Jacques-Marie Bardintzeff ! \/ Les risques volcaniques<\/p>\n<p><a href=\"https:\/\/www.youtube.com\/watch?v=WBYaZAsFXlw\">https:\/\/www.youtube.com\/watch?v=WBYaZAsFXlw<\/a><\/p>\n<p><a href=\"https:\/\/www.curieux.live\/2022\/07\/13\/tsunamis-la-france-aussi-est-concernee-sur-latlantique-et-la-mediterranee\/\">https:\/\/www.curieux.live\/2022\/07\/13\/tsunamis-la-france-aussi-est-concernee-sur-latlantique-et-la-mediterranee\/<\/a><\/p>\n<p>Voir aussi mon blog du 28\/9\/2019\u00a0:<\/p>\n<p><a href=\"https:\/\/blogs.futura-sciences.com\/bardintzeff\/2019\/09\/28\/volcans-le-vrai-du-faux\/#more-5018\">https:\/\/blogs.futura-sciences.com\/bardintzeff\/2019\/09\/28\/volcans-le-vrai-du-faux\/#more-5018<\/a><\/p>\n<!-- AddThis Advanced Settings generic via filter on the_content --><!-- AddThis Share Buttons generic via filter on the_content -->","protected":false},"excerpt":{"rendered":"<p>Alexandrine Civard-Racinais m\u2019a interview\u00e9 pour \u00ab\u00a0Curieux!\u00a0\u00bb, m\u00e9dia digital d&#8217;information et de vulgarisation scientifique \u00e0 destination du grand public ; elle m\u2019a demand\u00e9 quels \u00e9taient les risques telluriques en M\u00e9diterran\u00e9e. Le Stromboli, un volcan en M\u00e9diterran\u00e9e (\u00a9 J.M. Bardintzeff). Voici l\u2019article (du 8 juin 2023)\u00a0: https:\/\/www.curieux.live\/2023\/06\/08\/seismes-volcans-la-mediterranee-est-une-region-a-haut-risque-tellurique\/<!-- AddThis Advanced Settings generic via filter on get_the_excerpt --><!-- AddThis Share Buttons generic via filter on get_the_excerpt --><\/p>\n","protected":false},"author":3,"featured_media":0,"comment_status":"open","ping_status":"open","sticky":false,"template":"","format":"standard","meta":{"footnotes":"","_links_to":"","_links_to_target":""},"categories":[6],"tags":[21,2773,1218,2774,2775,419,1542,13],"class_list":["post-9155","post","type-post","status-publish","format-standard","hentry","category-actualites","tag-bardintzeff","tag-civard-racinais","tag-mediterranee","tag-risque-sismique","tag-risque-tellurique","tag-risque-volcanique","tag-stromboli","tag-volcanologue"],"yoast_head":"<!-- This site is optimized with the Yoast SEO plugin v24.1 - https:\/\/yoast.com\/wordpress\/plugins\/seo\/ -->\n<title>Curieux! La M\u00e9diterran\u00e9e, une r\u00e9gion \u00e0 haut risque tellurique, par Jacques-Marie Bardintzeff<\/title>\n<meta name=\"robots\" content=\"index, follow, max-snippet:-1, max-image-preview:large, max-video-preview:-1\" \/>\n<link rel=\"canonical\" href=\"https:\/\/blogs.futura-sciences.com\/bardintzeff\/2023\/06\/13\/curieux-la-mediterranee-une-region-a-haut-risque-tellurique\/\" \/>\n<meta property=\"og:locale\" content=\"fr_FR\" \/>\n<meta property=\"og:type\" content=\"article\" \/>\n<meta property=\"og:title\" content=\"Curieux! La M\u00e9diterran\u00e9e, une r\u00e9gion \u00e0 haut risque tellurique, par Jacques-Marie Bardintzeff\" \/>\n<meta property=\"og:description\" content=\"Alexandrine Civard-Racinais m\u2019a interview\u00e9 pour \u00ab\u00a0Curieux!\u00a0\u00bb, m\u00e9dia digital d&#8217;information et de vulgarisation scientifique \u00e0 destination du grand public ; elle m\u2019a demand\u00e9 quels \u00e9taient les risques telluriques en M\u00e9diterran\u00e9e. Le Stromboli, un volcan en M\u00e9diterran\u00e9e (\u00a9 J.M. Bardintzeff). Voici l\u2019article (du 8 juin 2023)\u00a0: https:\/\/www.curieux.live\/2023\/06\/08\/seismes-volcans-la-mediterranee-est-une-region-a-haut-risque-tellurique\/\" \/>\n<meta property=\"og:url\" content=\"https:\/\/blogs.futura-sciences.com\/bardintzeff\/2023\/06\/13\/curieux-la-mediterranee-une-region-a-haut-risque-tellurique\/\" \/>\n<meta property=\"og:site_name\" content=\"VOLCANMANIA : le blog de Jacques-Marie BARDINTZEFF, volcanologue\" \/>\n<meta property=\"article:published_time\" content=\"2023-06-13T07:41:43+00:00\" \/>\n<meta property=\"article:modified_time\" content=\"2023-06-13T08:12:01+00:00\" \/>\n<meta property=\"og:image\" content=\"https:\/\/blogs.futura-sciences.com\/bardintzeff\/wp-content\/uploads\/sites\/3\/2023\/06\/Bardintzeff.ITA79.3.08.Stromboli.low_.s-450x283.jpg\" \/>\n<meta name=\"author\" content=\"jmbardintzeff\" \/>\n<meta name=\"twitter:card\" content=\"summary_large_image\" \/>\n<meta name=\"twitter:label1\" content=\"\u00c9crit par\" \/>\n\t<meta name=\"twitter:data1\" content=\"jmbardintzeff\" \/>\n\t<meta name=\"twitter:label2\" content=\"Dur\u00e9e de lecture estim\u00e9e\" \/>\n\t<meta name=\"twitter:data2\" content=\"4 minutes\" \/>\n<script type=\"application\/ld+json\" class=\"yoast-schema-graph\">{\"@context\":\"https:\/\/schema.org\",\"@graph\":[{\"@type\":\"WebPage\",\"@id\":\"https:\/\/blogs.futura-sciences.com\/bardintzeff\/2023\/06\/13\/curieux-la-mediterranee-une-region-a-haut-risque-tellurique\/\",\"url\":\"https:\/\/blogs.futura-sciences.com\/bardintzeff\/2023\/06\/13\/curieux-la-mediterranee-une-region-a-haut-risque-tellurique\/\",\"name\":\"Curieux! La M\u00e9diterran\u00e9e, une r\u00e9gion \u00e0 haut risque tellurique, par Jacques-Marie Bardintzeff\",\"isPartOf\":{\"@id\":\"https:\/\/blogs.futura-sciences.com\/bardintzeff\/#website\"},\"primaryImageOfPage\":{\"@id\":\"https:\/\/blogs.futura-sciences.com\/bardintzeff\/2023\/06\/13\/curieux-la-mediterranee-une-region-a-haut-risque-tellurique\/#primaryimage\"},\"image\":{\"@id\":\"https:\/\/blogs.futura-sciences.com\/bardintzeff\/2023\/06\/13\/curieux-la-mediterranee-une-region-a-haut-risque-tellurique\/#primaryimage\"},\"thumbnailUrl\":\"https:\/\/blogs.futura-sciences.com\/bardintzeff\/wp-content\/uploads\/sites\/3\/2023\/06\/Bardintzeff.ITA79.3.08.Stromboli.low_.s-450x283.jpg\",\"datePublished\":\"2023-06-13T07:41:43+00:00\",\"dateModified\":\"2023-06-13T08:12:01+00:00\",\"author\":{\"@id\":\"https:\/\/blogs.futura-sciences.com\/bardintzeff\/#\/schema\/person\/974e1e0324e3e06f08253784e8eca61e\"},\"inLanguage\":\"fr-FR\",\"potentialAction\":[{\"@type\":\"ReadAction\",\"target\":[\"https:\/\/blogs.futura-sciences.com\/bardintzeff\/2023\/06\/13\/curieux-la-mediterranee-une-region-a-haut-risque-tellurique\/\"]}]},{\"@type\":\"ImageObject\",\"inLanguage\":\"fr-FR\",\"@id\":\"https:\/\/blogs.futura-sciences.com\/bardintzeff\/2023\/06\/13\/curieux-la-mediterranee-une-region-a-haut-risque-tellurique\/#primaryimage\",\"url\":\"https:\/\/blogs.futura-sciences.com\/bardintzeff\/wp-content\/uploads\/sites\/3\/2023\/06\/Bardintzeff.ITA79.3.08.Stromboli.low_.s.jpg\",\"contentUrl\":\"https:\/\/blogs.futura-sciences.com\/bardintzeff\/wp-content\/uploads\/sites\/3\/2023\/06\/Bardintzeff.ITA79.3.08.Stromboli.low_.s.jpg\",\"width\":1772,\"height\":1116},{\"@type\":\"WebSite\",\"@id\":\"https:\/\/blogs.futura-sciences.com\/bardintzeff\/#website\",\"url\":\"https:\/\/blogs.futura-sciences.com\/bardintzeff\/\",\"name\":\"VOLCANMANIA : le blog de Jacques-Marie BARDINTZEFF, volcanologue\",\"description\":\"Les volcans ? Passionn\u00e9ment ! Les volcans ne sont pas toujours m\u00e9chants, ils sont aussi les t\u00e9moins de la Terre active !\",\"potentialAction\":[{\"@type\":\"SearchAction\",\"target\":{\"@type\":\"EntryPoint\",\"urlTemplate\":\"https:\/\/blogs.futura-sciences.com\/bardintzeff\/?s={search_term_string}\"},\"query-input\":{\"@type\":\"PropertyValueSpecification\",\"valueRequired\":true,\"valueName\":\"search_term_string\"}}],\"inLanguage\":\"fr-FR\"},{\"@type\":\"Person\",\"@id\":\"https:\/\/blogs.futura-sciences.com\/bardintzeff\/#\/schema\/person\/974e1e0324e3e06f08253784e8eca61e\",\"name\":\"jmbardintzeff\",\"image\":{\"@type\":\"ImageObject\",\"inLanguage\":\"fr-FR\",\"@id\":\"https:\/\/blogs.futura-sciences.com\/bardintzeff\/#\/schema\/person\/image\/\",\"url\":\"https:\/\/secure.gravatar.com\/avatar\/d38cb5297008217786910838f2aa1bda?s=96&d=mm&r=g\",\"contentUrl\":\"https:\/\/secure.gravatar.com\/avatar\/d38cb5297008217786910838f2aa1bda?s=96&d=mm&r=g\",\"caption\":\"jmbardintzeff\"},\"url\":\"https:\/\/blogs.futura-sciences.com\/bardintzeff\/author\/jmbardintzeff\/\"}]}<\/script>\n<!-- \/ Yoast SEO plugin. -->","yoast_head_json":{"title":"Curieux! La M\u00e9diterran\u00e9e, une r\u00e9gion \u00e0 haut risque tellurique, par Jacques-Marie Bardintzeff","robots":{"index":"index","follow":"follow","max-snippet":"max-snippet:-1","max-image-preview":"max-image-preview:large","max-video-preview":"max-video-preview:-1"},"canonical":"https:\/\/blogs.futura-sciences.com\/bardintzeff\/2023\/06\/13\/curieux-la-mediterranee-une-region-a-haut-risque-tellurique\/","og_locale":"fr_FR","og_type":"article","og_title":"Curieux! La M\u00e9diterran\u00e9e, une r\u00e9gion \u00e0 haut risque tellurique, par Jacques-Marie Bardintzeff","og_description":"Alexandrine Civard-Racinais m\u2019a interview\u00e9 pour \u00ab\u00a0Curieux!\u00a0\u00bb, m\u00e9dia digital d&#8217;information et de vulgarisation scientifique \u00e0 destination du grand public ; elle m\u2019a demand\u00e9 quels \u00e9taient les risques telluriques en M\u00e9diterran\u00e9e. Le Stromboli, un volcan en M\u00e9diterran\u00e9e (\u00a9 J.M. Bardintzeff). Voici l\u2019article (du 8 juin 2023)\u00a0: https:\/\/www.curieux.live\/2023\/06\/08\/seismes-volcans-la-mediterranee-est-une-region-a-haut-risque-tellurique\/","og_url":"https:\/\/blogs.futura-sciences.com\/bardintzeff\/2023\/06\/13\/curieux-la-mediterranee-une-region-a-haut-risque-tellurique\/","og_site_name":"VOLCANMANIA : le blog de Jacques-Marie BARDINTZEFF, volcanologue","article_published_time":"2023-06-13T07:41:43+00:00","article_modified_time":"2023-06-13T08:12:01+00:00","og_image":[{"url":"https:\/\/blogs.futura-sciences.com\/bardintzeff\/wp-content\/uploads\/sites\/3\/2023\/06\/Bardintzeff.ITA79.3.08.Stromboli.low_.s-450x283.jpg","type":"","width":"","height":""}],"author":"jmbardintzeff","twitter_card":"summary_large_image","twitter_misc":{"\u00c9crit par":"jmbardintzeff","Dur\u00e9e de lecture estim\u00e9e":"4 minutes"},"schema":{"@context":"https:\/\/schema.org","@graph":[{"@type":"WebPage","@id":"https:\/\/blogs.futura-sciences.com\/bardintzeff\/2023\/06\/13\/curieux-la-mediterranee-une-region-a-haut-risque-tellurique\/","url":"https:\/\/blogs.futura-sciences.com\/bardintzeff\/2023\/06\/13\/curieux-la-mediterranee-une-region-a-haut-risque-tellurique\/","name":"Curieux! La M\u00e9diterran\u00e9e, une r\u00e9gion \u00e0 haut risque tellurique, par Jacques-Marie Bardintzeff","isPartOf":{"@id":"https:\/\/blogs.futura-sciences.com\/bardintzeff\/#website"},"primaryImageOfPage":{"@id":"https:\/\/blogs.futura-sciences.com\/bardintzeff\/2023\/06\/13\/curieux-la-mediterranee-une-region-a-haut-risque-tellurique\/#primaryimage"},"image":{"@id":"https:\/\/blogs.futura-sciences.com\/bardintzeff\/2023\/06\/13\/curieux-la-mediterranee-une-region-a-haut-risque-tellurique\/#primaryimage"},"thumbnailUrl":"https:\/\/blogs.futura-sciences.com\/bardintzeff\/wp-content\/uploads\/sites\/3\/2023\/06\/Bardintzeff.ITA79.3.08.Stromboli.low_.s-450x283.jpg","datePublished":"2023-06-13T07:41:43+00:00","dateModified":"2023-06-13T08:12:01+00:00","author":{"@id":"https:\/\/blogs.futura-sciences.com\/bardintzeff\/#\/schema\/person\/974e1e0324e3e06f08253784e8eca61e"},"inLanguage":"fr-FR","potentialAction":[{"@type":"ReadAction","target":["https:\/\/blogs.futura-sciences.com\/bardintzeff\/2023\/06\/13\/curieux-la-mediterranee-une-region-a-haut-risque-tellurique\/"]}]},{"@type":"ImageObject","inLanguage":"fr-FR","@id":"https:\/\/blogs.futura-sciences.com\/bardintzeff\/2023\/06\/13\/curieux-la-mediterranee-une-region-a-haut-risque-tellurique\/#primaryimage","url":"https:\/\/blogs.futura-sciences.com\/bardintzeff\/wp-content\/uploads\/sites\/3\/2023\/06\/Bardintzeff.ITA79.3.08.Stromboli.low_.s.jpg","contentUrl":"https:\/\/blogs.futura-sciences.com\/bardintzeff\/wp-content\/uploads\/sites\/3\/2023\/06\/Bardintzeff.ITA79.3.08.Stromboli.low_.s.jpg","width":1772,"height":1116},{"@type":"WebSite","@id":"https:\/\/blogs.futura-sciences.com\/bardintzeff\/#website","url":"https:\/\/blogs.futura-sciences.com\/bardintzeff\/","name":"VOLCANMANIA : le blog de Jacques-Marie BARDINTZEFF, volcanologue","description":"Les volcans ? Passionn\u00e9ment ! Les volcans ne sont pas toujours m\u00e9chants, ils sont aussi les t\u00e9moins de la Terre active !","potentialAction":[{"@type":"SearchAction","target":{"@type":"EntryPoint","urlTemplate":"https:\/\/blogs.futura-sciences.com\/bardintzeff\/?s={search_term_string}"},"query-input":{"@type":"PropertyValueSpecification","valueRequired":true,"valueName":"search_term_string"}}],"inLanguage":"fr-FR"},{"@type":"Person","@id":"https:\/\/blogs.futura-sciences.com\/bardintzeff\/#\/schema\/person\/974e1e0324e3e06f08253784e8eca61e","name":"jmbardintzeff","image":{"@type":"ImageObject","inLanguage":"fr-FR","@id":"https:\/\/blogs.futura-sciences.com\/bardintzeff\/#\/schema\/person\/image\/","url":"https:\/\/secure.gravatar.com\/avatar\/d38cb5297008217786910838f2aa1bda?s=96&d=mm&r=g","contentUrl":"https:\/\/secure.gravatar.com\/avatar\/d38cb5297008217786910838f2aa1bda?s=96&d=mm&r=g","caption":"jmbardintzeff"},"url":"https:\/\/blogs.futura-sciences.com\/bardintzeff\/author\/jmbardintzeff\/"}]}},"_links":{"self":[{"href":"https:\/\/blogs.futura-sciences.com\/bardintzeff\/wp-json\/wp\/v2\/posts\/9155","targetHints":{"allow":["GET"]}}],"collection":[{"href":"https:\/\/blogs.futura-sciences.com\/bardintzeff\/wp-json\/wp\/v2\/posts"}],"about":[{"href":"https:\/\/blogs.futura-sciences.com\/bardintzeff\/wp-json\/wp\/v2\/types\/post"}],"author":[{"embeddable":true,"href":"https:\/\/blogs.futura-sciences.com\/bardintzeff\/wp-json\/wp\/v2\/users\/3"}],"replies":[{"embeddable":true,"href":"https:\/\/blogs.futura-sciences.com\/bardintzeff\/wp-json\/wp\/v2\/comments?post=9155"}],"version-history":[{"count":7,"href":"https:\/\/blogs.futura-sciences.com\/bardintzeff\/wp-json\/wp\/v2\/posts\/9155\/revisions"}],"predecessor-version":[{"id":9163,"href":"https:\/\/blogs.futura-sciences.com\/bardintzeff\/wp-json\/wp\/v2\/posts\/9155\/revisions\/9163"}],"wp:attachment":[{"href":"https:\/\/blogs.futura-sciences.com\/bardintzeff\/wp-json\/wp\/v2\/media?parent=9155"}],"wp:term":[{"taxonomy":"category","embeddable":true,"href":"https:\/\/blogs.futura-sciences.com\/bardintzeff\/wp-json\/wp\/v2\/categories?post=9155"},{"taxonomy":"post_tag","embeddable":true,"href":"https:\/\/blogs.futura-sciences.com\/bardintzeff\/wp-json\/wp\/v2\/tags?post=9155"}],"curies":[{"name":"wp","href":"https:\/\/api.w.org\/{rel}","templated":true}]}}