{"id":845,"date":"2015-11-06T15:21:48","date_gmt":"2015-11-06T15:21:48","guid":{"rendered":"https:\/\/blogs.futura-sciences.com\/bardintzeff\/?p=845"},"modified":"2016-01-06T16:30:10","modified_gmt":"2016-01-06T16:30:10","slug":"la-montagne-de-feu-en-azerbaidjan","status":"publish","type":"post","link":"https:\/\/blogs.futura-sciences.com\/bardintzeff\/2015\/11\/06\/la-montagne-de-feu-en-azerbaidjan\/","title":{"rendered":"La Montagne de feu en Azerba\u00efdjan"},"content":{"rendered":"<p>L&#8217;Azerba\u00efdjan renferme de nombreuses curiosit\u00e9s g\u00e9ologiques et arch\u00e9ologiques. Un voyage exceptionnel y a \u00e9t\u00e9 organis\u00e9 par \u00ab 80 jours voyages \u00bb du 24 au 31 octobre 2015 (Guide : Sylvain Chermette, Conseillers scientifiques : Jacques-Marie Bardintzeff, volcanologue et Mich\u00e8le Chermette, arch\u00e9ologue).<br \/>\nLe sous-sol de l&#8217;Azerba\u00efdjan regorge d&#8217;hydrocarbures. Le p\u00e9trole y est connu et utilis\u00e9 depuis la plus haute Antiquit\u00e9. Aujourd&#8217;hui, ce pays est le vingt-deuxi\u00e8me producteur de p\u00e9trole du monde, avec 1,1 % (terrestre ou marin \u00ab offshore \u00bb dans la mer Caspienne) de la production mondiale. Les gisements se situent dans le bassin s\u00e9dimentaire du centre du pays o\u00f9 s&#8217;\u00e9coule la rivi\u00e8re Koura (K\u00fcr), entre le Grand Caucase au nord-est et le Petit Caucase au sud-ouest.<br \/>\nUne partie du gaz (m\u00e9thane) s&#8217;\u00e9chappe en surface et, parfois, s&#8217;enflamme. \u00c0 une trentaine de kilom\u00e8tres au nord de la capitale Bakou, dans la p\u00e9ninsule Absheron, se trouve Yanardag, la \u00ab Montagne de feu \u00bb.<\/p>\n<p><a href=\"https:\/\/blogs.futura-sciences.com\/bardintzeff\/wp-content\/uploads\/sites\/3\/2015\/11\/Bardintzeff.SAM_3634.Yanardag.jpg\" rel=\"lightbox[845]\"><img loading=\"lazy\" decoding=\"async\" class=\"alignnone  wp-image-847\" src=\"https:\/\/blogs.futura-sciences.com\/bardintzeff\/wp-content\/uploads\/sites\/3\/2015\/11\/Bardintzeff.SAM_3634.Yanardag-450x333.jpg\" alt=\"Bardintzeff.SAM_3634.Yanardag\" width=\"464\" height=\"343\" srcset=\"https:\/\/blogs.futura-sciences.com\/bardintzeff\/wp-content\/uploads\/sites\/3\/2015\/11\/Bardintzeff.SAM_3634.Yanardag-450x333.jpg 450w, https:\/\/blogs.futura-sciences.com\/bardintzeff\/wp-content\/uploads\/sites\/3\/2015\/11\/Bardintzeff.SAM_3634.Yanardag-1024x759.jpg 1024w, https:\/\/blogs.futura-sciences.com\/bardintzeff\/wp-content\/uploads\/sites\/3\/2015\/11\/Bardintzeff.SAM_3634.Yanardag.jpg 1417w\" sizes=\"auto, (max-width: 464px) 100vw, 464px\" \/><\/a><\/p>\n<p>Yanardag, la \u00ab Montagne de feu \u00bb (\u00a9 J.M. Bardintzeff).<\/p>\n<p><!--more--><\/p>\n<p>Sur le flanc de celle-ci, des flammes, d&#8217;un m\u00e8tre de haut, sortent d&#8217;une fracture longue de 5 \u00e0 6 m\u00e8tres. Ce ph\u00e9nom\u00e8ne perdure depuis plusieurs si\u00e8cles, voire mill\u00e9naires.<br \/>\nNon loin, Ateshgah, le \u00ab Temple du feu \u00bb a \u00e9t\u00e9 \u00e9difi\u00e9 autour d&#8217;une torch\u00e8re naturelle. Deux autres monuments de ce type ont exist\u00e9 dans les environs par le pass\u00e9 mais ont \u00e9t\u00e9 d\u00e9truits au XIXe si\u00e8cle.<\/p>\n<!-- AddThis Advanced Settings generic via filter on the_content --><!-- AddThis Share Buttons generic via filter on the_content -->","protected":false},"excerpt":{"rendered":"<p>L&#8217;Azerba\u00efdjan renferme de nombreuses curiosit\u00e9s g\u00e9ologiques et arch\u00e9ologiques. Un voyage exceptionnel y a \u00e9t\u00e9 organis\u00e9 par \u00ab 80 jours voyages \u00bb du 24 au 31 octobre 2015 (Guide : Sylvain Chermette, Conseillers scientifiques : Jacques-Marie Bardintzeff, volcanologue et Mich\u00e8le Chermette, arch\u00e9ologue). Le sous-sol de l&#8217;Azerba\u00efdjan regorge d&#8217;hydrocarbures. Le p\u00e9trole y est connu et utilis\u00e9 depuis &hellip; <a href=\"https:\/\/blogs.futura-sciences.com\/bardintzeff\/2015\/11\/06\/la-montagne-de-feu-en-azerbaidjan\/\" class=\"more-link\">Continuer la lecture de <span class=\"screen-reader-text\">La Montagne de feu en Azerba\u00efdjan<\/span>  <span class=\"meta-nav\">&rarr;<\/span><\/a><!-- AddThis Advanced Settings generic via filter on get_the_excerpt --><!-- AddThis Share Buttons generic via filter on get_the_excerpt --><\/p>\n","protected":false},"author":3,"featured_media":0,"comment_status":"open","ping_status":"open","sticky":false,"template":"","format":"standard","meta":{"footnotes":"","_links_to":"","_links_to_target":""},"categories":[6,8],"tags":[257,258,259,21,260,261,13,262],"class_list":["post-845","post","type-post","status-publish","format-standard","hentry","category-actualites","category-voyages","tag-80-jours-voyages","tag-ateshgah","tag-azerbaidjan","tag-bardintzeff","tag-montagne-de-feu","tag-temple-du-feu","tag-volcanologue","tag-yanardag"],"yoast_head":"<!-- This site is optimized with the Yoast SEO plugin v24.1 - https:\/\/yoast.com\/wordpress\/plugins\/seo\/ -->\n<title>La Montagne de feu en Azerba\u00efdjan, par Jacques-Marie Bardintzeff<\/title>\n<meta name=\"robots\" content=\"index, follow, max-snippet:-1, max-image-preview:large, max-video-preview:-1\" \/>\n<link rel=\"canonical\" href=\"https:\/\/blogs.futura-sciences.com\/bardintzeff\/2015\/11\/06\/la-montagne-de-feu-en-azerbaidjan\/\" \/>\n<meta property=\"og:locale\" content=\"fr_FR\" \/>\n<meta property=\"og:type\" content=\"article\" \/>\n<meta property=\"og:title\" content=\"La Montagne de feu en Azerba\u00efdjan, par Jacques-Marie Bardintzeff\" \/>\n<meta property=\"og:description\" content=\"L&#8217;Azerba\u00efdjan renferme de nombreuses curiosit\u00e9s g\u00e9ologiques et arch\u00e9ologiques. Un voyage exceptionnel y a \u00e9t\u00e9 organis\u00e9 par \u00ab 80 jours voyages \u00bb du 24 au 31 octobre 2015 (Guide : Sylvain Chermette, Conseillers scientifiques : Jacques-Marie Bardintzeff, volcanologue et Mich\u00e8le Chermette, arch\u00e9ologue). Le sous-sol de l&#8217;Azerba\u00efdjan regorge d&#8217;hydrocarbures. Le p\u00e9trole y est connu et utilis\u00e9 depuis &hellip; Continuer la lecture de La Montagne de feu en Azerba\u00efdjan &rarr;\" \/>\n<meta property=\"og:url\" content=\"https:\/\/blogs.futura-sciences.com\/bardintzeff\/2015\/11\/06\/la-montagne-de-feu-en-azerbaidjan\/\" \/>\n<meta property=\"og:site_name\" content=\"VOLCANMANIA : le blog de Jacques-Marie BARDINTZEFF, volcanologue\" \/>\n<meta property=\"article:published_time\" content=\"2015-11-06T15:21:48+00:00\" \/>\n<meta property=\"article:modified_time\" content=\"2016-01-06T16:30:10+00:00\" \/>\n<meta property=\"og:image\" content=\"https:\/\/blogs.futura-sciences.com\/bardintzeff\/wp-content\/uploads\/sites\/3\/2015\/11\/Bardintzeff.SAM_3634.Yanardag.jpg\" \/>\n\t<meta property=\"og:image:width\" content=\"1417\" \/>\n\t<meta property=\"og:image:height\" content=\"1050\" \/>\n\t<meta property=\"og:image:type\" content=\"image\/jpeg\" \/>\n<meta name=\"author\" content=\"jmbardintzeff\" \/>\n<meta name=\"twitter:card\" content=\"summary_large_image\" \/>\n<meta name=\"twitter:label1\" content=\"\u00c9crit par\" \/>\n\t<meta name=\"twitter:data1\" content=\"jmbardintzeff\" \/>\n\t<meta name=\"twitter:label2\" content=\"Dur\u00e9e de lecture estim\u00e9e\" \/>\n\t<meta name=\"twitter:data2\" content=\"1 minute\" \/>\n<script type=\"application\/ld+json\" class=\"yoast-schema-graph\">{\"@context\":\"https:\/\/schema.org\",\"@graph\":[{\"@type\":\"WebPage\",\"@id\":\"https:\/\/blogs.futura-sciences.com\/bardintzeff\/2015\/11\/06\/la-montagne-de-feu-en-azerbaidjan\/\",\"url\":\"https:\/\/blogs.futura-sciences.com\/bardintzeff\/2015\/11\/06\/la-montagne-de-feu-en-azerbaidjan\/\",\"name\":\"La Montagne de feu en Azerba\u00efdjan, par Jacques-Marie Bardintzeff\",\"isPartOf\":{\"@id\":\"https:\/\/blogs.futura-sciences.com\/bardintzeff\/#website\"},\"primaryImageOfPage\":{\"@id\":\"https:\/\/blogs.futura-sciences.com\/bardintzeff\/2015\/11\/06\/la-montagne-de-feu-en-azerbaidjan\/#primaryimage\"},\"image\":{\"@id\":\"https:\/\/blogs.futura-sciences.com\/bardintzeff\/2015\/11\/06\/la-montagne-de-feu-en-azerbaidjan\/#primaryimage\"},\"thumbnailUrl\":\"https:\/\/blogs.futura-sciences.com\/bardintzeff\/wp-content\/uploads\/sites\/3\/2015\/11\/Bardintzeff.SAM_3634.Yanardag-450x333.jpg\",\"datePublished\":\"2015-11-06T15:21:48+00:00\",\"dateModified\":\"2016-01-06T16:30:10+00:00\",\"author\":{\"@id\":\"https:\/\/blogs.futura-sciences.com\/bardintzeff\/#\/schema\/person\/974e1e0324e3e06f08253784e8eca61e\"},\"inLanguage\":\"fr-FR\",\"potentialAction\":[{\"@type\":\"ReadAction\",\"target\":[\"https:\/\/blogs.futura-sciences.com\/bardintzeff\/2015\/11\/06\/la-montagne-de-feu-en-azerbaidjan\/\"]}]},{\"@type\":\"ImageObject\",\"inLanguage\":\"fr-FR\",\"@id\":\"https:\/\/blogs.futura-sciences.com\/bardintzeff\/2015\/11\/06\/la-montagne-de-feu-en-azerbaidjan\/#primaryimage\",\"url\":\"https:\/\/blogs.futura-sciences.com\/bardintzeff\/wp-content\/uploads\/sites\/3\/2015\/11\/Bardintzeff.SAM_3634.Yanardag.jpg\",\"contentUrl\":\"https:\/\/blogs.futura-sciences.com\/bardintzeff\/wp-content\/uploads\/sites\/3\/2015\/11\/Bardintzeff.SAM_3634.Yanardag.jpg\",\"width\":1417,\"height\":1050},{\"@type\":\"WebSite\",\"@id\":\"https:\/\/blogs.futura-sciences.com\/bardintzeff\/#website\",\"url\":\"https:\/\/blogs.futura-sciences.com\/bardintzeff\/\",\"name\":\"VOLCANMANIA : le blog de Jacques-Marie BARDINTZEFF, volcanologue\",\"description\":\"Les volcans ? Passionn\u00e9ment ! Les volcans ne sont pas toujours m\u00e9chants, ils sont aussi les t\u00e9moins de la Terre active !\",\"potentialAction\":[{\"@type\":\"SearchAction\",\"target\":{\"@type\":\"EntryPoint\",\"urlTemplate\":\"https:\/\/blogs.futura-sciences.com\/bardintzeff\/?s={search_term_string}\"},\"query-input\":{\"@type\":\"PropertyValueSpecification\",\"valueRequired\":true,\"valueName\":\"search_term_string\"}}],\"inLanguage\":\"fr-FR\"},{\"@type\":\"Person\",\"@id\":\"https:\/\/blogs.futura-sciences.com\/bardintzeff\/#\/schema\/person\/974e1e0324e3e06f08253784e8eca61e\",\"name\":\"jmbardintzeff\",\"image\":{\"@type\":\"ImageObject\",\"inLanguage\":\"fr-FR\",\"@id\":\"https:\/\/blogs.futura-sciences.com\/bardintzeff\/#\/schema\/person\/image\/\",\"url\":\"https:\/\/secure.gravatar.com\/avatar\/d38cb5297008217786910838f2aa1bda?s=96&d=mm&r=g\",\"contentUrl\":\"https:\/\/secure.gravatar.com\/avatar\/d38cb5297008217786910838f2aa1bda?s=96&d=mm&r=g\",\"caption\":\"jmbardintzeff\"},\"url\":\"https:\/\/blogs.futura-sciences.com\/bardintzeff\/author\/jmbardintzeff\/\"}]}<\/script>\n<!-- \/ Yoast SEO plugin. -->","yoast_head_json":{"title":"La Montagne de feu en Azerba\u00efdjan, par Jacques-Marie Bardintzeff","robots":{"index":"index","follow":"follow","max-snippet":"max-snippet:-1","max-image-preview":"max-image-preview:large","max-video-preview":"max-video-preview:-1"},"canonical":"https:\/\/blogs.futura-sciences.com\/bardintzeff\/2015\/11\/06\/la-montagne-de-feu-en-azerbaidjan\/","og_locale":"fr_FR","og_type":"article","og_title":"La Montagne de feu en Azerba\u00efdjan, par Jacques-Marie Bardintzeff","og_description":"L&#8217;Azerba\u00efdjan renferme de nombreuses curiosit\u00e9s g\u00e9ologiques et arch\u00e9ologiques. Un voyage exceptionnel y a \u00e9t\u00e9 organis\u00e9 par \u00ab 80 jours voyages \u00bb du 24 au 31 octobre 2015 (Guide : Sylvain Chermette, Conseillers scientifiques : Jacques-Marie Bardintzeff, volcanologue et Mich\u00e8le Chermette, arch\u00e9ologue). Le sous-sol de l&#8217;Azerba\u00efdjan regorge d&#8217;hydrocarbures. Le p\u00e9trole y est connu et utilis\u00e9 depuis &hellip; Continuer la lecture de La Montagne de feu en Azerba\u00efdjan &rarr;","og_url":"https:\/\/blogs.futura-sciences.com\/bardintzeff\/2015\/11\/06\/la-montagne-de-feu-en-azerbaidjan\/","og_site_name":"VOLCANMANIA : le blog de Jacques-Marie BARDINTZEFF, volcanologue","article_published_time":"2015-11-06T15:21:48+00:00","article_modified_time":"2016-01-06T16:30:10+00:00","og_image":[{"width":1417,"height":1050,"url":"https:\/\/blogs.futura-sciences.com\/bardintzeff\/wp-content\/uploads\/sites\/3\/2015\/11\/Bardintzeff.SAM_3634.Yanardag.jpg","type":"image\/jpeg"}],"author":"jmbardintzeff","twitter_card":"summary_large_image","twitter_misc":{"\u00c9crit par":"jmbardintzeff","Dur\u00e9e de lecture estim\u00e9e":"1 minute"},"schema":{"@context":"https:\/\/schema.org","@graph":[{"@type":"WebPage","@id":"https:\/\/blogs.futura-sciences.com\/bardintzeff\/2015\/11\/06\/la-montagne-de-feu-en-azerbaidjan\/","url":"https:\/\/blogs.futura-sciences.com\/bardintzeff\/2015\/11\/06\/la-montagne-de-feu-en-azerbaidjan\/","name":"La Montagne de feu en Azerba\u00efdjan, par Jacques-Marie Bardintzeff","isPartOf":{"@id":"https:\/\/blogs.futura-sciences.com\/bardintzeff\/#website"},"primaryImageOfPage":{"@id":"https:\/\/blogs.futura-sciences.com\/bardintzeff\/2015\/11\/06\/la-montagne-de-feu-en-azerbaidjan\/#primaryimage"},"image":{"@id":"https:\/\/blogs.futura-sciences.com\/bardintzeff\/2015\/11\/06\/la-montagne-de-feu-en-azerbaidjan\/#primaryimage"},"thumbnailUrl":"https:\/\/blogs.futura-sciences.com\/bardintzeff\/wp-content\/uploads\/sites\/3\/2015\/11\/Bardintzeff.SAM_3634.Yanardag-450x333.jpg","datePublished":"2015-11-06T15:21:48+00:00","dateModified":"2016-01-06T16:30:10+00:00","author":{"@id":"https:\/\/blogs.futura-sciences.com\/bardintzeff\/#\/schema\/person\/974e1e0324e3e06f08253784e8eca61e"},"inLanguage":"fr-FR","potentialAction":[{"@type":"ReadAction","target":["https:\/\/blogs.futura-sciences.com\/bardintzeff\/2015\/11\/06\/la-montagne-de-feu-en-azerbaidjan\/"]}]},{"@type":"ImageObject","inLanguage":"fr-FR","@id":"https:\/\/blogs.futura-sciences.com\/bardintzeff\/2015\/11\/06\/la-montagne-de-feu-en-azerbaidjan\/#primaryimage","url":"https:\/\/blogs.futura-sciences.com\/bardintzeff\/wp-content\/uploads\/sites\/3\/2015\/11\/Bardintzeff.SAM_3634.Yanardag.jpg","contentUrl":"https:\/\/blogs.futura-sciences.com\/bardintzeff\/wp-content\/uploads\/sites\/3\/2015\/11\/Bardintzeff.SAM_3634.Yanardag.jpg","width":1417,"height":1050},{"@type":"WebSite","@id":"https:\/\/blogs.futura-sciences.com\/bardintzeff\/#website","url":"https:\/\/blogs.futura-sciences.com\/bardintzeff\/","name":"VOLCANMANIA : le blog de Jacques-Marie BARDINTZEFF, volcanologue","description":"Les volcans ? Passionn\u00e9ment ! Les volcans ne sont pas toujours m\u00e9chants, ils sont aussi les t\u00e9moins de la Terre active !","potentialAction":[{"@type":"SearchAction","target":{"@type":"EntryPoint","urlTemplate":"https:\/\/blogs.futura-sciences.com\/bardintzeff\/?s={search_term_string}"},"query-input":{"@type":"PropertyValueSpecification","valueRequired":true,"valueName":"search_term_string"}}],"inLanguage":"fr-FR"},{"@type":"Person","@id":"https:\/\/blogs.futura-sciences.com\/bardintzeff\/#\/schema\/person\/974e1e0324e3e06f08253784e8eca61e","name":"jmbardintzeff","image":{"@type":"ImageObject","inLanguage":"fr-FR","@id":"https:\/\/blogs.futura-sciences.com\/bardintzeff\/#\/schema\/person\/image\/","url":"https:\/\/secure.gravatar.com\/avatar\/d38cb5297008217786910838f2aa1bda?s=96&d=mm&r=g","contentUrl":"https:\/\/secure.gravatar.com\/avatar\/d38cb5297008217786910838f2aa1bda?s=96&d=mm&r=g","caption":"jmbardintzeff"},"url":"https:\/\/blogs.futura-sciences.com\/bardintzeff\/author\/jmbardintzeff\/"}]}},"_links":{"self":[{"href":"https:\/\/blogs.futura-sciences.com\/bardintzeff\/wp-json\/wp\/v2\/posts\/845","targetHints":{"allow":["GET"]}}],"collection":[{"href":"https:\/\/blogs.futura-sciences.com\/bardintzeff\/wp-json\/wp\/v2\/posts"}],"about":[{"href":"https:\/\/blogs.futura-sciences.com\/bardintzeff\/wp-json\/wp\/v2\/types\/post"}],"author":[{"embeddable":true,"href":"https:\/\/blogs.futura-sciences.com\/bardintzeff\/wp-json\/wp\/v2\/users\/3"}],"replies":[{"embeddable":true,"href":"https:\/\/blogs.futura-sciences.com\/bardintzeff\/wp-json\/wp\/v2\/comments?post=845"}],"version-history":[{"count":3,"href":"https:\/\/blogs.futura-sciences.com\/bardintzeff\/wp-json\/wp\/v2\/posts\/845\/revisions"}],"predecessor-version":[{"id":1005,"href":"https:\/\/blogs.futura-sciences.com\/bardintzeff\/wp-json\/wp\/v2\/posts\/845\/revisions\/1005"}],"wp:attachment":[{"href":"https:\/\/blogs.futura-sciences.com\/bardintzeff\/wp-json\/wp\/v2\/media?parent=845"}],"wp:term":[{"taxonomy":"category","embeddable":true,"href":"https:\/\/blogs.futura-sciences.com\/bardintzeff\/wp-json\/wp\/v2\/categories?post=845"},{"taxonomy":"post_tag","embeddable":true,"href":"https:\/\/blogs.futura-sciences.com\/bardintzeff\/wp-json\/wp\/v2\/tags?post=845"}],"curies":[{"name":"wp","href":"https:\/\/api.w.org\/{rel}","templated":true}]}}