{"id":8288,"date":"2022-11-30T09:48:02","date_gmt":"2022-11-30T09:48:02","guid":{"rendered":"https:\/\/blogs.futura-sciences.com\/bardintzeff\/?p=8288"},"modified":"2022-11-30T09:50:36","modified_gmt":"2022-11-30T09:50:36","slug":"leruption-du-mauna-loa-sur-tf1-et-france-2","status":"publish","type":"post","link":"https:\/\/blogs.futura-sciences.com\/bardintzeff\/2022\/11\/30\/leruption-du-mauna-loa-sur-tf1-et-france-2\/","title":{"rendered":"L\u2019\u00e9ruption du Mauna Loa sur TF1 et France 2"},"content":{"rendered":"<p>Le volcan Mauna Loa \u00e0 Hawaii s\u2019est r\u00e9veill\u00e9 le 28\/11\/2022, apr\u00e8s 38 ans de sommeil.<\/p>\n<p>J\u2019ai \u00e9t\u00e9 interview\u00e9 par plusieurs m\u00e9dias le 29\/11\/2022 :<\/p>\n<p>&#8211; France 2, interview par skype par L\u00e9o Seux pour le journal de 6h30 de T\u00e9l\u00e9matin<\/p>\n<p>Revoir l\u2019\u00e9mission\u00a0:<\/p>\n<p><a href=\"https:\/\/www.france.tv\/france-2\/telematin\/4313293-emission-du-mardi-29-novembre-2022.html\">https:\/\/www.france.tv\/france-2\/telematin\/4313293-emission-du-mardi-29-novembre-2022.html<\/a><\/p>\n<p>(le sujet volcan \u00e0 7mn45s)<\/p>\n<p>&#8211; France Info TV, interview par skype par L\u00e9o Seux, pour les infos du matin<\/p>\n<p>&#8211; TF1, journal t\u00e9l\u00e9vis\u00e9 de 13h, interview par skype par Sophie Chevallereau<\/p>\n<p>Revoir le sujet\u00a0:<\/p>\n<p><a href=\"https:\/\/www.tf1info.fr\/international\/video-volcan-hawai-les-images-impressionnantes-du-mauna-loa-le-plus-grand-des-volcans-actifs-au-monde-2240233.html\">https:\/\/www.tf1info.fr\/international\/video-volcan-hawai-les-images-impressionnantes-du-mauna-loa-le-plus-grand-des-volcans-actifs-au-monde-2240233.html<\/a><\/p>\n<p>ou bien\u00a0:<\/p>\n<p><a href=\"https:\/\/www.tf1.fr\/tf1\/jt-13h\/videos\/le-reveil-du-volcan-le-plus-actif-au-monde-13887091.html\">https:\/\/www.tf1.fr\/tf1\/jt-13h\/videos\/le-reveil-du-volcan-le-plus-actif-au-monde-13887091.html<\/a><\/p>\n<p>&#8211; TF1, journal t\u00e9l\u00e9vis\u00e9 de 19h15, interview par Sophie Chevallereau et Benjamin Rey<\/p>\n<p>Revoir le sujet\u00a0:<\/p>\n<p><a href=\"https:\/\/www.tf1.fr\/tf1\/jt-20h\/videos\/hawai-le-plus-grand-volcan-actif-du-monde-en-eruption-97890890.html\">https:\/\/www.tf1.fr\/tf1\/jt-20h\/videos\/hawai-le-plus-grand-volcan-actif-du-monde-en-eruption-97890890.html<\/a><\/p>\n<p><img loading=\"lazy\" decoding=\"async\" class=\"alignnone size-medium wp-image-8292\" src=\"https:\/\/blogs.futura-sciences.com\/bardintzeff\/wp-content\/uploads\/sites\/3\/2022\/11\/2022.11.29.TF1_.19h15_5low-450x261.jpg\" alt=\"\" width=\"450\" height=\"261\" srcset=\"https:\/\/blogs.futura-sciences.com\/bardintzeff\/wp-content\/uploads\/sites\/3\/2022\/11\/2022.11.29.TF1_.19h15_5low-450x261.jpg 450w, https:\/\/blogs.futura-sciences.com\/bardintzeff\/wp-content\/uploads\/sites\/3\/2022\/11\/2022.11.29.TF1_.19h15_5low-1024x594.jpg 1024w, https:\/\/blogs.futura-sciences.com\/bardintzeff\/wp-content\/uploads\/sites\/3\/2022\/11\/2022.11.29.TF1_.19h15_5low-768x446.jpg 768w, https:\/\/blogs.futura-sciences.com\/bardintzeff\/wp-content\/uploads\/sites\/3\/2022\/11\/2022.11.29.TF1_.19h15_5low.jpg 1417w\" sizes=\"auto, (max-width: 450px) 100vw, 450px\" \/>Jacques-Marie Bardintzeff, volcanologue, dans le journal de 19h15 de TF1, 29\/11\/2022.<\/p>\n<p><!--more--><\/p>\n<p><img loading=\"lazy\" decoding=\"async\" class=\"alignnone size-medium wp-image-8294\" src=\"https:\/\/blogs.futura-sciences.com\/bardintzeff\/wp-content\/uploads\/sites\/3\/2022\/11\/2022.11.29.France2_4low-450x260.jpg\" alt=\"\" width=\"450\" height=\"260\" srcset=\"https:\/\/blogs.futura-sciences.com\/bardintzeff\/wp-content\/uploads\/sites\/3\/2022\/11\/2022.11.29.France2_4low-450x260.jpg 450w, https:\/\/blogs.futura-sciences.com\/bardintzeff\/wp-content\/uploads\/sites\/3\/2022\/11\/2022.11.29.France2_4low-1024x592.jpg 1024w, https:\/\/blogs.futura-sciences.com\/bardintzeff\/wp-content\/uploads\/sites\/3\/2022\/11\/2022.11.29.France2_4low-768x444.jpg 768w, https:\/\/blogs.futura-sciences.com\/bardintzeff\/wp-content\/uploads\/sites\/3\/2022\/11\/2022.11.29.France2_4low-1536x889.jpg 1536w, https:\/\/blogs.futura-sciences.com\/bardintzeff\/wp-content\/uploads\/sites\/3\/2022\/11\/2022.11.29.France2_4low.jpg 1701w\" sizes=\"auto, (max-width: 450px) 100vw, 450px\" \/>Jacques-Marie Bardintzeff, volcanologue, dans T\u00e9l\u00e9matin, 6h30, France 2, 29\/11\/2022.<\/p>\n<p><img loading=\"lazy\" decoding=\"async\" class=\"alignnone size-medium wp-image-8296\" src=\"https:\/\/blogs.futura-sciences.com\/bardintzeff\/wp-content\/uploads\/sites\/3\/2022\/11\/2022.11.29.TF1_.13h_3low-450x258.jpg\" alt=\"\" width=\"450\" height=\"258\" srcset=\"https:\/\/blogs.futura-sciences.com\/bardintzeff\/wp-content\/uploads\/sites\/3\/2022\/11\/2022.11.29.TF1_.13h_3low-450x258.jpg 450w, https:\/\/blogs.futura-sciences.com\/bardintzeff\/wp-content\/uploads\/sites\/3\/2022\/11\/2022.11.29.TF1_.13h_3low-1024x587.jpg 1024w, https:\/\/blogs.futura-sciences.com\/bardintzeff\/wp-content\/uploads\/sites\/3\/2022\/11\/2022.11.29.TF1_.13h_3low-768x440.jpg 768w, https:\/\/blogs.futura-sciences.com\/bardintzeff\/wp-content\/uploads\/sites\/3\/2022\/11\/2022.11.29.TF1_.13h_3low.jpg 1417w\" sizes=\"auto, (max-width: 450px) 100vw, 450px\" \/>Jacques-Marie Bardintzeff, volcanologue, dans le journal de 13h de TF1, 29\/11\/2022.<\/p>\n<!-- AddThis Advanced Settings generic via filter on the_content --><!-- AddThis Share Buttons generic via filter on the_content -->","protected":false},"excerpt":{"rendered":"<p>Le volcan Mauna Loa \u00e0 Hawaii s\u2019est r\u00e9veill\u00e9 le 28\/11\/2022, apr\u00e8s 38 ans de sommeil. J\u2019ai \u00e9t\u00e9 interview\u00e9 par plusieurs m\u00e9dias le 29\/11\/2022 : &#8211; France 2, interview par skype par L\u00e9o Seux pour le journal de 6h30 de T\u00e9l\u00e9matin Revoir l\u2019\u00e9mission\u00a0: https:\/\/www.france.tv\/france-2\/telematin\/4313293-emission-du-mardi-29-novembre-2022.html (le sujet volcan \u00e0 7mn45s) &#8211; France Info TV, interview par skype &hellip; <a href=\"https:\/\/blogs.futura-sciences.com\/bardintzeff\/2022\/11\/30\/leruption-du-mauna-loa-sur-tf1-et-france-2\/\" class=\"more-link\">Continuer la lecture de <span class=\"screen-reader-text\">L\u2019\u00e9ruption du Mauna Loa sur TF1 et France 2<\/span>  <span class=\"meta-nav\">&rarr;<\/span><\/a><!-- AddThis Advanced Settings generic via filter on get_the_excerpt --><!-- AddThis Share Buttons generic via filter on get_the_excerpt --><\/p>\n","protected":false},"author":3,"featured_media":0,"comment_status":"open","ping_status":"open","sticky":false,"template":"","format":"standard","meta":{"footnotes":"","_links_to":"","_links_to_target":""},"categories":[6],"tags":[21,2382,394,2601,11,2602,2603,2604,2487,912,13],"class_list":["post-8288","post","type-post","status-publish","format-standard","hentry","category-actualites","tag-bardintzeff","tag-chevallereau","tag-france-2","tag-france-info-tv","tag-hawaii","tag-mauna-loa","tag-rey","tag-seux","tag-telematin","tag-tf1","tag-volcanologue"],"yoast_head":"<!-- This site is optimized with the Yoast SEO plugin v24.1 - https:\/\/yoast.com\/wordpress\/plugins\/seo\/ -->\n<title>L\u2019\u00e9ruption du Mauna Loa sur TF1 et France 2, par Jacques-Marie Bardintzeff<\/title>\n<meta name=\"robots\" content=\"index, follow, max-snippet:-1, max-image-preview:large, max-video-preview:-1\" \/>\n<link rel=\"canonical\" href=\"https:\/\/blogs.futura-sciences.com\/bardintzeff\/2022\/11\/30\/leruption-du-mauna-loa-sur-tf1-et-france-2\/\" \/>\n<meta property=\"og:locale\" content=\"fr_FR\" \/>\n<meta property=\"og:type\" content=\"article\" \/>\n<meta property=\"og:title\" content=\"L\u2019\u00e9ruption du Mauna Loa sur TF1 et France 2, par Jacques-Marie Bardintzeff\" \/>\n<meta property=\"og:description\" content=\"Le volcan Mauna Loa \u00e0 Hawaii s\u2019est r\u00e9veill\u00e9 le 28\/11\/2022, apr\u00e8s 38 ans de sommeil. J\u2019ai \u00e9t\u00e9 interview\u00e9 par plusieurs m\u00e9dias le 29\/11\/2022 : &#8211; France 2, interview par skype par L\u00e9o Seux pour le journal de 6h30 de T\u00e9l\u00e9matin Revoir l\u2019\u00e9mission\u00a0: https:\/\/www.france.tv\/france-2\/telematin\/4313293-emission-du-mardi-29-novembre-2022.html (le sujet volcan \u00e0 7mn45s) &#8211; France Info TV, interview par skype &hellip; Continuer la lecture de L\u2019\u00e9ruption du Mauna Loa sur TF1 et France 2 &rarr;\" \/>\n<meta property=\"og:url\" content=\"https:\/\/blogs.futura-sciences.com\/bardintzeff\/2022\/11\/30\/leruption-du-mauna-loa-sur-tf1-et-france-2\/\" \/>\n<meta property=\"og:site_name\" content=\"VOLCANMANIA : le blog de Jacques-Marie BARDINTZEFF, volcanologue\" \/>\n<meta property=\"article:published_time\" content=\"2022-11-30T09:48:02+00:00\" \/>\n<meta property=\"article:modified_time\" content=\"2022-11-30T09:50:36+00:00\" \/>\n<meta property=\"og:image\" content=\"https:\/\/blogs.futura-sciences.com\/bardintzeff\/wp-content\/uploads\/sites\/3\/2022\/11\/2022.11.29.TF1_.19h15_5low-450x261.jpg\" \/>\n<meta name=\"author\" content=\"jmbardintzeff\" \/>\n<meta name=\"twitter:card\" content=\"summary_large_image\" \/>\n<meta name=\"twitter:label1\" content=\"\u00c9crit par\" \/>\n\t<meta name=\"twitter:data1\" content=\"jmbardintzeff\" \/>\n\t<meta name=\"twitter:label2\" content=\"Dur\u00e9e de lecture estim\u00e9e\" \/>\n\t<meta name=\"twitter:data2\" content=\"1 minute\" \/>\n<script type=\"application\/ld+json\" class=\"yoast-schema-graph\">{\"@context\":\"https:\/\/schema.org\",\"@graph\":[{\"@type\":\"WebPage\",\"@id\":\"https:\/\/blogs.futura-sciences.com\/bardintzeff\/2022\/11\/30\/leruption-du-mauna-loa-sur-tf1-et-france-2\/\",\"url\":\"https:\/\/blogs.futura-sciences.com\/bardintzeff\/2022\/11\/30\/leruption-du-mauna-loa-sur-tf1-et-france-2\/\",\"name\":\"L\u2019\u00e9ruption du Mauna Loa sur TF1 et France 2, par Jacques-Marie Bardintzeff\",\"isPartOf\":{\"@id\":\"https:\/\/blogs.futura-sciences.com\/bardintzeff\/#website\"},\"primaryImageOfPage\":{\"@id\":\"https:\/\/blogs.futura-sciences.com\/bardintzeff\/2022\/11\/30\/leruption-du-mauna-loa-sur-tf1-et-france-2\/#primaryimage\"},\"image\":{\"@id\":\"https:\/\/blogs.futura-sciences.com\/bardintzeff\/2022\/11\/30\/leruption-du-mauna-loa-sur-tf1-et-france-2\/#primaryimage\"},\"thumbnailUrl\":\"https:\/\/blogs.futura-sciences.com\/bardintzeff\/wp-content\/uploads\/sites\/3\/2022\/11\/2022.11.29.TF1_.19h15_5low-450x261.jpg\",\"datePublished\":\"2022-11-30T09:48:02+00:00\",\"dateModified\":\"2022-11-30T09:50:36+00:00\",\"author\":{\"@id\":\"https:\/\/blogs.futura-sciences.com\/bardintzeff\/#\/schema\/person\/974e1e0324e3e06f08253784e8eca61e\"},\"inLanguage\":\"fr-FR\",\"potentialAction\":[{\"@type\":\"ReadAction\",\"target\":[\"https:\/\/blogs.futura-sciences.com\/bardintzeff\/2022\/11\/30\/leruption-du-mauna-loa-sur-tf1-et-france-2\/\"]}]},{\"@type\":\"ImageObject\",\"inLanguage\":\"fr-FR\",\"@id\":\"https:\/\/blogs.futura-sciences.com\/bardintzeff\/2022\/11\/30\/leruption-du-mauna-loa-sur-tf1-et-france-2\/#primaryimage\",\"url\":\"https:\/\/blogs.futura-sciences.com\/bardintzeff\/wp-content\/uploads\/sites\/3\/2022\/11\/2022.11.29.TF1_.19h15_5low.jpg\",\"contentUrl\":\"https:\/\/blogs.futura-sciences.com\/bardintzeff\/wp-content\/uploads\/sites\/3\/2022\/11\/2022.11.29.TF1_.19h15_5low.jpg\",\"width\":1417,\"height\":822},{\"@type\":\"WebSite\",\"@id\":\"https:\/\/blogs.futura-sciences.com\/bardintzeff\/#website\",\"url\":\"https:\/\/blogs.futura-sciences.com\/bardintzeff\/\",\"name\":\"VOLCANMANIA : le blog de Jacques-Marie BARDINTZEFF, volcanologue\",\"description\":\"Les volcans ? Passionn\u00e9ment ! Les volcans ne sont pas toujours m\u00e9chants, ils sont aussi les t\u00e9moins de la Terre active !\",\"potentialAction\":[{\"@type\":\"SearchAction\",\"target\":{\"@type\":\"EntryPoint\",\"urlTemplate\":\"https:\/\/blogs.futura-sciences.com\/bardintzeff\/?s={search_term_string}\"},\"query-input\":{\"@type\":\"PropertyValueSpecification\",\"valueRequired\":true,\"valueName\":\"search_term_string\"}}],\"inLanguage\":\"fr-FR\"},{\"@type\":\"Person\",\"@id\":\"https:\/\/blogs.futura-sciences.com\/bardintzeff\/#\/schema\/person\/974e1e0324e3e06f08253784e8eca61e\",\"name\":\"jmbardintzeff\",\"image\":{\"@type\":\"ImageObject\",\"inLanguage\":\"fr-FR\",\"@id\":\"https:\/\/blogs.futura-sciences.com\/bardintzeff\/#\/schema\/person\/image\/\",\"url\":\"https:\/\/secure.gravatar.com\/avatar\/d38cb5297008217786910838f2aa1bda?s=96&d=mm&r=g\",\"contentUrl\":\"https:\/\/secure.gravatar.com\/avatar\/d38cb5297008217786910838f2aa1bda?s=96&d=mm&r=g\",\"caption\":\"jmbardintzeff\"},\"url\":\"https:\/\/blogs.futura-sciences.com\/bardintzeff\/author\/jmbardintzeff\/\"}]}<\/script>\n<!-- \/ Yoast SEO plugin. -->","yoast_head_json":{"title":"L\u2019\u00e9ruption du Mauna Loa sur TF1 et France 2, par Jacques-Marie Bardintzeff","robots":{"index":"index","follow":"follow","max-snippet":"max-snippet:-1","max-image-preview":"max-image-preview:large","max-video-preview":"max-video-preview:-1"},"canonical":"https:\/\/blogs.futura-sciences.com\/bardintzeff\/2022\/11\/30\/leruption-du-mauna-loa-sur-tf1-et-france-2\/","og_locale":"fr_FR","og_type":"article","og_title":"L\u2019\u00e9ruption du Mauna Loa sur TF1 et France 2, par Jacques-Marie Bardintzeff","og_description":"Le volcan Mauna Loa \u00e0 Hawaii s\u2019est r\u00e9veill\u00e9 le 28\/11\/2022, apr\u00e8s 38 ans de sommeil. J\u2019ai \u00e9t\u00e9 interview\u00e9 par plusieurs m\u00e9dias le 29\/11\/2022 : &#8211; France 2, interview par skype par L\u00e9o Seux pour le journal de 6h30 de T\u00e9l\u00e9matin Revoir l\u2019\u00e9mission\u00a0: https:\/\/www.france.tv\/france-2\/telematin\/4313293-emission-du-mardi-29-novembre-2022.html (le sujet volcan \u00e0 7mn45s) &#8211; France Info TV, interview par skype &hellip; Continuer la lecture de L\u2019\u00e9ruption du Mauna Loa sur TF1 et France 2 &rarr;","og_url":"https:\/\/blogs.futura-sciences.com\/bardintzeff\/2022\/11\/30\/leruption-du-mauna-loa-sur-tf1-et-france-2\/","og_site_name":"VOLCANMANIA : le blog de Jacques-Marie BARDINTZEFF, volcanologue","article_published_time":"2022-11-30T09:48:02+00:00","article_modified_time":"2022-11-30T09:50:36+00:00","og_image":[{"url":"https:\/\/blogs.futura-sciences.com\/bardintzeff\/wp-content\/uploads\/sites\/3\/2022\/11\/2022.11.29.TF1_.19h15_5low-450x261.jpg","type":"","width":"","height":""}],"author":"jmbardintzeff","twitter_card":"summary_large_image","twitter_misc":{"\u00c9crit par":"jmbardintzeff","Dur\u00e9e de lecture estim\u00e9e":"1 minute"},"schema":{"@context":"https:\/\/schema.org","@graph":[{"@type":"WebPage","@id":"https:\/\/blogs.futura-sciences.com\/bardintzeff\/2022\/11\/30\/leruption-du-mauna-loa-sur-tf1-et-france-2\/","url":"https:\/\/blogs.futura-sciences.com\/bardintzeff\/2022\/11\/30\/leruption-du-mauna-loa-sur-tf1-et-france-2\/","name":"L\u2019\u00e9ruption du Mauna Loa sur TF1 et France 2, par Jacques-Marie Bardintzeff","isPartOf":{"@id":"https:\/\/blogs.futura-sciences.com\/bardintzeff\/#website"},"primaryImageOfPage":{"@id":"https:\/\/blogs.futura-sciences.com\/bardintzeff\/2022\/11\/30\/leruption-du-mauna-loa-sur-tf1-et-france-2\/#primaryimage"},"image":{"@id":"https:\/\/blogs.futura-sciences.com\/bardintzeff\/2022\/11\/30\/leruption-du-mauna-loa-sur-tf1-et-france-2\/#primaryimage"},"thumbnailUrl":"https:\/\/blogs.futura-sciences.com\/bardintzeff\/wp-content\/uploads\/sites\/3\/2022\/11\/2022.11.29.TF1_.19h15_5low-450x261.jpg","datePublished":"2022-11-30T09:48:02+00:00","dateModified":"2022-11-30T09:50:36+00:00","author":{"@id":"https:\/\/blogs.futura-sciences.com\/bardintzeff\/#\/schema\/person\/974e1e0324e3e06f08253784e8eca61e"},"inLanguage":"fr-FR","potentialAction":[{"@type":"ReadAction","target":["https:\/\/blogs.futura-sciences.com\/bardintzeff\/2022\/11\/30\/leruption-du-mauna-loa-sur-tf1-et-france-2\/"]}]},{"@type":"ImageObject","inLanguage":"fr-FR","@id":"https:\/\/blogs.futura-sciences.com\/bardintzeff\/2022\/11\/30\/leruption-du-mauna-loa-sur-tf1-et-france-2\/#primaryimage","url":"https:\/\/blogs.futura-sciences.com\/bardintzeff\/wp-content\/uploads\/sites\/3\/2022\/11\/2022.11.29.TF1_.19h15_5low.jpg","contentUrl":"https:\/\/blogs.futura-sciences.com\/bardintzeff\/wp-content\/uploads\/sites\/3\/2022\/11\/2022.11.29.TF1_.19h15_5low.jpg","width":1417,"height":822},{"@type":"WebSite","@id":"https:\/\/blogs.futura-sciences.com\/bardintzeff\/#website","url":"https:\/\/blogs.futura-sciences.com\/bardintzeff\/","name":"VOLCANMANIA : le blog de Jacques-Marie BARDINTZEFF, volcanologue","description":"Les volcans ? Passionn\u00e9ment ! Les volcans ne sont pas toujours m\u00e9chants, ils sont aussi les t\u00e9moins de la Terre active !","potentialAction":[{"@type":"SearchAction","target":{"@type":"EntryPoint","urlTemplate":"https:\/\/blogs.futura-sciences.com\/bardintzeff\/?s={search_term_string}"},"query-input":{"@type":"PropertyValueSpecification","valueRequired":true,"valueName":"search_term_string"}}],"inLanguage":"fr-FR"},{"@type":"Person","@id":"https:\/\/blogs.futura-sciences.com\/bardintzeff\/#\/schema\/person\/974e1e0324e3e06f08253784e8eca61e","name":"jmbardintzeff","image":{"@type":"ImageObject","inLanguage":"fr-FR","@id":"https:\/\/blogs.futura-sciences.com\/bardintzeff\/#\/schema\/person\/image\/","url":"https:\/\/secure.gravatar.com\/avatar\/d38cb5297008217786910838f2aa1bda?s=96&d=mm&r=g","contentUrl":"https:\/\/secure.gravatar.com\/avatar\/d38cb5297008217786910838f2aa1bda?s=96&d=mm&r=g","caption":"jmbardintzeff"},"url":"https:\/\/blogs.futura-sciences.com\/bardintzeff\/author\/jmbardintzeff\/"}]}},"_links":{"self":[{"href":"https:\/\/blogs.futura-sciences.com\/bardintzeff\/wp-json\/wp\/v2\/posts\/8288","targetHints":{"allow":["GET"]}}],"collection":[{"href":"https:\/\/blogs.futura-sciences.com\/bardintzeff\/wp-json\/wp\/v2\/posts"}],"about":[{"href":"https:\/\/blogs.futura-sciences.com\/bardintzeff\/wp-json\/wp\/v2\/types\/post"}],"author":[{"embeddable":true,"href":"https:\/\/blogs.futura-sciences.com\/bardintzeff\/wp-json\/wp\/v2\/users\/3"}],"replies":[{"embeddable":true,"href":"https:\/\/blogs.futura-sciences.com\/bardintzeff\/wp-json\/wp\/v2\/comments?post=8288"}],"version-history":[{"count":6,"href":"https:\/\/blogs.futura-sciences.com\/bardintzeff\/wp-json\/wp\/v2\/posts\/8288\/revisions"}],"predecessor-version":[{"id":8297,"href":"https:\/\/blogs.futura-sciences.com\/bardintzeff\/wp-json\/wp\/v2\/posts\/8288\/revisions\/8297"}],"wp:attachment":[{"href":"https:\/\/blogs.futura-sciences.com\/bardintzeff\/wp-json\/wp\/v2\/media?parent=8288"}],"wp:term":[{"taxonomy":"category","embeddable":true,"href":"https:\/\/blogs.futura-sciences.com\/bardintzeff\/wp-json\/wp\/v2\/categories?post=8288"},{"taxonomy":"post_tag","embeddable":true,"href":"https:\/\/blogs.futura-sciences.com\/bardintzeff\/wp-json\/wp\/v2\/tags?post=8288"}],"curies":[{"name":"wp","href":"https:\/\/api.w.org\/{rel}","templated":true}]}}