{"id":6740,"date":"2021-04-15T12:06:03","date_gmt":"2021-04-15T12:06:03","guid":{"rendered":"https:\/\/blogs.futura-sciences.com\/bardintzeff\/?p=6740"},"modified":"2021-04-15T12:08:03","modified_gmt":"2021-04-15T12:08:03","slug":"au-coeur-du-volcan-sur-canal","status":"publish","type":"post","link":"https:\/\/blogs.futura-sciences.com\/bardintzeff\/2021\/04\/15\/au-coeur-du-volcan-sur-canal\/","title":{"rendered":"Au c\u0153ur du volcan sur Canal+"},"content":{"rendered":"<p>Demain, vendredi 16\/4\/2021, \u00e0 18h30 sur Canal+ (en clair)<\/p>\n<p>L\u2019info du vrai : le docu news<\/p>\n<p>Un document \u00ab\u00a0Au c\u0153ur du volcan\u00a0\u00bb de 26 mn film\u00e9 en Islande<\/p>\n<p>Suivi d\u2019un entretien de 15 mn entre Yves Calvi et Jacques-Marie Bardintzeff<\/p>\n<p>Merci \u00e0 Morgane Vianey<\/p>\n<p><img loading=\"lazy\" decoding=\"async\" class=\"alignnone size-medium wp-image-6745\" src=\"https:\/\/blogs.futura-sciences.com\/bardintzeff\/wp-content\/uploads\/sites\/3\/2021\/04\/Bardintzeff.2021.03.22_5.CanalBardintzeff_Calvi.low_-450x330.jpg\" alt=\"\" width=\"450\" height=\"330\" srcset=\"https:\/\/blogs.futura-sciences.com\/bardintzeff\/wp-content\/uploads\/sites\/3\/2021\/04\/Bardintzeff.2021.03.22_5.CanalBardintzeff_Calvi.low_-450x330.jpg 450w, https:\/\/blogs.futura-sciences.com\/bardintzeff\/wp-content\/uploads\/sites\/3\/2021\/04\/Bardintzeff.2021.03.22_5.CanalBardintzeff_Calvi.low_-1024x752.jpg 1024w, https:\/\/blogs.futura-sciences.com\/bardintzeff\/wp-content\/uploads\/sites\/3\/2021\/04\/Bardintzeff.2021.03.22_5.CanalBardintzeff_Calvi.low_-768x564.jpg 768w, https:\/\/blogs.futura-sciences.com\/bardintzeff\/wp-content\/uploads\/sites\/3\/2021\/04\/Bardintzeff.2021.03.22_5.CanalBardintzeff_Calvi.low_.jpg 1417w\" sizes=\"auto, (max-width: 450px) 100vw, 450px\" \/><\/p>\n<p>Yves Calvi et Jacques-Marie Bardintzeff<\/p>\n<p><!--more--><\/p>\n<p>Une \u00e9mission \u00ab\u00a0Volcans\u00a0\u00bb avait d\u00e9j\u00e0 \u00e9t\u00e9 diffus\u00e9e sur Canal+ le 22 mars 2021, voir mon blog du 23\/3\u00a0:<\/p>\n<p><a href=\"https:\/\/blogs.futura-sciences.com\/bardintzeff\/2021\/03\/23\/les-volcans-sur-canal\/\">https:\/\/blogs.futura-sciences.com\/bardintzeff\/2021\/03\/23\/les-volcans-sur-canal\/<\/a><\/p>\n<!-- AddThis Advanced Settings generic via filter on the_content --><!-- AddThis Share Buttons generic via filter on the_content -->","protected":false},"excerpt":{"rendered":"<p>Demain, vendredi 16\/4\/2021, \u00e0 18h30 sur Canal+ (en clair) L\u2019info du vrai : le docu news Un document \u00ab\u00a0Au c\u0153ur du volcan\u00a0\u00bb de 26 mn film\u00e9 en Islande Suivi d\u2019un entretien de 15 mn entre Yves Calvi et Jacques-Marie Bardintzeff Merci \u00e0 Morgane Vianey Yves Calvi et Jacques-Marie Bardintzeff<!-- AddThis Advanced Settings generic via filter on get_the_excerpt --><!-- AddThis Share Buttons generic via filter on get_the_excerpt --><\/p>\n","protected":false},"author":3,"featured_media":0,"comment_status":"open","ping_status":"open","sticky":false,"template":"","format":"standard","meta":{"footnotes":"","_links_to":"","_links_to_target":""},"categories":[6],"tags":[21,2282,1516,98,2285,2305],"class_list":["post-6740","post","type-post","status-publish","format-standard","hentry","category-actualites","tag-bardintzeff","tag-calvi","tag-canal","tag-islande","tag-linfo-du-vrai","tag-vianey"],"yoast_head":"<!-- This site is optimized with the Yoast SEO plugin v24.1 - https:\/\/yoast.com\/wordpress\/plugins\/seo\/ -->\n<title>Au c\u0153ur du volcan sur Canal+, par Jacques-Marie Bardintzeff<\/title>\n<meta name=\"robots\" content=\"index, follow, max-snippet:-1, max-image-preview:large, max-video-preview:-1\" \/>\n<link rel=\"canonical\" href=\"https:\/\/blogs.futura-sciences.com\/bardintzeff\/2021\/04\/15\/au-coeur-du-volcan-sur-canal\/\" \/>\n<meta property=\"og:locale\" content=\"fr_FR\" \/>\n<meta property=\"og:type\" content=\"article\" \/>\n<meta property=\"og:title\" content=\"Au c\u0153ur du volcan sur Canal+, par Jacques-Marie Bardintzeff\" \/>\n<meta property=\"og:description\" content=\"Demain, vendredi 16\/4\/2021, \u00e0 18h30 sur Canal+ (en clair) L\u2019info du vrai : le docu news Un document \u00ab\u00a0Au c\u0153ur du volcan\u00a0\u00bb de 26 mn film\u00e9 en Islande Suivi d\u2019un entretien de 15 mn entre Yves Calvi et Jacques-Marie Bardintzeff Merci \u00e0 Morgane Vianey Yves Calvi et Jacques-Marie Bardintzeff\" \/>\n<meta property=\"og:url\" content=\"https:\/\/blogs.futura-sciences.com\/bardintzeff\/2021\/04\/15\/au-coeur-du-volcan-sur-canal\/\" \/>\n<meta property=\"og:site_name\" content=\"VOLCANMANIA : le blog de Jacques-Marie BARDINTZEFF, volcanologue\" \/>\n<meta property=\"article:published_time\" content=\"2021-04-15T12:06:03+00:00\" \/>\n<meta property=\"article:modified_time\" content=\"2021-04-15T12:08:03+00:00\" \/>\n<meta property=\"og:image\" content=\"https:\/\/blogs.futura-sciences.com\/bardintzeff\/wp-content\/uploads\/sites\/3\/2021\/04\/Bardintzeff.2021.03.22_5.CanalBardintzeff_Calvi.low_-450x330.jpg\" \/>\n<meta name=\"author\" content=\"jmbardintzeff\" \/>\n<meta name=\"twitter:card\" content=\"summary_large_image\" \/>\n<meta name=\"twitter:label1\" content=\"\u00c9crit par\" \/>\n\t<meta name=\"twitter:data1\" content=\"jmbardintzeff\" \/>\n<script type=\"application\/ld+json\" class=\"yoast-schema-graph\">{\"@context\":\"https:\/\/schema.org\",\"@graph\":[{\"@type\":\"WebPage\",\"@id\":\"https:\/\/blogs.futura-sciences.com\/bardintzeff\/2021\/04\/15\/au-coeur-du-volcan-sur-canal\/\",\"url\":\"https:\/\/blogs.futura-sciences.com\/bardintzeff\/2021\/04\/15\/au-coeur-du-volcan-sur-canal\/\",\"name\":\"Au c\u0153ur du volcan sur Canal+, par Jacques-Marie Bardintzeff\",\"isPartOf\":{\"@id\":\"https:\/\/blogs.futura-sciences.com\/bardintzeff\/#website\"},\"primaryImageOfPage\":{\"@id\":\"https:\/\/blogs.futura-sciences.com\/bardintzeff\/2021\/04\/15\/au-coeur-du-volcan-sur-canal\/#primaryimage\"},\"image\":{\"@id\":\"https:\/\/blogs.futura-sciences.com\/bardintzeff\/2021\/04\/15\/au-coeur-du-volcan-sur-canal\/#primaryimage\"},\"thumbnailUrl\":\"https:\/\/blogs.futura-sciences.com\/bardintzeff\/wp-content\/uploads\/sites\/3\/2021\/04\/Bardintzeff.2021.03.22_5.CanalBardintzeff_Calvi.low_-450x330.jpg\",\"datePublished\":\"2021-04-15T12:06:03+00:00\",\"dateModified\":\"2021-04-15T12:08:03+00:00\",\"author\":{\"@id\":\"https:\/\/blogs.futura-sciences.com\/bardintzeff\/#\/schema\/person\/974e1e0324e3e06f08253784e8eca61e\"},\"inLanguage\":\"fr-FR\",\"potentialAction\":[{\"@type\":\"ReadAction\",\"target\":[\"https:\/\/blogs.futura-sciences.com\/bardintzeff\/2021\/04\/15\/au-coeur-du-volcan-sur-canal\/\"]}]},{\"@type\":\"ImageObject\",\"inLanguage\":\"fr-FR\",\"@id\":\"https:\/\/blogs.futura-sciences.com\/bardintzeff\/2021\/04\/15\/au-coeur-du-volcan-sur-canal\/#primaryimage\",\"url\":\"https:\/\/blogs.futura-sciences.com\/bardintzeff\/wp-content\/uploads\/sites\/3\/2021\/04\/Bardintzeff.2021.03.22_5.CanalBardintzeff_Calvi.low_.jpg\",\"contentUrl\":\"https:\/\/blogs.futura-sciences.com\/bardintzeff\/wp-content\/uploads\/sites\/3\/2021\/04\/Bardintzeff.2021.03.22_5.CanalBardintzeff_Calvi.low_.jpg\",\"width\":1417,\"height\":1040},{\"@type\":\"WebSite\",\"@id\":\"https:\/\/blogs.futura-sciences.com\/bardintzeff\/#website\",\"url\":\"https:\/\/blogs.futura-sciences.com\/bardintzeff\/\",\"name\":\"VOLCANMANIA : le blog de Jacques-Marie BARDINTZEFF, volcanologue\",\"description\":\"Les volcans ? Passionn\u00e9ment ! Les volcans ne sont pas toujours m\u00e9chants, ils sont aussi les t\u00e9moins de la Terre active !\",\"potentialAction\":[{\"@type\":\"SearchAction\",\"target\":{\"@type\":\"EntryPoint\",\"urlTemplate\":\"https:\/\/blogs.futura-sciences.com\/bardintzeff\/?s={search_term_string}\"},\"query-input\":{\"@type\":\"PropertyValueSpecification\",\"valueRequired\":true,\"valueName\":\"search_term_string\"}}],\"inLanguage\":\"fr-FR\"},{\"@type\":\"Person\",\"@id\":\"https:\/\/blogs.futura-sciences.com\/bardintzeff\/#\/schema\/person\/974e1e0324e3e06f08253784e8eca61e\",\"name\":\"jmbardintzeff\",\"image\":{\"@type\":\"ImageObject\",\"inLanguage\":\"fr-FR\",\"@id\":\"https:\/\/blogs.futura-sciences.com\/bardintzeff\/#\/schema\/person\/image\/\",\"url\":\"https:\/\/secure.gravatar.com\/avatar\/d38cb5297008217786910838f2aa1bda?s=96&d=mm&r=g\",\"contentUrl\":\"https:\/\/secure.gravatar.com\/avatar\/d38cb5297008217786910838f2aa1bda?s=96&d=mm&r=g\",\"caption\":\"jmbardintzeff\"},\"url\":\"https:\/\/blogs.futura-sciences.com\/bardintzeff\/author\/jmbardintzeff\/\"}]}<\/script>\n<!-- \/ Yoast SEO plugin. -->","yoast_head_json":{"title":"Au c\u0153ur du volcan sur Canal+, par Jacques-Marie Bardintzeff","robots":{"index":"index","follow":"follow","max-snippet":"max-snippet:-1","max-image-preview":"max-image-preview:large","max-video-preview":"max-video-preview:-1"},"canonical":"https:\/\/blogs.futura-sciences.com\/bardintzeff\/2021\/04\/15\/au-coeur-du-volcan-sur-canal\/","og_locale":"fr_FR","og_type":"article","og_title":"Au c\u0153ur du volcan sur Canal+, par Jacques-Marie Bardintzeff","og_description":"Demain, vendredi 16\/4\/2021, \u00e0 18h30 sur Canal+ (en clair) L\u2019info du vrai : le docu news Un document \u00ab\u00a0Au c\u0153ur du volcan\u00a0\u00bb de 26 mn film\u00e9 en Islande Suivi d\u2019un entretien de 15 mn entre Yves Calvi et Jacques-Marie Bardintzeff Merci \u00e0 Morgane Vianey Yves Calvi et Jacques-Marie Bardintzeff","og_url":"https:\/\/blogs.futura-sciences.com\/bardintzeff\/2021\/04\/15\/au-coeur-du-volcan-sur-canal\/","og_site_name":"VOLCANMANIA : le blog de Jacques-Marie BARDINTZEFF, volcanologue","article_published_time":"2021-04-15T12:06:03+00:00","article_modified_time":"2021-04-15T12:08:03+00:00","og_image":[{"url":"https:\/\/blogs.futura-sciences.com\/bardintzeff\/wp-content\/uploads\/sites\/3\/2021\/04\/Bardintzeff.2021.03.22_5.CanalBardintzeff_Calvi.low_-450x330.jpg","type":"","width":"","height":""}],"author":"jmbardintzeff","twitter_card":"summary_large_image","twitter_misc":{"\u00c9crit par":"jmbardintzeff"},"schema":{"@context":"https:\/\/schema.org","@graph":[{"@type":"WebPage","@id":"https:\/\/blogs.futura-sciences.com\/bardintzeff\/2021\/04\/15\/au-coeur-du-volcan-sur-canal\/","url":"https:\/\/blogs.futura-sciences.com\/bardintzeff\/2021\/04\/15\/au-coeur-du-volcan-sur-canal\/","name":"Au c\u0153ur du volcan sur Canal+, par Jacques-Marie Bardintzeff","isPartOf":{"@id":"https:\/\/blogs.futura-sciences.com\/bardintzeff\/#website"},"primaryImageOfPage":{"@id":"https:\/\/blogs.futura-sciences.com\/bardintzeff\/2021\/04\/15\/au-coeur-du-volcan-sur-canal\/#primaryimage"},"image":{"@id":"https:\/\/blogs.futura-sciences.com\/bardintzeff\/2021\/04\/15\/au-coeur-du-volcan-sur-canal\/#primaryimage"},"thumbnailUrl":"https:\/\/blogs.futura-sciences.com\/bardintzeff\/wp-content\/uploads\/sites\/3\/2021\/04\/Bardintzeff.2021.03.22_5.CanalBardintzeff_Calvi.low_-450x330.jpg","datePublished":"2021-04-15T12:06:03+00:00","dateModified":"2021-04-15T12:08:03+00:00","author":{"@id":"https:\/\/blogs.futura-sciences.com\/bardintzeff\/#\/schema\/person\/974e1e0324e3e06f08253784e8eca61e"},"inLanguage":"fr-FR","potentialAction":[{"@type":"ReadAction","target":["https:\/\/blogs.futura-sciences.com\/bardintzeff\/2021\/04\/15\/au-coeur-du-volcan-sur-canal\/"]}]},{"@type":"ImageObject","inLanguage":"fr-FR","@id":"https:\/\/blogs.futura-sciences.com\/bardintzeff\/2021\/04\/15\/au-coeur-du-volcan-sur-canal\/#primaryimage","url":"https:\/\/blogs.futura-sciences.com\/bardintzeff\/wp-content\/uploads\/sites\/3\/2021\/04\/Bardintzeff.2021.03.22_5.CanalBardintzeff_Calvi.low_.jpg","contentUrl":"https:\/\/blogs.futura-sciences.com\/bardintzeff\/wp-content\/uploads\/sites\/3\/2021\/04\/Bardintzeff.2021.03.22_5.CanalBardintzeff_Calvi.low_.jpg","width":1417,"height":1040},{"@type":"WebSite","@id":"https:\/\/blogs.futura-sciences.com\/bardintzeff\/#website","url":"https:\/\/blogs.futura-sciences.com\/bardintzeff\/","name":"VOLCANMANIA : le blog de Jacques-Marie BARDINTZEFF, volcanologue","description":"Les volcans ? Passionn\u00e9ment ! Les volcans ne sont pas toujours m\u00e9chants, ils sont aussi les t\u00e9moins de la Terre active !","potentialAction":[{"@type":"SearchAction","target":{"@type":"EntryPoint","urlTemplate":"https:\/\/blogs.futura-sciences.com\/bardintzeff\/?s={search_term_string}"},"query-input":{"@type":"PropertyValueSpecification","valueRequired":true,"valueName":"search_term_string"}}],"inLanguage":"fr-FR"},{"@type":"Person","@id":"https:\/\/blogs.futura-sciences.com\/bardintzeff\/#\/schema\/person\/974e1e0324e3e06f08253784e8eca61e","name":"jmbardintzeff","image":{"@type":"ImageObject","inLanguage":"fr-FR","@id":"https:\/\/blogs.futura-sciences.com\/bardintzeff\/#\/schema\/person\/image\/","url":"https:\/\/secure.gravatar.com\/avatar\/d38cb5297008217786910838f2aa1bda?s=96&d=mm&r=g","contentUrl":"https:\/\/secure.gravatar.com\/avatar\/d38cb5297008217786910838f2aa1bda?s=96&d=mm&r=g","caption":"jmbardintzeff"},"url":"https:\/\/blogs.futura-sciences.com\/bardintzeff\/author\/jmbardintzeff\/"}]}},"_links":{"self":[{"href":"https:\/\/blogs.futura-sciences.com\/bardintzeff\/wp-json\/wp\/v2\/posts\/6740","targetHints":{"allow":["GET"]}}],"collection":[{"href":"https:\/\/blogs.futura-sciences.com\/bardintzeff\/wp-json\/wp\/v2\/posts"}],"about":[{"href":"https:\/\/blogs.futura-sciences.com\/bardintzeff\/wp-json\/wp\/v2\/types\/post"}],"author":[{"embeddable":true,"href":"https:\/\/blogs.futura-sciences.com\/bardintzeff\/wp-json\/wp\/v2\/users\/3"}],"replies":[{"embeddable":true,"href":"https:\/\/blogs.futura-sciences.com\/bardintzeff\/wp-json\/wp\/v2\/comments?post=6740"}],"version-history":[{"count":5,"href":"https:\/\/blogs.futura-sciences.com\/bardintzeff\/wp-json\/wp\/v2\/posts\/6740\/revisions"}],"predecessor-version":[{"id":6746,"href":"https:\/\/blogs.futura-sciences.com\/bardintzeff\/wp-json\/wp\/v2\/posts\/6740\/revisions\/6746"}],"wp:attachment":[{"href":"https:\/\/blogs.futura-sciences.com\/bardintzeff\/wp-json\/wp\/v2\/media?parent=6740"}],"wp:term":[{"taxonomy":"category","embeddable":true,"href":"https:\/\/blogs.futura-sciences.com\/bardintzeff\/wp-json\/wp\/v2\/categories?post=6740"},{"taxonomy":"post_tag","embeddable":true,"href":"https:\/\/blogs.futura-sciences.com\/bardintzeff\/wp-json\/wp\/v2\/tags?post=6740"}],"curies":[{"name":"wp","href":"https:\/\/api.w.org\/{rel}","templated":true}]}}