{"id":6666,"date":"2021-03-29T11:03:03","date_gmt":"2021-03-29T11:03:03","guid":{"rendered":"https:\/\/blogs.futura-sciences.com\/bardintzeff\/?p=6666"},"modified":"2021-03-29T16:30:31","modified_gmt":"2021-03-29T16:30:31","slug":"lecole-normale-superieure-de-saint-cloud","status":"publish","type":"post","link":"https:\/\/blogs.futura-sciences.com\/bardintzeff\/2021\/03\/29\/lecole-normale-superieure-de-saint-cloud\/","title":{"rendered":"L\u2019\u00c9cole Normale Sup\u00e9rieure de Saint-Cloud"},"content":{"rendered":"<p>Hier, dimanche 28 mars 2021, promenade (8 km quand m\u00eame !) dans le parc de Saint-Cloud (92210) avec ma femme Isabelle et nos amis \u00c9ric et Martine, sous un beau soleil printanier.<\/p>\n<p>Bien s\u00fbr, un petit d\u00e9tour-p\u00e8lerinage oblig\u00e9 vers mon ancienne \u00e9cole\u00a0: l\u2019\u00c9cole Normale Sup\u00e9rieure de Saint-Cloud (ENS) o\u00f9 j\u2019ai \u00e9t\u00e9 \u00e9l\u00e8ve en 1973-1977. \u00c9motion\u2026<\/p>\n<p><img loading=\"lazy\" decoding=\"async\" class=\"alignnone size-medium wp-image-6669\" src=\"https:\/\/blogs.futura-sciences.com\/bardintzeff\/wp-content\/uploads\/sites\/3\/2021\/03\/2021.03.28.Saint_Cloud9.Tavernier-338x450.jpg\" alt=\"\" width=\"338\" height=\"450\" srcset=\"https:\/\/blogs.futura-sciences.com\/bardintzeff\/wp-content\/uploads\/sites\/3\/2021\/03\/2021.03.28.Saint_Cloud9.Tavernier-338x450.jpg 338w, https:\/\/blogs.futura-sciences.com\/bardintzeff\/wp-content\/uploads\/sites\/3\/2021\/03\/2021.03.28.Saint_Cloud9.Tavernier-768x1024.jpg 768w, https:\/\/blogs.futura-sciences.com\/bardintzeff\/wp-content\/uploads\/sites\/3\/2021\/03\/2021.03.28.Saint_Cloud9.Tavernier-1152x1536.jpg 1152w, https:\/\/blogs.futura-sciences.com\/bardintzeff\/wp-content\/uploads\/sites\/3\/2021\/03\/2021.03.28.Saint_Cloud9.Tavernier.jpg 1200w\" sizes=\"auto, (max-width: 338px) 100vw, 338px\" \/><\/p>\n<p>Jacques-Marie Bardintzeff, volcanologue, devant l\u2019\u00c9cole Normale Sup\u00e9rieure de Saint-Cloud\u2026 44 ans apr\u00e8s (\u00a9 \u00c9ric Tavernier).<\/p>\n<p><img loading=\"lazy\" decoding=\"async\" class=\"alignnone size-medium wp-image-6678\" src=\"https:\/\/blogs.futura-sciences.com\/bardintzeff\/wp-content\/uploads\/sites\/3\/2021\/03\/2021.03.29.Saint_Cloud4low-450x338.jpg\" alt=\"\" width=\"450\" height=\"338\" srcset=\"https:\/\/blogs.futura-sciences.com\/bardintzeff\/wp-content\/uploads\/sites\/3\/2021\/03\/2021.03.29.Saint_Cloud4low-450x338.jpg 450w, https:\/\/blogs.futura-sciences.com\/bardintzeff\/wp-content\/uploads\/sites\/3\/2021\/03\/2021.03.29.Saint_Cloud4low-1024x768.jpg 1024w, https:\/\/blogs.futura-sciences.com\/bardintzeff\/wp-content\/uploads\/sites\/3\/2021\/03\/2021.03.29.Saint_Cloud4low-768x576.jpg 768w, https:\/\/blogs.futura-sciences.com\/bardintzeff\/wp-content\/uploads\/sites\/3\/2021\/03\/2021.03.29.Saint_Cloud4low.jpg 1417w\" sizes=\"auto, (max-width: 450px) 100vw, 450px\" \/>L\u2019\u00c9cole Normale Sup\u00e9rieure de Saint-Cloud occupait le Pavillon de Valois, ancien commun du ch\u00e2teau (d\u00e9truit entre 1870 et 1892), dans le parc de Saint-Cloud (\u00a9 J.M. Bardintzeff).<\/p>\n<p><!--more--><\/p>\n<p>Cette \u00e9cole et son homologue f\u00e9minin, l\u2019ENS de Fontenay-aux-Roses, ont \u00e9t\u00e9 transf\u00e9r\u00e9s \u00e0 Lyon (ENS Lyon) \u00e0 partir de 1987.<\/p>\n<p><img loading=\"lazy\" decoding=\"async\" class=\"alignnone size-medium wp-image-6681\" src=\"https:\/\/blogs.futura-sciences.com\/bardintzeff\/wp-content\/uploads\/sites\/3\/2021\/03\/2021.03.29.Saint_Cloud7low-450x338.jpg\" alt=\"\" width=\"450\" height=\"338\" srcset=\"https:\/\/blogs.futura-sciences.com\/bardintzeff\/wp-content\/uploads\/sites\/3\/2021\/03\/2021.03.29.Saint_Cloud7low-450x338.jpg 450w, https:\/\/blogs.futura-sciences.com\/bardintzeff\/wp-content\/uploads\/sites\/3\/2021\/03\/2021.03.29.Saint_Cloud7low-1024x768.jpg 1024w, https:\/\/blogs.futura-sciences.com\/bardintzeff\/wp-content\/uploads\/sites\/3\/2021\/03\/2021.03.29.Saint_Cloud7low-768x576.jpg 768w, https:\/\/blogs.futura-sciences.com\/bardintzeff\/wp-content\/uploads\/sites\/3\/2021\/03\/2021.03.29.Saint_Cloud7low.jpg 1417w\" sizes=\"auto, (max-width: 450px) 100vw, 450px\" \/><\/p>\n<p>Le Pavillon de Valois dans le parc de Saint-Cloud domine la vall\u00e9e de la Seine\u00a0; au fond la tour Eiffel (\u00a9 J.M. Bardintzeff).<\/p>\n<p><img loading=\"lazy\" decoding=\"async\" class=\"alignnone size-medium wp-image-6683\" src=\"https:\/\/blogs.futura-sciences.com\/bardintzeff\/wp-content\/uploads\/sites\/3\/2021\/03\/2021.03.28.Saint_Cloud10.Isa_-450x338.jpg\" alt=\"\" width=\"450\" height=\"338\" srcset=\"https:\/\/blogs.futura-sciences.com\/bardintzeff\/wp-content\/uploads\/sites\/3\/2021\/03\/2021.03.28.Saint_Cloud10.Isa_-450x338.jpg 450w, https:\/\/blogs.futura-sciences.com\/bardintzeff\/wp-content\/uploads\/sites\/3\/2021\/03\/2021.03.28.Saint_Cloud10.Isa_-1024x768.jpg 1024w, https:\/\/blogs.futura-sciences.com\/bardintzeff\/wp-content\/uploads\/sites\/3\/2021\/03\/2021.03.28.Saint_Cloud10.Isa_-768x576.jpg 768w, https:\/\/blogs.futura-sciences.com\/bardintzeff\/wp-content\/uploads\/sites\/3\/2021\/03\/2021.03.28.Saint_Cloud10.Isa_.jpg 1440w\" sizes=\"auto, (max-width: 450px) 100vw, 450px\" \/><\/p>\n<p>Vue panoramique depuis le jardin du Trocad\u00e9ro en haut du parc : \u00e0 gauche au premier plan, le Pavillon de Valois, au centre le parc de Saint-Cloud et la Seine, \u00e0 droite au fond la Seine musicale \u00e0 Boulogne-Billancourt (\u00a9 Isabelle Bardintzeff).<\/p>\n<p><img loading=\"lazy\" decoding=\"async\" class=\"alignnone size-medium wp-image-6671\" src=\"https:\/\/blogs.futura-sciences.com\/bardintzeff\/wp-content\/uploads\/sites\/3\/2021\/03\/2021.03.28.Saint_Cloud4.low_-338x450.jpg\" alt=\"\" width=\"338\" height=\"450\" srcset=\"https:\/\/blogs.futura-sciences.com\/bardintzeff\/wp-content\/uploads\/sites\/3\/2021\/03\/2021.03.28.Saint_Cloud4.low_-338x450.jpg 338w, https:\/\/blogs.futura-sciences.com\/bardintzeff\/wp-content\/uploads\/sites\/3\/2021\/03\/2021.03.28.Saint_Cloud4.low_-768x1024.jpg 768w, https:\/\/blogs.futura-sciences.com\/bardintzeff\/wp-content\/uploads\/sites\/3\/2021\/03\/2021.03.28.Saint_Cloud4.low_.jpg 1063w\" sizes=\"auto, (max-width: 338px) 100vw, 338px\" \/><\/p>\n<p>L\u2019entr\u00e9e de l\u2019\u00c9cole Normale Sup\u00e9rieure de Saint-Cloud qui occupait le Pavillon de Valois, dans le parc de Saint-Cloud (\u00a9 Isabelle Bardintzeff).<\/p>\n<!-- AddThis Advanced Settings generic via filter on the_content --><!-- AddThis Share Buttons generic via filter on the_content -->","protected":false},"excerpt":{"rendered":"<p>Hier, dimanche 28 mars 2021, promenade (8 km quand m\u00eame !) dans le parc de Saint-Cloud (92210) avec ma femme Isabelle et nos amis \u00c9ric et Martine, sous un beau soleil printanier. Bien s\u00fbr, un petit d\u00e9tour-p\u00e8lerinage oblig\u00e9 vers mon ancienne \u00e9cole\u00a0: l\u2019\u00c9cole Normale Sup\u00e9rieure de Saint-Cloud (ENS) o\u00f9 j\u2019ai \u00e9t\u00e9 \u00e9l\u00e8ve en 1973-1977. \u00c9motion\u2026 &hellip; <a href=\"https:\/\/blogs.futura-sciences.com\/bardintzeff\/2021\/03\/29\/lecole-normale-superieure-de-saint-cloud\/\" class=\"more-link\">Continuer la lecture de <span class=\"screen-reader-text\">L\u2019\u00c9cole Normale Sup\u00e9rieure de Saint-Cloud<\/span>  <span class=\"meta-nav\">&rarr;<\/span><\/a><!-- AddThis Advanced Settings generic via filter on get_the_excerpt --><!-- AddThis Share Buttons generic via filter on get_the_excerpt --><\/p>\n","protected":false},"author":3,"featured_media":0,"comment_status":"open","ping_status":"open","sticky":false,"template":"","format":"standard","meta":{"footnotes":"","_links_to":"","_links_to_target":""},"categories":[6],"tags":[21,2287,2288,2289,1895,2290,2291],"class_list":["post-6666","post","type-post","status-publish","format-standard","hentry","category-actualites","tag-bardintzeff","tag-ecole-normale-superieure-de-saint-cloud","tag-ens","tag-fontenay-aux-roses","tag-lyon","tag-parc-de-saint-cloud","tag-saint-cloud"],"yoast_head":"<!-- This site is optimized with the Yoast SEO plugin v24.1 - https:\/\/yoast.com\/wordpress\/plugins\/seo\/ -->\n<title>L\u2019\u00c9cole Normale Sup\u00e9rieure de Saint-Cloud, par Jacques-Marie Bardintzeff<\/title>\n<meta name=\"robots\" content=\"index, follow, max-snippet:-1, max-image-preview:large, max-video-preview:-1\" \/>\n<link rel=\"canonical\" href=\"https:\/\/blogs.futura-sciences.com\/bardintzeff\/2021\/03\/29\/lecole-normale-superieure-de-saint-cloud\/\" \/>\n<meta property=\"og:locale\" content=\"fr_FR\" \/>\n<meta property=\"og:type\" content=\"article\" \/>\n<meta property=\"og:title\" content=\"L\u2019\u00c9cole Normale Sup\u00e9rieure de Saint-Cloud, par Jacques-Marie Bardintzeff\" \/>\n<meta property=\"og:description\" content=\"Hier, dimanche 28 mars 2021, promenade (8 km quand m\u00eame !) dans le parc de Saint-Cloud (92210) avec ma femme Isabelle et nos amis \u00c9ric et Martine, sous un beau soleil printanier. Bien s\u00fbr, un petit d\u00e9tour-p\u00e8lerinage oblig\u00e9 vers mon ancienne \u00e9cole\u00a0: l\u2019\u00c9cole Normale Sup\u00e9rieure de Saint-Cloud (ENS) o\u00f9 j\u2019ai \u00e9t\u00e9 \u00e9l\u00e8ve en 1973-1977. \u00c9motion\u2026 &hellip; Continuer la lecture de L\u2019\u00c9cole Normale Sup\u00e9rieure de Saint-Cloud &rarr;\" \/>\n<meta property=\"og:url\" content=\"https:\/\/blogs.futura-sciences.com\/bardintzeff\/2021\/03\/29\/lecole-normale-superieure-de-saint-cloud\/\" \/>\n<meta property=\"og:site_name\" content=\"VOLCANMANIA : le blog de Jacques-Marie BARDINTZEFF, volcanologue\" \/>\n<meta property=\"article:published_time\" content=\"2021-03-29T11:03:03+00:00\" \/>\n<meta property=\"article:modified_time\" content=\"2021-03-29T16:30:31+00:00\" \/>\n<meta property=\"og:image\" content=\"https:\/\/blogs.futura-sciences.com\/bardintzeff\/wp-content\/uploads\/sites\/3\/2021\/03\/2021.03.28.Saint_Cloud9.Tavernier-338x450.jpg\" \/>\n<meta name=\"author\" content=\"jmbardintzeff\" \/>\n<meta name=\"twitter:card\" content=\"summary_large_image\" \/>\n<meta name=\"twitter:label1\" content=\"\u00c9crit par\" \/>\n\t<meta name=\"twitter:data1\" content=\"jmbardintzeff\" \/>\n\t<meta name=\"twitter:label2\" content=\"Dur\u00e9e de lecture estim\u00e9e\" \/>\n\t<meta name=\"twitter:data2\" content=\"1 minute\" \/>\n<script type=\"application\/ld+json\" class=\"yoast-schema-graph\">{\"@context\":\"https:\/\/schema.org\",\"@graph\":[{\"@type\":\"WebPage\",\"@id\":\"https:\/\/blogs.futura-sciences.com\/bardintzeff\/2021\/03\/29\/lecole-normale-superieure-de-saint-cloud\/\",\"url\":\"https:\/\/blogs.futura-sciences.com\/bardintzeff\/2021\/03\/29\/lecole-normale-superieure-de-saint-cloud\/\",\"name\":\"L\u2019\u00c9cole Normale Sup\u00e9rieure de Saint-Cloud, par Jacques-Marie Bardintzeff\",\"isPartOf\":{\"@id\":\"https:\/\/blogs.futura-sciences.com\/bardintzeff\/#website\"},\"primaryImageOfPage\":{\"@id\":\"https:\/\/blogs.futura-sciences.com\/bardintzeff\/2021\/03\/29\/lecole-normale-superieure-de-saint-cloud\/#primaryimage\"},\"image\":{\"@id\":\"https:\/\/blogs.futura-sciences.com\/bardintzeff\/2021\/03\/29\/lecole-normale-superieure-de-saint-cloud\/#primaryimage\"},\"thumbnailUrl\":\"https:\/\/blogs.futura-sciences.com\/bardintzeff\/wp-content\/uploads\/sites\/3\/2021\/03\/2021.03.28.Saint_Cloud9.Tavernier-338x450.jpg\",\"datePublished\":\"2021-03-29T11:03:03+00:00\",\"dateModified\":\"2021-03-29T16:30:31+00:00\",\"author\":{\"@id\":\"https:\/\/blogs.futura-sciences.com\/bardintzeff\/#\/schema\/person\/974e1e0324e3e06f08253784e8eca61e\"},\"inLanguage\":\"fr-FR\",\"potentialAction\":[{\"@type\":\"ReadAction\",\"target\":[\"https:\/\/blogs.futura-sciences.com\/bardintzeff\/2021\/03\/29\/lecole-normale-superieure-de-saint-cloud\/\"]}]},{\"@type\":\"ImageObject\",\"inLanguage\":\"fr-FR\",\"@id\":\"https:\/\/blogs.futura-sciences.com\/bardintzeff\/2021\/03\/29\/lecole-normale-superieure-de-saint-cloud\/#primaryimage\",\"url\":\"https:\/\/blogs.futura-sciences.com\/bardintzeff\/wp-content\/uploads\/sites\/3\/2021\/03\/2021.03.28.Saint_Cloud9.Tavernier.jpg\",\"contentUrl\":\"https:\/\/blogs.futura-sciences.com\/bardintzeff\/wp-content\/uploads\/sites\/3\/2021\/03\/2021.03.28.Saint_Cloud9.Tavernier.jpg\",\"width\":1200,\"height\":1600},{\"@type\":\"WebSite\",\"@id\":\"https:\/\/blogs.futura-sciences.com\/bardintzeff\/#website\",\"url\":\"https:\/\/blogs.futura-sciences.com\/bardintzeff\/\",\"name\":\"VOLCANMANIA : le blog de Jacques-Marie BARDINTZEFF, volcanologue\",\"description\":\"Les volcans ? Passionn\u00e9ment ! Les volcans ne sont pas toujours m\u00e9chants, ils sont aussi les t\u00e9moins de la Terre active !\",\"potentialAction\":[{\"@type\":\"SearchAction\",\"target\":{\"@type\":\"EntryPoint\",\"urlTemplate\":\"https:\/\/blogs.futura-sciences.com\/bardintzeff\/?s={search_term_string}\"},\"query-input\":{\"@type\":\"PropertyValueSpecification\",\"valueRequired\":true,\"valueName\":\"search_term_string\"}}],\"inLanguage\":\"fr-FR\"},{\"@type\":\"Person\",\"@id\":\"https:\/\/blogs.futura-sciences.com\/bardintzeff\/#\/schema\/person\/974e1e0324e3e06f08253784e8eca61e\",\"name\":\"jmbardintzeff\",\"image\":{\"@type\":\"ImageObject\",\"inLanguage\":\"fr-FR\",\"@id\":\"https:\/\/blogs.futura-sciences.com\/bardintzeff\/#\/schema\/person\/image\/\",\"url\":\"https:\/\/secure.gravatar.com\/avatar\/d38cb5297008217786910838f2aa1bda?s=96&d=mm&r=g\",\"contentUrl\":\"https:\/\/secure.gravatar.com\/avatar\/d38cb5297008217786910838f2aa1bda?s=96&d=mm&r=g\",\"caption\":\"jmbardintzeff\"},\"url\":\"https:\/\/blogs.futura-sciences.com\/bardintzeff\/author\/jmbardintzeff\/\"}]}<\/script>\n<!-- \/ Yoast SEO plugin. -->","yoast_head_json":{"title":"L\u2019\u00c9cole Normale Sup\u00e9rieure de Saint-Cloud, par Jacques-Marie Bardintzeff","robots":{"index":"index","follow":"follow","max-snippet":"max-snippet:-1","max-image-preview":"max-image-preview:large","max-video-preview":"max-video-preview:-1"},"canonical":"https:\/\/blogs.futura-sciences.com\/bardintzeff\/2021\/03\/29\/lecole-normale-superieure-de-saint-cloud\/","og_locale":"fr_FR","og_type":"article","og_title":"L\u2019\u00c9cole Normale Sup\u00e9rieure de Saint-Cloud, par Jacques-Marie Bardintzeff","og_description":"Hier, dimanche 28 mars 2021, promenade (8 km quand m\u00eame !) dans le parc de Saint-Cloud (92210) avec ma femme Isabelle et nos amis \u00c9ric et Martine, sous un beau soleil printanier. Bien s\u00fbr, un petit d\u00e9tour-p\u00e8lerinage oblig\u00e9 vers mon ancienne \u00e9cole\u00a0: l\u2019\u00c9cole Normale Sup\u00e9rieure de Saint-Cloud (ENS) o\u00f9 j\u2019ai \u00e9t\u00e9 \u00e9l\u00e8ve en 1973-1977. \u00c9motion\u2026 &hellip; Continuer la lecture de L\u2019\u00c9cole Normale Sup\u00e9rieure de Saint-Cloud &rarr;","og_url":"https:\/\/blogs.futura-sciences.com\/bardintzeff\/2021\/03\/29\/lecole-normale-superieure-de-saint-cloud\/","og_site_name":"VOLCANMANIA : le blog de Jacques-Marie BARDINTZEFF, volcanologue","article_published_time":"2021-03-29T11:03:03+00:00","article_modified_time":"2021-03-29T16:30:31+00:00","og_image":[{"url":"https:\/\/blogs.futura-sciences.com\/bardintzeff\/wp-content\/uploads\/sites\/3\/2021\/03\/2021.03.28.Saint_Cloud9.Tavernier-338x450.jpg","type":"","width":"","height":""}],"author":"jmbardintzeff","twitter_card":"summary_large_image","twitter_misc":{"\u00c9crit par":"jmbardintzeff","Dur\u00e9e de lecture estim\u00e9e":"1 minute"},"schema":{"@context":"https:\/\/schema.org","@graph":[{"@type":"WebPage","@id":"https:\/\/blogs.futura-sciences.com\/bardintzeff\/2021\/03\/29\/lecole-normale-superieure-de-saint-cloud\/","url":"https:\/\/blogs.futura-sciences.com\/bardintzeff\/2021\/03\/29\/lecole-normale-superieure-de-saint-cloud\/","name":"L\u2019\u00c9cole Normale Sup\u00e9rieure de Saint-Cloud, par Jacques-Marie Bardintzeff","isPartOf":{"@id":"https:\/\/blogs.futura-sciences.com\/bardintzeff\/#website"},"primaryImageOfPage":{"@id":"https:\/\/blogs.futura-sciences.com\/bardintzeff\/2021\/03\/29\/lecole-normale-superieure-de-saint-cloud\/#primaryimage"},"image":{"@id":"https:\/\/blogs.futura-sciences.com\/bardintzeff\/2021\/03\/29\/lecole-normale-superieure-de-saint-cloud\/#primaryimage"},"thumbnailUrl":"https:\/\/blogs.futura-sciences.com\/bardintzeff\/wp-content\/uploads\/sites\/3\/2021\/03\/2021.03.28.Saint_Cloud9.Tavernier-338x450.jpg","datePublished":"2021-03-29T11:03:03+00:00","dateModified":"2021-03-29T16:30:31+00:00","author":{"@id":"https:\/\/blogs.futura-sciences.com\/bardintzeff\/#\/schema\/person\/974e1e0324e3e06f08253784e8eca61e"},"inLanguage":"fr-FR","potentialAction":[{"@type":"ReadAction","target":["https:\/\/blogs.futura-sciences.com\/bardintzeff\/2021\/03\/29\/lecole-normale-superieure-de-saint-cloud\/"]}]},{"@type":"ImageObject","inLanguage":"fr-FR","@id":"https:\/\/blogs.futura-sciences.com\/bardintzeff\/2021\/03\/29\/lecole-normale-superieure-de-saint-cloud\/#primaryimage","url":"https:\/\/blogs.futura-sciences.com\/bardintzeff\/wp-content\/uploads\/sites\/3\/2021\/03\/2021.03.28.Saint_Cloud9.Tavernier.jpg","contentUrl":"https:\/\/blogs.futura-sciences.com\/bardintzeff\/wp-content\/uploads\/sites\/3\/2021\/03\/2021.03.28.Saint_Cloud9.Tavernier.jpg","width":1200,"height":1600},{"@type":"WebSite","@id":"https:\/\/blogs.futura-sciences.com\/bardintzeff\/#website","url":"https:\/\/blogs.futura-sciences.com\/bardintzeff\/","name":"VOLCANMANIA : le blog de Jacques-Marie BARDINTZEFF, volcanologue","description":"Les volcans ? Passionn\u00e9ment ! Les volcans ne sont pas toujours m\u00e9chants, ils sont aussi les t\u00e9moins de la Terre active !","potentialAction":[{"@type":"SearchAction","target":{"@type":"EntryPoint","urlTemplate":"https:\/\/blogs.futura-sciences.com\/bardintzeff\/?s={search_term_string}"},"query-input":{"@type":"PropertyValueSpecification","valueRequired":true,"valueName":"search_term_string"}}],"inLanguage":"fr-FR"},{"@type":"Person","@id":"https:\/\/blogs.futura-sciences.com\/bardintzeff\/#\/schema\/person\/974e1e0324e3e06f08253784e8eca61e","name":"jmbardintzeff","image":{"@type":"ImageObject","inLanguage":"fr-FR","@id":"https:\/\/blogs.futura-sciences.com\/bardintzeff\/#\/schema\/person\/image\/","url":"https:\/\/secure.gravatar.com\/avatar\/d38cb5297008217786910838f2aa1bda?s=96&d=mm&r=g","contentUrl":"https:\/\/secure.gravatar.com\/avatar\/d38cb5297008217786910838f2aa1bda?s=96&d=mm&r=g","caption":"jmbardintzeff"},"url":"https:\/\/blogs.futura-sciences.com\/bardintzeff\/author\/jmbardintzeff\/"}]}},"_links":{"self":[{"href":"https:\/\/blogs.futura-sciences.com\/bardintzeff\/wp-json\/wp\/v2\/posts\/6666","targetHints":{"allow":["GET"]}}],"collection":[{"href":"https:\/\/blogs.futura-sciences.com\/bardintzeff\/wp-json\/wp\/v2\/posts"}],"about":[{"href":"https:\/\/blogs.futura-sciences.com\/bardintzeff\/wp-json\/wp\/v2\/types\/post"}],"author":[{"embeddable":true,"href":"https:\/\/blogs.futura-sciences.com\/bardintzeff\/wp-json\/wp\/v2\/users\/3"}],"replies":[{"embeddable":true,"href":"https:\/\/blogs.futura-sciences.com\/bardintzeff\/wp-json\/wp\/v2\/comments?post=6666"}],"version-history":[{"count":14,"href":"https:\/\/blogs.futura-sciences.com\/bardintzeff\/wp-json\/wp\/v2\/posts\/6666\/revisions"}],"predecessor-version":[{"id":6686,"href":"https:\/\/blogs.futura-sciences.com\/bardintzeff\/wp-json\/wp\/v2\/posts\/6666\/revisions\/6686"}],"wp:attachment":[{"href":"https:\/\/blogs.futura-sciences.com\/bardintzeff\/wp-json\/wp\/v2\/media?parent=6666"}],"wp:term":[{"taxonomy":"category","embeddable":true,"href":"https:\/\/blogs.futura-sciences.com\/bardintzeff\/wp-json\/wp\/v2\/categories?post=6666"},{"taxonomy":"post_tag","embeddable":true,"href":"https:\/\/blogs.futura-sciences.com\/bardintzeff\/wp-json\/wp\/v2\/tags?post=6666"}],"curies":[{"name":"wp","href":"https:\/\/api.w.org\/{rel}","templated":true}]}}