{"id":581,"date":"2015-04-07T19:31:10","date_gmt":"2015-04-07T19:31:10","guid":{"rendered":"https:\/\/blogs.futura-sciences.com\/bardintzeff\/?p=581"},"modified":"2015-04-07T19:36:24","modified_gmt":"2015-04-07T19:36:24","slug":"conference-athis-mons-2","status":"publish","type":"post","link":"https:\/\/blogs.futura-sciences.com\/bardintzeff\/2015\/04\/07\/conference-athis-mons-2\/","title":{"rendered":"Conf\u00e9rence \u00e0 Athis-Mons"},"content":{"rendered":"<p>Jacques-Marie Bardintzeff donnera une conf\u00e9rence\u00a0:<\/p>\n<p>Vendredi 10 avril 2015, 19h,<\/p>\n<p>Maison de l&#8217;Environnement et du D\u00e9veloppement durable de l&#8217;a\u00e9roport Paris-Orly<\/p>\n<p>Face au n\u00b0 93 de l\u2019avenue Jean-Pierre B\u00e9nard, 91200 Athis-Mons<\/p>\n<p>entr\u00e9e libre, parking<\/p>\n<p>th\u00e8me\u00a0<strong>&#8220;Vocation volcanologue&#8221;<\/strong><\/p>\n<p><a href=\"https:\/\/blogs.futura-sciences.com\/bardintzeff\/wp-content\/uploads\/sites\/3\/2015\/04\/Orly.affiche.jpg.jpg\" rel=\"lightbox[581]\"><img loading=\"lazy\" decoding=\"async\" class=\"alignnone  wp-image-583\" src=\"https:\/\/blogs.futura-sciences.com\/bardintzeff\/wp-content\/uploads\/sites\/3\/2015\/04\/Orly.affiche.jpg-450x319.jpg\" alt=\"Orly.affiche.jpg\" width=\"488\" height=\"346\" srcset=\"https:\/\/blogs.futura-sciences.com\/bardintzeff\/wp-content\/uploads\/sites\/3\/2015\/04\/Orly.affiche.jpg-450x319.jpg 450w, https:\/\/blogs.futura-sciences.com\/bardintzeff\/wp-content\/uploads\/sites\/3\/2015\/04\/Orly.affiche.jpg.jpg 839w\" sizes=\"auto, (max-width: 488px) 100vw, 488px\" \/><\/a><\/p>\n<p>Le volcan a \u00e9t\u00e9 magnifi\u00e9 \u00e0 travers les l\u00e9gendes (forges d\u2019H\u00e9pha\u00efstos puis de Vulcain et des Cyclopes) et l\u2019art (gravures rupestres, peintures, batiks sur soie). Jules Verne nous a entra\u00een\u00e9s avec d\u2019intr\u00e9pides aventuriers dans un voyage au centre de la Terre, qui commence en Islande pour finir au Stromboli.<\/p>\n<p>Mais le volcan a aussi toujours int\u00e9ress\u00e9 les hommes de sciences.<\/p>\n<p>Emp\u00e9docle, philosophe d\u2019Agrigente en Sicile au Ve si\u00e8cle av. J.C., se retira sur l\u2019Etna pour l\u2019\u00e9tudier en d\u00e9tail. Finalement, il se jeta (tomba?) dans le crat\u00e8re du volcan, qui ne rejeta ensuite qu\u2019une de ses sandales! Les premiers \u00e9crits scientifiques relatifs aux ph\u00e9nom\u00e8nes volcaniques sont ceux de Pline le Jeune. Son oncle Pline l\u2019Ancien, amiral de la flotte de Mis\u00e8ne, mourut en portant secours aux habitants menac\u00e9s par la dramatique \u00e9ruption du V\u00e9suve, qui d\u00e9truisit en 79 ap. J.C. les villes de Pomp\u00e9i, Herculanum et Stabi\u00e8s. Pline le Jeune, fit, dans ses lettres \u00e0 Tacite, une description si pr\u00e9cise, que son t\u00e9moignage est encore utilisable de nos jours.<\/p>\n<p>Longtemps le volcan fut abord\u00e9 de fa\u00e7on anecdotique dans les trait\u00e9s de g\u00e9ologie. Au 17e si\u00e8cle, Descartes pensait que la Terre \u00e9tant un astre refroidi, seul le soleil pouvait jouer un r\u00f4le dans l\u2019activit\u00e9 volcanique. Pour Buffon, c\u00e9l\u00e8bre naturaliste du 18e si\u00e8cle, le volcan \u00e9tait un foyer superficiel, entretenu par les vents. D\u2019autres scientifiques penchaient plut\u00f4t pour des ph\u00e9nom\u00e8nes \u00e9lectriques. Il fallut attendre 1752 pour que Jean-\u00c9tienne Guettard assimile les Monts d\u2019Auvergne \u00e0 des volcans.<\/p>\n<p>Entre le 18e et le d\u00e9but du 20e si\u00e8cle, James Hutton, William Hamilton, Deodat de Gratet de Dolomieu, Ferdinand-Andr\u00e9 Fouqu\u00e9, son gendre Alfred Lacroix, Frank Perret et bien d\u2019autres expliqu\u00e8rent de plus en plus pr\u00e9cis\u00e9ment les lois de la dynamique \u00e9ruptive.<\/p>\n<p>La th\u00e9orie de la \u00ab\u00a0D\u00e9rive des continents\u00a0\u00bb mise en place par Alfred Wegener au d\u00e9but du 20e si\u00e8cle, pr\u00e9cis\u00e9e par celle de la \u00ab\u00a0Tectonique des plaques\u00a0\u00bb dans les ann\u00e9es 1960, a permis de placer le volcanisme dans la logique de la plan\u00e8te Terre.<\/p>\n<p><!--more--><\/p>\n<p>Aujourd&#8217;hui, les \u00e9tudes concernent l&#8217;\u00e9tude physico-chimique du magma, de sa formation en profondeur par fusion du manteau \u00e0 son \u00e9volution dans la chambre magmatique jusqu&#8217;\u00e0 son \u00e9mission en surface. Les diff\u00e9rents dynamismes \u00e9ruptifs sont appr\u00e9hend\u00e9s ainsi que les risques qui en d\u00e9coulent. Le challenge du 21e si\u00e8cle est une parfaite surveillance, pr\u00e9vision et pr\u00e9vention des \u00e9ruptions, qui concernent 500 millions de personnes vivant au pied des volcans.<\/p>\n<p><a href=\"https:\/\/blogs.futura-sciences.com\/bardintzeff\/wp-content\/uploads\/sites\/3\/2015\/04\/Bardintzeff.USA2014.7722.jpg\" rel=\"lightbox[581]\"><img loading=\"lazy\" decoding=\"async\" class=\"alignnone  wp-image-585\" src=\"https:\/\/blogs.futura-sciences.com\/bardintzeff\/wp-content\/uploads\/sites\/3\/2015\/04\/Bardintzeff.USA2014.7722-450x337.jpg\" alt=\"Bardintzeff.USA2014.7722\" width=\"477\" height=\"357\" srcset=\"https:\/\/blogs.futura-sciences.com\/bardintzeff\/wp-content\/uploads\/sites\/3\/2015\/04\/Bardintzeff.USA2014.7722-450x337.jpg 450w, https:\/\/blogs.futura-sciences.com\/bardintzeff\/wp-content\/uploads\/sites\/3\/2015\/04\/Bardintzeff.USA2014.7722-1024x768.jpg 1024w, https:\/\/blogs.futura-sciences.com\/bardintzeff\/wp-content\/uploads\/sites\/3\/2015\/04\/Bardintzeff.USA2014.7722.jpg 1417w\" sizes=\"auto, (max-width: 477px) 100vw, 477px\" \/><\/a><\/p>\n<p>Jacques-Marie Bardintzeff \u00e0 Yellowstone devant \u00ab\u00a0Grand Prismatic Spring\u00a0\u00bb (\u00a9 J.M. Bardintzeff).<\/p>\n<p>Le m\u00e9tier de volcanologue, \u00e0 la fronti\u00e8re de la science et de l&#8217;aventure, fera r\u00eaver encore de nombreuses g\u00e9n\u00e9rations de jeunes, surtout quand on sait qu&#8217;il reste \u00e0 d\u00e9couvrir des volcans extraordinaires au fond des oc\u00e9ans sur les autres plan\u00e8tes.<\/p>\n<!-- AddThis Advanced Settings generic via filter on the_content --><!-- AddThis Share Buttons generic via filter on the_content -->","protected":false},"excerpt":{"rendered":"<p>Jacques-Marie Bardintzeff donnera une conf\u00e9rence\u00a0: Vendredi 10 avril 2015, 19h, Maison de l&#8217;Environnement et du D\u00e9veloppement durable de l&#8217;a\u00e9roport Paris-Orly Face au n\u00b0 93 de l\u2019avenue Jean-Pierre B\u00e9nard, 91200 Athis-Mons entr\u00e9e libre, parking th\u00e8me\u00a0&#8220;Vocation volcanologue&#8221; Le volcan a \u00e9t\u00e9 magnifi\u00e9 \u00e0 travers les l\u00e9gendes (forges d\u2019H\u00e9pha\u00efstos puis de Vulcain et des Cyclopes) et l\u2019art (gravures &hellip; <a href=\"https:\/\/blogs.futura-sciences.com\/bardintzeff\/2015\/04\/07\/conference-athis-mons-2\/\" class=\"more-link\">Continuer la lecture de <span class=\"screen-reader-text\">Conf\u00e9rence \u00e0 Athis-Mons<\/span>  <span class=\"meta-nav\">&rarr;<\/span><\/a><!-- AddThis Advanced Settings generic via filter on get_the_excerpt --><!-- AddThis Share Buttons generic via filter on get_the_excerpt --><\/p>\n","protected":false},"author":3,"featured_media":0,"comment_status":"open","ping_status":"open","sticky":false,"template":"","format":"standard","meta":{"footnotes":"","_links_to":"","_links_to_target":""},"categories":[6],"tags":[21,34,13],"class_list":["post-581","post","type-post","status-publish","format-standard","hentry","category-actualites","tag-bardintzeff","tag-conference","tag-volcanologue"],"yoast_head":"<!-- This site is optimized with the Yoast SEO plugin v24.1 - https:\/\/yoast.com\/wordpress\/plugins\/seo\/ -->\n<title>Conf\u00e9rence \u00e0 Athis-Mons, par Jacques-Marie Bardintzeff<\/title>\n<meta name=\"robots\" content=\"index, follow, max-snippet:-1, max-image-preview:large, max-video-preview:-1\" \/>\n<link rel=\"canonical\" href=\"https:\/\/blogs.futura-sciences.com\/bardintzeff\/2015\/04\/07\/conference-athis-mons-2\/\" \/>\n<meta property=\"og:locale\" content=\"fr_FR\" \/>\n<meta property=\"og:type\" content=\"article\" \/>\n<meta property=\"og:title\" content=\"Conf\u00e9rence \u00e0 Athis-Mons, par Jacques-Marie Bardintzeff\" \/>\n<meta property=\"og:description\" content=\"Jacques-Marie Bardintzeff donnera une conf\u00e9rence\u00a0: Vendredi 10 avril 2015, 19h, Maison de l&#8217;Environnement et du D\u00e9veloppement durable de l&#8217;a\u00e9roport Paris-Orly Face au n\u00b0 93 de l\u2019avenue Jean-Pierre B\u00e9nard, 91200 Athis-Mons entr\u00e9e libre, parking th\u00e8me\u00a0&#8220;Vocation volcanologue&#8221; Le volcan a \u00e9t\u00e9 magnifi\u00e9 \u00e0 travers les l\u00e9gendes (forges d\u2019H\u00e9pha\u00efstos puis de Vulcain et des Cyclopes) et l\u2019art (gravures &hellip; Continuer la lecture de Conf\u00e9rence \u00e0 Athis-Mons &rarr;\" \/>\n<meta property=\"og:url\" content=\"https:\/\/blogs.futura-sciences.com\/bardintzeff\/2015\/04\/07\/conference-athis-mons-2\/\" \/>\n<meta property=\"og:site_name\" content=\"VOLCANMANIA : le blog de Jacques-Marie BARDINTZEFF, volcanologue\" \/>\n<meta property=\"article:published_time\" content=\"2015-04-07T19:31:10+00:00\" \/>\n<meta property=\"article:modified_time\" content=\"2015-04-07T19:36:24+00:00\" \/>\n<meta property=\"og:image\" content=\"https:\/\/blogs.futura-sciences.com\/bardintzeff\/wp-content\/uploads\/sites\/3\/2015\/04\/Orly.affiche.jpg.jpg\" \/>\n\t<meta property=\"og:image:width\" content=\"839\" \/>\n\t<meta property=\"og:image:height\" content=\"595\" \/>\n\t<meta property=\"og:image:type\" content=\"image\/jpeg\" \/>\n<meta name=\"author\" content=\"jmbardintzeff\" \/>\n<meta name=\"twitter:card\" content=\"summary_large_image\" \/>\n<meta name=\"twitter:label1\" content=\"\u00c9crit par\" \/>\n\t<meta name=\"twitter:data1\" content=\"jmbardintzeff\" \/>\n\t<meta name=\"twitter:label2\" content=\"Dur\u00e9e de lecture estim\u00e9e\" \/>\n\t<meta name=\"twitter:data2\" content=\"3 minutes\" \/>\n<script type=\"application\/ld+json\" class=\"yoast-schema-graph\">{\"@context\":\"https:\/\/schema.org\",\"@graph\":[{\"@type\":\"WebPage\",\"@id\":\"https:\/\/blogs.futura-sciences.com\/bardintzeff\/2015\/04\/07\/conference-athis-mons-2\/\",\"url\":\"https:\/\/blogs.futura-sciences.com\/bardintzeff\/2015\/04\/07\/conference-athis-mons-2\/\",\"name\":\"Conf\u00e9rence \u00e0 Athis-Mons, par Jacques-Marie Bardintzeff\",\"isPartOf\":{\"@id\":\"https:\/\/blogs.futura-sciences.com\/bardintzeff\/#website\"},\"primaryImageOfPage\":{\"@id\":\"https:\/\/blogs.futura-sciences.com\/bardintzeff\/2015\/04\/07\/conference-athis-mons-2\/#primaryimage\"},\"image\":{\"@id\":\"https:\/\/blogs.futura-sciences.com\/bardintzeff\/2015\/04\/07\/conference-athis-mons-2\/#primaryimage\"},\"thumbnailUrl\":\"https:\/\/blogs.futura-sciences.com\/bardintzeff\/wp-content\/uploads\/sites\/3\/2015\/04\/Orly.affiche.jpg-450x319.jpg\",\"datePublished\":\"2015-04-07T19:31:10+00:00\",\"dateModified\":\"2015-04-07T19:36:24+00:00\",\"author\":{\"@id\":\"https:\/\/blogs.futura-sciences.com\/bardintzeff\/#\/schema\/person\/974e1e0324e3e06f08253784e8eca61e\"},\"inLanguage\":\"fr-FR\",\"potentialAction\":[{\"@type\":\"ReadAction\",\"target\":[\"https:\/\/blogs.futura-sciences.com\/bardintzeff\/2015\/04\/07\/conference-athis-mons-2\/\"]}]},{\"@type\":\"ImageObject\",\"inLanguage\":\"fr-FR\",\"@id\":\"https:\/\/blogs.futura-sciences.com\/bardintzeff\/2015\/04\/07\/conference-athis-mons-2\/#primaryimage\",\"url\":\"https:\/\/blogs.futura-sciences.com\/bardintzeff\/wp-content\/uploads\/sites\/3\/2015\/04\/Orly.affiche.jpg.jpg\",\"contentUrl\":\"https:\/\/blogs.futura-sciences.com\/bardintzeff\/wp-content\/uploads\/sites\/3\/2015\/04\/Orly.affiche.jpg.jpg\",\"width\":839,\"height\":595},{\"@type\":\"WebSite\",\"@id\":\"https:\/\/blogs.futura-sciences.com\/bardintzeff\/#website\",\"url\":\"https:\/\/blogs.futura-sciences.com\/bardintzeff\/\",\"name\":\"VOLCANMANIA : le blog de Jacques-Marie BARDINTZEFF, volcanologue\",\"description\":\"Les volcans ? Passionn\u00e9ment ! Les volcans ne sont pas toujours m\u00e9chants, ils sont aussi les t\u00e9moins de la Terre active !\",\"potentialAction\":[{\"@type\":\"SearchAction\",\"target\":{\"@type\":\"EntryPoint\",\"urlTemplate\":\"https:\/\/blogs.futura-sciences.com\/bardintzeff\/?s={search_term_string}\"},\"query-input\":{\"@type\":\"PropertyValueSpecification\",\"valueRequired\":true,\"valueName\":\"search_term_string\"}}],\"inLanguage\":\"fr-FR\"},{\"@type\":\"Person\",\"@id\":\"https:\/\/blogs.futura-sciences.com\/bardintzeff\/#\/schema\/person\/974e1e0324e3e06f08253784e8eca61e\",\"name\":\"jmbardintzeff\",\"image\":{\"@type\":\"ImageObject\",\"inLanguage\":\"fr-FR\",\"@id\":\"https:\/\/blogs.futura-sciences.com\/bardintzeff\/#\/schema\/person\/image\/\",\"url\":\"https:\/\/secure.gravatar.com\/avatar\/d38cb5297008217786910838f2aa1bda?s=96&d=mm&r=g\",\"contentUrl\":\"https:\/\/secure.gravatar.com\/avatar\/d38cb5297008217786910838f2aa1bda?s=96&d=mm&r=g\",\"caption\":\"jmbardintzeff\"},\"url\":\"https:\/\/blogs.futura-sciences.com\/bardintzeff\/author\/jmbardintzeff\/\"}]}<\/script>\n<!-- \/ Yoast SEO plugin. -->","yoast_head_json":{"title":"Conf\u00e9rence \u00e0 Athis-Mons, par Jacques-Marie Bardintzeff","robots":{"index":"index","follow":"follow","max-snippet":"max-snippet:-1","max-image-preview":"max-image-preview:large","max-video-preview":"max-video-preview:-1"},"canonical":"https:\/\/blogs.futura-sciences.com\/bardintzeff\/2015\/04\/07\/conference-athis-mons-2\/","og_locale":"fr_FR","og_type":"article","og_title":"Conf\u00e9rence \u00e0 Athis-Mons, par Jacques-Marie Bardintzeff","og_description":"Jacques-Marie Bardintzeff donnera une conf\u00e9rence\u00a0: Vendredi 10 avril 2015, 19h, Maison de l&#8217;Environnement et du D\u00e9veloppement durable de l&#8217;a\u00e9roport Paris-Orly Face au n\u00b0 93 de l\u2019avenue Jean-Pierre B\u00e9nard, 91200 Athis-Mons entr\u00e9e libre, parking th\u00e8me\u00a0&#8220;Vocation volcanologue&#8221; Le volcan a \u00e9t\u00e9 magnifi\u00e9 \u00e0 travers les l\u00e9gendes (forges d\u2019H\u00e9pha\u00efstos puis de Vulcain et des Cyclopes) et l\u2019art (gravures &hellip; Continuer la lecture de Conf\u00e9rence \u00e0 Athis-Mons &rarr;","og_url":"https:\/\/blogs.futura-sciences.com\/bardintzeff\/2015\/04\/07\/conference-athis-mons-2\/","og_site_name":"VOLCANMANIA : le blog de Jacques-Marie BARDINTZEFF, volcanologue","article_published_time":"2015-04-07T19:31:10+00:00","article_modified_time":"2015-04-07T19:36:24+00:00","og_image":[{"width":839,"height":595,"url":"https:\/\/blogs.futura-sciences.com\/bardintzeff\/wp-content\/uploads\/sites\/3\/2015\/04\/Orly.affiche.jpg.jpg","type":"image\/jpeg"}],"author":"jmbardintzeff","twitter_card":"summary_large_image","twitter_misc":{"\u00c9crit par":"jmbardintzeff","Dur\u00e9e de lecture estim\u00e9e":"3 minutes"},"schema":{"@context":"https:\/\/schema.org","@graph":[{"@type":"WebPage","@id":"https:\/\/blogs.futura-sciences.com\/bardintzeff\/2015\/04\/07\/conference-athis-mons-2\/","url":"https:\/\/blogs.futura-sciences.com\/bardintzeff\/2015\/04\/07\/conference-athis-mons-2\/","name":"Conf\u00e9rence \u00e0 Athis-Mons, par Jacques-Marie Bardintzeff","isPartOf":{"@id":"https:\/\/blogs.futura-sciences.com\/bardintzeff\/#website"},"primaryImageOfPage":{"@id":"https:\/\/blogs.futura-sciences.com\/bardintzeff\/2015\/04\/07\/conference-athis-mons-2\/#primaryimage"},"image":{"@id":"https:\/\/blogs.futura-sciences.com\/bardintzeff\/2015\/04\/07\/conference-athis-mons-2\/#primaryimage"},"thumbnailUrl":"https:\/\/blogs.futura-sciences.com\/bardintzeff\/wp-content\/uploads\/sites\/3\/2015\/04\/Orly.affiche.jpg-450x319.jpg","datePublished":"2015-04-07T19:31:10+00:00","dateModified":"2015-04-07T19:36:24+00:00","author":{"@id":"https:\/\/blogs.futura-sciences.com\/bardintzeff\/#\/schema\/person\/974e1e0324e3e06f08253784e8eca61e"},"inLanguage":"fr-FR","potentialAction":[{"@type":"ReadAction","target":["https:\/\/blogs.futura-sciences.com\/bardintzeff\/2015\/04\/07\/conference-athis-mons-2\/"]}]},{"@type":"ImageObject","inLanguage":"fr-FR","@id":"https:\/\/blogs.futura-sciences.com\/bardintzeff\/2015\/04\/07\/conference-athis-mons-2\/#primaryimage","url":"https:\/\/blogs.futura-sciences.com\/bardintzeff\/wp-content\/uploads\/sites\/3\/2015\/04\/Orly.affiche.jpg.jpg","contentUrl":"https:\/\/blogs.futura-sciences.com\/bardintzeff\/wp-content\/uploads\/sites\/3\/2015\/04\/Orly.affiche.jpg.jpg","width":839,"height":595},{"@type":"WebSite","@id":"https:\/\/blogs.futura-sciences.com\/bardintzeff\/#website","url":"https:\/\/blogs.futura-sciences.com\/bardintzeff\/","name":"VOLCANMANIA : le blog de Jacques-Marie BARDINTZEFF, volcanologue","description":"Les volcans ? Passionn\u00e9ment ! Les volcans ne sont pas toujours m\u00e9chants, ils sont aussi les t\u00e9moins de la Terre active !","potentialAction":[{"@type":"SearchAction","target":{"@type":"EntryPoint","urlTemplate":"https:\/\/blogs.futura-sciences.com\/bardintzeff\/?s={search_term_string}"},"query-input":{"@type":"PropertyValueSpecification","valueRequired":true,"valueName":"search_term_string"}}],"inLanguage":"fr-FR"},{"@type":"Person","@id":"https:\/\/blogs.futura-sciences.com\/bardintzeff\/#\/schema\/person\/974e1e0324e3e06f08253784e8eca61e","name":"jmbardintzeff","image":{"@type":"ImageObject","inLanguage":"fr-FR","@id":"https:\/\/blogs.futura-sciences.com\/bardintzeff\/#\/schema\/person\/image\/","url":"https:\/\/secure.gravatar.com\/avatar\/d38cb5297008217786910838f2aa1bda?s=96&d=mm&r=g","contentUrl":"https:\/\/secure.gravatar.com\/avatar\/d38cb5297008217786910838f2aa1bda?s=96&d=mm&r=g","caption":"jmbardintzeff"},"url":"https:\/\/blogs.futura-sciences.com\/bardintzeff\/author\/jmbardintzeff\/"}]}},"_links":{"self":[{"href":"https:\/\/blogs.futura-sciences.com\/bardintzeff\/wp-json\/wp\/v2\/posts\/581","targetHints":{"allow":["GET"]}}],"collection":[{"href":"https:\/\/blogs.futura-sciences.com\/bardintzeff\/wp-json\/wp\/v2\/posts"}],"about":[{"href":"https:\/\/blogs.futura-sciences.com\/bardintzeff\/wp-json\/wp\/v2\/types\/post"}],"author":[{"embeddable":true,"href":"https:\/\/blogs.futura-sciences.com\/bardintzeff\/wp-json\/wp\/v2\/users\/3"}],"replies":[{"embeddable":true,"href":"https:\/\/blogs.futura-sciences.com\/bardintzeff\/wp-json\/wp\/v2\/comments?post=581"}],"version-history":[{"count":4,"href":"https:\/\/blogs.futura-sciences.com\/bardintzeff\/wp-json\/wp\/v2\/posts\/581\/revisions"}],"predecessor-version":[{"id":587,"href":"https:\/\/blogs.futura-sciences.com\/bardintzeff\/wp-json\/wp\/v2\/posts\/581\/revisions\/587"}],"wp:attachment":[{"href":"https:\/\/blogs.futura-sciences.com\/bardintzeff\/wp-json\/wp\/v2\/media?parent=581"}],"wp:term":[{"taxonomy":"category","embeddable":true,"href":"https:\/\/blogs.futura-sciences.com\/bardintzeff\/wp-json\/wp\/v2\/categories?post=581"},{"taxonomy":"post_tag","embeddable":true,"href":"https:\/\/blogs.futura-sciences.com\/bardintzeff\/wp-json\/wp\/v2\/tags?post=581"}],"curies":[{"name":"wp","href":"https:\/\/api.w.org\/{rel}","templated":true}]}}