{"id":5302,"date":"2019-12-11T11:23:39","date_gmt":"2019-12-11T11:23:39","guid":{"rendered":"https:\/\/blogs.futura-sciences.com\/bardintzeff\/?p=5302"},"modified":"2019-12-11T11:33:23","modified_gmt":"2019-12-11T11:33:23","slug":"salon-du-livre-de-boulogne-billancourt-2019-suite-bis","status":"publish","type":"post","link":"https:\/\/blogs.futura-sciences.com\/bardintzeff\/2019\/12\/11\/salon-du-livre-de-boulogne-billancourt-2019-suite-bis\/","title":{"rendered":"Salon du livre de Boulogne-Billancourt 2019 (suite bis)"},"content":{"rendered":"<p>Invit\u00e9 au Salon du livre de Boulogne-Billancourt pour la 9<sup>e<\/sup> fois\u00a0! C\u2019\u00e9tait le 14<sup>e<\/sup> Salon (7-8\/12\/2019) (voir aussi mon blog des 8 et 9\/12\/2019). J\u2019ai pr\u00e9sent\u00e9 deux de mes livres destin\u00e9 au grand public\u00a0:<\/p>\n<p>\u00ab\u00a0Volcanologue \u00bb, \u00c9ditions L\u2019Harmattan<\/p>\n<p>\u00ab\u00a0Tout savoir sur les volcans du monde, s\u00e9ismes et tsunamis\u00a0\u00bb, \u00c9ditions Orphie<\/p>\n<p><img loading=\"lazy\" decoding=\"async\" class=\"alignnone size-medium wp-image-5305\" src=\"https:\/\/blogs.futura-sciences.com\/bardintzeff\/wp-content\/uploads\/sites\/3\/2019\/12\/20191208_162812.Bardintzeff_JM-338x450.jpg\" alt=\"\" width=\"338\" height=\"450\" srcset=\"https:\/\/blogs.futura-sciences.com\/bardintzeff\/wp-content\/uploads\/sites\/3\/2019\/12\/20191208_162812.Bardintzeff_JM-338x450.jpg 338w, https:\/\/blogs.futura-sciences.com\/bardintzeff\/wp-content\/uploads\/sites\/3\/2019\/12\/20191208_162812.Bardintzeff_JM-768x1024.jpg 768w, https:\/\/blogs.futura-sciences.com\/bardintzeff\/wp-content\/uploads\/sites\/3\/2019\/12\/20191208_162812.Bardintzeff_JM.jpg 1080w\" sizes=\"auto, (max-width: 338px) 100vw, 338px\" \/><\/p>\n<p>Jacques-Marie Bardintzeff, volcanologue, le 8\/12\/2019, au 14<sup>e<\/sup> Salon du livre de Boulogne-Billancourt (\u00a9 Isabelle Bardintzeff).<\/p>\n<p><!--more--><\/p>\n<p><img loading=\"lazy\" decoding=\"async\" class=\"alignnone size-medium wp-image-5307\" src=\"https:\/\/blogs.futura-sciences.com\/bardintzeff\/wp-content\/uploads\/sites\/3\/2019\/12\/Schroeder-Philippe-08.12.2019-Boulogne_154.OK_-450x345.jpg\" alt=\"\" width=\"450\" height=\"345\" srcset=\"https:\/\/blogs.futura-sciences.com\/bardintzeff\/wp-content\/uploads\/sites\/3\/2019\/12\/Schroeder-Philippe-08.12.2019-Boulogne_154.OK_-450x345.jpg 450w, https:\/\/blogs.futura-sciences.com\/bardintzeff\/wp-content\/uploads\/sites\/3\/2019\/12\/Schroeder-Philippe-08.12.2019-Boulogne_154.OK_-768x589.jpg 768w, https:\/\/blogs.futura-sciences.com\/bardintzeff\/wp-content\/uploads\/sites\/3\/2019\/12\/Schroeder-Philippe-08.12.2019-Boulogne_154.OK_.jpg 893w\" sizes=\"auto, (max-width: 450px) 100vw, 450px\" \/>Quelle chance d\u2019\u00eatre entour\u00e9 de mes deux charmantes voisines de signature\u00a0! De gauche \u00e0 droite\u00a0: Julie Vivien, auteure de \u00ab Nous, les assistant(e)s de vie \u00bb, Jacques-Marie Bardintzeff, auteur de \u00ab\u00a0Volcanologue\u00a0\u00bb et Laurence Roux-Fouillet, auteure de \u00ab\u00a0Power pauses\u00a0\u00bb. Nous avons \u00e9chang\u00e9 nos livres le temps de la photo\u00a0! (\u00a9 Philippe Schroeder).<\/p>\n<p><img loading=\"lazy\" decoding=\"async\" class=\"alignnone size-medium wp-image-5309\" src=\"https:\/\/blogs.futura-sciences.com\/bardintzeff\/wp-content\/uploads\/sites\/3\/2019\/12\/Schroeder-Philippe-08.12.2019-Boulogne_236-450x299.jpg\" alt=\"\" width=\"450\" height=\"299\" srcset=\"https:\/\/blogs.futura-sciences.com\/bardintzeff\/wp-content\/uploads\/sites\/3\/2019\/12\/Schroeder-Philippe-08.12.2019-Boulogne_236-450x299.jpg 450w, https:\/\/blogs.futura-sciences.com\/bardintzeff\/wp-content\/uploads\/sites\/3\/2019\/12\/Schroeder-Philippe-08.12.2019-Boulogne_236-768x510.jpg 768w, https:\/\/blogs.futura-sciences.com\/bardintzeff\/wp-content\/uploads\/sites\/3\/2019\/12\/Schroeder-Philippe-08.12.2019-Boulogne_236-1024x680.jpg 1024w, https:\/\/blogs.futura-sciences.com\/bardintzeff\/wp-content\/uploads\/sites\/3\/2019\/12\/Schroeder-Philippe-08.12.2019-Boulogne_236.jpg 1423w\" sizes=\"auto, (max-width: 450px) 100vw, 450px\" \/><\/p>\n<p>Au Salon du livre de Boulogne-Billancourt, de droite \u00e0 gauche\u00a0: Alfred Gilder, auteur de \u00ab\u00a0300 expressions pour \u00e9pater la galerie\u00a0\u00bb, Nazleen Soobhany, d\u00e9coratrice d\u2019int\u00e9rieur et b\u00e9n\u00e9vole dans l\u2019\u00e9quipe de l\u2019organisation du Salon, Jacques-Marie Bardintzeff, auteur de \u00ab\u00a0Tout savoir sur les volcans du monde, s\u00e9ismes et tsunamis\u00a0\u00bb (\u00a9 Philippe Schroeder).<\/p>\n<p>Philippe Schroeder est un photographe talentueux, fid\u00e8le du Salon depuis de tr\u00e8s nombreuses ann\u00e9es. Il se d\u00e9finit comme un \u00ab\u00a0fabricant de souvenirs\u00a0\u00bb. Et j\u2019aime lui rappeler, qu\u2019en 1962, durant le Tour de France de ma jeunesse, un Schroeders (Willy) avait port\u00e9 le maillot jaune !<\/p>\n<!-- AddThis Advanced Settings generic via filter on the_content --><!-- AddThis Share Buttons generic via filter on the_content -->","protected":false},"excerpt":{"rendered":"<p>Invit\u00e9 au Salon du livre de Boulogne-Billancourt pour la 9e fois\u00a0! C\u2019\u00e9tait le 14e Salon (7-8\/12\/2019) (voir aussi mon blog des 8 et 9\/12\/2019). J\u2019ai pr\u00e9sent\u00e9 deux de mes livres destin\u00e9 au grand public\u00a0: \u00ab\u00a0Volcanologue \u00bb, \u00c9ditions L\u2019Harmattan \u00ab\u00a0Tout savoir sur les volcans du monde, s\u00e9ismes et tsunamis\u00a0\u00bb, \u00c9ditions Orphie Jacques-Marie Bardintzeff, volcanologue, le 8\/12\/2019, &hellip; <a href=\"https:\/\/blogs.futura-sciences.com\/bardintzeff\/2019\/12\/11\/salon-du-livre-de-boulogne-billancourt-2019-suite-bis\/\" class=\"more-link\">Continuer la lecture de <span class=\"screen-reader-text\">Salon du livre de Boulogne-Billancourt 2019 (suite bis)<\/span>  <span class=\"meta-nav\">&rarr;<\/span><\/a><!-- AddThis Advanced Settings generic via filter on get_the_excerpt --><!-- AddThis Share Buttons generic via filter on get_the_excerpt --><\/p>\n","protected":false},"author":3,"featured_media":0,"comment_status":"open","ping_status":"open","sticky":false,"template":"","format":"standard","meta":{"footnotes":"","_links_to":"","_links_to_target":""},"categories":[6],"tags":[21,278,1799,1800,68,1815,1816,1817],"class_list":["post-5302","post","type-post","status-publish","format-standard","hentry","category-actualites","tag-bardintzeff","tag-boulogne-billancourt","tag-gilder","tag-roux-fouillet","tag-salon-du-livre","tag-schroeder","tag-soobhany","tag-vivien"],"yoast_head":"<!-- This site is optimized with the Yoast SEO plugin v24.1 - https:\/\/yoast.com\/wordpress\/plugins\/seo\/ -->\n<title>Salon du livre de Boulogne-Billancourt 2019 (suite bis), par Jacques-Marie Bardintzeff<\/title>\n<meta name=\"robots\" content=\"index, follow, max-snippet:-1, max-image-preview:large, max-video-preview:-1\" \/>\n<link rel=\"canonical\" href=\"https:\/\/blogs.futura-sciences.com\/bardintzeff\/2019\/12\/11\/salon-du-livre-de-boulogne-billancourt-2019-suite-bis\/\" \/>\n<meta property=\"og:locale\" content=\"fr_FR\" \/>\n<meta property=\"og:type\" content=\"article\" \/>\n<meta property=\"og:title\" content=\"Salon du livre de Boulogne-Billancourt 2019 (suite bis), par Jacques-Marie Bardintzeff\" \/>\n<meta property=\"og:description\" content=\"Invit\u00e9 au Salon du livre de Boulogne-Billancourt pour la 9e fois\u00a0! C\u2019\u00e9tait le 14e Salon (7-8\/12\/2019) (voir aussi mon blog des 8 et 9\/12\/2019). J\u2019ai pr\u00e9sent\u00e9 deux de mes livres destin\u00e9 au grand public\u00a0: \u00ab\u00a0Volcanologue \u00bb, \u00c9ditions L\u2019Harmattan \u00ab\u00a0Tout savoir sur les volcans du monde, s\u00e9ismes et tsunamis\u00a0\u00bb, \u00c9ditions Orphie Jacques-Marie Bardintzeff, volcanologue, le 8\/12\/2019, &hellip; Continuer la lecture de Salon du livre de Boulogne-Billancourt 2019 (suite bis) &rarr;\" \/>\n<meta property=\"og:url\" content=\"https:\/\/blogs.futura-sciences.com\/bardintzeff\/2019\/12\/11\/salon-du-livre-de-boulogne-billancourt-2019-suite-bis\/\" \/>\n<meta property=\"og:site_name\" content=\"VOLCANMANIA : le blog de Jacques-Marie BARDINTZEFF, volcanologue\" \/>\n<meta property=\"article:published_time\" content=\"2019-12-11T11:23:39+00:00\" \/>\n<meta property=\"article:modified_time\" content=\"2019-12-11T11:33:23+00:00\" \/>\n<meta property=\"og:image\" content=\"https:\/\/blogs.futura-sciences.com\/bardintzeff\/wp-content\/uploads\/sites\/3\/2019\/12\/20191208_162812.Bardintzeff_JM-338x450.jpg\" \/>\n<meta name=\"author\" content=\"jmbardintzeff\" \/>\n<meta name=\"twitter:card\" content=\"summary_large_image\" \/>\n<meta name=\"twitter:label1\" content=\"\u00c9crit par\" \/>\n\t<meta name=\"twitter:data1\" content=\"jmbardintzeff\" \/>\n\t<meta name=\"twitter:label2\" content=\"Dur\u00e9e de lecture estim\u00e9e\" \/>\n\t<meta name=\"twitter:data2\" content=\"1 minute\" \/>\n<script type=\"application\/ld+json\" class=\"yoast-schema-graph\">{\"@context\":\"https:\/\/schema.org\",\"@graph\":[{\"@type\":\"WebPage\",\"@id\":\"https:\/\/blogs.futura-sciences.com\/bardintzeff\/2019\/12\/11\/salon-du-livre-de-boulogne-billancourt-2019-suite-bis\/\",\"url\":\"https:\/\/blogs.futura-sciences.com\/bardintzeff\/2019\/12\/11\/salon-du-livre-de-boulogne-billancourt-2019-suite-bis\/\",\"name\":\"Salon du livre de Boulogne-Billancourt 2019 (suite bis), par Jacques-Marie Bardintzeff\",\"isPartOf\":{\"@id\":\"https:\/\/blogs.futura-sciences.com\/bardintzeff\/#website\"},\"primaryImageOfPage\":{\"@id\":\"https:\/\/blogs.futura-sciences.com\/bardintzeff\/2019\/12\/11\/salon-du-livre-de-boulogne-billancourt-2019-suite-bis\/#primaryimage\"},\"image\":{\"@id\":\"https:\/\/blogs.futura-sciences.com\/bardintzeff\/2019\/12\/11\/salon-du-livre-de-boulogne-billancourt-2019-suite-bis\/#primaryimage\"},\"thumbnailUrl\":\"https:\/\/blogs.futura-sciences.com\/bardintzeff\/wp-content\/uploads\/sites\/3\/2019\/12\/20191208_162812.Bardintzeff_JM-338x450.jpg\",\"datePublished\":\"2019-12-11T11:23:39+00:00\",\"dateModified\":\"2019-12-11T11:33:23+00:00\",\"author\":{\"@id\":\"https:\/\/blogs.futura-sciences.com\/bardintzeff\/#\/schema\/person\/974e1e0324e3e06f08253784e8eca61e\"},\"inLanguage\":\"fr-FR\",\"potentialAction\":[{\"@type\":\"ReadAction\",\"target\":[\"https:\/\/blogs.futura-sciences.com\/bardintzeff\/2019\/12\/11\/salon-du-livre-de-boulogne-billancourt-2019-suite-bis\/\"]}]},{\"@type\":\"ImageObject\",\"inLanguage\":\"fr-FR\",\"@id\":\"https:\/\/blogs.futura-sciences.com\/bardintzeff\/2019\/12\/11\/salon-du-livre-de-boulogne-billancourt-2019-suite-bis\/#primaryimage\",\"url\":\"https:\/\/blogs.futura-sciences.com\/bardintzeff\/wp-content\/uploads\/sites\/3\/2019\/12\/20191208_162812.Bardintzeff_JM.jpg\",\"contentUrl\":\"https:\/\/blogs.futura-sciences.com\/bardintzeff\/wp-content\/uploads\/sites\/3\/2019\/12\/20191208_162812.Bardintzeff_JM.jpg\",\"width\":1080,\"height\":1440},{\"@type\":\"WebSite\",\"@id\":\"https:\/\/blogs.futura-sciences.com\/bardintzeff\/#website\",\"url\":\"https:\/\/blogs.futura-sciences.com\/bardintzeff\/\",\"name\":\"VOLCANMANIA : le blog de Jacques-Marie BARDINTZEFF, volcanologue\",\"description\":\"Les volcans ? Passionn\u00e9ment ! Les volcans ne sont pas toujours m\u00e9chants, ils sont aussi les t\u00e9moins de la Terre active !\",\"potentialAction\":[{\"@type\":\"SearchAction\",\"target\":{\"@type\":\"EntryPoint\",\"urlTemplate\":\"https:\/\/blogs.futura-sciences.com\/bardintzeff\/?s={search_term_string}\"},\"query-input\":{\"@type\":\"PropertyValueSpecification\",\"valueRequired\":true,\"valueName\":\"search_term_string\"}}],\"inLanguage\":\"fr-FR\"},{\"@type\":\"Person\",\"@id\":\"https:\/\/blogs.futura-sciences.com\/bardintzeff\/#\/schema\/person\/974e1e0324e3e06f08253784e8eca61e\",\"name\":\"jmbardintzeff\",\"image\":{\"@type\":\"ImageObject\",\"inLanguage\":\"fr-FR\",\"@id\":\"https:\/\/blogs.futura-sciences.com\/bardintzeff\/#\/schema\/person\/image\/\",\"url\":\"https:\/\/secure.gravatar.com\/avatar\/d38cb5297008217786910838f2aa1bda?s=96&d=mm&r=g\",\"contentUrl\":\"https:\/\/secure.gravatar.com\/avatar\/d38cb5297008217786910838f2aa1bda?s=96&d=mm&r=g\",\"caption\":\"jmbardintzeff\"},\"url\":\"https:\/\/blogs.futura-sciences.com\/bardintzeff\/author\/jmbardintzeff\/\"}]}<\/script>\n<!-- \/ Yoast SEO plugin. -->","yoast_head_json":{"title":"Salon du livre de Boulogne-Billancourt 2019 (suite bis), par Jacques-Marie Bardintzeff","robots":{"index":"index","follow":"follow","max-snippet":"max-snippet:-1","max-image-preview":"max-image-preview:large","max-video-preview":"max-video-preview:-1"},"canonical":"https:\/\/blogs.futura-sciences.com\/bardintzeff\/2019\/12\/11\/salon-du-livre-de-boulogne-billancourt-2019-suite-bis\/","og_locale":"fr_FR","og_type":"article","og_title":"Salon du livre de Boulogne-Billancourt 2019 (suite bis), par Jacques-Marie Bardintzeff","og_description":"Invit\u00e9 au Salon du livre de Boulogne-Billancourt pour la 9e fois\u00a0! C\u2019\u00e9tait le 14e Salon (7-8\/12\/2019) (voir aussi mon blog des 8 et 9\/12\/2019). J\u2019ai pr\u00e9sent\u00e9 deux de mes livres destin\u00e9 au grand public\u00a0: \u00ab\u00a0Volcanologue \u00bb, \u00c9ditions L\u2019Harmattan \u00ab\u00a0Tout savoir sur les volcans du monde, s\u00e9ismes et tsunamis\u00a0\u00bb, \u00c9ditions Orphie Jacques-Marie Bardintzeff, volcanologue, le 8\/12\/2019, &hellip; Continuer la lecture de Salon du livre de Boulogne-Billancourt 2019 (suite bis) &rarr;","og_url":"https:\/\/blogs.futura-sciences.com\/bardintzeff\/2019\/12\/11\/salon-du-livre-de-boulogne-billancourt-2019-suite-bis\/","og_site_name":"VOLCANMANIA : le blog de Jacques-Marie BARDINTZEFF, volcanologue","article_published_time":"2019-12-11T11:23:39+00:00","article_modified_time":"2019-12-11T11:33:23+00:00","og_image":[{"url":"https:\/\/blogs.futura-sciences.com\/bardintzeff\/wp-content\/uploads\/sites\/3\/2019\/12\/20191208_162812.Bardintzeff_JM-338x450.jpg","type":"","width":"","height":""}],"author":"jmbardintzeff","twitter_card":"summary_large_image","twitter_misc":{"\u00c9crit par":"jmbardintzeff","Dur\u00e9e de lecture estim\u00e9e":"1 minute"},"schema":{"@context":"https:\/\/schema.org","@graph":[{"@type":"WebPage","@id":"https:\/\/blogs.futura-sciences.com\/bardintzeff\/2019\/12\/11\/salon-du-livre-de-boulogne-billancourt-2019-suite-bis\/","url":"https:\/\/blogs.futura-sciences.com\/bardintzeff\/2019\/12\/11\/salon-du-livre-de-boulogne-billancourt-2019-suite-bis\/","name":"Salon du livre de Boulogne-Billancourt 2019 (suite bis), par Jacques-Marie Bardintzeff","isPartOf":{"@id":"https:\/\/blogs.futura-sciences.com\/bardintzeff\/#website"},"primaryImageOfPage":{"@id":"https:\/\/blogs.futura-sciences.com\/bardintzeff\/2019\/12\/11\/salon-du-livre-de-boulogne-billancourt-2019-suite-bis\/#primaryimage"},"image":{"@id":"https:\/\/blogs.futura-sciences.com\/bardintzeff\/2019\/12\/11\/salon-du-livre-de-boulogne-billancourt-2019-suite-bis\/#primaryimage"},"thumbnailUrl":"https:\/\/blogs.futura-sciences.com\/bardintzeff\/wp-content\/uploads\/sites\/3\/2019\/12\/20191208_162812.Bardintzeff_JM-338x450.jpg","datePublished":"2019-12-11T11:23:39+00:00","dateModified":"2019-12-11T11:33:23+00:00","author":{"@id":"https:\/\/blogs.futura-sciences.com\/bardintzeff\/#\/schema\/person\/974e1e0324e3e06f08253784e8eca61e"},"inLanguage":"fr-FR","potentialAction":[{"@type":"ReadAction","target":["https:\/\/blogs.futura-sciences.com\/bardintzeff\/2019\/12\/11\/salon-du-livre-de-boulogne-billancourt-2019-suite-bis\/"]}]},{"@type":"ImageObject","inLanguage":"fr-FR","@id":"https:\/\/blogs.futura-sciences.com\/bardintzeff\/2019\/12\/11\/salon-du-livre-de-boulogne-billancourt-2019-suite-bis\/#primaryimage","url":"https:\/\/blogs.futura-sciences.com\/bardintzeff\/wp-content\/uploads\/sites\/3\/2019\/12\/20191208_162812.Bardintzeff_JM.jpg","contentUrl":"https:\/\/blogs.futura-sciences.com\/bardintzeff\/wp-content\/uploads\/sites\/3\/2019\/12\/20191208_162812.Bardintzeff_JM.jpg","width":1080,"height":1440},{"@type":"WebSite","@id":"https:\/\/blogs.futura-sciences.com\/bardintzeff\/#website","url":"https:\/\/blogs.futura-sciences.com\/bardintzeff\/","name":"VOLCANMANIA : le blog de Jacques-Marie BARDINTZEFF, volcanologue","description":"Les volcans ? Passionn\u00e9ment ! Les volcans ne sont pas toujours m\u00e9chants, ils sont aussi les t\u00e9moins de la Terre active !","potentialAction":[{"@type":"SearchAction","target":{"@type":"EntryPoint","urlTemplate":"https:\/\/blogs.futura-sciences.com\/bardintzeff\/?s={search_term_string}"},"query-input":{"@type":"PropertyValueSpecification","valueRequired":true,"valueName":"search_term_string"}}],"inLanguage":"fr-FR"},{"@type":"Person","@id":"https:\/\/blogs.futura-sciences.com\/bardintzeff\/#\/schema\/person\/974e1e0324e3e06f08253784e8eca61e","name":"jmbardintzeff","image":{"@type":"ImageObject","inLanguage":"fr-FR","@id":"https:\/\/blogs.futura-sciences.com\/bardintzeff\/#\/schema\/person\/image\/","url":"https:\/\/secure.gravatar.com\/avatar\/d38cb5297008217786910838f2aa1bda?s=96&d=mm&r=g","contentUrl":"https:\/\/secure.gravatar.com\/avatar\/d38cb5297008217786910838f2aa1bda?s=96&d=mm&r=g","caption":"jmbardintzeff"},"url":"https:\/\/blogs.futura-sciences.com\/bardintzeff\/author\/jmbardintzeff\/"}]}},"_links":{"self":[{"href":"https:\/\/blogs.futura-sciences.com\/bardintzeff\/wp-json\/wp\/v2\/posts\/5302","targetHints":{"allow":["GET"]}}],"collection":[{"href":"https:\/\/blogs.futura-sciences.com\/bardintzeff\/wp-json\/wp\/v2\/posts"}],"about":[{"href":"https:\/\/blogs.futura-sciences.com\/bardintzeff\/wp-json\/wp\/v2\/types\/post"}],"author":[{"embeddable":true,"href":"https:\/\/blogs.futura-sciences.com\/bardintzeff\/wp-json\/wp\/v2\/users\/3"}],"replies":[{"embeddable":true,"href":"https:\/\/blogs.futura-sciences.com\/bardintzeff\/wp-json\/wp\/v2\/comments?post=5302"}],"version-history":[{"count":6,"href":"https:\/\/blogs.futura-sciences.com\/bardintzeff\/wp-json\/wp\/v2\/posts\/5302\/revisions"}],"predecessor-version":[{"id":5311,"href":"https:\/\/blogs.futura-sciences.com\/bardintzeff\/wp-json\/wp\/v2\/posts\/5302\/revisions\/5311"}],"wp:attachment":[{"href":"https:\/\/blogs.futura-sciences.com\/bardintzeff\/wp-json\/wp\/v2\/media?parent=5302"}],"wp:term":[{"taxonomy":"category","embeddable":true,"href":"https:\/\/blogs.futura-sciences.com\/bardintzeff\/wp-json\/wp\/v2\/categories?post=5302"},{"taxonomy":"post_tag","embeddable":true,"href":"https:\/\/blogs.futura-sciences.com\/bardintzeff\/wp-json\/wp\/v2\/tags?post=5302"}],"curies":[{"name":"wp","href":"https:\/\/api.w.org\/{rel}","templated":true}]}}