{"id":5280,"date":"2019-12-09T08:27:26","date_gmt":"2019-12-09T08:27:26","guid":{"rendered":"https:\/\/blogs.futura-sciences.com\/bardintzeff\/?p=5280"},"modified":"2019-12-11T11:39:27","modified_gmt":"2019-12-11T11:39:27","slug":"salon-du-livre-de-boulogne-billancourt-2019-suite","status":"publish","type":"post","link":"https:\/\/blogs.futura-sciences.com\/bardintzeff\/2019\/12\/09\/salon-du-livre-de-boulogne-billancourt-2019-suite\/","title":{"rendered":"Salon du livre de Boulogne-Billancourt 2019 (suite)"},"content":{"rendered":"<p>Lors du 14<sup>e<\/sup> Salon du livre de Boulogne-Billancourt (voir mon blog du 8\/12\/2019), un plaisir de rencontrer Marcel Amont et V\u00e9ronique Genest.<\/p>\n<p><img loading=\"lazy\" decoding=\"async\" class=\"alignnone size-medium wp-image-5283\" src=\"https:\/\/blogs.futura-sciences.com\/bardintzeff\/wp-content\/uploads\/sites\/3\/2019\/12\/2019.12.07.4.Veronique_Genest.JM_Bardintzeff.Marcel_Amont.OK_-338x450.jpg\" alt=\"\" width=\"338\" height=\"450\" srcset=\"https:\/\/blogs.futura-sciences.com\/bardintzeff\/wp-content\/uploads\/sites\/3\/2019\/12\/2019.12.07.4.Veronique_Genest.JM_Bardintzeff.Marcel_Amont.OK_-338x450.jpg 338w, https:\/\/blogs.futura-sciences.com\/bardintzeff\/wp-content\/uploads\/sites\/3\/2019\/12\/2019.12.07.4.Veronique_Genest.JM_Bardintzeff.Marcel_Amont.OK_-768x1024.jpg 768w, https:\/\/blogs.futura-sciences.com\/bardintzeff\/wp-content\/uploads\/sites\/3\/2019\/12\/2019.12.07.4.Veronique_Genest.JM_Bardintzeff.Marcel_Amont.OK_.jpg 1080w\" sizes=\"auto, (max-width: 338px) 100vw, 338px\" \/><\/p>\n<p>Au Salon du livre de Boulogne-Billancourt, le 7\/12\/2019, V\u00e9ronique Genest, com\u00e9dienne, inoubliable \u00ab Nana \u00bb, Jacques-Marie Bardintzeff, volcanologue, et Marcel Amont, chanteur, toujours jeune \u00e0 90 ans \u00ab bleu, blanc, blond \u00bb (\u00a9 Isabelle Bardintzeff).<\/p>\n<p><!--more--><\/p>\n<p><img loading=\"lazy\" decoding=\"async\" class=\"alignnone size-medium wp-image-5285\" src=\"https:\/\/blogs.futura-sciences.com\/bardintzeff\/wp-content\/uploads\/sites\/3\/2019\/12\/2019.12.07.1.Marcel_Amont.OK_-450x438.jpg\" alt=\"\" width=\"450\" height=\"438\" srcset=\"https:\/\/blogs.futura-sciences.com\/bardintzeff\/wp-content\/uploads\/sites\/3\/2019\/12\/2019.12.07.1.Marcel_Amont.OK_-450x438.jpg 450w, https:\/\/blogs.futura-sciences.com\/bardintzeff\/wp-content\/uploads\/sites\/3\/2019\/12\/2019.12.07.1.Marcel_Amont.OK_-768x748.jpg 768w, https:\/\/blogs.futura-sciences.com\/bardintzeff\/wp-content\/uploads\/sites\/3\/2019\/12\/2019.12.07.1.Marcel_Amont.OK_-1024x997.jpg 1024w, https:\/\/blogs.futura-sciences.com\/bardintzeff\/wp-content\/uploads\/sites\/3\/2019\/12\/2019.12.07.1.Marcel_Amont.OK_.jpg 1200w\" sizes=\"auto, (max-width: 450px) 100vw, 450px\" \/>Mes parents avaient achet\u00e9 un \u00ab\u00a045 tours\u00a0\u00bb de Marcel Amont en 1960.<\/p>\n<p><img loading=\"lazy\" decoding=\"async\" class=\"alignnone size-medium wp-image-5299\" src=\"https:\/\/blogs.futura-sciences.com\/bardintzeff\/wp-content\/uploads\/sites\/3\/2019\/12\/Bardintzeff_Jade.IMG-20191208-WA0003.Roux_Fouillet_Laurence.Bardintzeff_JM.Gilder_Alfred-450x253.jpg\" alt=\"\" width=\"450\" height=\"253\" srcset=\"https:\/\/blogs.futura-sciences.com\/bardintzeff\/wp-content\/uploads\/sites\/3\/2019\/12\/Bardintzeff_Jade.IMG-20191208-WA0003.Roux_Fouillet_Laurence.Bardintzeff_JM.Gilder_Alfred-450x253.jpg 450w, https:\/\/blogs.futura-sciences.com\/bardintzeff\/wp-content\/uploads\/sites\/3\/2019\/12\/Bardintzeff_Jade.IMG-20191208-WA0003.Roux_Fouillet_Laurence.Bardintzeff_JM.Gilder_Alfred-768x432.jpg 768w, https:\/\/blogs.futura-sciences.com\/bardintzeff\/wp-content\/uploads\/sites\/3\/2019\/12\/Bardintzeff_Jade.IMG-20191208-WA0003.Roux_Fouillet_Laurence.Bardintzeff_JM.Gilder_Alfred-1024x576.jpg 1024w, https:\/\/blogs.futura-sciences.com\/bardintzeff\/wp-content\/uploads\/sites\/3\/2019\/12\/Bardintzeff_Jade.IMG-20191208-WA0003.Roux_Fouillet_Laurence.Bardintzeff_JM.Gilder_Alfred.jpg 1600w\" sizes=\"auto, (max-width: 450px) 100vw, 450px\" \/>Au 14<sup>e<\/sup> Salon du livre de Boulogne-Billancourt, le 8\/12\/2019, avec ma voisine et mon voisin de signature\u00a0: Laurence Roux-Fouillet, sophrologue, Jacques-Marie Bardintzeff, volcanologue, et Alfred Gilder, secr\u00e9taire g\u00e9n\u00e9ral de l\u2019AEC (l\u2019Association des \u00c9crivains Combattants) (\u00a9 Jade Bardintzeff).<\/p>\n<p>Leurs pages web\u00a0:<\/p>\n<p><a href=\"http:\/\/www.espaceducalme.fr\">www.espaceducalme.fr<\/a><\/p>\n<p><a href=\"http:\/\/www.lesecrivainscombattants.fr\">www.lesecrivainscombattants.fr<\/a><\/p>\n<!-- AddThis Advanced Settings generic via filter on the_content --><!-- AddThis Share Buttons generic via filter on the_content -->","protected":false},"excerpt":{"rendered":"<p>Lors du 14e Salon du livre de Boulogne-Billancourt (voir mon blog du 8\/12\/2019), un plaisir de rencontrer Marcel Amont et V\u00e9ronique Genest. Au Salon du livre de Boulogne-Billancourt, le 7\/12\/2019, V\u00e9ronique Genest, com\u00e9dienne, inoubliable \u00ab Nana \u00bb, Jacques-Marie Bardintzeff, volcanologue, et Marcel Amont, chanteur, toujours jeune \u00e0 90 ans \u00ab bleu, blanc, blond \u00bb (\u00a9 &hellip; <a href=\"https:\/\/blogs.futura-sciences.com\/bardintzeff\/2019\/12\/09\/salon-du-livre-de-boulogne-billancourt-2019-suite\/\" class=\"more-link\">Continuer la lecture de <span class=\"screen-reader-text\">Salon du livre de Boulogne-Billancourt 2019 (suite)<\/span>  <span class=\"meta-nav\">&rarr;<\/span><\/a><!-- AddThis Advanced Settings generic via filter on get_the_excerpt --><!-- AddThis Share Buttons generic via filter on get_the_excerpt --><\/p>\n","protected":false},"author":3,"featured_media":0,"comment_status":"open","ping_status":"open","sticky":false,"template":"","format":"standard","meta":{"footnotes":"","_links_to":"","_links_to_target":""},"categories":[6],"tags":[1801,21,278,1802,68],"class_list":["post-5280","post","type-post","status-publish","format-standard","hentry","category-actualites","tag-amont","tag-bardintzeff","tag-boulogne-billancourt","tag-genest","tag-salon-du-livre"],"yoast_head":"<!-- This site is optimized with the Yoast SEO plugin v24.1 - https:\/\/yoast.com\/wordpress\/plugins\/seo\/ -->\n<title>Salon du livre de Boulogne-Billancourt 2019 (suite), par Jacques-Marie Bardintzeff<\/title>\n<meta name=\"robots\" content=\"index, follow, max-snippet:-1, max-image-preview:large, max-video-preview:-1\" \/>\n<link rel=\"canonical\" href=\"https:\/\/blogs.futura-sciences.com\/bardintzeff\/2019\/12\/09\/salon-du-livre-de-boulogne-billancourt-2019-suite\/\" \/>\n<meta property=\"og:locale\" content=\"fr_FR\" \/>\n<meta property=\"og:type\" content=\"article\" \/>\n<meta property=\"og:title\" content=\"Salon du livre de Boulogne-Billancourt 2019 (suite), par Jacques-Marie Bardintzeff\" \/>\n<meta property=\"og:description\" content=\"Lors du 14e Salon du livre de Boulogne-Billancourt (voir mon blog du 8\/12\/2019), un plaisir de rencontrer Marcel Amont et V\u00e9ronique Genest. Au Salon du livre de Boulogne-Billancourt, le 7\/12\/2019, V\u00e9ronique Genest, com\u00e9dienne, inoubliable \u00ab Nana \u00bb, Jacques-Marie Bardintzeff, volcanologue, et Marcel Amont, chanteur, toujours jeune \u00e0 90 ans \u00ab bleu, blanc, blond \u00bb (\u00a9 &hellip; Continuer la lecture de Salon du livre de Boulogne-Billancourt 2019 (suite) &rarr;\" \/>\n<meta property=\"og:url\" content=\"https:\/\/blogs.futura-sciences.com\/bardintzeff\/2019\/12\/09\/salon-du-livre-de-boulogne-billancourt-2019-suite\/\" \/>\n<meta property=\"og:site_name\" content=\"VOLCANMANIA : le blog de Jacques-Marie BARDINTZEFF, volcanologue\" \/>\n<meta property=\"article:published_time\" content=\"2019-12-09T08:27:26+00:00\" \/>\n<meta property=\"article:modified_time\" content=\"2019-12-11T11:39:27+00:00\" \/>\n<meta property=\"og:image\" content=\"https:\/\/blogs.futura-sciences.com\/bardintzeff\/wp-content\/uploads\/sites\/3\/2019\/12\/2019.12.07.4.Veronique_Genest.JM_Bardintzeff.Marcel_Amont.OK_-338x450.jpg\" \/>\n<meta name=\"author\" content=\"jmbardintzeff\" \/>\n<meta name=\"twitter:card\" content=\"summary_large_image\" \/>\n<meta name=\"twitter:label1\" content=\"\u00c9crit par\" \/>\n\t<meta name=\"twitter:data1\" content=\"jmbardintzeff\" \/>\n\t<meta name=\"twitter:label2\" content=\"Dur\u00e9e de lecture estim\u00e9e\" \/>\n\t<meta name=\"twitter:data2\" content=\"1 minute\" \/>\n<script type=\"application\/ld+json\" class=\"yoast-schema-graph\">{\"@context\":\"https:\/\/schema.org\",\"@graph\":[{\"@type\":\"WebPage\",\"@id\":\"https:\/\/blogs.futura-sciences.com\/bardintzeff\/2019\/12\/09\/salon-du-livre-de-boulogne-billancourt-2019-suite\/\",\"url\":\"https:\/\/blogs.futura-sciences.com\/bardintzeff\/2019\/12\/09\/salon-du-livre-de-boulogne-billancourt-2019-suite\/\",\"name\":\"Salon du livre de Boulogne-Billancourt 2019 (suite), par Jacques-Marie Bardintzeff\",\"isPartOf\":{\"@id\":\"https:\/\/blogs.futura-sciences.com\/bardintzeff\/#website\"},\"primaryImageOfPage\":{\"@id\":\"https:\/\/blogs.futura-sciences.com\/bardintzeff\/2019\/12\/09\/salon-du-livre-de-boulogne-billancourt-2019-suite\/#primaryimage\"},\"image\":{\"@id\":\"https:\/\/blogs.futura-sciences.com\/bardintzeff\/2019\/12\/09\/salon-du-livre-de-boulogne-billancourt-2019-suite\/#primaryimage\"},\"thumbnailUrl\":\"https:\/\/blogs.futura-sciences.com\/bardintzeff\/wp-content\/uploads\/sites\/3\/2019\/12\/2019.12.07.4.Veronique_Genest.JM_Bardintzeff.Marcel_Amont.OK_-338x450.jpg\",\"datePublished\":\"2019-12-09T08:27:26+00:00\",\"dateModified\":\"2019-12-11T11:39:27+00:00\",\"author\":{\"@id\":\"https:\/\/blogs.futura-sciences.com\/bardintzeff\/#\/schema\/person\/974e1e0324e3e06f08253784e8eca61e\"},\"inLanguage\":\"fr-FR\",\"potentialAction\":[{\"@type\":\"ReadAction\",\"target\":[\"https:\/\/blogs.futura-sciences.com\/bardintzeff\/2019\/12\/09\/salon-du-livre-de-boulogne-billancourt-2019-suite\/\"]}]},{\"@type\":\"ImageObject\",\"inLanguage\":\"fr-FR\",\"@id\":\"https:\/\/blogs.futura-sciences.com\/bardintzeff\/2019\/12\/09\/salon-du-livre-de-boulogne-billancourt-2019-suite\/#primaryimage\",\"url\":\"https:\/\/blogs.futura-sciences.com\/bardintzeff\/wp-content\/uploads\/sites\/3\/2019\/12\/2019.12.07.4.Veronique_Genest.JM_Bardintzeff.Marcel_Amont.OK_.jpg\",\"contentUrl\":\"https:\/\/blogs.futura-sciences.com\/bardintzeff\/wp-content\/uploads\/sites\/3\/2019\/12\/2019.12.07.4.Veronique_Genest.JM_Bardintzeff.Marcel_Amont.OK_.jpg\",\"width\":1080,\"height\":1440},{\"@type\":\"WebSite\",\"@id\":\"https:\/\/blogs.futura-sciences.com\/bardintzeff\/#website\",\"url\":\"https:\/\/blogs.futura-sciences.com\/bardintzeff\/\",\"name\":\"VOLCANMANIA : le blog de Jacques-Marie BARDINTZEFF, volcanologue\",\"description\":\"Les volcans ? Passionn\u00e9ment ! Les volcans ne sont pas toujours m\u00e9chants, ils sont aussi les t\u00e9moins de la Terre active !\",\"potentialAction\":[{\"@type\":\"SearchAction\",\"target\":{\"@type\":\"EntryPoint\",\"urlTemplate\":\"https:\/\/blogs.futura-sciences.com\/bardintzeff\/?s={search_term_string}\"},\"query-input\":{\"@type\":\"PropertyValueSpecification\",\"valueRequired\":true,\"valueName\":\"search_term_string\"}}],\"inLanguage\":\"fr-FR\"},{\"@type\":\"Person\",\"@id\":\"https:\/\/blogs.futura-sciences.com\/bardintzeff\/#\/schema\/person\/974e1e0324e3e06f08253784e8eca61e\",\"name\":\"jmbardintzeff\",\"image\":{\"@type\":\"ImageObject\",\"inLanguage\":\"fr-FR\",\"@id\":\"https:\/\/blogs.futura-sciences.com\/bardintzeff\/#\/schema\/person\/image\/\",\"url\":\"https:\/\/secure.gravatar.com\/avatar\/d38cb5297008217786910838f2aa1bda?s=96&d=mm&r=g\",\"contentUrl\":\"https:\/\/secure.gravatar.com\/avatar\/d38cb5297008217786910838f2aa1bda?s=96&d=mm&r=g\",\"caption\":\"jmbardintzeff\"},\"url\":\"https:\/\/blogs.futura-sciences.com\/bardintzeff\/author\/jmbardintzeff\/\"}]}<\/script>\n<!-- \/ Yoast SEO plugin. -->","yoast_head_json":{"title":"Salon du livre de Boulogne-Billancourt 2019 (suite), par Jacques-Marie Bardintzeff","robots":{"index":"index","follow":"follow","max-snippet":"max-snippet:-1","max-image-preview":"max-image-preview:large","max-video-preview":"max-video-preview:-1"},"canonical":"https:\/\/blogs.futura-sciences.com\/bardintzeff\/2019\/12\/09\/salon-du-livre-de-boulogne-billancourt-2019-suite\/","og_locale":"fr_FR","og_type":"article","og_title":"Salon du livre de Boulogne-Billancourt 2019 (suite), par Jacques-Marie Bardintzeff","og_description":"Lors du 14e Salon du livre de Boulogne-Billancourt (voir mon blog du 8\/12\/2019), un plaisir de rencontrer Marcel Amont et V\u00e9ronique Genest. Au Salon du livre de Boulogne-Billancourt, le 7\/12\/2019, V\u00e9ronique Genest, com\u00e9dienne, inoubliable \u00ab Nana \u00bb, Jacques-Marie Bardintzeff, volcanologue, et Marcel Amont, chanteur, toujours jeune \u00e0 90 ans \u00ab bleu, blanc, blond \u00bb (\u00a9 &hellip; Continuer la lecture de Salon du livre de Boulogne-Billancourt 2019 (suite) &rarr;","og_url":"https:\/\/blogs.futura-sciences.com\/bardintzeff\/2019\/12\/09\/salon-du-livre-de-boulogne-billancourt-2019-suite\/","og_site_name":"VOLCANMANIA : le blog de Jacques-Marie BARDINTZEFF, volcanologue","article_published_time":"2019-12-09T08:27:26+00:00","article_modified_time":"2019-12-11T11:39:27+00:00","og_image":[{"url":"https:\/\/blogs.futura-sciences.com\/bardintzeff\/wp-content\/uploads\/sites\/3\/2019\/12\/2019.12.07.4.Veronique_Genest.JM_Bardintzeff.Marcel_Amont.OK_-338x450.jpg","type":"","width":"","height":""}],"author":"jmbardintzeff","twitter_card":"summary_large_image","twitter_misc":{"\u00c9crit par":"jmbardintzeff","Dur\u00e9e de lecture estim\u00e9e":"1 minute"},"schema":{"@context":"https:\/\/schema.org","@graph":[{"@type":"WebPage","@id":"https:\/\/blogs.futura-sciences.com\/bardintzeff\/2019\/12\/09\/salon-du-livre-de-boulogne-billancourt-2019-suite\/","url":"https:\/\/blogs.futura-sciences.com\/bardintzeff\/2019\/12\/09\/salon-du-livre-de-boulogne-billancourt-2019-suite\/","name":"Salon du livre de Boulogne-Billancourt 2019 (suite), par Jacques-Marie Bardintzeff","isPartOf":{"@id":"https:\/\/blogs.futura-sciences.com\/bardintzeff\/#website"},"primaryImageOfPage":{"@id":"https:\/\/blogs.futura-sciences.com\/bardintzeff\/2019\/12\/09\/salon-du-livre-de-boulogne-billancourt-2019-suite\/#primaryimage"},"image":{"@id":"https:\/\/blogs.futura-sciences.com\/bardintzeff\/2019\/12\/09\/salon-du-livre-de-boulogne-billancourt-2019-suite\/#primaryimage"},"thumbnailUrl":"https:\/\/blogs.futura-sciences.com\/bardintzeff\/wp-content\/uploads\/sites\/3\/2019\/12\/2019.12.07.4.Veronique_Genest.JM_Bardintzeff.Marcel_Amont.OK_-338x450.jpg","datePublished":"2019-12-09T08:27:26+00:00","dateModified":"2019-12-11T11:39:27+00:00","author":{"@id":"https:\/\/blogs.futura-sciences.com\/bardintzeff\/#\/schema\/person\/974e1e0324e3e06f08253784e8eca61e"},"inLanguage":"fr-FR","potentialAction":[{"@type":"ReadAction","target":["https:\/\/blogs.futura-sciences.com\/bardintzeff\/2019\/12\/09\/salon-du-livre-de-boulogne-billancourt-2019-suite\/"]}]},{"@type":"ImageObject","inLanguage":"fr-FR","@id":"https:\/\/blogs.futura-sciences.com\/bardintzeff\/2019\/12\/09\/salon-du-livre-de-boulogne-billancourt-2019-suite\/#primaryimage","url":"https:\/\/blogs.futura-sciences.com\/bardintzeff\/wp-content\/uploads\/sites\/3\/2019\/12\/2019.12.07.4.Veronique_Genest.JM_Bardintzeff.Marcel_Amont.OK_.jpg","contentUrl":"https:\/\/blogs.futura-sciences.com\/bardintzeff\/wp-content\/uploads\/sites\/3\/2019\/12\/2019.12.07.4.Veronique_Genest.JM_Bardintzeff.Marcel_Amont.OK_.jpg","width":1080,"height":1440},{"@type":"WebSite","@id":"https:\/\/blogs.futura-sciences.com\/bardintzeff\/#website","url":"https:\/\/blogs.futura-sciences.com\/bardintzeff\/","name":"VOLCANMANIA : le blog de Jacques-Marie BARDINTZEFF, volcanologue","description":"Les volcans ? Passionn\u00e9ment ! Les volcans ne sont pas toujours m\u00e9chants, ils sont aussi les t\u00e9moins de la Terre active !","potentialAction":[{"@type":"SearchAction","target":{"@type":"EntryPoint","urlTemplate":"https:\/\/blogs.futura-sciences.com\/bardintzeff\/?s={search_term_string}"},"query-input":{"@type":"PropertyValueSpecification","valueRequired":true,"valueName":"search_term_string"}}],"inLanguage":"fr-FR"},{"@type":"Person","@id":"https:\/\/blogs.futura-sciences.com\/bardintzeff\/#\/schema\/person\/974e1e0324e3e06f08253784e8eca61e","name":"jmbardintzeff","image":{"@type":"ImageObject","inLanguage":"fr-FR","@id":"https:\/\/blogs.futura-sciences.com\/bardintzeff\/#\/schema\/person\/image\/","url":"https:\/\/secure.gravatar.com\/avatar\/d38cb5297008217786910838f2aa1bda?s=96&d=mm&r=g","contentUrl":"https:\/\/secure.gravatar.com\/avatar\/d38cb5297008217786910838f2aa1bda?s=96&d=mm&r=g","caption":"jmbardintzeff"},"url":"https:\/\/blogs.futura-sciences.com\/bardintzeff\/author\/jmbardintzeff\/"}]}},"_links":{"self":[{"href":"https:\/\/blogs.futura-sciences.com\/bardintzeff\/wp-json\/wp\/v2\/posts\/5280","targetHints":{"allow":["GET"]}}],"collection":[{"href":"https:\/\/blogs.futura-sciences.com\/bardintzeff\/wp-json\/wp\/v2\/posts"}],"about":[{"href":"https:\/\/blogs.futura-sciences.com\/bardintzeff\/wp-json\/wp\/v2\/types\/post"}],"author":[{"embeddable":true,"href":"https:\/\/blogs.futura-sciences.com\/bardintzeff\/wp-json\/wp\/v2\/users\/3"}],"replies":[{"embeddable":true,"href":"https:\/\/blogs.futura-sciences.com\/bardintzeff\/wp-json\/wp\/v2\/comments?post=5280"}],"version-history":[{"count":8,"href":"https:\/\/blogs.futura-sciences.com\/bardintzeff\/wp-json\/wp\/v2\/posts\/5280\/revisions"}],"predecessor-version":[{"id":5312,"href":"https:\/\/blogs.futura-sciences.com\/bardintzeff\/wp-json\/wp\/v2\/posts\/5280\/revisions\/5312"}],"wp:attachment":[{"href":"https:\/\/blogs.futura-sciences.com\/bardintzeff\/wp-json\/wp\/v2\/media?parent=5280"}],"wp:term":[{"taxonomy":"category","embeddable":true,"href":"https:\/\/blogs.futura-sciences.com\/bardintzeff\/wp-json\/wp\/v2\/categories?post=5280"},{"taxonomy":"post_tag","embeddable":true,"href":"https:\/\/blogs.futura-sciences.com\/bardintzeff\/wp-json\/wp\/v2\/tags?post=5280"}],"curies":[{"name":"wp","href":"https:\/\/api.w.org\/{rel}","templated":true}]}}