{"id":518,"date":"2015-02-26T16:18:49","date_gmt":"2015-02-26T16:18:49","guid":{"rendered":"https:\/\/blogs.futura-sciences.com\/bardintzeff\/?p=518"},"modified":"2015-03-28T15:05:39","modified_gmt":"2015-03-28T15:05:39","slug":"telegrenoble-2","status":"publish","type":"post","link":"https:\/\/blogs.futura-sciences.com\/bardintzeff\/2015\/02\/26\/telegrenoble-2\/","title":{"rendered":"T\u00e9l\u00e9Grenoble"},"content":{"rendered":"<p>Lundi 23 f\u00e9vrier vers 17 heures, accueil toujours chaleureux \u00e0 T\u00e9l\u00e9Grenoble par G\u00e9rard Balthazard, Pr\u00e9sident et Thibault Leduc, R\u00e9dacteur-en-chef.<\/p>\n<p><a href=\"https:\/\/blogs.futura-sciences.com\/bardintzeff\/wp-content\/uploads\/sites\/3\/2015\/02\/Bardintzeff.2015.02.23.TeleGrenoble5.jpg\" rel=\"lightbox[518]\"><img loading=\"lazy\" decoding=\"async\" class=\"alignnone  wp-image-520\" src=\"https:\/\/blogs.futura-sciences.com\/bardintzeff\/wp-content\/uploads\/sites\/3\/2015\/02\/Bardintzeff.2015.02.23.TeleGrenoble5-450x337.jpg\" alt=\"Bardintzeff.2015.02.23.TeleGrenoble5\" width=\"494\" height=\"370\" srcset=\"https:\/\/blogs.futura-sciences.com\/bardintzeff\/wp-content\/uploads\/sites\/3\/2015\/02\/Bardintzeff.2015.02.23.TeleGrenoble5-450x337.jpg 450w, https:\/\/blogs.futura-sciences.com\/bardintzeff\/wp-content\/uploads\/sites\/3\/2015\/02\/Bardintzeff.2015.02.23.TeleGrenoble5-1024x768.jpg 1024w, https:\/\/blogs.futura-sciences.com\/bardintzeff\/wp-content\/uploads\/sites\/3\/2015\/02\/Bardintzeff.2015.02.23.TeleGrenoble5.jpg 1701w\" sizes=\"auto, (max-width: 494px) 100vw, 494px\" \/><\/a><\/p>\n<p>\u00c0 T\u00e9l\u00e9Grenoble, de gauche \u00e0 droite\u00a0: G\u00e9rard Balthazard, Pr\u00e9sident, Jacques-Marie Bardintzeff, volcanologue, Marie-Caroline Abrial, journaliste et pr\u00e9sentatrice du journal et Thibault Leduc, r\u00e9dacteur-en-chef (\u00a9 J.M. Bardintzeff).<\/p>\n<p><!--more--><\/p>\n<p>Sur le plateau du Journal, le \u00ab\u00a0Cap Info\u00a0\u00bb, il a \u00e9t\u00e9 question avec Marie-Caroline Abrial, de l\u2019\u00e9ruption actuelle en Islande et de celle tout juste termin\u00e9e du Cap-Vert. On a parl\u00e9 \u00e9galement des paysages volcaniques, des volcans d\u2019Auvergne. Et pr\u00e9sentation aussi de mon dernier livre\u00a0: \u00ab\u00a0Pour les nuls pr\u00e9sente Les volcans\u00a0\u00bb, aux \u00c9ditions Gr\u00fcnd,<\/p>\n<p><a href=\"https:\/\/blogs.futura-sciences.com\/bardintzeff\/wp-content\/uploads\/sites\/3\/2015\/02\/Bardintzeff.2015.02.23.TeleGrenoble2.jpg\" rel=\"lightbox[518]\"><img loading=\"lazy\" decoding=\"async\" class=\"alignnone  wp-image-521\" src=\"https:\/\/blogs.futura-sciences.com\/bardintzeff\/wp-content\/uploads\/sites\/3\/2015\/02\/Bardintzeff.2015.02.23.TeleGrenoble2-450x337.jpg\" alt=\"Bardintzeff.2015.02.23.TeleGrenoble2\" width=\"493\" height=\"369\" srcset=\"https:\/\/blogs.futura-sciences.com\/bardintzeff\/wp-content\/uploads\/sites\/3\/2015\/02\/Bardintzeff.2015.02.23.TeleGrenoble2-450x337.jpg 450w, https:\/\/blogs.futura-sciences.com\/bardintzeff\/wp-content\/uploads\/sites\/3\/2015\/02\/Bardintzeff.2015.02.23.TeleGrenoble2-1024x768.jpg 1024w\" sizes=\"auto, (max-width: 493px) 100vw, 493px\" \/><\/a><\/p>\n<p>Marie-Caroline Abrial (\u00e0 droite) et Jacques-Marie Bardintzeff (\u00e0 gauche) sur le plateau du \u00ab\u00a0Cap Info\u00a0\u00bb \u00e0 T\u00e9l\u00e9Grenoble (\u00a9 J.M. Bardintzeff).<\/p>\n<p>Pour revoir l\u2019\u00e9mission\u00a0:<\/p>\n<p><a href=\"http:\/\/www.telegrenoble.net\/emissions\/cap-info\/30\/cap-info-23-fevrier-2015_x2hxyg9.html\">http:\/\/www.telegrenoble.net\/emissions\/cap-info\/30\/cap-info-23-fevrier-2015_x2hxyg9.html<\/a><\/p>\n<p>(interview de 12 mn 46 s \u00e0 20 mn 28 s)<\/p>\n<!-- AddThis Advanced Settings generic via filter on the_content --><!-- AddThis Share Buttons generic via filter on the_content -->","protected":false},"excerpt":{"rendered":"<p>Lundi 23 f\u00e9vrier vers 17 heures, accueil toujours chaleureux \u00e0 T\u00e9l\u00e9Grenoble par G\u00e9rard Balthazard, Pr\u00e9sident et Thibault Leduc, R\u00e9dacteur-en-chef. \u00c0 T\u00e9l\u00e9Grenoble, de gauche \u00e0 droite\u00a0: G\u00e9rard Balthazard, Pr\u00e9sident, Jacques-Marie Bardintzeff, volcanologue, Marie-Caroline Abrial, journaliste et pr\u00e9sentatrice du journal et Thibault Leduc, r\u00e9dacteur-en-chef (\u00a9 J.M. Bardintzeff).<!-- AddThis Advanced Settings generic via filter on get_the_excerpt --><!-- AddThis Share Buttons generic via filter on get_the_excerpt --><\/p>\n","protected":false},"author":3,"featured_media":0,"comment_status":"open","ping_status":"open","sticky":false,"template":"","format":"standard","meta":{"footnotes":"","_links_to":"","_links_to_target":""},"categories":[6],"tags":[115,72,98,41,129,3,13],"class_list":["post-518","post","type-post","status-publish","format-standard","hentry","category-actualites","tag-cap-vert","tag-grund","tag-islande","tag-telegrenoble","tag-television","tag-volcan","tag-volcanologue"],"yoast_head":"<!-- This site is optimized with the Yoast SEO plugin v24.1 - https:\/\/yoast.com\/wordpress\/plugins\/seo\/ -->\n<title>T\u00e9l\u00e9Grenoble, par Jacques-Marie Bardintzeff<\/title>\n<meta name=\"robots\" content=\"index, follow, max-snippet:-1, max-image-preview:large, max-video-preview:-1\" \/>\n<link rel=\"canonical\" href=\"https:\/\/blogs.futura-sciences.com\/bardintzeff\/2015\/02\/26\/telegrenoble-2\/\" \/>\n<meta property=\"og:locale\" content=\"fr_FR\" \/>\n<meta property=\"og:type\" content=\"article\" \/>\n<meta property=\"og:title\" content=\"T\u00e9l\u00e9Grenoble, par Jacques-Marie Bardintzeff\" \/>\n<meta property=\"og:description\" content=\"Lundi 23 f\u00e9vrier vers 17 heures, accueil toujours chaleureux \u00e0 T\u00e9l\u00e9Grenoble par G\u00e9rard Balthazard, Pr\u00e9sident et Thibault Leduc, R\u00e9dacteur-en-chef. \u00c0 T\u00e9l\u00e9Grenoble, de gauche \u00e0 droite\u00a0: G\u00e9rard Balthazard, Pr\u00e9sident, Jacques-Marie Bardintzeff, volcanologue, Marie-Caroline Abrial, journaliste et pr\u00e9sentatrice du journal et Thibault Leduc, r\u00e9dacteur-en-chef (\u00a9 J.M. Bardintzeff).\" \/>\n<meta property=\"og:url\" content=\"https:\/\/blogs.futura-sciences.com\/bardintzeff\/2015\/02\/26\/telegrenoble-2\/\" \/>\n<meta property=\"og:site_name\" content=\"VOLCANMANIA : le blog de Jacques-Marie BARDINTZEFF, volcanologue\" \/>\n<meta property=\"article:published_time\" content=\"2015-02-26T16:18:49+00:00\" \/>\n<meta property=\"article:modified_time\" content=\"2015-03-28T15:05:39+00:00\" \/>\n<meta property=\"og:image\" content=\"https:\/\/blogs.futura-sciences.com\/bardintzeff\/wp-content\/uploads\/sites\/3\/2015\/02\/Bardintzeff.2015.02.23.TeleGrenoble5.jpg\" \/>\n\t<meta property=\"og:image:width\" content=\"1701\" \/>\n\t<meta property=\"og:image:height\" content=\"1276\" \/>\n\t<meta property=\"og:image:type\" content=\"image\/jpeg\" \/>\n<meta name=\"author\" content=\"jmbardintzeff\" \/>\n<meta name=\"twitter:card\" content=\"summary_large_image\" \/>\n<meta name=\"twitter:label1\" content=\"\u00c9crit par\" \/>\n\t<meta name=\"twitter:data1\" content=\"jmbardintzeff\" \/>\n\t<meta name=\"twitter:label2\" content=\"Dur\u00e9e de lecture estim\u00e9e\" \/>\n\t<meta name=\"twitter:data2\" content=\"1 minute\" \/>\n<script type=\"application\/ld+json\" class=\"yoast-schema-graph\">{\"@context\":\"https:\/\/schema.org\",\"@graph\":[{\"@type\":\"WebPage\",\"@id\":\"https:\/\/blogs.futura-sciences.com\/bardintzeff\/2015\/02\/26\/telegrenoble-2\/\",\"url\":\"https:\/\/blogs.futura-sciences.com\/bardintzeff\/2015\/02\/26\/telegrenoble-2\/\",\"name\":\"T\u00e9l\u00e9Grenoble, par Jacques-Marie Bardintzeff\",\"isPartOf\":{\"@id\":\"https:\/\/blogs.futura-sciences.com\/bardintzeff\/#website\"},\"primaryImageOfPage\":{\"@id\":\"https:\/\/blogs.futura-sciences.com\/bardintzeff\/2015\/02\/26\/telegrenoble-2\/#primaryimage\"},\"image\":{\"@id\":\"https:\/\/blogs.futura-sciences.com\/bardintzeff\/2015\/02\/26\/telegrenoble-2\/#primaryimage\"},\"thumbnailUrl\":\"https:\/\/blogs.futura-sciences.com\/bardintzeff\/wp-content\/uploads\/sites\/3\/2015\/02\/Bardintzeff.2015.02.23.TeleGrenoble5-450x337.jpg\",\"datePublished\":\"2015-02-26T16:18:49+00:00\",\"dateModified\":\"2015-03-28T15:05:39+00:00\",\"author\":{\"@id\":\"https:\/\/blogs.futura-sciences.com\/bardintzeff\/#\/schema\/person\/974e1e0324e3e06f08253784e8eca61e\"},\"inLanguage\":\"fr-FR\",\"potentialAction\":[{\"@type\":\"ReadAction\",\"target\":[\"https:\/\/blogs.futura-sciences.com\/bardintzeff\/2015\/02\/26\/telegrenoble-2\/\"]}]},{\"@type\":\"ImageObject\",\"inLanguage\":\"fr-FR\",\"@id\":\"https:\/\/blogs.futura-sciences.com\/bardintzeff\/2015\/02\/26\/telegrenoble-2\/#primaryimage\",\"url\":\"https:\/\/blogs.futura-sciences.com\/bardintzeff\/wp-content\/uploads\/sites\/3\/2015\/02\/Bardintzeff.2015.02.23.TeleGrenoble5.jpg\",\"contentUrl\":\"https:\/\/blogs.futura-sciences.com\/bardintzeff\/wp-content\/uploads\/sites\/3\/2015\/02\/Bardintzeff.2015.02.23.TeleGrenoble5.jpg\",\"width\":1701,\"height\":1276},{\"@type\":\"WebSite\",\"@id\":\"https:\/\/blogs.futura-sciences.com\/bardintzeff\/#website\",\"url\":\"https:\/\/blogs.futura-sciences.com\/bardintzeff\/\",\"name\":\"VOLCANMANIA : le blog de Jacques-Marie BARDINTZEFF, volcanologue\",\"description\":\"Les volcans ? Passionn\u00e9ment ! Les volcans ne sont pas toujours m\u00e9chants, ils sont aussi les t\u00e9moins de la Terre active !\",\"potentialAction\":[{\"@type\":\"SearchAction\",\"target\":{\"@type\":\"EntryPoint\",\"urlTemplate\":\"https:\/\/blogs.futura-sciences.com\/bardintzeff\/?s={search_term_string}\"},\"query-input\":{\"@type\":\"PropertyValueSpecification\",\"valueRequired\":true,\"valueName\":\"search_term_string\"}}],\"inLanguage\":\"fr-FR\"},{\"@type\":\"Person\",\"@id\":\"https:\/\/blogs.futura-sciences.com\/bardintzeff\/#\/schema\/person\/974e1e0324e3e06f08253784e8eca61e\",\"name\":\"jmbardintzeff\",\"image\":{\"@type\":\"ImageObject\",\"inLanguage\":\"fr-FR\",\"@id\":\"https:\/\/blogs.futura-sciences.com\/bardintzeff\/#\/schema\/person\/image\/\",\"url\":\"https:\/\/secure.gravatar.com\/avatar\/d38cb5297008217786910838f2aa1bda?s=96&d=mm&r=g\",\"contentUrl\":\"https:\/\/secure.gravatar.com\/avatar\/d38cb5297008217786910838f2aa1bda?s=96&d=mm&r=g\",\"caption\":\"jmbardintzeff\"},\"url\":\"https:\/\/blogs.futura-sciences.com\/bardintzeff\/author\/jmbardintzeff\/\"}]}<\/script>\n<!-- \/ Yoast SEO plugin. -->","yoast_head_json":{"title":"T\u00e9l\u00e9Grenoble, par Jacques-Marie Bardintzeff","robots":{"index":"index","follow":"follow","max-snippet":"max-snippet:-1","max-image-preview":"max-image-preview:large","max-video-preview":"max-video-preview:-1"},"canonical":"https:\/\/blogs.futura-sciences.com\/bardintzeff\/2015\/02\/26\/telegrenoble-2\/","og_locale":"fr_FR","og_type":"article","og_title":"T\u00e9l\u00e9Grenoble, par Jacques-Marie Bardintzeff","og_description":"Lundi 23 f\u00e9vrier vers 17 heures, accueil toujours chaleureux \u00e0 T\u00e9l\u00e9Grenoble par G\u00e9rard Balthazard, Pr\u00e9sident et Thibault Leduc, R\u00e9dacteur-en-chef. \u00c0 T\u00e9l\u00e9Grenoble, de gauche \u00e0 droite\u00a0: G\u00e9rard Balthazard, Pr\u00e9sident, Jacques-Marie Bardintzeff, volcanologue, Marie-Caroline Abrial, journaliste et pr\u00e9sentatrice du journal et Thibault Leduc, r\u00e9dacteur-en-chef (\u00a9 J.M. Bardintzeff).","og_url":"https:\/\/blogs.futura-sciences.com\/bardintzeff\/2015\/02\/26\/telegrenoble-2\/","og_site_name":"VOLCANMANIA : le blog de Jacques-Marie BARDINTZEFF, volcanologue","article_published_time":"2015-02-26T16:18:49+00:00","article_modified_time":"2015-03-28T15:05:39+00:00","og_image":[{"width":1701,"height":1276,"url":"https:\/\/blogs.futura-sciences.com\/bardintzeff\/wp-content\/uploads\/sites\/3\/2015\/02\/Bardintzeff.2015.02.23.TeleGrenoble5.jpg","type":"image\/jpeg"}],"author":"jmbardintzeff","twitter_card":"summary_large_image","twitter_misc":{"\u00c9crit par":"jmbardintzeff","Dur\u00e9e de lecture estim\u00e9e":"1 minute"},"schema":{"@context":"https:\/\/schema.org","@graph":[{"@type":"WebPage","@id":"https:\/\/blogs.futura-sciences.com\/bardintzeff\/2015\/02\/26\/telegrenoble-2\/","url":"https:\/\/blogs.futura-sciences.com\/bardintzeff\/2015\/02\/26\/telegrenoble-2\/","name":"T\u00e9l\u00e9Grenoble, par Jacques-Marie Bardintzeff","isPartOf":{"@id":"https:\/\/blogs.futura-sciences.com\/bardintzeff\/#website"},"primaryImageOfPage":{"@id":"https:\/\/blogs.futura-sciences.com\/bardintzeff\/2015\/02\/26\/telegrenoble-2\/#primaryimage"},"image":{"@id":"https:\/\/blogs.futura-sciences.com\/bardintzeff\/2015\/02\/26\/telegrenoble-2\/#primaryimage"},"thumbnailUrl":"https:\/\/blogs.futura-sciences.com\/bardintzeff\/wp-content\/uploads\/sites\/3\/2015\/02\/Bardintzeff.2015.02.23.TeleGrenoble5-450x337.jpg","datePublished":"2015-02-26T16:18:49+00:00","dateModified":"2015-03-28T15:05:39+00:00","author":{"@id":"https:\/\/blogs.futura-sciences.com\/bardintzeff\/#\/schema\/person\/974e1e0324e3e06f08253784e8eca61e"},"inLanguage":"fr-FR","potentialAction":[{"@type":"ReadAction","target":["https:\/\/blogs.futura-sciences.com\/bardintzeff\/2015\/02\/26\/telegrenoble-2\/"]}]},{"@type":"ImageObject","inLanguage":"fr-FR","@id":"https:\/\/blogs.futura-sciences.com\/bardintzeff\/2015\/02\/26\/telegrenoble-2\/#primaryimage","url":"https:\/\/blogs.futura-sciences.com\/bardintzeff\/wp-content\/uploads\/sites\/3\/2015\/02\/Bardintzeff.2015.02.23.TeleGrenoble5.jpg","contentUrl":"https:\/\/blogs.futura-sciences.com\/bardintzeff\/wp-content\/uploads\/sites\/3\/2015\/02\/Bardintzeff.2015.02.23.TeleGrenoble5.jpg","width":1701,"height":1276},{"@type":"WebSite","@id":"https:\/\/blogs.futura-sciences.com\/bardintzeff\/#website","url":"https:\/\/blogs.futura-sciences.com\/bardintzeff\/","name":"VOLCANMANIA : le blog de Jacques-Marie BARDINTZEFF, volcanologue","description":"Les volcans ? Passionn\u00e9ment ! Les volcans ne sont pas toujours m\u00e9chants, ils sont aussi les t\u00e9moins de la Terre active !","potentialAction":[{"@type":"SearchAction","target":{"@type":"EntryPoint","urlTemplate":"https:\/\/blogs.futura-sciences.com\/bardintzeff\/?s={search_term_string}"},"query-input":{"@type":"PropertyValueSpecification","valueRequired":true,"valueName":"search_term_string"}}],"inLanguage":"fr-FR"},{"@type":"Person","@id":"https:\/\/blogs.futura-sciences.com\/bardintzeff\/#\/schema\/person\/974e1e0324e3e06f08253784e8eca61e","name":"jmbardintzeff","image":{"@type":"ImageObject","inLanguage":"fr-FR","@id":"https:\/\/blogs.futura-sciences.com\/bardintzeff\/#\/schema\/person\/image\/","url":"https:\/\/secure.gravatar.com\/avatar\/d38cb5297008217786910838f2aa1bda?s=96&d=mm&r=g","contentUrl":"https:\/\/secure.gravatar.com\/avatar\/d38cb5297008217786910838f2aa1bda?s=96&d=mm&r=g","caption":"jmbardintzeff"},"url":"https:\/\/blogs.futura-sciences.com\/bardintzeff\/author\/jmbardintzeff\/"}]}},"_links":{"self":[{"href":"https:\/\/blogs.futura-sciences.com\/bardintzeff\/wp-json\/wp\/v2\/posts\/518","targetHints":{"allow":["GET"]}}],"collection":[{"href":"https:\/\/blogs.futura-sciences.com\/bardintzeff\/wp-json\/wp\/v2\/posts"}],"about":[{"href":"https:\/\/blogs.futura-sciences.com\/bardintzeff\/wp-json\/wp\/v2\/types\/post"}],"author":[{"embeddable":true,"href":"https:\/\/blogs.futura-sciences.com\/bardintzeff\/wp-json\/wp\/v2\/users\/3"}],"replies":[{"embeddable":true,"href":"https:\/\/blogs.futura-sciences.com\/bardintzeff\/wp-json\/wp\/v2\/comments?post=518"}],"version-history":[{"count":4,"href":"https:\/\/blogs.futura-sciences.com\/bardintzeff\/wp-json\/wp\/v2\/posts\/518\/revisions"}],"predecessor-version":[{"id":524,"href":"https:\/\/blogs.futura-sciences.com\/bardintzeff\/wp-json\/wp\/v2\/posts\/518\/revisions\/524"}],"wp:attachment":[{"href":"https:\/\/blogs.futura-sciences.com\/bardintzeff\/wp-json\/wp\/v2\/media?parent=518"}],"wp:term":[{"taxonomy":"category","embeddable":true,"href":"https:\/\/blogs.futura-sciences.com\/bardintzeff\/wp-json\/wp\/v2\/categories?post=518"},{"taxonomy":"post_tag","embeddable":true,"href":"https:\/\/blogs.futura-sciences.com\/bardintzeff\/wp-json\/wp\/v2\/tags?post=518"}],"curies":[{"name":"wp","href":"https:\/\/api.w.org\/{rel}","templated":true}]}}