{"id":327,"date":"2014-05-24T13:14:18","date_gmt":"2014-05-24T13:14:18","guid":{"rendered":"https:\/\/blogs.futura-sciences.com\/bardintzeff\/?p=327"},"modified":"2015-03-28T15:21:30","modified_gmt":"2015-03-28T15:21:30","slug":"images-volcan-mont-cameroun","status":"publish","type":"post","link":"https:\/\/blogs.futura-sciences.com\/bardintzeff\/2014\/05\/24\/images-volcan-mont-cameroun\/","title":{"rendered":"Images de volcan : le mont Cameroun"},"content":{"rendered":"<p><a title=\"Mon livre \u00ab Volcanologue. De la passion \u00e0 la vocation \u00bb, \u00c9ditions Vuibert, 2009\" href=\"http:\/\/www.calameo.com\/read\/0000158562c0450259be3\">Mon livre \u00ab\u00a0Volcanologue. De la passion \u00e0 la vocation\u00a0\u00bb, \u00c9ditions Vuibert, 2009<\/a><\/p>\n<p>Un extrait\u00a0:<\/p>\n<p>\u2026 j&#8217;apprends que le mont Cameroun est sorti, le 28 mars (1999), d&#8217;un sommeil de dix-sept ans. Une fissure s&#8217;est ouverte sur son flanc sud et d&#8217;importantes coul\u00e9es de lave se dirigent vers des zones habit\u00e9es.<\/p>\n<p>Le Cameroun est travers\u00e9 en \u00e9charpe, du lac Tchad, au nord, au mont Cameroun, au sud, par un alignement volcano-plutonique majeur, long d&#8217;environ un millier de kilom\u00e8tres, appel\u00e9 \u00ab\u00a0Ligne du Cameroun\u00a0\u00bb, prolong\u00e9e en mer par les \u00eeles du golfe de Guin\u00e9e. Le mont Cameroun se situe pr\u00e8s de l&#8217;oc\u00e9an Atlantique. Il s&#8217;agit d&#8217;un volcan g\u00e9ant, culminant \u00e0 4\u00a0095\u00a0m, parsem\u00e9 d&#8217;une centaine de petits c\u00f4nes, souvent align\u00e9s sur des fissures.<\/p>\n<p>Nous arrivons sur place d\u00e9but avril. D\u00e8s le premier soir, nous nous rendons au front de la coul\u00e9e active. Celui-ci, incandescent, mesure plus de 10\u00a0m de haut. Des blocs \u00e9normes, plurim\u00e9triques s&#8217;en d\u00e9tachent et s&#8217;\u00e9croulent dans un bruit d&#8217;explosion et de \u00ab\u00a0vaisselle cass\u00e9e\u00a0\u00bb. La silhouette des palmiers se d\u00e9tache sur le fond orang\u00e9 de la sc\u00e8ne\u00a0: ils n&#8217;ont plus que quelques heures \u00e0 vivre avant de br\u00fbler, irr\u00e9m\u00e9diablement.<\/p>\n<p><a href=\"https:\/\/blogs.futura-sciences.com\/bardintzeff\/wp-content\/uploads\/sites\/3\/2014\/05\/Bardintzeff.CAM5_.08.jpg\" rel=\"lightbox[327]\"><img loading=\"lazy\" decoding=\"async\" class=\"alignnone  wp-image-329\" src=\"https:\/\/blogs.futura-sciences.com\/bardintzeff\/wp-content\/uploads\/sites\/3\/2014\/05\/Bardintzeff.CAM5_.08-450x289.jpg\" alt=\"Bardintzeff.CAM5.08\" width=\"513\" height=\"329\" srcset=\"https:\/\/blogs.futura-sciences.com\/bardintzeff\/wp-content\/uploads\/sites\/3\/2014\/05\/Bardintzeff.CAM5_.08-450x289.jpg 450w, https:\/\/blogs.futura-sciences.com\/bardintzeff\/wp-content\/uploads\/sites\/3\/2014\/05\/Bardintzeff.CAM5_.08-1024x658.jpg 1024w, https:\/\/blogs.futura-sciences.com\/bardintzeff\/wp-content\/uploads\/sites\/3\/2014\/05\/Bardintzeff.CAM5_.08.jpg 1417w\" sizes=\"auto, (max-width: 513px) 100vw, 513px\" \/><\/a><\/p>\n<p>Coul\u00e9e de lave au mont Cameroun (\u00a9 J.M. Bardintzeff).<\/p>\n<p><a href=\"https:\/\/blogs.futura-sciences.com\/bardintzeff\/wp-content\/uploads\/sites\/3\/2014\/05\/Bardintzeff.CAM4_.24.jpg\" rel=\"lightbox[327]\"><img loading=\"lazy\" decoding=\"async\" class=\"alignnone  wp-image-332\" src=\"https:\/\/blogs.futura-sciences.com\/bardintzeff\/wp-content\/uploads\/sites\/3\/2014\/05\/Bardintzeff.CAM4_.24-287x450.jpg\" alt=\"Bardintzeff.CAM4.24\" width=\"366\" height=\"574\" \/><\/a><\/p>\n<p>Le mont Cameroun en \u00e9ruption en avril 1999 (\u00a9 J.M. Bardintzeff).<\/p>\n<!-- AddThis Advanced Settings generic via filter on the_content --><!-- AddThis Share Buttons generic via filter on the_content -->","protected":false},"excerpt":{"rendered":"<p>Mon livre \u00ab\u00a0Volcanologue. De la passion \u00e0 la vocation\u00a0\u00bb, \u00c9ditions Vuibert, 2009 Un extrait\u00a0: \u2026 j&#8217;apprends que le mont Cameroun est sorti, le 28 mars (1999), d&#8217;un sommeil de dix-sept ans. Une fissure s&#8217;est ouverte sur son flanc sud et d&#8217;importantes coul\u00e9es de lave se dirigent vers des zones habit\u00e9es. Le Cameroun est travers\u00e9 en &hellip; <a href=\"https:\/\/blogs.futura-sciences.com\/bardintzeff\/2014\/05\/24\/images-volcan-mont-cameroun\/\" class=\"more-link\">Continuer la lecture de <span class=\"screen-reader-text\">Images de volcan : le mont Cameroun<\/span>  <span class=\"meta-nav\">&rarr;<\/span><\/a><!-- AddThis Advanced Settings generic via filter on get_the_excerpt --><!-- AddThis Share Buttons generic via filter on get_the_excerpt --><\/p>\n","protected":false},"author":3,"featured_media":0,"comment_status":"open","ping_status":"open","sticky":false,"template":"","format":"standard","meta":{"footnotes":"","_links_to":"","_links_to_target":""},"categories":[1],"tags":[85,86,17,3],"class_list":["post-327","post","type-post","status-publish","format-standard","hentry","category-uncategorized","tag-cameroun","tag-coulee-de-lave","tag-eruption","tag-volcan"],"yoast_head":"<!-- This site is optimized with the Yoast SEO plugin v24.1 - https:\/\/yoast.com\/wordpress\/plugins\/seo\/ -->\n<title>Images de volcan : le mont Cameroun, par Jacques-Marie Bardintzeff<\/title>\n<meta name=\"robots\" content=\"index, follow, max-snippet:-1, max-image-preview:large, max-video-preview:-1\" \/>\n<link rel=\"canonical\" href=\"https:\/\/blogs.futura-sciences.com\/bardintzeff\/2014\/05\/24\/images-volcan-mont-cameroun\/\" \/>\n<meta property=\"og:locale\" content=\"fr_FR\" \/>\n<meta property=\"og:type\" content=\"article\" \/>\n<meta property=\"og:title\" content=\"Images de volcan : le mont Cameroun, par Jacques-Marie Bardintzeff\" \/>\n<meta property=\"og:description\" content=\"Mon livre \u00ab\u00a0Volcanologue. De la passion \u00e0 la vocation\u00a0\u00bb, \u00c9ditions Vuibert, 2009 Un extrait\u00a0: \u2026 j&#8217;apprends que le mont Cameroun est sorti, le 28 mars (1999), d&#8217;un sommeil de dix-sept ans. Une fissure s&#8217;est ouverte sur son flanc sud et d&#8217;importantes coul\u00e9es de lave se dirigent vers des zones habit\u00e9es. Le Cameroun est travers\u00e9 en &hellip; Continuer la lecture de Images de volcan : le mont Cameroun &rarr;\" \/>\n<meta property=\"og:url\" content=\"https:\/\/blogs.futura-sciences.com\/bardintzeff\/2014\/05\/24\/images-volcan-mont-cameroun\/\" \/>\n<meta property=\"og:site_name\" content=\"VOLCANMANIA : le blog de Jacques-Marie BARDINTZEFF, volcanologue\" \/>\n<meta property=\"article:published_time\" content=\"2014-05-24T13:14:18+00:00\" \/>\n<meta property=\"article:modified_time\" content=\"2015-03-28T15:21:30+00:00\" \/>\n<meta property=\"og:image\" content=\"https:\/\/blogs.futura-sciences.com\/bardintzeff\/wp-content\/uploads\/sites\/3\/2014\/05\/Bardintzeff.CAM5_.08.jpg\" \/>\n\t<meta property=\"og:image:width\" content=\"1417\" \/>\n\t<meta property=\"og:image:height\" content=\"911\" \/>\n\t<meta property=\"og:image:type\" content=\"image\/jpeg\" \/>\n<meta name=\"author\" content=\"jmbardintzeff\" \/>\n<meta name=\"twitter:card\" content=\"summary_large_image\" \/>\n<meta name=\"twitter:label1\" content=\"\u00c9crit par\" \/>\n\t<meta name=\"twitter:data1\" content=\"jmbardintzeff\" \/>\n\t<meta name=\"twitter:label2\" content=\"Dur\u00e9e de lecture estim\u00e9e\" \/>\n\t<meta name=\"twitter:data2\" content=\"1 minute\" \/>\n<script type=\"application\/ld+json\" class=\"yoast-schema-graph\">{\"@context\":\"https:\/\/schema.org\",\"@graph\":[{\"@type\":\"WebPage\",\"@id\":\"https:\/\/blogs.futura-sciences.com\/bardintzeff\/2014\/05\/24\/images-volcan-mont-cameroun\/\",\"url\":\"https:\/\/blogs.futura-sciences.com\/bardintzeff\/2014\/05\/24\/images-volcan-mont-cameroun\/\",\"name\":\"Images de volcan : le mont Cameroun, par Jacques-Marie Bardintzeff\",\"isPartOf\":{\"@id\":\"https:\/\/blogs.futura-sciences.com\/bardintzeff\/#website\"},\"primaryImageOfPage\":{\"@id\":\"https:\/\/blogs.futura-sciences.com\/bardintzeff\/2014\/05\/24\/images-volcan-mont-cameroun\/#primaryimage\"},\"image\":{\"@id\":\"https:\/\/blogs.futura-sciences.com\/bardintzeff\/2014\/05\/24\/images-volcan-mont-cameroun\/#primaryimage\"},\"thumbnailUrl\":\"https:\/\/blogs.futura-sciences.com\/bardintzeff\/wp-content\/uploads\/sites\/3\/2014\/05\/Bardintzeff.CAM5_.08-450x289.jpg\",\"datePublished\":\"2014-05-24T13:14:18+00:00\",\"dateModified\":\"2015-03-28T15:21:30+00:00\",\"author\":{\"@id\":\"https:\/\/blogs.futura-sciences.com\/bardintzeff\/#\/schema\/person\/974e1e0324e3e06f08253784e8eca61e\"},\"inLanguage\":\"fr-FR\",\"potentialAction\":[{\"@type\":\"ReadAction\",\"target\":[\"https:\/\/blogs.futura-sciences.com\/bardintzeff\/2014\/05\/24\/images-volcan-mont-cameroun\/\"]}]},{\"@type\":\"ImageObject\",\"inLanguage\":\"fr-FR\",\"@id\":\"https:\/\/blogs.futura-sciences.com\/bardintzeff\/2014\/05\/24\/images-volcan-mont-cameroun\/#primaryimage\",\"url\":\"https:\/\/blogs.futura-sciences.com\/bardintzeff\/wp-content\/uploads\/sites\/3\/2014\/05\/Bardintzeff.CAM5_.08.jpg\",\"contentUrl\":\"https:\/\/blogs.futura-sciences.com\/bardintzeff\/wp-content\/uploads\/sites\/3\/2014\/05\/Bardintzeff.CAM5_.08.jpg\",\"width\":1417,\"height\":911},{\"@type\":\"WebSite\",\"@id\":\"https:\/\/blogs.futura-sciences.com\/bardintzeff\/#website\",\"url\":\"https:\/\/blogs.futura-sciences.com\/bardintzeff\/\",\"name\":\"VOLCANMANIA : le blog de Jacques-Marie BARDINTZEFF, volcanologue\",\"description\":\"Les volcans ? Passionn\u00e9ment ! Les volcans ne sont pas toujours m\u00e9chants, ils sont aussi les t\u00e9moins de la Terre active !\",\"potentialAction\":[{\"@type\":\"SearchAction\",\"target\":{\"@type\":\"EntryPoint\",\"urlTemplate\":\"https:\/\/blogs.futura-sciences.com\/bardintzeff\/?s={search_term_string}\"},\"query-input\":{\"@type\":\"PropertyValueSpecification\",\"valueRequired\":true,\"valueName\":\"search_term_string\"}}],\"inLanguage\":\"fr-FR\"},{\"@type\":\"Person\",\"@id\":\"https:\/\/blogs.futura-sciences.com\/bardintzeff\/#\/schema\/person\/974e1e0324e3e06f08253784e8eca61e\",\"name\":\"jmbardintzeff\",\"image\":{\"@type\":\"ImageObject\",\"inLanguage\":\"fr-FR\",\"@id\":\"https:\/\/blogs.futura-sciences.com\/bardintzeff\/#\/schema\/person\/image\/\",\"url\":\"https:\/\/secure.gravatar.com\/avatar\/d38cb5297008217786910838f2aa1bda?s=96&d=mm&r=g\",\"contentUrl\":\"https:\/\/secure.gravatar.com\/avatar\/d38cb5297008217786910838f2aa1bda?s=96&d=mm&r=g\",\"caption\":\"jmbardintzeff\"},\"url\":\"https:\/\/blogs.futura-sciences.com\/bardintzeff\/author\/jmbardintzeff\/\"}]}<\/script>\n<!-- \/ Yoast SEO plugin. -->","yoast_head_json":{"title":"Images de volcan : le mont Cameroun, par Jacques-Marie Bardintzeff","robots":{"index":"index","follow":"follow","max-snippet":"max-snippet:-1","max-image-preview":"max-image-preview:large","max-video-preview":"max-video-preview:-1"},"canonical":"https:\/\/blogs.futura-sciences.com\/bardintzeff\/2014\/05\/24\/images-volcan-mont-cameroun\/","og_locale":"fr_FR","og_type":"article","og_title":"Images de volcan : le mont Cameroun, par Jacques-Marie Bardintzeff","og_description":"Mon livre \u00ab\u00a0Volcanologue. De la passion \u00e0 la vocation\u00a0\u00bb, \u00c9ditions Vuibert, 2009 Un extrait\u00a0: \u2026 j&#8217;apprends que le mont Cameroun est sorti, le 28 mars (1999), d&#8217;un sommeil de dix-sept ans. Une fissure s&#8217;est ouverte sur son flanc sud et d&#8217;importantes coul\u00e9es de lave se dirigent vers des zones habit\u00e9es. Le Cameroun est travers\u00e9 en &hellip; Continuer la lecture de Images de volcan : le mont Cameroun &rarr;","og_url":"https:\/\/blogs.futura-sciences.com\/bardintzeff\/2014\/05\/24\/images-volcan-mont-cameroun\/","og_site_name":"VOLCANMANIA : le blog de Jacques-Marie BARDINTZEFF, volcanologue","article_published_time":"2014-05-24T13:14:18+00:00","article_modified_time":"2015-03-28T15:21:30+00:00","og_image":[{"width":1417,"height":911,"url":"https:\/\/blogs.futura-sciences.com\/bardintzeff\/wp-content\/uploads\/sites\/3\/2014\/05\/Bardintzeff.CAM5_.08.jpg","type":"image\/jpeg"}],"author":"jmbardintzeff","twitter_card":"summary_large_image","twitter_misc":{"\u00c9crit par":"jmbardintzeff","Dur\u00e9e de lecture estim\u00e9e":"1 minute"},"schema":{"@context":"https:\/\/schema.org","@graph":[{"@type":"WebPage","@id":"https:\/\/blogs.futura-sciences.com\/bardintzeff\/2014\/05\/24\/images-volcan-mont-cameroun\/","url":"https:\/\/blogs.futura-sciences.com\/bardintzeff\/2014\/05\/24\/images-volcan-mont-cameroun\/","name":"Images de volcan : le mont Cameroun, par Jacques-Marie Bardintzeff","isPartOf":{"@id":"https:\/\/blogs.futura-sciences.com\/bardintzeff\/#website"},"primaryImageOfPage":{"@id":"https:\/\/blogs.futura-sciences.com\/bardintzeff\/2014\/05\/24\/images-volcan-mont-cameroun\/#primaryimage"},"image":{"@id":"https:\/\/blogs.futura-sciences.com\/bardintzeff\/2014\/05\/24\/images-volcan-mont-cameroun\/#primaryimage"},"thumbnailUrl":"https:\/\/blogs.futura-sciences.com\/bardintzeff\/wp-content\/uploads\/sites\/3\/2014\/05\/Bardintzeff.CAM5_.08-450x289.jpg","datePublished":"2014-05-24T13:14:18+00:00","dateModified":"2015-03-28T15:21:30+00:00","author":{"@id":"https:\/\/blogs.futura-sciences.com\/bardintzeff\/#\/schema\/person\/974e1e0324e3e06f08253784e8eca61e"},"inLanguage":"fr-FR","potentialAction":[{"@type":"ReadAction","target":["https:\/\/blogs.futura-sciences.com\/bardintzeff\/2014\/05\/24\/images-volcan-mont-cameroun\/"]}]},{"@type":"ImageObject","inLanguage":"fr-FR","@id":"https:\/\/blogs.futura-sciences.com\/bardintzeff\/2014\/05\/24\/images-volcan-mont-cameroun\/#primaryimage","url":"https:\/\/blogs.futura-sciences.com\/bardintzeff\/wp-content\/uploads\/sites\/3\/2014\/05\/Bardintzeff.CAM5_.08.jpg","contentUrl":"https:\/\/blogs.futura-sciences.com\/bardintzeff\/wp-content\/uploads\/sites\/3\/2014\/05\/Bardintzeff.CAM5_.08.jpg","width":1417,"height":911},{"@type":"WebSite","@id":"https:\/\/blogs.futura-sciences.com\/bardintzeff\/#website","url":"https:\/\/blogs.futura-sciences.com\/bardintzeff\/","name":"VOLCANMANIA : le blog de Jacques-Marie BARDINTZEFF, volcanologue","description":"Les volcans ? Passionn\u00e9ment ! Les volcans ne sont pas toujours m\u00e9chants, ils sont aussi les t\u00e9moins de la Terre active !","potentialAction":[{"@type":"SearchAction","target":{"@type":"EntryPoint","urlTemplate":"https:\/\/blogs.futura-sciences.com\/bardintzeff\/?s={search_term_string}"},"query-input":{"@type":"PropertyValueSpecification","valueRequired":true,"valueName":"search_term_string"}}],"inLanguage":"fr-FR"},{"@type":"Person","@id":"https:\/\/blogs.futura-sciences.com\/bardintzeff\/#\/schema\/person\/974e1e0324e3e06f08253784e8eca61e","name":"jmbardintzeff","image":{"@type":"ImageObject","inLanguage":"fr-FR","@id":"https:\/\/blogs.futura-sciences.com\/bardintzeff\/#\/schema\/person\/image\/","url":"https:\/\/secure.gravatar.com\/avatar\/d38cb5297008217786910838f2aa1bda?s=96&d=mm&r=g","contentUrl":"https:\/\/secure.gravatar.com\/avatar\/d38cb5297008217786910838f2aa1bda?s=96&d=mm&r=g","caption":"jmbardintzeff"},"url":"https:\/\/blogs.futura-sciences.com\/bardintzeff\/author\/jmbardintzeff\/"}]}},"_links":{"self":[{"href":"https:\/\/blogs.futura-sciences.com\/bardintzeff\/wp-json\/wp\/v2\/posts\/327","targetHints":{"allow":["GET"]}}],"collection":[{"href":"https:\/\/blogs.futura-sciences.com\/bardintzeff\/wp-json\/wp\/v2\/posts"}],"about":[{"href":"https:\/\/blogs.futura-sciences.com\/bardintzeff\/wp-json\/wp\/v2\/types\/post"}],"author":[{"embeddable":true,"href":"https:\/\/blogs.futura-sciences.com\/bardintzeff\/wp-json\/wp\/v2\/users\/3"}],"replies":[{"embeddable":true,"href":"https:\/\/blogs.futura-sciences.com\/bardintzeff\/wp-json\/wp\/v2\/comments?post=327"}],"version-history":[{"count":8,"href":"https:\/\/blogs.futura-sciences.com\/bardintzeff\/wp-json\/wp\/v2\/posts\/327\/revisions"}],"predecessor-version":[{"id":337,"href":"https:\/\/blogs.futura-sciences.com\/bardintzeff\/wp-json\/wp\/v2\/posts\/327\/revisions\/337"}],"wp:attachment":[{"href":"https:\/\/blogs.futura-sciences.com\/bardintzeff\/wp-json\/wp\/v2\/media?parent=327"}],"wp:term":[{"taxonomy":"category","embeddable":true,"href":"https:\/\/blogs.futura-sciences.com\/bardintzeff\/wp-json\/wp\/v2\/categories?post=327"},{"taxonomy":"post_tag","embeddable":true,"href":"https:\/\/blogs.futura-sciences.com\/bardintzeff\/wp-json\/wp\/v2\/tags?post=327"}],"curies":[{"name":"wp","href":"https:\/\/api.w.org\/{rel}","templated":true}]}}