{"id":2488,"date":"2017-08-10T13:09:28","date_gmt":"2017-08-10T13:09:28","guid":{"rendered":"https:\/\/blogs.futura-sciences.com\/bardintzeff\/?p=2488"},"modified":"2019-10-11T15:12:56","modified_gmt":"2019-10-11T15:12:56","slug":"soleil-se-couche-danemark","status":"publish","type":"post","link":"https:\/\/blogs.futura-sciences.com\/bardintzeff\/2017\/08\/10\/soleil-se-couche-danemark\/","title":{"rendered":"Le soleil se couche sur le Danemark"},"content":{"rendered":"<p>Le 19 juillet, sur le vol de nuit Japan Airlines JL 046, entre Paris et Tokyo, le soleil n\u2019arr\u00eate pas de se coucher car on fr\u00f4le le cercle polaire.<\/p>\n<p><img loading=\"lazy\" decoding=\"async\" class=\"alignnone wp-image-2492\" src=\"https:\/\/blogs.futura-sciences.com\/bardintzeff\/wp-content\/uploads\/sites\/3\/2017\/08\/SAM_0106.Danemark.low_.s-450x366.jpg\" alt=\"\" width=\"491\" height=\"399\" srcset=\"https:\/\/blogs.futura-sciences.com\/bardintzeff\/wp-content\/uploads\/sites\/3\/2017\/08\/SAM_0106.Danemark.low_.s-450x366.jpg 450w, https:\/\/blogs.futura-sciences.com\/bardintzeff\/wp-content\/uploads\/sites\/3\/2017\/08\/SAM_0106.Danemark.low_.s-768x625.jpg 768w, https:\/\/blogs.futura-sciences.com\/bardintzeff\/wp-content\/uploads\/sites\/3\/2017\/08\/SAM_0106.Danemark.low_.s-1024x834.jpg 1024w\" sizes=\"auto, (max-width: 491px) 100vw, 491px\" \/>Soleil couchant sur le Danemark (\u00a9 J.M. Bardintzeff).<\/p>\n<p><!--more-->Connecting fly to Kushiro, Hokkaido (\u00e0 suivre) !<\/p>\n<!-- AddThis Advanced Settings generic via filter on the_content --><!-- AddThis Share Buttons generic via filter on the_content -->","protected":false},"excerpt":{"rendered":"<p>Le 19 juillet, sur le vol de nuit Japan Airlines JL 046, entre Paris et Tokyo, le soleil n\u2019arr\u00eate pas de se coucher car on fr\u00f4le le cercle polaire. Soleil couchant sur le Danemark (\u00a9 J.M. Bardintzeff).<!-- AddThis Advanced Settings generic via filter on get_the_excerpt --><!-- AddThis Share Buttons generic via filter on get_the_excerpt --><\/p>\n","protected":false},"author":3,"featured_media":0,"comment_status":"open","ping_status":"open","sticky":false,"template":"","format":"standard","meta":{"footnotes":"","_links_to":"","_links_to_target":""},"categories":[8],"tags":[913,914],"class_list":["post-2488","post","type-post","status-publish","format-standard","hentry","category-voyages","tag-danemark","tag-soleil"],"yoast_head":"<!-- This site is optimized with the Yoast SEO plugin v24.1 - https:\/\/yoast.com\/wordpress\/plugins\/seo\/ -->\n<title>Le soleil se couche sur le Danemark, par Jacques-Marie Bardintzeff<\/title>\n<meta name=\"robots\" content=\"index, follow, max-snippet:-1, max-image-preview:large, max-video-preview:-1\" \/>\n<link rel=\"canonical\" href=\"https:\/\/blogs.futura-sciences.com\/bardintzeff\/2017\/08\/10\/soleil-se-couche-danemark\/\" \/>\n<meta property=\"og:locale\" content=\"fr_FR\" \/>\n<meta property=\"og:type\" content=\"article\" \/>\n<meta property=\"og:title\" content=\"Le soleil se couche sur le Danemark, par Jacques-Marie Bardintzeff\" \/>\n<meta property=\"og:description\" content=\"Le 19 juillet, sur le vol de nuit Japan Airlines JL 046, entre Paris et Tokyo, le soleil n\u2019arr\u00eate pas de se coucher car on fr\u00f4le le cercle polaire. Soleil couchant sur le Danemark (\u00a9 J.M. Bardintzeff).\" \/>\n<meta property=\"og:url\" content=\"https:\/\/blogs.futura-sciences.com\/bardintzeff\/2017\/08\/10\/soleil-se-couche-danemark\/\" \/>\n<meta property=\"og:site_name\" content=\"VOLCANMANIA : le blog de Jacques-Marie BARDINTZEFF, volcanologue\" \/>\n<meta property=\"article:published_time\" content=\"2017-08-10T13:09:28+00:00\" \/>\n<meta property=\"article:modified_time\" content=\"2019-10-11T15:12:56+00:00\" \/>\n<meta property=\"og:image\" content=\"https:\/\/blogs.futura-sciences.com\/bardintzeff\/wp-content\/uploads\/sites\/3\/2017\/08\/SAM_0106.Danemark.low_.s-450x366.jpg\" \/>\n<meta name=\"author\" content=\"jmbardintzeff\" \/>\n<meta name=\"twitter:card\" content=\"summary_large_image\" \/>\n<meta name=\"twitter:label1\" content=\"\u00c9crit par\" \/>\n\t<meta name=\"twitter:data1\" content=\"jmbardintzeff\" \/>\n<script type=\"application\/ld+json\" class=\"yoast-schema-graph\">{\"@context\":\"https:\/\/schema.org\",\"@graph\":[{\"@type\":\"WebPage\",\"@id\":\"https:\/\/blogs.futura-sciences.com\/bardintzeff\/2017\/08\/10\/soleil-se-couche-danemark\/\",\"url\":\"https:\/\/blogs.futura-sciences.com\/bardintzeff\/2017\/08\/10\/soleil-se-couche-danemark\/\",\"name\":\"Le soleil se couche sur le Danemark, par Jacques-Marie Bardintzeff\",\"isPartOf\":{\"@id\":\"https:\/\/blogs.futura-sciences.com\/bardintzeff\/#website\"},\"primaryImageOfPage\":{\"@id\":\"https:\/\/blogs.futura-sciences.com\/bardintzeff\/2017\/08\/10\/soleil-se-couche-danemark\/#primaryimage\"},\"image\":{\"@id\":\"https:\/\/blogs.futura-sciences.com\/bardintzeff\/2017\/08\/10\/soleil-se-couche-danemark\/#primaryimage\"},\"thumbnailUrl\":\"https:\/\/blogs.futura-sciences.com\/bardintzeff\/wp-content\/uploads\/sites\/3\/2017\/08\/SAM_0106.Danemark.low_.s-450x366.jpg\",\"datePublished\":\"2017-08-10T13:09:28+00:00\",\"dateModified\":\"2019-10-11T15:12:56+00:00\",\"author\":{\"@id\":\"https:\/\/blogs.futura-sciences.com\/bardintzeff\/#\/schema\/person\/974e1e0324e3e06f08253784e8eca61e\"},\"inLanguage\":\"fr-FR\",\"potentialAction\":[{\"@type\":\"ReadAction\",\"target\":[\"https:\/\/blogs.futura-sciences.com\/bardintzeff\/2017\/08\/10\/soleil-se-couche-danemark\/\"]}]},{\"@type\":\"ImageObject\",\"inLanguage\":\"fr-FR\",\"@id\":\"https:\/\/blogs.futura-sciences.com\/bardintzeff\/2017\/08\/10\/soleil-se-couche-danemark\/#primaryimage\",\"url\":\"https:\/\/blogs.futura-sciences.com\/bardintzeff\/wp-content\/uploads\/sites\/3\/2017\/08\/SAM_0106.Danemark.low_.s.jpg\",\"contentUrl\":\"https:\/\/blogs.futura-sciences.com\/bardintzeff\/wp-content\/uploads\/sites\/3\/2017\/08\/SAM_0106.Danemark.low_.s.jpg\",\"width\":3144,\"height\":2560},{\"@type\":\"WebSite\",\"@id\":\"https:\/\/blogs.futura-sciences.com\/bardintzeff\/#website\",\"url\":\"https:\/\/blogs.futura-sciences.com\/bardintzeff\/\",\"name\":\"VOLCANMANIA : le blog de Jacques-Marie BARDINTZEFF, volcanologue\",\"description\":\"Les volcans ? Passionn\u00e9ment ! Les volcans ne sont pas toujours m\u00e9chants, ils sont aussi les t\u00e9moins de la Terre active !\",\"potentialAction\":[{\"@type\":\"SearchAction\",\"target\":{\"@type\":\"EntryPoint\",\"urlTemplate\":\"https:\/\/blogs.futura-sciences.com\/bardintzeff\/?s={search_term_string}\"},\"query-input\":{\"@type\":\"PropertyValueSpecification\",\"valueRequired\":true,\"valueName\":\"search_term_string\"}}],\"inLanguage\":\"fr-FR\"},{\"@type\":\"Person\",\"@id\":\"https:\/\/blogs.futura-sciences.com\/bardintzeff\/#\/schema\/person\/974e1e0324e3e06f08253784e8eca61e\",\"name\":\"jmbardintzeff\",\"image\":{\"@type\":\"ImageObject\",\"inLanguage\":\"fr-FR\",\"@id\":\"https:\/\/blogs.futura-sciences.com\/bardintzeff\/#\/schema\/person\/image\/\",\"url\":\"https:\/\/secure.gravatar.com\/avatar\/d38cb5297008217786910838f2aa1bda?s=96&d=mm&r=g\",\"contentUrl\":\"https:\/\/secure.gravatar.com\/avatar\/d38cb5297008217786910838f2aa1bda?s=96&d=mm&r=g\",\"caption\":\"jmbardintzeff\"},\"url\":\"https:\/\/blogs.futura-sciences.com\/bardintzeff\/author\/jmbardintzeff\/\"}]}<\/script>\n<!-- \/ Yoast SEO plugin. -->","yoast_head_json":{"title":"Le soleil se couche sur le Danemark, par Jacques-Marie Bardintzeff","robots":{"index":"index","follow":"follow","max-snippet":"max-snippet:-1","max-image-preview":"max-image-preview:large","max-video-preview":"max-video-preview:-1"},"canonical":"https:\/\/blogs.futura-sciences.com\/bardintzeff\/2017\/08\/10\/soleil-se-couche-danemark\/","og_locale":"fr_FR","og_type":"article","og_title":"Le soleil se couche sur le Danemark, par Jacques-Marie Bardintzeff","og_description":"Le 19 juillet, sur le vol de nuit Japan Airlines JL 046, entre Paris et Tokyo, le soleil n\u2019arr\u00eate pas de se coucher car on fr\u00f4le le cercle polaire. Soleil couchant sur le Danemark (\u00a9 J.M. Bardintzeff).","og_url":"https:\/\/blogs.futura-sciences.com\/bardintzeff\/2017\/08\/10\/soleil-se-couche-danemark\/","og_site_name":"VOLCANMANIA : le blog de Jacques-Marie BARDINTZEFF, volcanologue","article_published_time":"2017-08-10T13:09:28+00:00","article_modified_time":"2019-10-11T15:12:56+00:00","og_image":[{"url":"https:\/\/blogs.futura-sciences.com\/bardintzeff\/wp-content\/uploads\/sites\/3\/2017\/08\/SAM_0106.Danemark.low_.s-450x366.jpg","type":"","width":"","height":""}],"author":"jmbardintzeff","twitter_card":"summary_large_image","twitter_misc":{"\u00c9crit par":"jmbardintzeff"},"schema":{"@context":"https:\/\/schema.org","@graph":[{"@type":"WebPage","@id":"https:\/\/blogs.futura-sciences.com\/bardintzeff\/2017\/08\/10\/soleil-se-couche-danemark\/","url":"https:\/\/blogs.futura-sciences.com\/bardintzeff\/2017\/08\/10\/soleil-se-couche-danemark\/","name":"Le soleil se couche sur le Danemark, par Jacques-Marie Bardintzeff","isPartOf":{"@id":"https:\/\/blogs.futura-sciences.com\/bardintzeff\/#website"},"primaryImageOfPage":{"@id":"https:\/\/blogs.futura-sciences.com\/bardintzeff\/2017\/08\/10\/soleil-se-couche-danemark\/#primaryimage"},"image":{"@id":"https:\/\/blogs.futura-sciences.com\/bardintzeff\/2017\/08\/10\/soleil-se-couche-danemark\/#primaryimage"},"thumbnailUrl":"https:\/\/blogs.futura-sciences.com\/bardintzeff\/wp-content\/uploads\/sites\/3\/2017\/08\/SAM_0106.Danemark.low_.s-450x366.jpg","datePublished":"2017-08-10T13:09:28+00:00","dateModified":"2019-10-11T15:12:56+00:00","author":{"@id":"https:\/\/blogs.futura-sciences.com\/bardintzeff\/#\/schema\/person\/974e1e0324e3e06f08253784e8eca61e"},"inLanguage":"fr-FR","potentialAction":[{"@type":"ReadAction","target":["https:\/\/blogs.futura-sciences.com\/bardintzeff\/2017\/08\/10\/soleil-se-couche-danemark\/"]}]},{"@type":"ImageObject","inLanguage":"fr-FR","@id":"https:\/\/blogs.futura-sciences.com\/bardintzeff\/2017\/08\/10\/soleil-se-couche-danemark\/#primaryimage","url":"https:\/\/blogs.futura-sciences.com\/bardintzeff\/wp-content\/uploads\/sites\/3\/2017\/08\/SAM_0106.Danemark.low_.s.jpg","contentUrl":"https:\/\/blogs.futura-sciences.com\/bardintzeff\/wp-content\/uploads\/sites\/3\/2017\/08\/SAM_0106.Danemark.low_.s.jpg","width":3144,"height":2560},{"@type":"WebSite","@id":"https:\/\/blogs.futura-sciences.com\/bardintzeff\/#website","url":"https:\/\/blogs.futura-sciences.com\/bardintzeff\/","name":"VOLCANMANIA : le blog de Jacques-Marie BARDINTZEFF, volcanologue","description":"Les volcans ? Passionn\u00e9ment ! Les volcans ne sont pas toujours m\u00e9chants, ils sont aussi les t\u00e9moins de la Terre active !","potentialAction":[{"@type":"SearchAction","target":{"@type":"EntryPoint","urlTemplate":"https:\/\/blogs.futura-sciences.com\/bardintzeff\/?s={search_term_string}"},"query-input":{"@type":"PropertyValueSpecification","valueRequired":true,"valueName":"search_term_string"}}],"inLanguage":"fr-FR"},{"@type":"Person","@id":"https:\/\/blogs.futura-sciences.com\/bardintzeff\/#\/schema\/person\/974e1e0324e3e06f08253784e8eca61e","name":"jmbardintzeff","image":{"@type":"ImageObject","inLanguage":"fr-FR","@id":"https:\/\/blogs.futura-sciences.com\/bardintzeff\/#\/schema\/person\/image\/","url":"https:\/\/secure.gravatar.com\/avatar\/d38cb5297008217786910838f2aa1bda?s=96&d=mm&r=g","contentUrl":"https:\/\/secure.gravatar.com\/avatar\/d38cb5297008217786910838f2aa1bda?s=96&d=mm&r=g","caption":"jmbardintzeff"},"url":"https:\/\/blogs.futura-sciences.com\/bardintzeff\/author\/jmbardintzeff\/"}]}},"_links":{"self":[{"href":"https:\/\/blogs.futura-sciences.com\/bardintzeff\/wp-json\/wp\/v2\/posts\/2488","targetHints":{"allow":["GET"]}}],"collection":[{"href":"https:\/\/blogs.futura-sciences.com\/bardintzeff\/wp-json\/wp\/v2\/posts"}],"about":[{"href":"https:\/\/blogs.futura-sciences.com\/bardintzeff\/wp-json\/wp\/v2\/types\/post"}],"author":[{"embeddable":true,"href":"https:\/\/blogs.futura-sciences.com\/bardintzeff\/wp-json\/wp\/v2\/users\/3"}],"replies":[{"embeddable":true,"href":"https:\/\/blogs.futura-sciences.com\/bardintzeff\/wp-json\/wp\/v2\/comments?post=2488"}],"version-history":[{"count":7,"href":"https:\/\/blogs.futura-sciences.com\/bardintzeff\/wp-json\/wp\/v2\/posts\/2488\/revisions"}],"predecessor-version":[{"id":5066,"href":"https:\/\/blogs.futura-sciences.com\/bardintzeff\/wp-json\/wp\/v2\/posts\/2488\/revisions\/5066"}],"wp:attachment":[{"href":"https:\/\/blogs.futura-sciences.com\/bardintzeff\/wp-json\/wp\/v2\/media?parent=2488"}],"wp:term":[{"taxonomy":"category","embeddable":true,"href":"https:\/\/blogs.futura-sciences.com\/bardintzeff\/wp-json\/wp\/v2\/categories?post=2488"},{"taxonomy":"post_tag","embeddable":true,"href":"https:\/\/blogs.futura-sciences.com\/bardintzeff\/wp-json\/wp\/v2\/tags?post=2488"}],"curies":[{"name":"wp","href":"https:\/\/api.w.org\/{rel}","templated":true}]}}