{"id":2462,"date":"2017-08-08T13:08:04","date_gmt":"2017-08-08T13:08:04","guid":{"rendered":"https:\/\/blogs.futura-sciences.com\/bardintzeff\/?p=2462"},"modified":"2022-09-29T16:22:34","modified_gmt":"2022-09-29T16:22:34","slug":"france-inter-depart-japon","status":"publish","type":"post","link":"https:\/\/blogs.futura-sciences.com\/bardintzeff\/2017\/08\/08\/france-inter-depart-japon\/","title":{"rendered":"France Inter : d\u00e9part pour le Japon"},"content":{"rendered":"<p>Un voyage volcanologique au Japon (voir mon blog du 18 octobre 2016) a \u00e9t\u00e9 organis\u00e9 par l&#8217;association ATLACE (Association Tous Loisirs, les Ambassades Culturelles et les Exp\u00e9ditions, logistique : Denice Moreau, conseiller scientifique et p\u00e9dagogique : Jacques-Marie Bardintzeff) du 19 juillet au 2 ao\u00fbt 2017, r\u00e9unissant 22 participants.<\/p>\n<p>Camille Juzeau, \u00e9ditrice de la revue \u00ab\u00a0Reliefs\u00a0\u00bb (voir mon blog des 8 juin, 16 juin et 23 juin 2017), \u00e9tait \u00e0 l\u2019a\u00e9roport Paris-Roissy-Charles-de-Gaulle pour recueillir \u00ab\u00a0sur le vif\u00a0\u00bb les impressions des participants au voyage alors qu\u2019ils enregistraient leurs bagages au comptoir de la Japan Airlines.<\/p>\n<p>La chronique &#8220;Sur le d\u00e9part&#8221;, a \u00e9t\u00e9 diffus\u00e9e sur France Inter, dans le cadre de l\u2019\u00e9mission &#8220;Le temps d\u2019un bivouac&#8221;, anim\u00e9e par Daniel Fi\u00e9vet, le 27 juillet 2017.<\/p>\n<p><img loading=\"lazy\" decoding=\"async\" class=\"alignnone wp-image-2465\" src=\"https:\/\/blogs.futura-sciences.com\/bardintzeff\/wp-content\/uploads\/sites\/3\/2017\/08\/Bardintzeff.SAM_0066.low_-406x450.jpg\" alt=\"\" width=\"454\" height=\"503\" srcset=\"https:\/\/blogs.futura-sciences.com\/bardintzeff\/wp-content\/uploads\/sites\/3\/2017\/08\/Bardintzeff.SAM_0066.low_-406x450.jpg 406w, https:\/\/blogs.futura-sciences.com\/bardintzeff\/wp-content\/uploads\/sites\/3\/2017\/08\/Bardintzeff.SAM_0066.low_-768x852.jpg 768w, https:\/\/blogs.futura-sciences.com\/bardintzeff\/wp-content\/uploads\/sites\/3\/2017\/08\/Bardintzeff.SAM_0066.low_-923x1024.jpg 923w, https:\/\/blogs.futura-sciences.com\/bardintzeff\/wp-content\/uploads\/sites\/3\/2017\/08\/Bardintzeff.SAM_0066.low_.jpg 1277w\" sizes=\"auto, (max-width: 454px) 100vw, 454px\" \/><\/p>\n<p>De gauche \u00e0 droite : Jean-Luc Pilet, Sandrine Jaccod, Camille Juzeau, Jacques-Marie Bardintzeff, le 19 juillet 2017 \u00e0 l\u2019a\u00e9roport Paris-Roissy-Charles-de-Gaulle (\u00a9 J.M. Bardintzeff).<\/p>\n<p>Pour r\u00e9\u00e9couter l\u2019\u00e9mission\u00a0:<\/p>\n<p><a href=\"https:\/\/www.franceinter.fr\/emissions\/le-temps-d-un-bivouac\">https:\/\/www.franceinter.fr\/emissions\/le-temps-d-un-bivouac<\/a><\/p>\n<p>choisir la date du 27\/7\/2017<\/p>\n<p>L\u2019\u00e9mission a pour th\u00e8me \u201eL\u2019Islande, terre de glace et de feu\u201c (invit\u00e9 : Arnaud Gu\u00e9rin).<\/p>\n<p>La chronique &#8220;Sur le d\u00e9part&#8221; se situe entre 40 mn 00 s et 44 mn 15 s.<\/p>\n<p><!--more--><\/p>\n<p><img loading=\"lazy\" decoding=\"async\" class=\"alignnone wp-image-2467\" src=\"https:\/\/blogs.futura-sciences.com\/bardintzeff\/wp-content\/uploads\/sites\/3\/2017\/08\/Bardintzeff.SAM_0075.low_-446x450.jpg\" alt=\"\" width=\"490\" height=\"494\" srcset=\"https:\/\/blogs.futura-sciences.com\/bardintzeff\/wp-content\/uploads\/sites\/3\/2017\/08\/Bardintzeff.SAM_0075.low_-446x450.jpg 446w, https:\/\/blogs.futura-sciences.com\/bardintzeff\/wp-content\/uploads\/sites\/3\/2017\/08\/Bardintzeff.SAM_0075.low_-150x150.jpg 150w, https:\/\/blogs.futura-sciences.com\/bardintzeff\/wp-content\/uploads\/sites\/3\/2017\/08\/Bardintzeff.SAM_0075.low_-768x776.jpg 768w, https:\/\/blogs.futura-sciences.com\/bardintzeff\/wp-content\/uploads\/sites\/3\/2017\/08\/Bardintzeff.SAM_0075.low_-1014x1024.jpg 1014w, https:\/\/blogs.futura-sciences.com\/bardintzeff\/wp-content\/uploads\/sites\/3\/2017\/08\/Bardintzeff.SAM_0075.low_.jpg 1403w\" sizes=\"auto, (max-width: 490px) 100vw, 490px\" \/><\/p>\n<p>Jade Bardintzeff confie sa fascination pour l\u2019Empire du soleil levant\u2026 mais aussi sa crainte du long voyage a\u00e9rien \u00e0 venir\u00a0! (\u00a9 J.M. Bardintzeff).<\/p>\n<p><img loading=\"lazy\" decoding=\"async\" class=\"alignnone wp-image-2469\" src=\"https:\/\/blogs.futura-sciences.com\/bardintzeff\/wp-content\/uploads\/sites\/3\/2017\/08\/Bardintzeff.SAM_0077.low_-450x338.jpg\" alt=\"\" width=\"495\" height=\"372\" srcset=\"https:\/\/blogs.futura-sciences.com\/bardintzeff\/wp-content\/uploads\/sites\/3\/2017\/08\/Bardintzeff.SAM_0077.low_-450x338.jpg 450w, https:\/\/blogs.futura-sciences.com\/bardintzeff\/wp-content\/uploads\/sites\/3\/2017\/08\/Bardintzeff.SAM_0077.low_-768x576.jpg 768w, https:\/\/blogs.futura-sciences.com\/bardintzeff\/wp-content\/uploads\/sites\/3\/2017\/08\/Bardintzeff.SAM_0077.low_-1024x768.jpg 1024w, https:\/\/blogs.futura-sciences.com\/bardintzeff\/wp-content\/uploads\/sites\/3\/2017\/08\/Bardintzeff.SAM_0077.low_.jpg 1417w\" sizes=\"auto, (max-width: 495px) 100vw, 495px\" \/><\/p>\n<p>Isabelle Bardintzeff, souriante avant le d\u00e9part (\u00a9 J.M. Bardintzeff).<\/p>\n<p><img loading=\"lazy\" decoding=\"async\" class=\"alignnone wp-image-2471\" src=\"https:\/\/blogs.futura-sciences.com\/bardintzeff\/wp-content\/uploads\/sites\/3\/2017\/08\/Bardintzeff.SAM_0095.low_-450x338.jpg\" alt=\"\" width=\"498\" height=\"374\" srcset=\"https:\/\/blogs.futura-sciences.com\/bardintzeff\/wp-content\/uploads\/sites\/3\/2017\/08\/Bardintzeff.SAM_0095.low_-450x338.jpg 450w, https:\/\/blogs.futura-sciences.com\/bardintzeff\/wp-content\/uploads\/sites\/3\/2017\/08\/Bardintzeff.SAM_0095.low_-768x576.jpg 768w, https:\/\/blogs.futura-sciences.com\/bardintzeff\/wp-content\/uploads\/sites\/3\/2017\/08\/Bardintzeff.SAM_0095.low_-1024x768.jpg 1024w, https:\/\/blogs.futura-sciences.com\/bardintzeff\/wp-content\/uploads\/sites\/3\/2017\/08\/Bardintzeff.SAM_0095.low_.jpg 1417w\" sizes=\"auto, (max-width: 498px) 100vw, 498px\" \/><\/p>\n<p>De gauche \u00e0 droite : La correspondante Hasam\u00e9lis &#8211; Japan Airlines, Jacques-Marie Bardintzeff, Camille Juzeau (\u00a9 J.M. Bardintzeff).<\/p>\n<p>Nous reviendrons abondamment sur ce voyage volcanologique dans ce blog les prochains jours.<\/p>\n<!-- AddThis Advanced Settings generic via filter on the_content --><!-- AddThis Share Buttons generic via filter on the_content -->","protected":false},"excerpt":{"rendered":"<p>Un voyage volcanologique au Japon (voir mon blog du 18 octobre 2016) a \u00e9t\u00e9 organis\u00e9 par l&#8217;association ATLACE (Association Tous Loisirs, les Ambassades Culturelles et les Exp\u00e9ditions, logistique : Denice Moreau, conseiller scientifique et p\u00e9dagogique : Jacques-Marie Bardintzeff) du 19 juillet au 2 ao\u00fbt 2017, r\u00e9unissant 22 participants. Camille Juzeau, \u00e9ditrice de la revue \u00ab\u00a0Reliefs\u00a0\u00bb &hellip; <a href=\"https:\/\/blogs.futura-sciences.com\/bardintzeff\/2017\/08\/08\/france-inter-depart-japon\/\" class=\"more-link\">Continuer la lecture de <span class=\"screen-reader-text\">France Inter : d\u00e9part pour le Japon<\/span>  <span class=\"meta-nav\">&rarr;<\/span><\/a><!-- AddThis Advanced Settings generic via filter on get_the_excerpt --><!-- AddThis Share Buttons generic via filter on get_the_excerpt --><\/p>\n","protected":false},"author":3,"featured_media":0,"comment_status":"open","ping_status":"open","sticky":false,"template":"","format":"standard","meta":{"footnotes":"","_links_to":"","_links_to_target":""},"categories":[6,8],"tags":[523,21,455,270,907,94,882,908],"class_list":["post-2462","post","type-post","status-publish","format-standard","hentry","category-actualites","category-voyages","tag-atlace","tag-bardintzeff","tag-fievet","tag-france-inter","tag-guerin","tag-japon","tag-juzeau","tag-moreau"],"yoast_head":"<!-- This site is optimized with the Yoast SEO plugin v24.1 - https:\/\/yoast.com\/wordpress\/plugins\/seo\/ -->\n<title>France Inter : d\u00e9part pour le Japon, par Jacques-Marie Bardintzeff<\/title>\n<meta name=\"robots\" content=\"index, follow, max-snippet:-1, max-image-preview:large, max-video-preview:-1\" \/>\n<link rel=\"canonical\" href=\"https:\/\/blogs.futura-sciences.com\/bardintzeff\/2017\/08\/08\/france-inter-depart-japon\/\" \/>\n<meta property=\"og:locale\" content=\"fr_FR\" \/>\n<meta property=\"og:type\" content=\"article\" \/>\n<meta property=\"og:title\" content=\"France Inter : d\u00e9part pour le Japon, par Jacques-Marie Bardintzeff\" \/>\n<meta property=\"og:description\" content=\"Un voyage volcanologique au Japon (voir mon blog du 18 octobre 2016) a \u00e9t\u00e9 organis\u00e9 par l&#8217;association ATLACE (Association Tous Loisirs, les Ambassades Culturelles et les Exp\u00e9ditions, logistique : Denice Moreau, conseiller scientifique et p\u00e9dagogique : Jacques-Marie Bardintzeff) du 19 juillet au 2 ao\u00fbt 2017, r\u00e9unissant 22 participants. Camille Juzeau, \u00e9ditrice de la revue \u00ab\u00a0Reliefs\u00a0\u00bb &hellip; Continuer la lecture de France Inter : d\u00e9part pour le Japon &rarr;\" \/>\n<meta property=\"og:url\" content=\"https:\/\/blogs.futura-sciences.com\/bardintzeff\/2017\/08\/08\/france-inter-depart-japon\/\" \/>\n<meta property=\"og:site_name\" content=\"VOLCANMANIA : le blog de Jacques-Marie BARDINTZEFF, volcanologue\" \/>\n<meta property=\"article:published_time\" content=\"2017-08-08T13:08:04+00:00\" \/>\n<meta property=\"article:modified_time\" content=\"2022-09-29T16:22:34+00:00\" \/>\n<meta property=\"og:image\" content=\"https:\/\/blogs.futura-sciences.com\/bardintzeff\/wp-content\/uploads\/sites\/3\/2017\/08\/Bardintzeff.SAM_0066.low_-406x450.jpg\" \/>\n<meta name=\"author\" content=\"jmbardintzeff\" \/>\n<meta name=\"twitter:card\" content=\"summary_large_image\" \/>\n<meta name=\"twitter:label1\" content=\"\u00c9crit par\" \/>\n\t<meta name=\"twitter:data1\" content=\"jmbardintzeff\" \/>\n\t<meta name=\"twitter:label2\" content=\"Dur\u00e9e de lecture estim\u00e9e\" \/>\n\t<meta name=\"twitter:data2\" content=\"1 minute\" \/>\n<script type=\"application\/ld+json\" class=\"yoast-schema-graph\">{\"@context\":\"https:\/\/schema.org\",\"@graph\":[{\"@type\":\"WebPage\",\"@id\":\"https:\/\/blogs.futura-sciences.com\/bardintzeff\/2017\/08\/08\/france-inter-depart-japon\/\",\"url\":\"https:\/\/blogs.futura-sciences.com\/bardintzeff\/2017\/08\/08\/france-inter-depart-japon\/\",\"name\":\"France Inter : d\u00e9part pour le Japon, par Jacques-Marie Bardintzeff\",\"isPartOf\":{\"@id\":\"https:\/\/blogs.futura-sciences.com\/bardintzeff\/#website\"},\"primaryImageOfPage\":{\"@id\":\"https:\/\/blogs.futura-sciences.com\/bardintzeff\/2017\/08\/08\/france-inter-depart-japon\/#primaryimage\"},\"image\":{\"@id\":\"https:\/\/blogs.futura-sciences.com\/bardintzeff\/2017\/08\/08\/france-inter-depart-japon\/#primaryimage\"},\"thumbnailUrl\":\"https:\/\/blogs.futura-sciences.com\/bardintzeff\/wp-content\/uploads\/sites\/3\/2017\/08\/Bardintzeff.SAM_0066.low_-406x450.jpg\",\"datePublished\":\"2017-08-08T13:08:04+00:00\",\"dateModified\":\"2022-09-29T16:22:34+00:00\",\"author\":{\"@id\":\"https:\/\/blogs.futura-sciences.com\/bardintzeff\/#\/schema\/person\/974e1e0324e3e06f08253784e8eca61e\"},\"inLanguage\":\"fr-FR\",\"potentialAction\":[{\"@type\":\"ReadAction\",\"target\":[\"https:\/\/blogs.futura-sciences.com\/bardintzeff\/2017\/08\/08\/france-inter-depart-japon\/\"]}]},{\"@type\":\"ImageObject\",\"inLanguage\":\"fr-FR\",\"@id\":\"https:\/\/blogs.futura-sciences.com\/bardintzeff\/2017\/08\/08\/france-inter-depart-japon\/#primaryimage\",\"url\":\"https:\/\/blogs.futura-sciences.com\/bardintzeff\/wp-content\/uploads\/sites\/3\/2017\/08\/Bardintzeff.SAM_0066.low_.jpg\",\"contentUrl\":\"https:\/\/blogs.futura-sciences.com\/bardintzeff\/wp-content\/uploads\/sites\/3\/2017\/08\/Bardintzeff.SAM_0066.low_.jpg\",\"width\":1277,\"height\":1417},{\"@type\":\"WebSite\",\"@id\":\"https:\/\/blogs.futura-sciences.com\/bardintzeff\/#website\",\"url\":\"https:\/\/blogs.futura-sciences.com\/bardintzeff\/\",\"name\":\"VOLCANMANIA : le blog de Jacques-Marie BARDINTZEFF, volcanologue\",\"description\":\"Les volcans ? Passionn\u00e9ment ! Les volcans ne sont pas toujours m\u00e9chants, ils sont aussi les t\u00e9moins de la Terre active !\",\"potentialAction\":[{\"@type\":\"SearchAction\",\"target\":{\"@type\":\"EntryPoint\",\"urlTemplate\":\"https:\/\/blogs.futura-sciences.com\/bardintzeff\/?s={search_term_string}\"},\"query-input\":{\"@type\":\"PropertyValueSpecification\",\"valueRequired\":true,\"valueName\":\"search_term_string\"}}],\"inLanguage\":\"fr-FR\"},{\"@type\":\"Person\",\"@id\":\"https:\/\/blogs.futura-sciences.com\/bardintzeff\/#\/schema\/person\/974e1e0324e3e06f08253784e8eca61e\",\"name\":\"jmbardintzeff\",\"image\":{\"@type\":\"ImageObject\",\"inLanguage\":\"fr-FR\",\"@id\":\"https:\/\/blogs.futura-sciences.com\/bardintzeff\/#\/schema\/person\/image\/\",\"url\":\"https:\/\/secure.gravatar.com\/avatar\/d38cb5297008217786910838f2aa1bda?s=96&d=mm&r=g\",\"contentUrl\":\"https:\/\/secure.gravatar.com\/avatar\/d38cb5297008217786910838f2aa1bda?s=96&d=mm&r=g\",\"caption\":\"jmbardintzeff\"},\"url\":\"https:\/\/blogs.futura-sciences.com\/bardintzeff\/author\/jmbardintzeff\/\"}]}<\/script>\n<!-- \/ Yoast SEO plugin. -->","yoast_head_json":{"title":"France Inter : d\u00e9part pour le Japon, par Jacques-Marie Bardintzeff","robots":{"index":"index","follow":"follow","max-snippet":"max-snippet:-1","max-image-preview":"max-image-preview:large","max-video-preview":"max-video-preview:-1"},"canonical":"https:\/\/blogs.futura-sciences.com\/bardintzeff\/2017\/08\/08\/france-inter-depart-japon\/","og_locale":"fr_FR","og_type":"article","og_title":"France Inter : d\u00e9part pour le Japon, par Jacques-Marie Bardintzeff","og_description":"Un voyage volcanologique au Japon (voir mon blog du 18 octobre 2016) a \u00e9t\u00e9 organis\u00e9 par l&#8217;association ATLACE (Association Tous Loisirs, les Ambassades Culturelles et les Exp\u00e9ditions, logistique : Denice Moreau, conseiller scientifique et p\u00e9dagogique : Jacques-Marie Bardintzeff) du 19 juillet au 2 ao\u00fbt 2017, r\u00e9unissant 22 participants. Camille Juzeau, \u00e9ditrice de la revue \u00ab\u00a0Reliefs\u00a0\u00bb &hellip; Continuer la lecture de France Inter : d\u00e9part pour le Japon &rarr;","og_url":"https:\/\/blogs.futura-sciences.com\/bardintzeff\/2017\/08\/08\/france-inter-depart-japon\/","og_site_name":"VOLCANMANIA : le blog de Jacques-Marie BARDINTZEFF, volcanologue","article_published_time":"2017-08-08T13:08:04+00:00","article_modified_time":"2022-09-29T16:22:34+00:00","og_image":[{"url":"https:\/\/blogs.futura-sciences.com\/bardintzeff\/wp-content\/uploads\/sites\/3\/2017\/08\/Bardintzeff.SAM_0066.low_-406x450.jpg","type":"","width":"","height":""}],"author":"jmbardintzeff","twitter_card":"summary_large_image","twitter_misc":{"\u00c9crit par":"jmbardintzeff","Dur\u00e9e de lecture estim\u00e9e":"1 minute"},"schema":{"@context":"https:\/\/schema.org","@graph":[{"@type":"WebPage","@id":"https:\/\/blogs.futura-sciences.com\/bardintzeff\/2017\/08\/08\/france-inter-depart-japon\/","url":"https:\/\/blogs.futura-sciences.com\/bardintzeff\/2017\/08\/08\/france-inter-depart-japon\/","name":"France Inter : d\u00e9part pour le Japon, par Jacques-Marie Bardintzeff","isPartOf":{"@id":"https:\/\/blogs.futura-sciences.com\/bardintzeff\/#website"},"primaryImageOfPage":{"@id":"https:\/\/blogs.futura-sciences.com\/bardintzeff\/2017\/08\/08\/france-inter-depart-japon\/#primaryimage"},"image":{"@id":"https:\/\/blogs.futura-sciences.com\/bardintzeff\/2017\/08\/08\/france-inter-depart-japon\/#primaryimage"},"thumbnailUrl":"https:\/\/blogs.futura-sciences.com\/bardintzeff\/wp-content\/uploads\/sites\/3\/2017\/08\/Bardintzeff.SAM_0066.low_-406x450.jpg","datePublished":"2017-08-08T13:08:04+00:00","dateModified":"2022-09-29T16:22:34+00:00","author":{"@id":"https:\/\/blogs.futura-sciences.com\/bardintzeff\/#\/schema\/person\/974e1e0324e3e06f08253784e8eca61e"},"inLanguage":"fr-FR","potentialAction":[{"@type":"ReadAction","target":["https:\/\/blogs.futura-sciences.com\/bardintzeff\/2017\/08\/08\/france-inter-depart-japon\/"]}]},{"@type":"ImageObject","inLanguage":"fr-FR","@id":"https:\/\/blogs.futura-sciences.com\/bardintzeff\/2017\/08\/08\/france-inter-depart-japon\/#primaryimage","url":"https:\/\/blogs.futura-sciences.com\/bardintzeff\/wp-content\/uploads\/sites\/3\/2017\/08\/Bardintzeff.SAM_0066.low_.jpg","contentUrl":"https:\/\/blogs.futura-sciences.com\/bardintzeff\/wp-content\/uploads\/sites\/3\/2017\/08\/Bardintzeff.SAM_0066.low_.jpg","width":1277,"height":1417},{"@type":"WebSite","@id":"https:\/\/blogs.futura-sciences.com\/bardintzeff\/#website","url":"https:\/\/blogs.futura-sciences.com\/bardintzeff\/","name":"VOLCANMANIA : le blog de Jacques-Marie BARDINTZEFF, volcanologue","description":"Les volcans ? Passionn\u00e9ment ! Les volcans ne sont pas toujours m\u00e9chants, ils sont aussi les t\u00e9moins de la Terre active !","potentialAction":[{"@type":"SearchAction","target":{"@type":"EntryPoint","urlTemplate":"https:\/\/blogs.futura-sciences.com\/bardintzeff\/?s={search_term_string}"},"query-input":{"@type":"PropertyValueSpecification","valueRequired":true,"valueName":"search_term_string"}}],"inLanguage":"fr-FR"},{"@type":"Person","@id":"https:\/\/blogs.futura-sciences.com\/bardintzeff\/#\/schema\/person\/974e1e0324e3e06f08253784e8eca61e","name":"jmbardintzeff","image":{"@type":"ImageObject","inLanguage":"fr-FR","@id":"https:\/\/blogs.futura-sciences.com\/bardintzeff\/#\/schema\/person\/image\/","url":"https:\/\/secure.gravatar.com\/avatar\/d38cb5297008217786910838f2aa1bda?s=96&d=mm&r=g","contentUrl":"https:\/\/secure.gravatar.com\/avatar\/d38cb5297008217786910838f2aa1bda?s=96&d=mm&r=g","caption":"jmbardintzeff"},"url":"https:\/\/blogs.futura-sciences.com\/bardintzeff\/author\/jmbardintzeff\/"}]}},"_links":{"self":[{"href":"https:\/\/blogs.futura-sciences.com\/bardintzeff\/wp-json\/wp\/v2\/posts\/2462","targetHints":{"allow":["GET"]}}],"collection":[{"href":"https:\/\/blogs.futura-sciences.com\/bardintzeff\/wp-json\/wp\/v2\/posts"}],"about":[{"href":"https:\/\/blogs.futura-sciences.com\/bardintzeff\/wp-json\/wp\/v2\/types\/post"}],"author":[{"embeddable":true,"href":"https:\/\/blogs.futura-sciences.com\/bardintzeff\/wp-json\/wp\/v2\/users\/3"}],"replies":[{"embeddable":true,"href":"https:\/\/blogs.futura-sciences.com\/bardintzeff\/wp-json\/wp\/v2\/comments?post=2462"}],"version-history":[{"count":9,"href":"https:\/\/blogs.futura-sciences.com\/bardintzeff\/wp-json\/wp\/v2\/posts\/2462\/revisions"}],"predecessor-version":[{"id":7948,"href":"https:\/\/blogs.futura-sciences.com\/bardintzeff\/wp-json\/wp\/v2\/posts\/2462\/revisions\/7948"}],"wp:attachment":[{"href":"https:\/\/blogs.futura-sciences.com\/bardintzeff\/wp-json\/wp\/v2\/media?parent=2462"}],"wp:term":[{"taxonomy":"category","embeddable":true,"href":"https:\/\/blogs.futura-sciences.com\/bardintzeff\/wp-json\/wp\/v2\/categories?post=2462"},{"taxonomy":"post_tag","embeddable":true,"href":"https:\/\/blogs.futura-sciences.com\/bardintzeff\/wp-json\/wp\/v2\/tags?post=2462"}],"curies":[{"name":"wp","href":"https:\/\/api.w.org\/{rel}","templated":true}]}}