{"id":1663,"date":"2016-11-06T09:53:15","date_gmt":"2016-11-06T09:53:15","guid":{"rendered":"https:\/\/blogs.futura-sciences.com\/bardintzeff\/?p=1663"},"modified":"2016-11-06T09:59:47","modified_gmt":"2016-11-06T09:59:47","slug":"lagregation-a-250-ans","status":"publish","type":"post","link":"https:\/\/blogs.futura-sciences.com\/bardintzeff\/2016\/11\/06\/lagregation-a-250-ans\/","title":{"rendered":"L\u2019Agr\u00e9gation a 250 ans"},"content":{"rendered":"<p>Le prestigieux concours de l\u2019Agr\u00e9gation a \u00e9t\u00e9 cr\u00e9\u00e9 en 1766, sous le r\u00e8gne de Louis XV, il y a 250 ans\u00a0!<\/p>\n<p>Samedi 5 novembre, cet anniversaire a \u00e9t\u00e9 c\u00e9l\u00e9br\u00e9 lors de la &#8220;Nuit de l&#8217;agr\u00e9gation&#8221; \u00e0 la Cit\u00e9 de la Mode et du Design, Quai d\u2019Austerlitz \u00e0 Paris.<\/p>\n<p><a href=\"http:\/\/www.societedesagreges.net\/?nuitdelagregation\">http:\/\/www.societedesagreges.net\/?nuitdelagregation<\/a><\/p>\n<p>Pour l\u2019occasion, plusieurs agr\u00e9g\u00e9s ont accept\u00e9 de \u00ab\u00a0repasser\u00a0\u00bb leur Agr\u00e9gation dans diff\u00e9rentes disciplines.<\/p>\n<p>Madame la Ministre, Najat Vallaud-Belkacem, a \u00ab\u00a0planch\u00e9\u00a0\u00bb sur un sujet de Sciences \u00e9conomiques et sociales \u00ab\u00a0Pense-t-on politiquement comme on est socialement\u00a0?\u00a0\u00bb.<\/p>\n<p><img loading=\"lazy\" decoding=\"async\" class=\"alignnone wp-image-1665\" src=\"https:\/\/blogs.futura-sciences.com\/bardintzeff\/wp-content\/uploads\/sites\/3\/2016\/11\/Bardintzeff.SAM_9495-450x338.jpg\" alt=\"bardintzeff-sam_9495\" width=\"580\" height=\"436\" srcset=\"https:\/\/blogs.futura-sciences.com\/bardintzeff\/wp-content\/uploads\/sites\/3\/2016\/11\/Bardintzeff.SAM_9495-450x338.jpg 450w, https:\/\/blogs.futura-sciences.com\/bardintzeff\/wp-content\/uploads\/sites\/3\/2016\/11\/Bardintzeff.SAM_9495-768x576.jpg 768w, https:\/\/blogs.futura-sciences.com\/bardintzeff\/wp-content\/uploads\/sites\/3\/2016\/11\/Bardintzeff.SAM_9495-1024x768.jpg 1024w, https:\/\/blogs.futura-sciences.com\/bardintzeff\/wp-content\/uploads\/sites\/3\/2016\/11\/Bardintzeff.SAM_9495.jpg 1417w\" sizes=\"auto, (max-width: 580px) 100vw, 580px\" \/>Blanche Lochmann, Pr\u00e9sidente de la Soci\u00e9t\u00e9 des agr\u00e9g\u00e9s, remet son sujet de Sciences \u00e9conomiques et sociales \u00e0 Madame la Ministre, Najat Vallaud-Belkacem (\u00a9 J.M. Bardintzeff).<\/p>\n<p>Pour ma part, j\u2019ai eu la chance de tirer un \u00ab\u00a0bon\u00a0\u00bb sujet\u00a0: \u00ab\u00a0Les risques volcaniques\u00a0\u00bb\u00a0!<\/p>\n<p><img loading=\"lazy\" decoding=\"async\" class=\"alignnone wp-image-1668\" src=\"https:\/\/blogs.futura-sciences.com\/bardintzeff\/wp-content\/uploads\/sites\/3\/2016\/11\/Bardintzeff.SAM_9486-450x338.jpg\" alt=\"bardintzeff-sam_9486\" width=\"526\" height=\"395\" srcset=\"https:\/\/blogs.futura-sciences.com\/bardintzeff\/wp-content\/uploads\/sites\/3\/2016\/11\/Bardintzeff.SAM_9486-450x338.jpg 450w, https:\/\/blogs.futura-sciences.com\/bardintzeff\/wp-content\/uploads\/sites\/3\/2016\/11\/Bardintzeff.SAM_9486-768x576.jpg 768w, https:\/\/blogs.futura-sciences.com\/bardintzeff\/wp-content\/uploads\/sites\/3\/2016\/11\/Bardintzeff.SAM_9486-1024x768.jpg 1024w, https:\/\/blogs.futura-sciences.com\/bardintzeff\/wp-content\/uploads\/sites\/3\/2016\/11\/Bardintzeff.SAM_9486.jpg 1417w\" sizes=\"auto, (max-width: 526px) 100vw, 526px\" \/>Paul Darthos, membre du Bureau de la Soci\u00e9t\u00e9 des agr\u00e9g\u00e9s, remet son sujet de Sciences de la vie et de la Terre \u00e0 Jacques-Marie Bardintzeff (\u00a9 J.M. Bardintzeff, merci \u00e0 Isabelle Bardintzeff).<\/p>\n<p><!--more--><\/p>\n<p>St\u00e9phane Cardini a trait\u00e9 de la catalyse en chimie. Il a propos\u00e9 une exp\u00e9rience spectaculaire mais sans danger. La d\u00e9composition de l\u2019eau oxyg\u00e9n\u00e9e \u00e0 30 % (avec l\u2019addition de liquide vaisselle et d\u2019un colorant rouge) en eau et oxyg\u00e8ne, gr\u00e2ce \u00e0 un catalyseur, l\u2019iodure de potassium. Et il a cr\u00e9\u00e9 un mini-volcan\u00a0!<\/p>\n<p><img loading=\"lazy\" decoding=\"async\" class=\"alignnone wp-image-1670\" src=\"https:\/\/blogs.futura-sciences.com\/bardintzeff\/wp-content\/uploads\/sites\/3\/2016\/11\/Bardintzeff.SAM_9517-450x338.jpg\" alt=\"bardintzeff-sam_9517\" width=\"546\" height=\"410\" srcset=\"https:\/\/blogs.futura-sciences.com\/bardintzeff\/wp-content\/uploads\/sites\/3\/2016\/11\/Bardintzeff.SAM_9517-450x338.jpg 450w, https:\/\/blogs.futura-sciences.com\/bardintzeff\/wp-content\/uploads\/sites\/3\/2016\/11\/Bardintzeff.SAM_9517-768x576.jpg 768w, https:\/\/blogs.futura-sciences.com\/bardintzeff\/wp-content\/uploads\/sites\/3\/2016\/11\/Bardintzeff.SAM_9517-1024x768.jpg 1024w, https:\/\/blogs.futura-sciences.com\/bardintzeff\/wp-content\/uploads\/sites\/3\/2016\/11\/Bardintzeff.SAM_9517.jpg 1417w\" sizes=\"auto, (max-width: 546px) 100vw, 546px\" \/>St\u00e9phane Cardini illustre la catalyse et fabrique un petit volcan (\u00a9 J.M. Bardintzeff).<\/p>\n<p><img loading=\"lazy\" decoding=\"async\" class=\"alignnone wp-image-1672\" src=\"https:\/\/blogs.futura-sciences.com\/bardintzeff\/wp-content\/uploads\/sites\/3\/2016\/11\/Bardintzeff.SAM_9527-450x338.jpg\" alt=\"bardintzeff-sam_9527\" width=\"584\" height=\"439\" srcset=\"https:\/\/blogs.futura-sciences.com\/bardintzeff\/wp-content\/uploads\/sites\/3\/2016\/11\/Bardintzeff.SAM_9527-450x338.jpg 450w, https:\/\/blogs.futura-sciences.com\/bardintzeff\/wp-content\/uploads\/sites\/3\/2016\/11\/Bardintzeff.SAM_9527-768x576.jpg 768w, https:\/\/blogs.futura-sciences.com\/bardintzeff\/wp-content\/uploads\/sites\/3\/2016\/11\/Bardintzeff.SAM_9527-1024x768.jpg 1024w, https:\/\/blogs.futura-sciences.com\/bardintzeff\/wp-content\/uploads\/sites\/3\/2016\/11\/Bardintzeff.SAM_9527.jpg 1417w\" sizes=\"auto, (max-width: 584px) 100vw, 584px\" \/>La soir\u00e9e se termine par un concert rock de \u00ab\u00a0La F\u00e9line\u00a0\u00bb (\u00a9 J.M. Bardintzeff).<\/p>\n<!-- AddThis Advanced Settings generic via filter on the_content --><!-- AddThis Share Buttons generic via filter on the_content -->","protected":false},"excerpt":{"rendered":"<p>Le prestigieux concours de l\u2019Agr\u00e9gation a \u00e9t\u00e9 cr\u00e9\u00e9 en 1766, sous le r\u00e8gne de Louis XV, il y a 250 ans\u00a0! Samedi 5 novembre, cet anniversaire a \u00e9t\u00e9 c\u00e9l\u00e9br\u00e9 lors de la &#8220;Nuit de l&#8217;agr\u00e9gation&#8221; \u00e0 la Cit\u00e9 de la Mode et du Design, Quai d\u2019Austerlitz \u00e0 Paris. http:\/\/www.societedesagreges.net\/?nuitdelagregation Pour l\u2019occasion, plusieurs agr\u00e9g\u00e9s ont accept\u00e9 &hellip; <a href=\"https:\/\/blogs.futura-sciences.com\/bardintzeff\/2016\/11\/06\/lagregation-a-250-ans\/\" class=\"more-link\">Continuer la lecture de <span class=\"screen-reader-text\">L\u2019Agr\u00e9gation a 250 ans<\/span>  <span class=\"meta-nav\">&rarr;<\/span><\/a><!-- AddThis Advanced Settings generic via filter on get_the_excerpt --><!-- AddThis Share Buttons generic via filter on get_the_excerpt --><\/p>\n","protected":false},"author":3,"featured_media":0,"comment_status":"open","ping_status":"open","sticky":false,"template":"","format":"standard","meta":{"footnotes":"","_links_to":"","_links_to_target":""},"categories":[6],"tags":[563,564,565,566],"class_list":["post-1663","post","type-post","status-publish","format-standard","hentry","category-actualites","tag-agregation","tag-cite-de-la-mode-et-du-design","tag-societe-des-agreges","tag-vallaud-belkacem"],"yoast_head":"<!-- This site is optimized with the Yoast SEO plugin v24.1 - https:\/\/yoast.com\/wordpress\/plugins\/seo\/ -->\n<title>L\u2019Agr\u00e9gation a 250 ans, par Jacques-Marie Bardintzeff<\/title>\n<meta name=\"robots\" content=\"index, follow, max-snippet:-1, max-image-preview:large, max-video-preview:-1\" \/>\n<link rel=\"canonical\" href=\"https:\/\/blogs.futura-sciences.com\/bardintzeff\/2016\/11\/06\/lagregation-a-250-ans\/\" \/>\n<meta property=\"og:locale\" content=\"fr_FR\" \/>\n<meta property=\"og:type\" content=\"article\" \/>\n<meta property=\"og:title\" content=\"L\u2019Agr\u00e9gation a 250 ans, par Jacques-Marie Bardintzeff\" \/>\n<meta property=\"og:description\" content=\"Le prestigieux concours de l\u2019Agr\u00e9gation a \u00e9t\u00e9 cr\u00e9\u00e9 en 1766, sous le r\u00e8gne de Louis XV, il y a 250 ans\u00a0! Samedi 5 novembre, cet anniversaire a \u00e9t\u00e9 c\u00e9l\u00e9br\u00e9 lors de la &#8220;Nuit de l&#8217;agr\u00e9gation&#8221; \u00e0 la Cit\u00e9 de la Mode et du Design, Quai d\u2019Austerlitz \u00e0 Paris. http:\/\/www.societedesagreges.net\/?nuitdelagregation Pour l\u2019occasion, plusieurs agr\u00e9g\u00e9s ont accept\u00e9 &hellip; Continuer la lecture de L\u2019Agr\u00e9gation a 250 ans &rarr;\" \/>\n<meta property=\"og:url\" content=\"https:\/\/blogs.futura-sciences.com\/bardintzeff\/2016\/11\/06\/lagregation-a-250-ans\/\" \/>\n<meta property=\"og:site_name\" content=\"VOLCANMANIA : le blog de Jacques-Marie BARDINTZEFF, volcanologue\" \/>\n<meta property=\"article:published_time\" content=\"2016-11-06T09:53:15+00:00\" \/>\n<meta property=\"article:modified_time\" content=\"2016-11-06T09:59:47+00:00\" \/>\n<meta property=\"og:image\" content=\"https:\/\/blogs.futura-sciences.com\/bardintzeff\/wp-content\/uploads\/sites\/3\/2016\/11\/Bardintzeff.SAM_9495.jpg\" \/>\n\t<meta property=\"og:image:width\" content=\"1417\" \/>\n\t<meta property=\"og:image:height\" content=\"1063\" \/>\n\t<meta property=\"og:image:type\" content=\"image\/jpeg\" \/>\n<meta name=\"author\" content=\"jmbardintzeff\" \/>\n<meta name=\"twitter:card\" content=\"summary_large_image\" \/>\n<meta name=\"twitter:label1\" content=\"\u00c9crit par\" \/>\n\t<meta name=\"twitter:data1\" content=\"jmbardintzeff\" \/>\n\t<meta name=\"twitter:label2\" content=\"Dur\u00e9e de lecture estim\u00e9e\" \/>\n\t<meta name=\"twitter:data2\" content=\"1 minute\" \/>\n<script type=\"application\/ld+json\" class=\"yoast-schema-graph\">{\"@context\":\"https:\/\/schema.org\",\"@graph\":[{\"@type\":\"WebPage\",\"@id\":\"https:\/\/blogs.futura-sciences.com\/bardintzeff\/2016\/11\/06\/lagregation-a-250-ans\/\",\"url\":\"https:\/\/blogs.futura-sciences.com\/bardintzeff\/2016\/11\/06\/lagregation-a-250-ans\/\",\"name\":\"L\u2019Agr\u00e9gation a 250 ans, par Jacques-Marie Bardintzeff\",\"isPartOf\":{\"@id\":\"https:\/\/blogs.futura-sciences.com\/bardintzeff\/#website\"},\"primaryImageOfPage\":{\"@id\":\"https:\/\/blogs.futura-sciences.com\/bardintzeff\/2016\/11\/06\/lagregation-a-250-ans\/#primaryimage\"},\"image\":{\"@id\":\"https:\/\/blogs.futura-sciences.com\/bardintzeff\/2016\/11\/06\/lagregation-a-250-ans\/#primaryimage\"},\"thumbnailUrl\":\"https:\/\/blogs.futura-sciences.com\/bardintzeff\/wp-content\/uploads\/sites\/3\/2016\/11\/Bardintzeff.SAM_9495-450x338.jpg\",\"datePublished\":\"2016-11-06T09:53:15+00:00\",\"dateModified\":\"2016-11-06T09:59:47+00:00\",\"author\":{\"@id\":\"https:\/\/blogs.futura-sciences.com\/bardintzeff\/#\/schema\/person\/974e1e0324e3e06f08253784e8eca61e\"},\"inLanguage\":\"fr-FR\",\"potentialAction\":[{\"@type\":\"ReadAction\",\"target\":[\"https:\/\/blogs.futura-sciences.com\/bardintzeff\/2016\/11\/06\/lagregation-a-250-ans\/\"]}]},{\"@type\":\"ImageObject\",\"inLanguage\":\"fr-FR\",\"@id\":\"https:\/\/blogs.futura-sciences.com\/bardintzeff\/2016\/11\/06\/lagregation-a-250-ans\/#primaryimage\",\"url\":\"https:\/\/blogs.futura-sciences.com\/bardintzeff\/wp-content\/uploads\/sites\/3\/2016\/11\/Bardintzeff.SAM_9495.jpg\",\"contentUrl\":\"https:\/\/blogs.futura-sciences.com\/bardintzeff\/wp-content\/uploads\/sites\/3\/2016\/11\/Bardintzeff.SAM_9495.jpg\",\"width\":1417,\"height\":1063},{\"@type\":\"WebSite\",\"@id\":\"https:\/\/blogs.futura-sciences.com\/bardintzeff\/#website\",\"url\":\"https:\/\/blogs.futura-sciences.com\/bardintzeff\/\",\"name\":\"VOLCANMANIA : le blog de Jacques-Marie BARDINTZEFF, volcanologue\",\"description\":\"Les volcans ? Passionn\u00e9ment ! Les volcans ne sont pas toujours m\u00e9chants, ils sont aussi les t\u00e9moins de la Terre active !\",\"potentialAction\":[{\"@type\":\"SearchAction\",\"target\":{\"@type\":\"EntryPoint\",\"urlTemplate\":\"https:\/\/blogs.futura-sciences.com\/bardintzeff\/?s={search_term_string}\"},\"query-input\":{\"@type\":\"PropertyValueSpecification\",\"valueRequired\":true,\"valueName\":\"search_term_string\"}}],\"inLanguage\":\"fr-FR\"},{\"@type\":\"Person\",\"@id\":\"https:\/\/blogs.futura-sciences.com\/bardintzeff\/#\/schema\/person\/974e1e0324e3e06f08253784e8eca61e\",\"name\":\"jmbardintzeff\",\"image\":{\"@type\":\"ImageObject\",\"inLanguage\":\"fr-FR\",\"@id\":\"https:\/\/blogs.futura-sciences.com\/bardintzeff\/#\/schema\/person\/image\/\",\"url\":\"https:\/\/secure.gravatar.com\/avatar\/d38cb5297008217786910838f2aa1bda?s=96&d=mm&r=g\",\"contentUrl\":\"https:\/\/secure.gravatar.com\/avatar\/d38cb5297008217786910838f2aa1bda?s=96&d=mm&r=g\",\"caption\":\"jmbardintzeff\"},\"url\":\"https:\/\/blogs.futura-sciences.com\/bardintzeff\/author\/jmbardintzeff\/\"}]}<\/script>\n<!-- \/ Yoast SEO plugin. -->","yoast_head_json":{"title":"L\u2019Agr\u00e9gation a 250 ans, par Jacques-Marie Bardintzeff","robots":{"index":"index","follow":"follow","max-snippet":"max-snippet:-1","max-image-preview":"max-image-preview:large","max-video-preview":"max-video-preview:-1"},"canonical":"https:\/\/blogs.futura-sciences.com\/bardintzeff\/2016\/11\/06\/lagregation-a-250-ans\/","og_locale":"fr_FR","og_type":"article","og_title":"L\u2019Agr\u00e9gation a 250 ans, par Jacques-Marie Bardintzeff","og_description":"Le prestigieux concours de l\u2019Agr\u00e9gation a \u00e9t\u00e9 cr\u00e9\u00e9 en 1766, sous le r\u00e8gne de Louis XV, il y a 250 ans\u00a0! Samedi 5 novembre, cet anniversaire a \u00e9t\u00e9 c\u00e9l\u00e9br\u00e9 lors de la &#8220;Nuit de l&#8217;agr\u00e9gation&#8221; \u00e0 la Cit\u00e9 de la Mode et du Design, Quai d\u2019Austerlitz \u00e0 Paris. http:\/\/www.societedesagreges.net\/?nuitdelagregation Pour l\u2019occasion, plusieurs agr\u00e9g\u00e9s ont accept\u00e9 &hellip; Continuer la lecture de L\u2019Agr\u00e9gation a 250 ans &rarr;","og_url":"https:\/\/blogs.futura-sciences.com\/bardintzeff\/2016\/11\/06\/lagregation-a-250-ans\/","og_site_name":"VOLCANMANIA : le blog de Jacques-Marie BARDINTZEFF, volcanologue","article_published_time":"2016-11-06T09:53:15+00:00","article_modified_time":"2016-11-06T09:59:47+00:00","og_image":[{"width":1417,"height":1063,"url":"https:\/\/blogs.futura-sciences.com\/bardintzeff\/wp-content\/uploads\/sites\/3\/2016\/11\/Bardintzeff.SAM_9495.jpg","type":"image\/jpeg"}],"author":"jmbardintzeff","twitter_card":"summary_large_image","twitter_misc":{"\u00c9crit par":"jmbardintzeff","Dur\u00e9e de lecture estim\u00e9e":"1 minute"},"schema":{"@context":"https:\/\/schema.org","@graph":[{"@type":"WebPage","@id":"https:\/\/blogs.futura-sciences.com\/bardintzeff\/2016\/11\/06\/lagregation-a-250-ans\/","url":"https:\/\/blogs.futura-sciences.com\/bardintzeff\/2016\/11\/06\/lagregation-a-250-ans\/","name":"L\u2019Agr\u00e9gation a 250 ans, par Jacques-Marie Bardintzeff","isPartOf":{"@id":"https:\/\/blogs.futura-sciences.com\/bardintzeff\/#website"},"primaryImageOfPage":{"@id":"https:\/\/blogs.futura-sciences.com\/bardintzeff\/2016\/11\/06\/lagregation-a-250-ans\/#primaryimage"},"image":{"@id":"https:\/\/blogs.futura-sciences.com\/bardintzeff\/2016\/11\/06\/lagregation-a-250-ans\/#primaryimage"},"thumbnailUrl":"https:\/\/blogs.futura-sciences.com\/bardintzeff\/wp-content\/uploads\/sites\/3\/2016\/11\/Bardintzeff.SAM_9495-450x338.jpg","datePublished":"2016-11-06T09:53:15+00:00","dateModified":"2016-11-06T09:59:47+00:00","author":{"@id":"https:\/\/blogs.futura-sciences.com\/bardintzeff\/#\/schema\/person\/974e1e0324e3e06f08253784e8eca61e"},"inLanguage":"fr-FR","potentialAction":[{"@type":"ReadAction","target":["https:\/\/blogs.futura-sciences.com\/bardintzeff\/2016\/11\/06\/lagregation-a-250-ans\/"]}]},{"@type":"ImageObject","inLanguage":"fr-FR","@id":"https:\/\/blogs.futura-sciences.com\/bardintzeff\/2016\/11\/06\/lagregation-a-250-ans\/#primaryimage","url":"https:\/\/blogs.futura-sciences.com\/bardintzeff\/wp-content\/uploads\/sites\/3\/2016\/11\/Bardintzeff.SAM_9495.jpg","contentUrl":"https:\/\/blogs.futura-sciences.com\/bardintzeff\/wp-content\/uploads\/sites\/3\/2016\/11\/Bardintzeff.SAM_9495.jpg","width":1417,"height":1063},{"@type":"WebSite","@id":"https:\/\/blogs.futura-sciences.com\/bardintzeff\/#website","url":"https:\/\/blogs.futura-sciences.com\/bardintzeff\/","name":"VOLCANMANIA : le blog de Jacques-Marie BARDINTZEFF, volcanologue","description":"Les volcans ? Passionn\u00e9ment ! Les volcans ne sont pas toujours m\u00e9chants, ils sont aussi les t\u00e9moins de la Terre active !","potentialAction":[{"@type":"SearchAction","target":{"@type":"EntryPoint","urlTemplate":"https:\/\/blogs.futura-sciences.com\/bardintzeff\/?s={search_term_string}"},"query-input":{"@type":"PropertyValueSpecification","valueRequired":true,"valueName":"search_term_string"}}],"inLanguage":"fr-FR"},{"@type":"Person","@id":"https:\/\/blogs.futura-sciences.com\/bardintzeff\/#\/schema\/person\/974e1e0324e3e06f08253784e8eca61e","name":"jmbardintzeff","image":{"@type":"ImageObject","inLanguage":"fr-FR","@id":"https:\/\/blogs.futura-sciences.com\/bardintzeff\/#\/schema\/person\/image\/","url":"https:\/\/secure.gravatar.com\/avatar\/d38cb5297008217786910838f2aa1bda?s=96&d=mm&r=g","contentUrl":"https:\/\/secure.gravatar.com\/avatar\/d38cb5297008217786910838f2aa1bda?s=96&d=mm&r=g","caption":"jmbardintzeff"},"url":"https:\/\/blogs.futura-sciences.com\/bardintzeff\/author\/jmbardintzeff\/"}]}},"_links":{"self":[{"href":"https:\/\/blogs.futura-sciences.com\/bardintzeff\/wp-json\/wp\/v2\/posts\/1663","targetHints":{"allow":["GET"]}}],"collection":[{"href":"https:\/\/blogs.futura-sciences.com\/bardintzeff\/wp-json\/wp\/v2\/posts"}],"about":[{"href":"https:\/\/blogs.futura-sciences.com\/bardintzeff\/wp-json\/wp\/v2\/types\/post"}],"author":[{"embeddable":true,"href":"https:\/\/blogs.futura-sciences.com\/bardintzeff\/wp-json\/wp\/v2\/users\/3"}],"replies":[{"embeddable":true,"href":"https:\/\/blogs.futura-sciences.com\/bardintzeff\/wp-json\/wp\/v2\/comments?post=1663"}],"version-history":[{"count":7,"href":"https:\/\/blogs.futura-sciences.com\/bardintzeff\/wp-json\/wp\/v2\/posts\/1663\/revisions"}],"predecessor-version":[{"id":1674,"href":"https:\/\/blogs.futura-sciences.com\/bardintzeff\/wp-json\/wp\/v2\/posts\/1663\/revisions\/1674"}],"wp:attachment":[{"href":"https:\/\/blogs.futura-sciences.com\/bardintzeff\/wp-json\/wp\/v2\/media?parent=1663"}],"wp:term":[{"taxonomy":"category","embeddable":true,"href":"https:\/\/blogs.futura-sciences.com\/bardintzeff\/wp-json\/wp\/v2\/categories?post=1663"},{"taxonomy":"post_tag","embeddable":true,"href":"https:\/\/blogs.futura-sciences.com\/bardintzeff\/wp-json\/wp\/v2\/tags?post=1663"}],"curies":[{"name":"wp","href":"https:\/\/api.w.org\/{rel}","templated":true}]}}