{"id":1640,"date":"2016-10-19T15:25:23","date_gmt":"2016-10-19T15:25:23","guid":{"rendered":"https:\/\/blogs.futura-sciences.com\/bardintzeff\/?p=1640"},"modified":"2020-11-22T11:46:00","modified_gmt":"2020-11-22T11:46:00","slug":"soiree-montagne-pelee-france-o-tv","status":"publish","type":"post","link":"https:\/\/blogs.futura-sciences.com\/bardintzeff\/2016\/10\/19\/soiree-montagne-pelee-france-o-tv\/","title":{"rendered":"Soir\u00e9e montagne Pel\u00e9e sur France O (TV)"},"content":{"rendered":"<p>La montagne Pel\u00e9e sera \u00e0 l\u2019honneur \u00e0 la t\u00e9l\u00e9vision sur France O, dimanche 23 octobre \u00e0 partir de 20h50.<\/p>\n<p>La nouvelle s\u00e9rie \u00ab Histoire d\u2019outre-mer \u00bb, pr\u00e9sent\u00e9e par l\u2019historien Fabrice d\u2019Almeida, d\u00e9bute par le th\u00e8me \u00ab\u00a0Les territoires fragiles de la R\u00e9publique\u00a0\u00bb.<\/p>\n<p>La soir\u00e9e sera ouverte par un documentaire de 52 minutes, r\u00e9alis\u00e9 par Daniel Picouly et Audrey Gordon, intitul\u00e9 \u00ab 90 secondes \u00bb et consacr\u00e9 \u00e0 la formidable \u00e9ruption de la montagne Pel\u00e9e en 1902. Les intervenants sont\u00a0:<\/p>\n<p>Val\u00e9rie Clouard, directrice de l&#8217;Observatoire de la montagne Pel\u00e9e<\/p>\n<p>Jean Guy Gabriel, p\u00eacheur<\/p>\n<p>Maurice Henry, historien<\/p>\n<p>Laurent Val\u00e8re, sculpteur<\/p>\n<p>Beno\u00eet Villemant, g\u00e9ochimiste<\/p>\n<p>Ce film sera suivi d\u2019un d\u00e9bat d\u2019environ une heure sur les risques naturels en France d\u2019outre-mer.<\/p>\n<p>Intervenants\u00a0:<\/p>\n<p>Jacques-Marie Bardintzeff, volcanologue<\/p>\n<p>Sylvie Brunel, g\u00e9ographe<\/p>\n<p>Maud Deves, g\u00e9ophysicienne<\/p>\n<p>Juliette M\u00e9adel, Secr\u00e9taire d&#8217;\u00c9tat charg\u00e9e de l&#8217;Aide aux victimes<\/p>\n<p>Younous Omarjee, D\u00e9put\u00e9 europ\u00e9en<\/p>\n<p>Daniel Picouly, auteur du film<\/p>\n<p><img loading=\"lazy\" decoding=\"async\" class=\"alignnone wp-image-1643\" src=\"https:\/\/blogs.futura-sciences.com\/bardintzeff\/wp-content\/uploads\/sites\/3\/2016\/10\/Bardintzeff.ANT-W-3.09-rade-de-St-Pierre.s-450x294.jpg\" alt=\"bardintzeff-ant-w-3-09-rade-de-st-pierre-s\" width=\"488\" height=\"319\" srcset=\"https:\/\/blogs.futura-sciences.com\/bardintzeff\/wp-content\/uploads\/sites\/3\/2016\/10\/Bardintzeff.ANT-W-3.09-rade-de-St-Pierre.s-450x294.jpg 450w, https:\/\/blogs.futura-sciences.com\/bardintzeff\/wp-content\/uploads\/sites\/3\/2016\/10\/Bardintzeff.ANT-W-3.09-rade-de-St-Pierre.s-768x502.jpg 768w, https:\/\/blogs.futura-sciences.com\/bardintzeff\/wp-content\/uploads\/sites\/3\/2016\/10\/Bardintzeff.ANT-W-3.09-rade-de-St-Pierre.s-1024x670.jpg 1024w, https:\/\/blogs.futura-sciences.com\/bardintzeff\/wp-content\/uploads\/sites\/3\/2016\/10\/Bardintzeff.ANT-W-3.09-rade-de-St-Pierre.s.jpg 1772w\" sizes=\"auto, (max-width: 488px) 100vw, 488px\" \/>La montagne Pel\u00e9e et la rade de Saint-Pierre (\u00a9 J.M. Bardintzeff).<\/p>\n<p><!--more--><\/p>\n<p><img loading=\"lazy\" decoding=\"async\" class=\"alignnone wp-image-1645\" src=\"https:\/\/blogs.futura-sciences.com\/bardintzeff\/wp-content\/uploads\/sites\/3\/2016\/10\/Bardintzef.SAM_8326-450x344.jpg\" alt=\"bardintzef-sam_8326\" width=\"494\" height=\"378\" srcset=\"https:\/\/blogs.futura-sciences.com\/bardintzeff\/wp-content\/uploads\/sites\/3\/2016\/10\/Bardintzef.SAM_8326-450x344.jpg 450w, https:\/\/blogs.futura-sciences.com\/bardintzeff\/wp-content\/uploads\/sites\/3\/2016\/10\/Bardintzef.SAM_8326-768x587.jpg 768w, https:\/\/blogs.futura-sciences.com\/bardintzeff\/wp-content\/uploads\/sites\/3\/2016\/10\/Bardintzef.SAM_8326-1024x783.jpg 1024w, https:\/\/blogs.futura-sciences.com\/bardintzeff\/wp-content\/uploads\/sites\/3\/2016\/10\/Bardintzef.SAM_8326.jpg 1701w\" sizes=\"auto, (max-width: 494px) 100vw, 494px\" \/>Les participants \u00e0 l\u2019\u00e9mission, de gauche \u00e0 droite\u00a0: Fabrice d\u2019Almeida, historien, pr\u00e9sentateur de l\u2019\u00e9mission, Sophie Gigon, directrice des programmes, Maud Deves, g\u00e9ophysicienne, Sylvie Brunel, g\u00e9ographe, Jacques-Marie Bardintzeff, volcanologue, Walles Kotra, directeur ex\u00e9cutif en charge de l\u2019Outre-mer, Daniel Picouly, auteur du film, Younous Omarjee, d\u00e9put\u00e9 europ\u00e9en (\u00a9 J.M. Bardintzeff).<\/p>\n<p>La montagne Pel\u00e9e culmine \u00e0 1394 m en Martinique. Elle fut le si\u00e8ge d\u2019une \u00e9ruption catastrophique le 8 mai 1902, lorsqu\u2019une nu\u00e9e ardente d\u00e9ferla sur la ville de Saint-Pierre en faisant 28000 victimes. Une autre nu\u00e9e ardente, le 30 ao\u00fbt 1902, fit 1000 victimes suppl\u00e9mentaires.<\/p>\n<!-- AddThis Advanced Settings generic via filter on the_content --><!-- AddThis Share Buttons generic via filter on the_content -->","protected":false},"excerpt":{"rendered":"<p>La montagne Pel\u00e9e sera \u00e0 l\u2019honneur \u00e0 la t\u00e9l\u00e9vision sur France O, dimanche 23 octobre \u00e0 partir de 20h50. La nouvelle s\u00e9rie \u00ab Histoire d\u2019outre-mer \u00bb, pr\u00e9sent\u00e9e par l\u2019historien Fabrice d\u2019Almeida, d\u00e9bute par le th\u00e8me \u00ab\u00a0Les territoires fragiles de la R\u00e9publique\u00a0\u00bb. La soir\u00e9e sera ouverte par un documentaire de 52 minutes, r\u00e9alis\u00e9 par Daniel Picouly &hellip; <a href=\"https:\/\/blogs.futura-sciences.com\/bardintzeff\/2016\/10\/19\/soiree-montagne-pelee-france-o-tv\/\" class=\"more-link\">Continuer la lecture de <span class=\"screen-reader-text\">Soir\u00e9e montagne Pel\u00e9e sur France O (TV)<\/span>  <span class=\"meta-nav\">&rarr;<\/span><\/a><!-- AddThis Advanced Settings generic via filter on get_the_excerpt --><!-- AddThis Share Buttons generic via filter on get_the_excerpt --><\/p>\n","protected":false},"author":3,"featured_media":0,"comment_status":"open","ping_status":"open","sticky":false,"template":"","format":"standard","meta":{"footnotes":"","_links_to":"","_links_to_target":""},"categories":[6],"tags":[53,17,558,144,142,145,559],"class_list":["post-1640","post","type-post","status-publish","format-standard","hentry","category-actualites","tag-antilles","tag-eruption","tag-france-o","tag-martinique","tag-montagne-pelee","tag-nuee-ardente","tag-outre-mer"],"yoast_head":"<!-- This site is optimized with the Yoast SEO plugin v24.1 - https:\/\/yoast.com\/wordpress\/plugins\/seo\/ -->\n<title>Soir\u00e9e montagne Pel\u00e9e sur France O (TV), par Jacques-Marie Bardintzeff<\/title>\n<meta name=\"robots\" content=\"index, follow, max-snippet:-1, max-image-preview:large, max-video-preview:-1\" \/>\n<link rel=\"canonical\" href=\"https:\/\/blogs.futura-sciences.com\/bardintzeff\/2016\/10\/19\/soiree-montagne-pelee-france-o-tv\/\" \/>\n<meta property=\"og:locale\" content=\"fr_FR\" \/>\n<meta property=\"og:type\" content=\"article\" \/>\n<meta property=\"og:title\" content=\"Soir\u00e9e montagne Pel\u00e9e sur France O (TV), par Jacques-Marie Bardintzeff\" \/>\n<meta property=\"og:description\" content=\"La montagne Pel\u00e9e sera \u00e0 l\u2019honneur \u00e0 la t\u00e9l\u00e9vision sur France O, dimanche 23 octobre \u00e0 partir de 20h50. La nouvelle s\u00e9rie \u00ab Histoire d\u2019outre-mer \u00bb, pr\u00e9sent\u00e9e par l\u2019historien Fabrice d\u2019Almeida, d\u00e9bute par le th\u00e8me \u00ab\u00a0Les territoires fragiles de la R\u00e9publique\u00a0\u00bb. La soir\u00e9e sera ouverte par un documentaire de 52 minutes, r\u00e9alis\u00e9 par Daniel Picouly &hellip; Continuer la lecture de Soir\u00e9e montagne Pel\u00e9e sur France O (TV) &rarr;\" \/>\n<meta property=\"og:url\" content=\"https:\/\/blogs.futura-sciences.com\/bardintzeff\/2016\/10\/19\/soiree-montagne-pelee-france-o-tv\/\" \/>\n<meta property=\"og:site_name\" content=\"VOLCANMANIA : le blog de Jacques-Marie BARDINTZEFF, volcanologue\" \/>\n<meta property=\"article:published_time\" content=\"2016-10-19T15:25:23+00:00\" \/>\n<meta property=\"article:modified_time\" content=\"2020-11-22T11:46:00+00:00\" \/>\n<meta property=\"og:image\" content=\"https:\/\/blogs.futura-sciences.com\/bardintzeff\/wp-content\/uploads\/sites\/3\/2016\/10\/Bardintzeff.ANT-W-3.09-rade-de-St-Pierre.s-450x294.jpg\" \/>\n<meta name=\"author\" content=\"jmbardintzeff\" \/>\n<meta name=\"twitter:card\" content=\"summary_large_image\" \/>\n<meta name=\"twitter:label1\" content=\"\u00c9crit par\" \/>\n\t<meta name=\"twitter:data1\" content=\"jmbardintzeff\" \/>\n\t<meta name=\"twitter:label2\" content=\"Dur\u00e9e de lecture estim\u00e9e\" \/>\n\t<meta name=\"twitter:data2\" content=\"1 minute\" \/>\n<script type=\"application\/ld+json\" class=\"yoast-schema-graph\">{\"@context\":\"https:\/\/schema.org\",\"@graph\":[{\"@type\":\"WebPage\",\"@id\":\"https:\/\/blogs.futura-sciences.com\/bardintzeff\/2016\/10\/19\/soiree-montagne-pelee-france-o-tv\/\",\"url\":\"https:\/\/blogs.futura-sciences.com\/bardintzeff\/2016\/10\/19\/soiree-montagne-pelee-france-o-tv\/\",\"name\":\"Soir\u00e9e montagne Pel\u00e9e sur France O (TV), par Jacques-Marie Bardintzeff\",\"isPartOf\":{\"@id\":\"https:\/\/blogs.futura-sciences.com\/bardintzeff\/#website\"},\"primaryImageOfPage\":{\"@id\":\"https:\/\/blogs.futura-sciences.com\/bardintzeff\/2016\/10\/19\/soiree-montagne-pelee-france-o-tv\/#primaryimage\"},\"image\":{\"@id\":\"https:\/\/blogs.futura-sciences.com\/bardintzeff\/2016\/10\/19\/soiree-montagne-pelee-france-o-tv\/#primaryimage\"},\"thumbnailUrl\":\"https:\/\/blogs.futura-sciences.com\/bardintzeff\/wp-content\/uploads\/sites\/3\/2016\/10\/Bardintzeff.ANT-W-3.09-rade-de-St-Pierre.s-450x294.jpg\",\"datePublished\":\"2016-10-19T15:25:23+00:00\",\"dateModified\":\"2020-11-22T11:46:00+00:00\",\"author\":{\"@id\":\"https:\/\/blogs.futura-sciences.com\/bardintzeff\/#\/schema\/person\/974e1e0324e3e06f08253784e8eca61e\"},\"inLanguage\":\"fr-FR\",\"potentialAction\":[{\"@type\":\"ReadAction\",\"target\":[\"https:\/\/blogs.futura-sciences.com\/bardintzeff\/2016\/10\/19\/soiree-montagne-pelee-france-o-tv\/\"]}]},{\"@type\":\"ImageObject\",\"inLanguage\":\"fr-FR\",\"@id\":\"https:\/\/blogs.futura-sciences.com\/bardintzeff\/2016\/10\/19\/soiree-montagne-pelee-france-o-tv\/#primaryimage\",\"url\":\"https:\/\/blogs.futura-sciences.com\/bardintzeff\/wp-content\/uploads\/sites\/3\/2016\/10\/Bardintzeff.ANT-W-3.09-rade-de-St-Pierre.s.jpg\",\"contentUrl\":\"https:\/\/blogs.futura-sciences.com\/bardintzeff\/wp-content\/uploads\/sites\/3\/2016\/10\/Bardintzeff.ANT-W-3.09-rade-de-St-Pierre.s.jpg\",\"width\":1772,\"height\":1159},{\"@type\":\"WebSite\",\"@id\":\"https:\/\/blogs.futura-sciences.com\/bardintzeff\/#website\",\"url\":\"https:\/\/blogs.futura-sciences.com\/bardintzeff\/\",\"name\":\"VOLCANMANIA : le blog de Jacques-Marie BARDINTZEFF, volcanologue\",\"description\":\"Les volcans ? Passionn\u00e9ment ! Les volcans ne sont pas toujours m\u00e9chants, ils sont aussi les t\u00e9moins de la Terre active !\",\"potentialAction\":[{\"@type\":\"SearchAction\",\"target\":{\"@type\":\"EntryPoint\",\"urlTemplate\":\"https:\/\/blogs.futura-sciences.com\/bardintzeff\/?s={search_term_string}\"},\"query-input\":{\"@type\":\"PropertyValueSpecification\",\"valueRequired\":true,\"valueName\":\"search_term_string\"}}],\"inLanguage\":\"fr-FR\"},{\"@type\":\"Person\",\"@id\":\"https:\/\/blogs.futura-sciences.com\/bardintzeff\/#\/schema\/person\/974e1e0324e3e06f08253784e8eca61e\",\"name\":\"jmbardintzeff\",\"image\":{\"@type\":\"ImageObject\",\"inLanguage\":\"fr-FR\",\"@id\":\"https:\/\/blogs.futura-sciences.com\/bardintzeff\/#\/schema\/person\/image\/\",\"url\":\"https:\/\/secure.gravatar.com\/avatar\/d38cb5297008217786910838f2aa1bda?s=96&d=mm&r=g\",\"contentUrl\":\"https:\/\/secure.gravatar.com\/avatar\/d38cb5297008217786910838f2aa1bda?s=96&d=mm&r=g\",\"caption\":\"jmbardintzeff\"},\"url\":\"https:\/\/blogs.futura-sciences.com\/bardintzeff\/author\/jmbardintzeff\/\"}]}<\/script>\n<!-- \/ Yoast SEO plugin. -->","yoast_head_json":{"title":"Soir\u00e9e montagne Pel\u00e9e sur France O (TV), par Jacques-Marie Bardintzeff","robots":{"index":"index","follow":"follow","max-snippet":"max-snippet:-1","max-image-preview":"max-image-preview:large","max-video-preview":"max-video-preview:-1"},"canonical":"https:\/\/blogs.futura-sciences.com\/bardintzeff\/2016\/10\/19\/soiree-montagne-pelee-france-o-tv\/","og_locale":"fr_FR","og_type":"article","og_title":"Soir\u00e9e montagne Pel\u00e9e sur France O (TV), par Jacques-Marie Bardintzeff","og_description":"La montagne Pel\u00e9e sera \u00e0 l\u2019honneur \u00e0 la t\u00e9l\u00e9vision sur France O, dimanche 23 octobre \u00e0 partir de 20h50. La nouvelle s\u00e9rie \u00ab Histoire d\u2019outre-mer \u00bb, pr\u00e9sent\u00e9e par l\u2019historien Fabrice d\u2019Almeida, d\u00e9bute par le th\u00e8me \u00ab\u00a0Les territoires fragiles de la R\u00e9publique\u00a0\u00bb. La soir\u00e9e sera ouverte par un documentaire de 52 minutes, r\u00e9alis\u00e9 par Daniel Picouly &hellip; Continuer la lecture de Soir\u00e9e montagne Pel\u00e9e sur France O (TV) &rarr;","og_url":"https:\/\/blogs.futura-sciences.com\/bardintzeff\/2016\/10\/19\/soiree-montagne-pelee-france-o-tv\/","og_site_name":"VOLCANMANIA : le blog de Jacques-Marie BARDINTZEFF, volcanologue","article_published_time":"2016-10-19T15:25:23+00:00","article_modified_time":"2020-11-22T11:46:00+00:00","og_image":[{"url":"https:\/\/blogs.futura-sciences.com\/bardintzeff\/wp-content\/uploads\/sites\/3\/2016\/10\/Bardintzeff.ANT-W-3.09-rade-de-St-Pierre.s-450x294.jpg","type":"","width":"","height":""}],"author":"jmbardintzeff","twitter_card":"summary_large_image","twitter_misc":{"\u00c9crit par":"jmbardintzeff","Dur\u00e9e de lecture estim\u00e9e":"1 minute"},"schema":{"@context":"https:\/\/schema.org","@graph":[{"@type":"WebPage","@id":"https:\/\/blogs.futura-sciences.com\/bardintzeff\/2016\/10\/19\/soiree-montagne-pelee-france-o-tv\/","url":"https:\/\/blogs.futura-sciences.com\/bardintzeff\/2016\/10\/19\/soiree-montagne-pelee-france-o-tv\/","name":"Soir\u00e9e montagne Pel\u00e9e sur France O (TV), par Jacques-Marie Bardintzeff","isPartOf":{"@id":"https:\/\/blogs.futura-sciences.com\/bardintzeff\/#website"},"primaryImageOfPage":{"@id":"https:\/\/blogs.futura-sciences.com\/bardintzeff\/2016\/10\/19\/soiree-montagne-pelee-france-o-tv\/#primaryimage"},"image":{"@id":"https:\/\/blogs.futura-sciences.com\/bardintzeff\/2016\/10\/19\/soiree-montagne-pelee-france-o-tv\/#primaryimage"},"thumbnailUrl":"https:\/\/blogs.futura-sciences.com\/bardintzeff\/wp-content\/uploads\/sites\/3\/2016\/10\/Bardintzeff.ANT-W-3.09-rade-de-St-Pierre.s-450x294.jpg","datePublished":"2016-10-19T15:25:23+00:00","dateModified":"2020-11-22T11:46:00+00:00","author":{"@id":"https:\/\/blogs.futura-sciences.com\/bardintzeff\/#\/schema\/person\/974e1e0324e3e06f08253784e8eca61e"},"inLanguage":"fr-FR","potentialAction":[{"@type":"ReadAction","target":["https:\/\/blogs.futura-sciences.com\/bardintzeff\/2016\/10\/19\/soiree-montagne-pelee-france-o-tv\/"]}]},{"@type":"ImageObject","inLanguage":"fr-FR","@id":"https:\/\/blogs.futura-sciences.com\/bardintzeff\/2016\/10\/19\/soiree-montagne-pelee-france-o-tv\/#primaryimage","url":"https:\/\/blogs.futura-sciences.com\/bardintzeff\/wp-content\/uploads\/sites\/3\/2016\/10\/Bardintzeff.ANT-W-3.09-rade-de-St-Pierre.s.jpg","contentUrl":"https:\/\/blogs.futura-sciences.com\/bardintzeff\/wp-content\/uploads\/sites\/3\/2016\/10\/Bardintzeff.ANT-W-3.09-rade-de-St-Pierre.s.jpg","width":1772,"height":1159},{"@type":"WebSite","@id":"https:\/\/blogs.futura-sciences.com\/bardintzeff\/#website","url":"https:\/\/blogs.futura-sciences.com\/bardintzeff\/","name":"VOLCANMANIA : le blog de Jacques-Marie BARDINTZEFF, volcanologue","description":"Les volcans ? Passionn\u00e9ment ! Les volcans ne sont pas toujours m\u00e9chants, ils sont aussi les t\u00e9moins de la Terre active !","potentialAction":[{"@type":"SearchAction","target":{"@type":"EntryPoint","urlTemplate":"https:\/\/blogs.futura-sciences.com\/bardintzeff\/?s={search_term_string}"},"query-input":{"@type":"PropertyValueSpecification","valueRequired":true,"valueName":"search_term_string"}}],"inLanguage":"fr-FR"},{"@type":"Person","@id":"https:\/\/blogs.futura-sciences.com\/bardintzeff\/#\/schema\/person\/974e1e0324e3e06f08253784e8eca61e","name":"jmbardintzeff","image":{"@type":"ImageObject","inLanguage":"fr-FR","@id":"https:\/\/blogs.futura-sciences.com\/bardintzeff\/#\/schema\/person\/image\/","url":"https:\/\/secure.gravatar.com\/avatar\/d38cb5297008217786910838f2aa1bda?s=96&d=mm&r=g","contentUrl":"https:\/\/secure.gravatar.com\/avatar\/d38cb5297008217786910838f2aa1bda?s=96&d=mm&r=g","caption":"jmbardintzeff"},"url":"https:\/\/blogs.futura-sciences.com\/bardintzeff\/author\/jmbardintzeff\/"}]}},"_links":{"self":[{"href":"https:\/\/blogs.futura-sciences.com\/bardintzeff\/wp-json\/wp\/v2\/posts\/1640","targetHints":{"allow":["GET"]}}],"collection":[{"href":"https:\/\/blogs.futura-sciences.com\/bardintzeff\/wp-json\/wp\/v2\/posts"}],"about":[{"href":"https:\/\/blogs.futura-sciences.com\/bardintzeff\/wp-json\/wp\/v2\/types\/post"}],"author":[{"embeddable":true,"href":"https:\/\/blogs.futura-sciences.com\/bardintzeff\/wp-json\/wp\/v2\/users\/3"}],"replies":[{"embeddable":true,"href":"https:\/\/blogs.futura-sciences.com\/bardintzeff\/wp-json\/wp\/v2\/comments?post=1640"}],"version-history":[{"count":7,"href":"https:\/\/blogs.futura-sciences.com\/bardintzeff\/wp-json\/wp\/v2\/posts\/1640\/revisions"}],"predecessor-version":[{"id":6360,"href":"https:\/\/blogs.futura-sciences.com\/bardintzeff\/wp-json\/wp\/v2\/posts\/1640\/revisions\/6360"}],"wp:attachment":[{"href":"https:\/\/blogs.futura-sciences.com\/bardintzeff\/wp-json\/wp\/v2\/media?parent=1640"}],"wp:term":[{"taxonomy":"category","embeddable":true,"href":"https:\/\/blogs.futura-sciences.com\/bardintzeff\/wp-json\/wp\/v2\/categories?post=1640"},{"taxonomy":"post_tag","embeddable":true,"href":"https:\/\/blogs.futura-sciences.com\/bardintzeff\/wp-json\/wp\/v2\/tags?post=1640"}],"curies":[{"name":"wp","href":"https:\/\/api.w.org\/{rel}","templated":true}]}}