{"id":1363,"date":"2016-07-13T15:35:48","date_gmt":"2016-07-13T15:35:48","guid":{"rendered":"https:\/\/blogs.futura-sciences.com\/bardintzeff\/?p=1363"},"modified":"2016-07-13T15:41:47","modified_gmt":"2016-07-13T15:41:47","slug":"reecouter-tazieff-france-inter","status":"publish","type":"post","link":"https:\/\/blogs.futura-sciences.com\/bardintzeff\/2016\/07\/13\/reecouter-tazieff-france-inter\/","title":{"rendered":"R\u00e9\u00e9couter Tazieff sur France Inter"},"content":{"rendered":"<p>Aujourd\u2019hui, mercredi 13 juillet 2016, j\u2019ai \u00e9t\u00e9 invit\u00e9 en direct de 15h \u00e0 16h sur France Inter par Daniel Fi\u00e9vet, pour son \u00e9mission estivale \u00ab\u00a0Le temps d&#8217;un bivouac\u00a0\u00bb. Nous avons \u00e9voqu\u00e9 la vie du grand volcanologue Haroun Tazieff.<\/p>\n<p><img loading=\"lazy\" decoding=\"async\" class=\"alignnone wp-image-1365\" src=\"https:\/\/blogs.futura-sciences.com\/bardintzeff\/wp-content\/uploads\/sites\/3\/2016\/07\/Bardintzeff.2016.07.13.Bardintzeff_Fievet1-450x337.jpg\" alt=\"Bardintzeff.2016.07.13.Bardintzeff_Fievet1\" width=\"542\" height=\"406\" srcset=\"https:\/\/blogs.futura-sciences.com\/bardintzeff\/wp-content\/uploads\/sites\/3\/2016\/07\/Bardintzeff.2016.07.13.Bardintzeff_Fievet1-450x337.jpg 450w, https:\/\/blogs.futura-sciences.com\/bardintzeff\/wp-content\/uploads\/sites\/3\/2016\/07\/Bardintzeff.2016.07.13.Bardintzeff_Fievet1-768x576.jpg 768w, https:\/\/blogs.futura-sciences.com\/bardintzeff\/wp-content\/uploads\/sites\/3\/2016\/07\/Bardintzeff.2016.07.13.Bardintzeff_Fievet1-1024x768.jpg 1024w, https:\/\/blogs.futura-sciences.com\/bardintzeff\/wp-content\/uploads\/sites\/3\/2016\/07\/Bardintzeff.2016.07.13.Bardintzeff_Fievet1.jpg 1559w\" sizes=\"auto, (max-width: 542px) 100vw, 542px\" \/><\/p>\n<p>Daniel Fievet (\u00e0 droite) et Jacques-Marie Bardintzeff (\u00e0 gauche) aujourd\u2019hui \u00e0 France Inter (\u00a9 J.M. Bardintzeff).<\/p>\n<p>Pour r\u00e9\u00e9couter l\u2019\u00e9mission\u00a0:<\/p>\n<p><a href=\"https:\/\/www.franceinter.fr\/emissions\/le-temps-d-un-bivouac\/le-temps-d-un-bivouac-13-juillet-2016\">https:\/\/www.franceinter.fr\/emissions\/le-temps-d-un-bivouac\/le-temps-d-un-bivouac-13-juillet-2016<\/a><\/p>\n<p>(le mot de passe n\u2019est pas n\u00e9cessaire, il suffit de cliquer 2 ou 3 fois sur \u00ab\u00a0OK\u00a0\u00bb)<\/p>\n<p><!--more--><\/p>\n<p>Il a \u00e9t\u00e9 question de l\u2019Etna, du Stromboli, du lac de lave du Nyiragongo mais aussi du gouffre de la Pierre-Saint-Martin. On a parl\u00e9 de l\u00a0\u00e9mission de t\u00e9l\u00e9vision des ann\u00e9es 60 \u00ab\u00a0Les coulisses de l\u2019exploit\u00a0\u00bb, du couple Maurice et Katia Krafft et de \u00ab\u00a0l\u2019affaire\u00a0\u00bb de la Soufri\u00e8re de Guadeloupe. Et on a \u00e9cout\u00e9 \u00ab\u00a0Rock Haroun Tazieff\u00a0\u00bb par Ramon Pipin\u00a0!<\/p>\n<!-- AddThis Advanced Settings generic via filter on the_content --><!-- AddThis Share Buttons generic via filter on the_content -->","protected":false},"excerpt":{"rendered":"<p>Aujourd\u2019hui, mercredi 13 juillet 2016, j\u2019ai \u00e9t\u00e9 invit\u00e9 en direct de 15h \u00e0 16h sur France Inter par Daniel Fi\u00e9vet, pour son \u00e9mission estivale \u00ab\u00a0Le temps d&#8217;un bivouac\u00a0\u00bb. Nous avons \u00e9voqu\u00e9 la vie du grand volcanologue Haroun Tazieff. Daniel Fievet (\u00e0 droite) et Jacques-Marie Bardintzeff (\u00e0 gauche) aujourd\u2019hui \u00e0 France Inter (\u00a9 J.M. Bardintzeff). Pour &hellip; <a href=\"https:\/\/blogs.futura-sciences.com\/bardintzeff\/2016\/07\/13\/reecouter-tazieff-france-inter\/\" class=\"more-link\">Continuer la lecture de <span class=\"screen-reader-text\">R\u00e9\u00e9couter Tazieff sur France Inter<\/span>  <span class=\"meta-nav\">&rarr;<\/span><\/a><!-- AddThis Advanced Settings generic via filter on get_the_excerpt --><!-- AddThis Share Buttons generic via filter on get_the_excerpt --><\/p>\n","protected":false},"author":3,"featured_media":0,"comment_status":"open","ping_status":"open","sticky":false,"template":"","format":"standard","meta":{"footnotes":"","_links_to":"","_links_to_target":""},"categories":[6],"tags":[21,455,270,456,88,13],"class_list":["post-1363","post","type-post","status-publish","format-standard","hentry","category-actualites","tag-bardintzeff","tag-fievet","tag-france-inter","tag-le-temps-dun-bivouac","tag-tazieff","tag-volcanologue"],"yoast_head":"<!-- This site is optimized with the Yoast SEO plugin v24.1 - https:\/\/yoast.com\/wordpress\/plugins\/seo\/ -->\n<title>R\u00e9\u00e9couter Tazieff sur France Inter, par Jacques-Marie Bardintzeff<\/title>\n<meta name=\"robots\" content=\"index, follow, max-snippet:-1, max-image-preview:large, max-video-preview:-1\" \/>\n<link rel=\"canonical\" href=\"https:\/\/blogs.futura-sciences.com\/bardintzeff\/2016\/07\/13\/reecouter-tazieff-france-inter\/\" \/>\n<meta property=\"og:locale\" content=\"fr_FR\" \/>\n<meta property=\"og:type\" content=\"article\" \/>\n<meta property=\"og:title\" content=\"R\u00e9\u00e9couter Tazieff sur France Inter, par Jacques-Marie Bardintzeff\" \/>\n<meta property=\"og:description\" content=\"Aujourd\u2019hui, mercredi 13 juillet 2016, j\u2019ai \u00e9t\u00e9 invit\u00e9 en direct de 15h \u00e0 16h sur France Inter par Daniel Fi\u00e9vet, pour son \u00e9mission estivale \u00ab\u00a0Le temps d&#8217;un bivouac\u00a0\u00bb. Nous avons \u00e9voqu\u00e9 la vie du grand volcanologue Haroun Tazieff. Daniel Fievet (\u00e0 droite) et Jacques-Marie Bardintzeff (\u00e0 gauche) aujourd\u2019hui \u00e0 France Inter (\u00a9 J.M. Bardintzeff). Pour &hellip; Continuer la lecture de R\u00e9\u00e9couter Tazieff sur France Inter &rarr;\" \/>\n<meta property=\"og:url\" content=\"https:\/\/blogs.futura-sciences.com\/bardintzeff\/2016\/07\/13\/reecouter-tazieff-france-inter\/\" \/>\n<meta property=\"og:site_name\" content=\"VOLCANMANIA : le blog de Jacques-Marie BARDINTZEFF, volcanologue\" \/>\n<meta property=\"article:published_time\" content=\"2016-07-13T15:35:48+00:00\" \/>\n<meta property=\"article:modified_time\" content=\"2016-07-13T15:41:47+00:00\" \/>\n<meta property=\"og:image\" content=\"https:\/\/blogs.futura-sciences.com\/bardintzeff\/wp-content\/uploads\/sites\/3\/2016\/07\/Bardintzeff.2016.07.13.Bardintzeff_Fievet1.jpg\" \/>\n\t<meta property=\"og:image:width\" content=\"1559\" \/>\n\t<meta property=\"og:image:height\" content=\"1169\" \/>\n\t<meta property=\"og:image:type\" content=\"image\/jpeg\" \/>\n<meta name=\"author\" content=\"jmbardintzeff\" \/>\n<meta name=\"twitter:card\" content=\"summary_large_image\" \/>\n<meta name=\"twitter:label1\" content=\"\u00c9crit par\" \/>\n\t<meta name=\"twitter:data1\" content=\"jmbardintzeff\" \/>\n\t<meta name=\"twitter:label2\" content=\"Dur\u00e9e de lecture estim\u00e9e\" \/>\n\t<meta name=\"twitter:data2\" content=\"1 minute\" \/>\n<script type=\"application\/ld+json\" class=\"yoast-schema-graph\">{\"@context\":\"https:\/\/schema.org\",\"@graph\":[{\"@type\":\"WebPage\",\"@id\":\"https:\/\/blogs.futura-sciences.com\/bardintzeff\/2016\/07\/13\/reecouter-tazieff-france-inter\/\",\"url\":\"https:\/\/blogs.futura-sciences.com\/bardintzeff\/2016\/07\/13\/reecouter-tazieff-france-inter\/\",\"name\":\"R\u00e9\u00e9couter Tazieff sur France Inter, par Jacques-Marie Bardintzeff\",\"isPartOf\":{\"@id\":\"https:\/\/blogs.futura-sciences.com\/bardintzeff\/#website\"},\"primaryImageOfPage\":{\"@id\":\"https:\/\/blogs.futura-sciences.com\/bardintzeff\/2016\/07\/13\/reecouter-tazieff-france-inter\/#primaryimage\"},\"image\":{\"@id\":\"https:\/\/blogs.futura-sciences.com\/bardintzeff\/2016\/07\/13\/reecouter-tazieff-france-inter\/#primaryimage\"},\"thumbnailUrl\":\"https:\/\/blogs.futura-sciences.com\/bardintzeff\/wp-content\/uploads\/sites\/3\/2016\/07\/Bardintzeff.2016.07.13.Bardintzeff_Fievet1-450x337.jpg\",\"datePublished\":\"2016-07-13T15:35:48+00:00\",\"dateModified\":\"2016-07-13T15:41:47+00:00\",\"author\":{\"@id\":\"https:\/\/blogs.futura-sciences.com\/bardintzeff\/#\/schema\/person\/974e1e0324e3e06f08253784e8eca61e\"},\"inLanguage\":\"fr-FR\",\"potentialAction\":[{\"@type\":\"ReadAction\",\"target\":[\"https:\/\/blogs.futura-sciences.com\/bardintzeff\/2016\/07\/13\/reecouter-tazieff-france-inter\/\"]}]},{\"@type\":\"ImageObject\",\"inLanguage\":\"fr-FR\",\"@id\":\"https:\/\/blogs.futura-sciences.com\/bardintzeff\/2016\/07\/13\/reecouter-tazieff-france-inter\/#primaryimage\",\"url\":\"https:\/\/blogs.futura-sciences.com\/bardintzeff\/wp-content\/uploads\/sites\/3\/2016\/07\/Bardintzeff.2016.07.13.Bardintzeff_Fievet1.jpg\",\"contentUrl\":\"https:\/\/blogs.futura-sciences.com\/bardintzeff\/wp-content\/uploads\/sites\/3\/2016\/07\/Bardintzeff.2016.07.13.Bardintzeff_Fievet1.jpg\",\"width\":1559,\"height\":1169},{\"@type\":\"WebSite\",\"@id\":\"https:\/\/blogs.futura-sciences.com\/bardintzeff\/#website\",\"url\":\"https:\/\/blogs.futura-sciences.com\/bardintzeff\/\",\"name\":\"VOLCANMANIA : le blog de Jacques-Marie BARDINTZEFF, volcanologue\",\"description\":\"Les volcans ? Passionn\u00e9ment ! Les volcans ne sont pas toujours m\u00e9chants, ils sont aussi les t\u00e9moins de la Terre active !\",\"potentialAction\":[{\"@type\":\"SearchAction\",\"target\":{\"@type\":\"EntryPoint\",\"urlTemplate\":\"https:\/\/blogs.futura-sciences.com\/bardintzeff\/?s={search_term_string}\"},\"query-input\":{\"@type\":\"PropertyValueSpecification\",\"valueRequired\":true,\"valueName\":\"search_term_string\"}}],\"inLanguage\":\"fr-FR\"},{\"@type\":\"Person\",\"@id\":\"https:\/\/blogs.futura-sciences.com\/bardintzeff\/#\/schema\/person\/974e1e0324e3e06f08253784e8eca61e\",\"name\":\"jmbardintzeff\",\"image\":{\"@type\":\"ImageObject\",\"inLanguage\":\"fr-FR\",\"@id\":\"https:\/\/blogs.futura-sciences.com\/bardintzeff\/#\/schema\/person\/image\/\",\"url\":\"https:\/\/secure.gravatar.com\/avatar\/d38cb5297008217786910838f2aa1bda?s=96&d=mm&r=g\",\"contentUrl\":\"https:\/\/secure.gravatar.com\/avatar\/d38cb5297008217786910838f2aa1bda?s=96&d=mm&r=g\",\"caption\":\"jmbardintzeff\"},\"url\":\"https:\/\/blogs.futura-sciences.com\/bardintzeff\/author\/jmbardintzeff\/\"}]}<\/script>\n<!-- \/ Yoast SEO plugin. -->","yoast_head_json":{"title":"R\u00e9\u00e9couter Tazieff sur France Inter, par Jacques-Marie Bardintzeff","robots":{"index":"index","follow":"follow","max-snippet":"max-snippet:-1","max-image-preview":"max-image-preview:large","max-video-preview":"max-video-preview:-1"},"canonical":"https:\/\/blogs.futura-sciences.com\/bardintzeff\/2016\/07\/13\/reecouter-tazieff-france-inter\/","og_locale":"fr_FR","og_type":"article","og_title":"R\u00e9\u00e9couter Tazieff sur France Inter, par Jacques-Marie Bardintzeff","og_description":"Aujourd\u2019hui, mercredi 13 juillet 2016, j\u2019ai \u00e9t\u00e9 invit\u00e9 en direct de 15h \u00e0 16h sur France Inter par Daniel Fi\u00e9vet, pour son \u00e9mission estivale \u00ab\u00a0Le temps d&#8217;un bivouac\u00a0\u00bb. Nous avons \u00e9voqu\u00e9 la vie du grand volcanologue Haroun Tazieff. Daniel Fievet (\u00e0 droite) et Jacques-Marie Bardintzeff (\u00e0 gauche) aujourd\u2019hui \u00e0 France Inter (\u00a9 J.M. Bardintzeff). Pour &hellip; Continuer la lecture de R\u00e9\u00e9couter Tazieff sur France Inter &rarr;","og_url":"https:\/\/blogs.futura-sciences.com\/bardintzeff\/2016\/07\/13\/reecouter-tazieff-france-inter\/","og_site_name":"VOLCANMANIA : le blog de Jacques-Marie BARDINTZEFF, volcanologue","article_published_time":"2016-07-13T15:35:48+00:00","article_modified_time":"2016-07-13T15:41:47+00:00","og_image":[{"width":1559,"height":1169,"url":"https:\/\/blogs.futura-sciences.com\/bardintzeff\/wp-content\/uploads\/sites\/3\/2016\/07\/Bardintzeff.2016.07.13.Bardintzeff_Fievet1.jpg","type":"image\/jpeg"}],"author":"jmbardintzeff","twitter_card":"summary_large_image","twitter_misc":{"\u00c9crit par":"jmbardintzeff","Dur\u00e9e de lecture estim\u00e9e":"1 minute"},"schema":{"@context":"https:\/\/schema.org","@graph":[{"@type":"WebPage","@id":"https:\/\/blogs.futura-sciences.com\/bardintzeff\/2016\/07\/13\/reecouter-tazieff-france-inter\/","url":"https:\/\/blogs.futura-sciences.com\/bardintzeff\/2016\/07\/13\/reecouter-tazieff-france-inter\/","name":"R\u00e9\u00e9couter Tazieff sur France Inter, par Jacques-Marie Bardintzeff","isPartOf":{"@id":"https:\/\/blogs.futura-sciences.com\/bardintzeff\/#website"},"primaryImageOfPage":{"@id":"https:\/\/blogs.futura-sciences.com\/bardintzeff\/2016\/07\/13\/reecouter-tazieff-france-inter\/#primaryimage"},"image":{"@id":"https:\/\/blogs.futura-sciences.com\/bardintzeff\/2016\/07\/13\/reecouter-tazieff-france-inter\/#primaryimage"},"thumbnailUrl":"https:\/\/blogs.futura-sciences.com\/bardintzeff\/wp-content\/uploads\/sites\/3\/2016\/07\/Bardintzeff.2016.07.13.Bardintzeff_Fievet1-450x337.jpg","datePublished":"2016-07-13T15:35:48+00:00","dateModified":"2016-07-13T15:41:47+00:00","author":{"@id":"https:\/\/blogs.futura-sciences.com\/bardintzeff\/#\/schema\/person\/974e1e0324e3e06f08253784e8eca61e"},"inLanguage":"fr-FR","potentialAction":[{"@type":"ReadAction","target":["https:\/\/blogs.futura-sciences.com\/bardintzeff\/2016\/07\/13\/reecouter-tazieff-france-inter\/"]}]},{"@type":"ImageObject","inLanguage":"fr-FR","@id":"https:\/\/blogs.futura-sciences.com\/bardintzeff\/2016\/07\/13\/reecouter-tazieff-france-inter\/#primaryimage","url":"https:\/\/blogs.futura-sciences.com\/bardintzeff\/wp-content\/uploads\/sites\/3\/2016\/07\/Bardintzeff.2016.07.13.Bardintzeff_Fievet1.jpg","contentUrl":"https:\/\/blogs.futura-sciences.com\/bardintzeff\/wp-content\/uploads\/sites\/3\/2016\/07\/Bardintzeff.2016.07.13.Bardintzeff_Fievet1.jpg","width":1559,"height":1169},{"@type":"WebSite","@id":"https:\/\/blogs.futura-sciences.com\/bardintzeff\/#website","url":"https:\/\/blogs.futura-sciences.com\/bardintzeff\/","name":"VOLCANMANIA : le blog de Jacques-Marie BARDINTZEFF, volcanologue","description":"Les volcans ? Passionn\u00e9ment ! Les volcans ne sont pas toujours m\u00e9chants, ils sont aussi les t\u00e9moins de la Terre active !","potentialAction":[{"@type":"SearchAction","target":{"@type":"EntryPoint","urlTemplate":"https:\/\/blogs.futura-sciences.com\/bardintzeff\/?s={search_term_string}"},"query-input":{"@type":"PropertyValueSpecification","valueRequired":true,"valueName":"search_term_string"}}],"inLanguage":"fr-FR"},{"@type":"Person","@id":"https:\/\/blogs.futura-sciences.com\/bardintzeff\/#\/schema\/person\/974e1e0324e3e06f08253784e8eca61e","name":"jmbardintzeff","image":{"@type":"ImageObject","inLanguage":"fr-FR","@id":"https:\/\/blogs.futura-sciences.com\/bardintzeff\/#\/schema\/person\/image\/","url":"https:\/\/secure.gravatar.com\/avatar\/d38cb5297008217786910838f2aa1bda?s=96&d=mm&r=g","contentUrl":"https:\/\/secure.gravatar.com\/avatar\/d38cb5297008217786910838f2aa1bda?s=96&d=mm&r=g","caption":"jmbardintzeff"},"url":"https:\/\/blogs.futura-sciences.com\/bardintzeff\/author\/jmbardintzeff\/"}]}},"_links":{"self":[{"href":"https:\/\/blogs.futura-sciences.com\/bardintzeff\/wp-json\/wp\/v2\/posts\/1363","targetHints":{"allow":["GET"]}}],"collection":[{"href":"https:\/\/blogs.futura-sciences.com\/bardintzeff\/wp-json\/wp\/v2\/posts"}],"about":[{"href":"https:\/\/blogs.futura-sciences.com\/bardintzeff\/wp-json\/wp\/v2\/types\/post"}],"author":[{"embeddable":true,"href":"https:\/\/blogs.futura-sciences.com\/bardintzeff\/wp-json\/wp\/v2\/users\/3"}],"replies":[{"embeddable":true,"href":"https:\/\/blogs.futura-sciences.com\/bardintzeff\/wp-json\/wp\/v2\/comments?post=1363"}],"version-history":[{"count":4,"href":"https:\/\/blogs.futura-sciences.com\/bardintzeff\/wp-json\/wp\/v2\/posts\/1363\/revisions"}],"predecessor-version":[{"id":1368,"href":"https:\/\/blogs.futura-sciences.com\/bardintzeff\/wp-json\/wp\/v2\/posts\/1363\/revisions\/1368"}],"wp:attachment":[{"href":"https:\/\/blogs.futura-sciences.com\/bardintzeff\/wp-json\/wp\/v2\/media?parent=1363"}],"wp:term":[{"taxonomy":"category","embeddable":true,"href":"https:\/\/blogs.futura-sciences.com\/bardintzeff\/wp-json\/wp\/v2\/categories?post=1363"},{"taxonomy":"post_tag","embeddable":true,"href":"https:\/\/blogs.futura-sciences.com\/bardintzeff\/wp-json\/wp\/v2\/tags?post=1363"}],"curies":[{"name":"wp","href":"https:\/\/api.w.org\/{rel}","templated":true}]}}