{"id":1322,"date":"2016-06-21T12:28:26","date_gmt":"2016-06-21T12:28:26","guid":{"rendered":"https:\/\/blogs.futura-sciences.com\/bardintzeff\/?p=1322"},"modified":"2023-04-14T07:54:43","modified_gmt":"2023-04-14T07:54:43","slug":"lexpresso-cafe-pedagogique","status":"publish","type":"post","link":"https:\/\/blogs.futura-sciences.com\/bardintzeff\/2016\/06\/21\/lexpresso-cafe-pedagogique\/","title":{"rendered":"L\u2019Expresso du Caf\u00e9 P\u00e9dagogique"},"content":{"rendered":"<p>Chaque semaine, le mardi, vous est servi \u00ab\u00a0L\u2019Expresso du Caf\u00e9 P\u00e9dagogique\u00a0\u00bb, toute l\u2019actualit\u00e9 p\u00e9dagogique sur le net.<\/p>\n<p>Ce mardi 21 juin 2016, je donne mes impressions (recueillies par Julien Cabioch) sur les nouveaux programmes \u00ab\u00a0Sciences Vie Terre \u00bb (SVT) du cycle 4 (classes de 5<sup>e<\/sup>, 4<sup>e<\/sup> et 3<sup>e<\/sup> du Coll\u00e8ge). Une part belle est faite au volcanisme et aux risques naturels. La g\u00e9ologie a assez souffert de cours r\u00e9barbatifs. Voici une belle occasion de montrer que le g\u00e9ologue n\u2019est pas un homme du pass\u00e9 mais bien un expert incontournable qui conna\u00eet le pass\u00e9 pour comprendre le pr\u00e9sent et envisager l\u2019avenir !<\/p>\n<p>Voir l\u2019interview :<\/p>\n<p>Jacques-Marie Bardintzeff : Comment \u00e9duquer aux risques g\u00e9ologiques ?<\/p>\n<p><a href=\"https:\/\/www.cafepedagogique.net\/2016\/06\/21\/jacques-marie-bardintzeff-comment-eduquer-aux-risques-geologiques\/\">https:\/\/www.cafepedagogique.net\/2016\/06\/21\/jacques-marie-bardintzeff-comment-eduquer-aux-risques-geologiques\/<\/a><\/p>\n<p><img loading=\"lazy\" decoding=\"async\" class=\"alignnone size-medium wp-image-1324\" src=\"https:\/\/blogs.futura-sciences.com\/bardintzeff\/wp-content\/uploads\/sites\/3\/2016\/06\/Bardintzeff.Cap_Vert.0554.low_-450x440.jpg\" alt=\"Bardintzeff.Cap_Vert.0554.low\" width=\"450\" height=\"440\" srcset=\"https:\/\/blogs.futura-sciences.com\/bardintzeff\/wp-content\/uploads\/sites\/3\/2016\/06\/Bardintzeff.Cap_Vert.0554.low_-450x440.jpg 450w, https:\/\/blogs.futura-sciences.com\/bardintzeff\/wp-content\/uploads\/sites\/3\/2016\/06\/Bardintzeff.Cap_Vert.0554.low_-768x752.jpg 768w, https:\/\/blogs.futura-sciences.com\/bardintzeff\/wp-content\/uploads\/sites\/3\/2016\/06\/Bardintzeff.Cap_Vert.0554.low_-1024x1002.jpg 1024w, https:\/\/blogs.futura-sciences.com\/bardintzeff\/wp-content\/uploads\/sites\/3\/2016\/06\/Bardintzeff.Cap_Vert.0554.low_.jpg 1417w\" sizes=\"auto, (max-width: 450px) 100vw, 450px\" \/><\/p>\n<p>J.M. Bardintzeff au Cap-Vert (\u00a9 J.M. Bardintzeff).<\/p>\n<p><!--more--><\/p>\n<p>J\u2019ai \u00e9t\u00e9 interview\u00e9 (par Jean-Pierre Gallerand ou Julien Cabioch) \u00e0 plusieurs reprises dans le cadre de ce Caf\u00e9 P\u00e9dagogique\u00a0:<\/p>\n<p>* Le r\u00f4le d&#8217;internet dans le partage des savoirs (15 f\u00e9vrier 2008; Caf\u00e9 P\u00e9dagogique n\u00b090)<\/p>\n<p><a href=\"http:\/\/www.cafepedagogique.net\/lemensuel\/lenseignant\/sciences\/svt\/Documents\/jmb.htm\">http:\/\/www.cafepedagogique.net\/lemensuel\/lenseignant\/sciences\/svt\/Documents\/jmb.htm<\/a><\/p>\n<p>* Le piton de la Fournaise (15 novembre 2009; Caf\u00e9 P\u00e9dagogique n\u00b0107)<\/p>\n<p><a href=\"https:\/\/www.cafepedagogique.net\/2009\/11\/26\/lexpresso-du-26-novembre-2009\/\">https:\/\/www.cafepedagogique.net\/2009\/11\/26\/lexpresso-du-26-novembre-2009\/<\/a><\/p>\n<p>* \u00c9ruption en Islande (15 mai 2010; Caf\u00e9 P\u00e9dagogique n\u00b0113)<\/p>\n<p><a href=\"https:\/\/www.cafepedagogique.net\/2010\/05\/15\/a-la-une-335\/\">https:\/\/www.cafepedagogique.net\/2010\/05\/15\/a-la-une-335\/<\/a><\/p>\n<p>* Le volcan islandais Grimsv\u00f6tn (23 mai 2011; Caf\u00e9 P\u00e9dagogique n\u00b0123)<\/p>\n<p><a href=\"https:\/\/www.cafepedagogique.net\/2011\/05\/23\/le-volcan-islandais-grimsvotn\/\">https:\/\/www.cafepedagogique.net\/2011\/05\/23\/le-volcan-islandais-grimsvotn\/<\/a><\/p>\n<p>* Des vid\u00e9os de Jacques-Marie Bardintzeff \u00e0 la disposition des enseignants de SVT (15 septembre 2011; Caf\u00e9 P\u00e9dagogique n\u00b0125)<\/p>\n<p><a href=\"https:\/\/www.cafepedagogique.net\/2011\/09\/15\/a-la-une-113\/\">https:\/\/www.cafepedagogique.net\/2011\/09\/15\/a-la-une-113\/<\/a><\/p>\n<p>* La cha\u00eene des Puys (15 janvier 2013; Caf\u00e9 P\u00e9dagogique n\u00b0139)<\/p>\n<p>* Jacques-Marie Bardintzeff : Comment enseigner le volcanisme ? (19 octobre 2014; Caf\u00e9 P\u00e9dagogique n\u00b0156)<\/p>\n<p><a href=\"https:\/\/www.cafepedagogique.net\/2014\/10\/07\/jacques-marie-bardintzeff-comment-enseigner-le-volcanisme\/\">https:\/\/www.cafepedagogique.net\/2014\/10\/07\/jacques-marie-bardintzeff-comment-enseigner-le-volcanisme\/<\/a><\/p>\n<p>* SVT : Exp\u00e9dition sur un volcan actif par Jacques-Marie Bardintzeff et Sylvain Chermette (au Cap-Vert) (22 janvier 2015; Caf\u00e9 P\u00e9dagogique n\u00b0159)<\/p>\n<p><a href=\"https:\/\/www.cafepedagogique.net\/2015\/01\/27\/svt-expedition-sur-un-volcan-actif-par-jacques-marie-bardintzeff-et-sylvain-chermette\/\">https:\/\/www.cafepedagogique.net\/2015\/01\/27\/svt-expedition-sur-un-volcan-actif-par-jacques-marie-bardintzeff-et-sylvain-chermette\/<\/a><\/p>\n<p><a href=\"https:\/\/www.cafepedagogique.net\/lexpresso\/Documents\/docsjoints\/illustrations-FOGO-SVT.pdf\">https:\/\/www.cafepedagogique.net\/lexpresso\/Documents\/docsjoints\/illustrations-FOGO-SVT.pdf<\/a><\/p>\n<p>&nbsp;<\/p>\n<!-- AddThis Advanced Settings generic via filter on the_content --><!-- AddThis Share Buttons generic via filter on the_content -->","protected":false},"excerpt":{"rendered":"<p>Chaque semaine, le mardi, vous est servi \u00ab\u00a0L\u2019Expresso du Caf\u00e9 P\u00e9dagogique\u00a0\u00bb, toute l\u2019actualit\u00e9 p\u00e9dagogique sur le net. Ce mardi 21 juin 2016, je donne mes impressions (recueillies par Julien Cabioch) sur les nouveaux programmes \u00ab\u00a0Sciences Vie Terre \u00bb (SVT) du cycle 4 (classes de 5e, 4e et 3e du Coll\u00e8ge). Une part belle est faite &hellip; <a href=\"https:\/\/blogs.futura-sciences.com\/bardintzeff\/2016\/06\/21\/lexpresso-cafe-pedagogique\/\" class=\"more-link\">Continuer la lecture de <span class=\"screen-reader-text\">L\u2019Expresso du Caf\u00e9 P\u00e9dagogique<\/span>  <span class=\"meta-nav\">&rarr;<\/span><\/a><!-- AddThis Advanced Settings generic via filter on get_the_excerpt --><!-- AddThis Share Buttons generic via filter on get_the_excerpt --><\/p>\n","protected":false},"author":3,"featured_media":0,"comment_status":"open","ping_status":"open","sticky":false,"template":"","format":"standard","meta":{"footnotes":"","_links_to":"","_links_to_target":""},"categories":[6],"tags":[21,447,448,449,367,16,87,450,451,3,452],"class_list":["post-1322","post","type-post","status-publish","format-standard","hentry","category-actualites","tag-bardintzeff","tag-cabioch","tag-cafe-pedagogique","tag-gallerand","tag-geologie","tag-pedagogie","tag-risque-naturel","tag-sciences-vie-terre","tag-svt","tag-volcan","tag-volcanisme"],"yoast_head":"<!-- This site is optimized with the Yoast SEO plugin v24.1 - https:\/\/yoast.com\/wordpress\/plugins\/seo\/ -->\n<title>L\u2019Expresso du Caf\u00e9 P\u00e9dagogique, par Jacques-Marie Bardintzeff<\/title>\n<meta name=\"robots\" content=\"index, follow, max-snippet:-1, max-image-preview:large, max-video-preview:-1\" \/>\n<link rel=\"canonical\" href=\"https:\/\/blogs.futura-sciences.com\/bardintzeff\/2016\/06\/21\/lexpresso-cafe-pedagogique\/\" \/>\n<meta property=\"og:locale\" content=\"fr_FR\" \/>\n<meta property=\"og:type\" content=\"article\" \/>\n<meta property=\"og:title\" content=\"L\u2019Expresso du Caf\u00e9 P\u00e9dagogique, par Jacques-Marie Bardintzeff\" \/>\n<meta property=\"og:description\" content=\"Chaque semaine, le mardi, vous est servi \u00ab\u00a0L\u2019Expresso du Caf\u00e9 P\u00e9dagogique\u00a0\u00bb, toute l\u2019actualit\u00e9 p\u00e9dagogique sur le net. Ce mardi 21 juin 2016, je donne mes impressions (recueillies par Julien Cabioch) sur les nouveaux programmes \u00ab\u00a0Sciences Vie Terre \u00bb (SVT) du cycle 4 (classes de 5e, 4e et 3e du Coll\u00e8ge). Une part belle est faite &hellip; Continuer la lecture de L\u2019Expresso du Caf\u00e9 P\u00e9dagogique &rarr;\" \/>\n<meta property=\"og:url\" content=\"https:\/\/blogs.futura-sciences.com\/bardintzeff\/2016\/06\/21\/lexpresso-cafe-pedagogique\/\" \/>\n<meta property=\"og:site_name\" content=\"VOLCANMANIA : le blog de Jacques-Marie BARDINTZEFF, volcanologue\" \/>\n<meta property=\"article:published_time\" content=\"2016-06-21T12:28:26+00:00\" \/>\n<meta property=\"article:modified_time\" content=\"2023-04-14T07:54:43+00:00\" \/>\n<meta property=\"og:image\" content=\"https:\/\/blogs.futura-sciences.com\/bardintzeff\/wp-content\/uploads\/sites\/3\/2016\/06\/Bardintzeff.Cap_Vert.0554.low_-450x440.jpg\" \/>\n<meta name=\"author\" content=\"jmbardintzeff\" \/>\n<meta name=\"twitter:card\" content=\"summary_large_image\" \/>\n<meta name=\"twitter:label1\" content=\"\u00c9crit par\" \/>\n\t<meta name=\"twitter:data1\" content=\"jmbardintzeff\" \/>\n\t<meta name=\"twitter:label2\" content=\"Dur\u00e9e de lecture estim\u00e9e\" \/>\n\t<meta name=\"twitter:data2\" content=\"2 minutes\" \/>\n<script type=\"application\/ld+json\" class=\"yoast-schema-graph\">{\"@context\":\"https:\/\/schema.org\",\"@graph\":[{\"@type\":\"WebPage\",\"@id\":\"https:\/\/blogs.futura-sciences.com\/bardintzeff\/2016\/06\/21\/lexpresso-cafe-pedagogique\/\",\"url\":\"https:\/\/blogs.futura-sciences.com\/bardintzeff\/2016\/06\/21\/lexpresso-cafe-pedagogique\/\",\"name\":\"L\u2019Expresso du Caf\u00e9 P\u00e9dagogique, par Jacques-Marie Bardintzeff\",\"isPartOf\":{\"@id\":\"https:\/\/blogs.futura-sciences.com\/bardintzeff\/#website\"},\"primaryImageOfPage\":{\"@id\":\"https:\/\/blogs.futura-sciences.com\/bardintzeff\/2016\/06\/21\/lexpresso-cafe-pedagogique\/#primaryimage\"},\"image\":{\"@id\":\"https:\/\/blogs.futura-sciences.com\/bardintzeff\/2016\/06\/21\/lexpresso-cafe-pedagogique\/#primaryimage\"},\"thumbnailUrl\":\"https:\/\/blogs.futura-sciences.com\/bardintzeff\/wp-content\/uploads\/sites\/3\/2016\/06\/Bardintzeff.Cap_Vert.0554.low_-450x440.jpg\",\"datePublished\":\"2016-06-21T12:28:26+00:00\",\"dateModified\":\"2023-04-14T07:54:43+00:00\",\"author\":{\"@id\":\"https:\/\/blogs.futura-sciences.com\/bardintzeff\/#\/schema\/person\/974e1e0324e3e06f08253784e8eca61e\"},\"inLanguage\":\"fr-FR\",\"potentialAction\":[{\"@type\":\"ReadAction\",\"target\":[\"https:\/\/blogs.futura-sciences.com\/bardintzeff\/2016\/06\/21\/lexpresso-cafe-pedagogique\/\"]}]},{\"@type\":\"ImageObject\",\"inLanguage\":\"fr-FR\",\"@id\":\"https:\/\/blogs.futura-sciences.com\/bardintzeff\/2016\/06\/21\/lexpresso-cafe-pedagogique\/#primaryimage\",\"url\":\"https:\/\/blogs.futura-sciences.com\/bardintzeff\/wp-content\/uploads\/sites\/3\/2016\/06\/Bardintzeff.Cap_Vert.0554.low_.jpg\",\"contentUrl\":\"https:\/\/blogs.futura-sciences.com\/bardintzeff\/wp-content\/uploads\/sites\/3\/2016\/06\/Bardintzeff.Cap_Vert.0554.low_.jpg\",\"width\":1417,\"height\":1387},{\"@type\":\"WebSite\",\"@id\":\"https:\/\/blogs.futura-sciences.com\/bardintzeff\/#website\",\"url\":\"https:\/\/blogs.futura-sciences.com\/bardintzeff\/\",\"name\":\"VOLCANMANIA : le blog de Jacques-Marie BARDINTZEFF, volcanologue\",\"description\":\"Les volcans ? Passionn\u00e9ment ! Les volcans ne sont pas toujours m\u00e9chants, ils sont aussi les t\u00e9moins de la Terre active !\",\"potentialAction\":[{\"@type\":\"SearchAction\",\"target\":{\"@type\":\"EntryPoint\",\"urlTemplate\":\"https:\/\/blogs.futura-sciences.com\/bardintzeff\/?s={search_term_string}\"},\"query-input\":{\"@type\":\"PropertyValueSpecification\",\"valueRequired\":true,\"valueName\":\"search_term_string\"}}],\"inLanguage\":\"fr-FR\"},{\"@type\":\"Person\",\"@id\":\"https:\/\/blogs.futura-sciences.com\/bardintzeff\/#\/schema\/person\/974e1e0324e3e06f08253784e8eca61e\",\"name\":\"jmbardintzeff\",\"image\":{\"@type\":\"ImageObject\",\"inLanguage\":\"fr-FR\",\"@id\":\"https:\/\/blogs.futura-sciences.com\/bardintzeff\/#\/schema\/person\/image\/\",\"url\":\"https:\/\/secure.gravatar.com\/avatar\/d38cb5297008217786910838f2aa1bda?s=96&d=mm&r=g\",\"contentUrl\":\"https:\/\/secure.gravatar.com\/avatar\/d38cb5297008217786910838f2aa1bda?s=96&d=mm&r=g\",\"caption\":\"jmbardintzeff\"},\"url\":\"https:\/\/blogs.futura-sciences.com\/bardintzeff\/author\/jmbardintzeff\/\"}]}<\/script>\n<!-- \/ Yoast SEO plugin. -->","yoast_head_json":{"title":"L\u2019Expresso du Caf\u00e9 P\u00e9dagogique, par Jacques-Marie Bardintzeff","robots":{"index":"index","follow":"follow","max-snippet":"max-snippet:-1","max-image-preview":"max-image-preview:large","max-video-preview":"max-video-preview:-1"},"canonical":"https:\/\/blogs.futura-sciences.com\/bardintzeff\/2016\/06\/21\/lexpresso-cafe-pedagogique\/","og_locale":"fr_FR","og_type":"article","og_title":"L\u2019Expresso du Caf\u00e9 P\u00e9dagogique, par Jacques-Marie Bardintzeff","og_description":"Chaque semaine, le mardi, vous est servi \u00ab\u00a0L\u2019Expresso du Caf\u00e9 P\u00e9dagogique\u00a0\u00bb, toute l\u2019actualit\u00e9 p\u00e9dagogique sur le net. Ce mardi 21 juin 2016, je donne mes impressions (recueillies par Julien Cabioch) sur les nouveaux programmes \u00ab\u00a0Sciences Vie Terre \u00bb (SVT) du cycle 4 (classes de 5e, 4e et 3e du Coll\u00e8ge). Une part belle est faite &hellip; Continuer la lecture de L\u2019Expresso du Caf\u00e9 P\u00e9dagogique &rarr;","og_url":"https:\/\/blogs.futura-sciences.com\/bardintzeff\/2016\/06\/21\/lexpresso-cafe-pedagogique\/","og_site_name":"VOLCANMANIA : le blog de Jacques-Marie BARDINTZEFF, volcanologue","article_published_time":"2016-06-21T12:28:26+00:00","article_modified_time":"2023-04-14T07:54:43+00:00","og_image":[{"url":"https:\/\/blogs.futura-sciences.com\/bardintzeff\/wp-content\/uploads\/sites\/3\/2016\/06\/Bardintzeff.Cap_Vert.0554.low_-450x440.jpg","type":"","width":"","height":""}],"author":"jmbardintzeff","twitter_card":"summary_large_image","twitter_misc":{"\u00c9crit par":"jmbardintzeff","Dur\u00e9e de lecture estim\u00e9e":"2 minutes"},"schema":{"@context":"https:\/\/schema.org","@graph":[{"@type":"WebPage","@id":"https:\/\/blogs.futura-sciences.com\/bardintzeff\/2016\/06\/21\/lexpresso-cafe-pedagogique\/","url":"https:\/\/blogs.futura-sciences.com\/bardintzeff\/2016\/06\/21\/lexpresso-cafe-pedagogique\/","name":"L\u2019Expresso du Caf\u00e9 P\u00e9dagogique, par Jacques-Marie Bardintzeff","isPartOf":{"@id":"https:\/\/blogs.futura-sciences.com\/bardintzeff\/#website"},"primaryImageOfPage":{"@id":"https:\/\/blogs.futura-sciences.com\/bardintzeff\/2016\/06\/21\/lexpresso-cafe-pedagogique\/#primaryimage"},"image":{"@id":"https:\/\/blogs.futura-sciences.com\/bardintzeff\/2016\/06\/21\/lexpresso-cafe-pedagogique\/#primaryimage"},"thumbnailUrl":"https:\/\/blogs.futura-sciences.com\/bardintzeff\/wp-content\/uploads\/sites\/3\/2016\/06\/Bardintzeff.Cap_Vert.0554.low_-450x440.jpg","datePublished":"2016-06-21T12:28:26+00:00","dateModified":"2023-04-14T07:54:43+00:00","author":{"@id":"https:\/\/blogs.futura-sciences.com\/bardintzeff\/#\/schema\/person\/974e1e0324e3e06f08253784e8eca61e"},"inLanguage":"fr-FR","potentialAction":[{"@type":"ReadAction","target":["https:\/\/blogs.futura-sciences.com\/bardintzeff\/2016\/06\/21\/lexpresso-cafe-pedagogique\/"]}]},{"@type":"ImageObject","inLanguage":"fr-FR","@id":"https:\/\/blogs.futura-sciences.com\/bardintzeff\/2016\/06\/21\/lexpresso-cafe-pedagogique\/#primaryimage","url":"https:\/\/blogs.futura-sciences.com\/bardintzeff\/wp-content\/uploads\/sites\/3\/2016\/06\/Bardintzeff.Cap_Vert.0554.low_.jpg","contentUrl":"https:\/\/blogs.futura-sciences.com\/bardintzeff\/wp-content\/uploads\/sites\/3\/2016\/06\/Bardintzeff.Cap_Vert.0554.low_.jpg","width":1417,"height":1387},{"@type":"WebSite","@id":"https:\/\/blogs.futura-sciences.com\/bardintzeff\/#website","url":"https:\/\/blogs.futura-sciences.com\/bardintzeff\/","name":"VOLCANMANIA : le blog de Jacques-Marie BARDINTZEFF, volcanologue","description":"Les volcans ? Passionn\u00e9ment ! Les volcans ne sont pas toujours m\u00e9chants, ils sont aussi les t\u00e9moins de la Terre active !","potentialAction":[{"@type":"SearchAction","target":{"@type":"EntryPoint","urlTemplate":"https:\/\/blogs.futura-sciences.com\/bardintzeff\/?s={search_term_string}"},"query-input":{"@type":"PropertyValueSpecification","valueRequired":true,"valueName":"search_term_string"}}],"inLanguage":"fr-FR"},{"@type":"Person","@id":"https:\/\/blogs.futura-sciences.com\/bardintzeff\/#\/schema\/person\/974e1e0324e3e06f08253784e8eca61e","name":"jmbardintzeff","image":{"@type":"ImageObject","inLanguage":"fr-FR","@id":"https:\/\/blogs.futura-sciences.com\/bardintzeff\/#\/schema\/person\/image\/","url":"https:\/\/secure.gravatar.com\/avatar\/d38cb5297008217786910838f2aa1bda?s=96&d=mm&r=g","contentUrl":"https:\/\/secure.gravatar.com\/avatar\/d38cb5297008217786910838f2aa1bda?s=96&d=mm&r=g","caption":"jmbardintzeff"},"url":"https:\/\/blogs.futura-sciences.com\/bardintzeff\/author\/jmbardintzeff\/"}]}},"_links":{"self":[{"href":"https:\/\/blogs.futura-sciences.com\/bardintzeff\/wp-json\/wp\/v2\/posts\/1322","targetHints":{"allow":["GET"]}}],"collection":[{"href":"https:\/\/blogs.futura-sciences.com\/bardintzeff\/wp-json\/wp\/v2\/posts"}],"about":[{"href":"https:\/\/blogs.futura-sciences.com\/bardintzeff\/wp-json\/wp\/v2\/types\/post"}],"author":[{"embeddable":true,"href":"https:\/\/blogs.futura-sciences.com\/bardintzeff\/wp-json\/wp\/v2\/users\/3"}],"replies":[{"embeddable":true,"href":"https:\/\/blogs.futura-sciences.com\/bardintzeff\/wp-json\/wp\/v2\/comments?post=1322"}],"version-history":[{"count":17,"href":"https:\/\/blogs.futura-sciences.com\/bardintzeff\/wp-json\/wp\/v2\/posts\/1322\/revisions"}],"predecessor-version":[{"id":8909,"href":"https:\/\/blogs.futura-sciences.com\/bardintzeff\/wp-json\/wp\/v2\/posts\/1322\/revisions\/8909"}],"wp:attachment":[{"href":"https:\/\/blogs.futura-sciences.com\/bardintzeff\/wp-json\/wp\/v2\/media?parent=1322"}],"wp:term":[{"taxonomy":"category","embeddable":true,"href":"https:\/\/blogs.futura-sciences.com\/bardintzeff\/wp-json\/wp\/v2\/categories?post=1322"},{"taxonomy":"post_tag","embeddable":true,"href":"https:\/\/blogs.futura-sciences.com\/bardintzeff\/wp-json\/wp\/v2\/tags?post=1322"}],"curies":[{"name":"wp","href":"https:\/\/api.w.org\/{rel}","templated":true}]}}