{"id":1257,"date":"2016-05-18T13:05:27","date_gmt":"2016-05-18T13:05:27","guid":{"rendered":"https:\/\/blogs.futura-sciences.com\/bardintzeff\/?p=1257"},"modified":"2016-05-19T06:30:51","modified_gmt":"2016-05-19T06:30:51","slug":"deux-conferences-a-venir","status":"publish","type":"post","link":"https:\/\/blogs.futura-sciences.com\/bardintzeff\/2016\/05\/18\/deux-conferences-a-venir\/","title":{"rendered":"Deux conf\u00e9rences \u00e0 venir"},"content":{"rendered":"<p>Ce week-end, je donne deux conf\u00e9rences :<\/p>\n<p>Vendredi 20 mai, \u00e0 20h30, \u00e0 la Salle des f\u00eates, 10500 Morvilliers (pr\u00e8s de Bar-sur-Aube),<\/p>\n<p>dans le cadre de la F\u00eate de la nature<\/p>\n<p>&#8220;Volcanologue: de la passion \u00e0 la vocation&#8221;.<\/p>\n<p><a href=\"https:\/\/www.andra.fr\/index.php?id=actualite_2_2_1&amp;art=6008&amp;itemracine=ITEMRACINE_ACTUALITE&amp;global_id_item=GLOBALIDITEM_ACTUALITE&amp;HideMenu=1\">https:\/\/www.andra.fr\/index.php?id=actualite_2_2_1&amp;art=6008&amp;itemracine=ITEMRACINE_ACTUALITE&amp;global_id_item=GLOBALIDITEM_ACTUALITE&amp;HideMenu=1<\/a><\/p>\n<p><img loading=\"lazy\" decoding=\"async\" class=\"alignnone wp-image-1265\" src=\"https:\/\/blogs.futura-sciences.com\/bardintzeff\/wp-content\/uploads\/sites\/3\/2016\/05\/20151211_151258.OK_-1-450x272.jpg\" alt=\"20151211_151258.OK\" width=\"450\" height=\"272\" srcset=\"https:\/\/blogs.futura-sciences.com\/bardintzeff\/wp-content\/uploads\/sites\/3\/2016\/05\/20151211_151258.OK_-1-450x272.jpg 450w, https:\/\/blogs.futura-sciences.com\/bardintzeff\/wp-content\/uploads\/sites\/3\/2016\/05\/20151211_151258.OK_-1-768x465.jpg 768w, https:\/\/blogs.futura-sciences.com\/bardintzeff\/wp-content\/uploads\/sites\/3\/2016\/05\/20151211_151258.OK_-1-1024x619.jpg 1024w\" sizes=\"auto, (max-width: 450px) 100vw, 450px\" \/><\/p>\n<p>J.M. Bardintzeff en conf\u00e9rence le 11\/12\/2015 au Coll\u00e8ge Blaise Pascal, 91300 Massy (\u00a9 P. Jorland).<\/p>\n<p><!--more--><\/p>\n<p>Samedi 21 mai, \u00e0 19h30, au Mus\u00e9e d&#8217;histoire naturelle de Fribourg, Suisse,<\/p>\n<p>dans le cadre de la Nuit des Mus\u00e9es<\/p>\n<p>&#8220;Les volcans et l&#8217;Homme&#8221;.<\/p>\n<p><a href=\"http:\/\/www.fr.ch\/mhn\/fr\/pub\/actualites\/actualite.cfm?fuseaction_pre=Detail&amp;NewsID=54796\">http:\/\/www.fr.ch\/mhn\/fr\/pub\/actualites\/actualite.cfm?fuseaction_pre=Detail&amp;NewsID=54796<\/a><\/p>\n<p>Bienvenue !<\/p>\n<!-- AddThis Advanced Settings generic via filter on the_content --><!-- AddThis Share Buttons generic via filter on the_content -->","protected":false},"excerpt":{"rendered":"<p>Ce week-end, je donne deux conf\u00e9rences : Vendredi 20 mai, \u00e0 20h30, \u00e0 la Salle des f\u00eates, 10500 Morvilliers (pr\u00e8s de Bar-sur-Aube), dans le cadre de la F\u00eate de la nature &#8220;Volcanologue: de la passion \u00e0 la vocation&#8221;. https:\/\/www.andra.fr\/index.php?id=actualite_2_2_1&amp;art=6008&amp;itemracine=ITEMRACINE_ACTUALITE&amp;global_id_item=GLOBALIDITEM_ACTUALITE&amp;HideMenu=1 J.M. Bardintzeff en conf\u00e9rence le 11\/12\/2015 au Coll\u00e8ge Blaise Pascal, 91300 Massy (\u00a9 P. Jorland).<!-- AddThis Advanced Settings generic via filter on get_the_excerpt --><!-- AddThis Share Buttons generic via filter on get_the_excerpt --><\/p>\n","protected":false},"author":3,"featured_media":0,"comment_status":"open","ping_status":"open","sticky":false,"template":"","format":"standard","meta":{"footnotes":"","_links_to":"","_links_to_target":""},"categories":[6],"tags":[21,34,13],"class_list":["post-1257","post","type-post","status-publish","format-standard","hentry","category-actualites","tag-bardintzeff","tag-conference","tag-volcanologue"],"yoast_head":"<!-- This site is optimized with the Yoast SEO plugin v24.1 - https:\/\/yoast.com\/wordpress\/plugins\/seo\/ -->\n<title>Deux conf\u00e9rences \u00e0 venir, par Jacques-Marie Bardintzeff<\/title>\n<meta name=\"robots\" content=\"index, follow, max-snippet:-1, max-image-preview:large, max-video-preview:-1\" \/>\n<link rel=\"canonical\" href=\"https:\/\/blogs.futura-sciences.com\/bardintzeff\/2016\/05\/18\/deux-conferences-a-venir\/\" \/>\n<meta property=\"og:locale\" content=\"fr_FR\" \/>\n<meta property=\"og:type\" content=\"article\" \/>\n<meta property=\"og:title\" content=\"Deux conf\u00e9rences \u00e0 venir, par Jacques-Marie Bardintzeff\" \/>\n<meta property=\"og:description\" content=\"Ce week-end, je donne deux conf\u00e9rences : Vendredi 20 mai, \u00e0 20h30, \u00e0 la Salle des f\u00eates, 10500 Morvilliers (pr\u00e8s de Bar-sur-Aube), dans le cadre de la F\u00eate de la nature &#8220;Volcanologue: de la passion \u00e0 la vocation&#8221;. https:\/\/www.andra.fr\/index.php?id=actualite_2_2_1&amp;art=6008&amp;itemracine=ITEMRACINE_ACTUALITE&amp;global_id_item=GLOBALIDITEM_ACTUALITE&amp;HideMenu=1 J.M. Bardintzeff en conf\u00e9rence le 11\/12\/2015 au Coll\u00e8ge Blaise Pascal, 91300 Massy (\u00a9 P. Jorland).\" \/>\n<meta property=\"og:url\" content=\"https:\/\/blogs.futura-sciences.com\/bardintzeff\/2016\/05\/18\/deux-conferences-a-venir\/\" \/>\n<meta property=\"og:site_name\" content=\"VOLCANMANIA : le blog de Jacques-Marie BARDINTZEFF, volcanologue\" \/>\n<meta property=\"article:published_time\" content=\"2016-05-18T13:05:27+00:00\" \/>\n<meta property=\"article:modified_time\" content=\"2016-05-19T06:30:51+00:00\" \/>\n<meta property=\"og:image\" content=\"https:\/\/blogs.futura-sciences.com\/bardintzeff\/wp-content\/uploads\/sites\/3\/2016\/05\/20151211_151258.OK_-1.jpg\" \/>\n\t<meta property=\"og:image:width\" content=\"2268\" \/>\n\t<meta property=\"og:image:height\" content=\"1372\" \/>\n\t<meta property=\"og:image:type\" content=\"image\/jpeg\" \/>\n<meta name=\"author\" content=\"jmbardintzeff\" \/>\n<meta name=\"twitter:card\" content=\"summary_large_image\" \/>\n<meta name=\"twitter:label1\" content=\"\u00c9crit par\" \/>\n\t<meta name=\"twitter:data1\" content=\"jmbardintzeff\" \/>\n\t<meta name=\"twitter:label2\" content=\"Dur\u00e9e de lecture estim\u00e9e\" \/>\n\t<meta name=\"twitter:data2\" content=\"1 minute\" \/>\n<script type=\"application\/ld+json\" class=\"yoast-schema-graph\">{\"@context\":\"https:\/\/schema.org\",\"@graph\":[{\"@type\":\"WebPage\",\"@id\":\"https:\/\/blogs.futura-sciences.com\/bardintzeff\/2016\/05\/18\/deux-conferences-a-venir\/\",\"url\":\"https:\/\/blogs.futura-sciences.com\/bardintzeff\/2016\/05\/18\/deux-conferences-a-venir\/\",\"name\":\"Deux conf\u00e9rences \u00e0 venir, par Jacques-Marie Bardintzeff\",\"isPartOf\":{\"@id\":\"https:\/\/blogs.futura-sciences.com\/bardintzeff\/#website\"},\"primaryImageOfPage\":{\"@id\":\"https:\/\/blogs.futura-sciences.com\/bardintzeff\/2016\/05\/18\/deux-conferences-a-venir\/#primaryimage\"},\"image\":{\"@id\":\"https:\/\/blogs.futura-sciences.com\/bardintzeff\/2016\/05\/18\/deux-conferences-a-venir\/#primaryimage\"},\"thumbnailUrl\":\"https:\/\/blogs.futura-sciences.com\/bardintzeff\/wp-content\/uploads\/sites\/3\/2016\/05\/20151211_151258.OK_-1-450x272.jpg\",\"datePublished\":\"2016-05-18T13:05:27+00:00\",\"dateModified\":\"2016-05-19T06:30:51+00:00\",\"author\":{\"@id\":\"https:\/\/blogs.futura-sciences.com\/bardintzeff\/#\/schema\/person\/974e1e0324e3e06f08253784e8eca61e\"},\"inLanguage\":\"fr-FR\",\"potentialAction\":[{\"@type\":\"ReadAction\",\"target\":[\"https:\/\/blogs.futura-sciences.com\/bardintzeff\/2016\/05\/18\/deux-conferences-a-venir\/\"]}]},{\"@type\":\"ImageObject\",\"inLanguage\":\"fr-FR\",\"@id\":\"https:\/\/blogs.futura-sciences.com\/bardintzeff\/2016\/05\/18\/deux-conferences-a-venir\/#primaryimage\",\"url\":\"https:\/\/blogs.futura-sciences.com\/bardintzeff\/wp-content\/uploads\/sites\/3\/2016\/05\/20151211_151258.OK_-1.jpg\",\"contentUrl\":\"https:\/\/blogs.futura-sciences.com\/bardintzeff\/wp-content\/uploads\/sites\/3\/2016\/05\/20151211_151258.OK_-1.jpg\",\"width\":2268,\"height\":1372},{\"@type\":\"WebSite\",\"@id\":\"https:\/\/blogs.futura-sciences.com\/bardintzeff\/#website\",\"url\":\"https:\/\/blogs.futura-sciences.com\/bardintzeff\/\",\"name\":\"VOLCANMANIA : le blog de Jacques-Marie BARDINTZEFF, volcanologue\",\"description\":\"Les volcans ? Passionn\u00e9ment ! Les volcans ne sont pas toujours m\u00e9chants, ils sont aussi les t\u00e9moins de la Terre active !\",\"potentialAction\":[{\"@type\":\"SearchAction\",\"target\":{\"@type\":\"EntryPoint\",\"urlTemplate\":\"https:\/\/blogs.futura-sciences.com\/bardintzeff\/?s={search_term_string}\"},\"query-input\":{\"@type\":\"PropertyValueSpecification\",\"valueRequired\":true,\"valueName\":\"search_term_string\"}}],\"inLanguage\":\"fr-FR\"},{\"@type\":\"Person\",\"@id\":\"https:\/\/blogs.futura-sciences.com\/bardintzeff\/#\/schema\/person\/974e1e0324e3e06f08253784e8eca61e\",\"name\":\"jmbardintzeff\",\"image\":{\"@type\":\"ImageObject\",\"inLanguage\":\"fr-FR\",\"@id\":\"https:\/\/blogs.futura-sciences.com\/bardintzeff\/#\/schema\/person\/image\/\",\"url\":\"https:\/\/secure.gravatar.com\/avatar\/d38cb5297008217786910838f2aa1bda?s=96&d=mm&r=g\",\"contentUrl\":\"https:\/\/secure.gravatar.com\/avatar\/d38cb5297008217786910838f2aa1bda?s=96&d=mm&r=g\",\"caption\":\"jmbardintzeff\"},\"url\":\"https:\/\/blogs.futura-sciences.com\/bardintzeff\/author\/jmbardintzeff\/\"}]}<\/script>\n<!-- \/ Yoast SEO plugin. -->","yoast_head_json":{"title":"Deux conf\u00e9rences \u00e0 venir, par Jacques-Marie Bardintzeff","robots":{"index":"index","follow":"follow","max-snippet":"max-snippet:-1","max-image-preview":"max-image-preview:large","max-video-preview":"max-video-preview:-1"},"canonical":"https:\/\/blogs.futura-sciences.com\/bardintzeff\/2016\/05\/18\/deux-conferences-a-venir\/","og_locale":"fr_FR","og_type":"article","og_title":"Deux conf\u00e9rences \u00e0 venir, par Jacques-Marie Bardintzeff","og_description":"Ce week-end, je donne deux conf\u00e9rences : Vendredi 20 mai, \u00e0 20h30, \u00e0 la Salle des f\u00eates, 10500 Morvilliers (pr\u00e8s de Bar-sur-Aube), dans le cadre de la F\u00eate de la nature &#8220;Volcanologue: de la passion \u00e0 la vocation&#8221;. https:\/\/www.andra.fr\/index.php?id=actualite_2_2_1&amp;art=6008&amp;itemracine=ITEMRACINE_ACTUALITE&amp;global_id_item=GLOBALIDITEM_ACTUALITE&amp;HideMenu=1 J.M. Bardintzeff en conf\u00e9rence le 11\/12\/2015 au Coll\u00e8ge Blaise Pascal, 91300 Massy (\u00a9 P. Jorland).","og_url":"https:\/\/blogs.futura-sciences.com\/bardintzeff\/2016\/05\/18\/deux-conferences-a-venir\/","og_site_name":"VOLCANMANIA : le blog de Jacques-Marie BARDINTZEFF, volcanologue","article_published_time":"2016-05-18T13:05:27+00:00","article_modified_time":"2016-05-19T06:30:51+00:00","og_image":[{"width":2268,"height":1372,"url":"https:\/\/blogs.futura-sciences.com\/bardintzeff\/wp-content\/uploads\/sites\/3\/2016\/05\/20151211_151258.OK_-1.jpg","type":"image\/jpeg"}],"author":"jmbardintzeff","twitter_card":"summary_large_image","twitter_misc":{"\u00c9crit par":"jmbardintzeff","Dur\u00e9e de lecture estim\u00e9e":"1 minute"},"schema":{"@context":"https:\/\/schema.org","@graph":[{"@type":"WebPage","@id":"https:\/\/blogs.futura-sciences.com\/bardintzeff\/2016\/05\/18\/deux-conferences-a-venir\/","url":"https:\/\/blogs.futura-sciences.com\/bardintzeff\/2016\/05\/18\/deux-conferences-a-venir\/","name":"Deux conf\u00e9rences \u00e0 venir, par Jacques-Marie Bardintzeff","isPartOf":{"@id":"https:\/\/blogs.futura-sciences.com\/bardintzeff\/#website"},"primaryImageOfPage":{"@id":"https:\/\/blogs.futura-sciences.com\/bardintzeff\/2016\/05\/18\/deux-conferences-a-venir\/#primaryimage"},"image":{"@id":"https:\/\/blogs.futura-sciences.com\/bardintzeff\/2016\/05\/18\/deux-conferences-a-venir\/#primaryimage"},"thumbnailUrl":"https:\/\/blogs.futura-sciences.com\/bardintzeff\/wp-content\/uploads\/sites\/3\/2016\/05\/20151211_151258.OK_-1-450x272.jpg","datePublished":"2016-05-18T13:05:27+00:00","dateModified":"2016-05-19T06:30:51+00:00","author":{"@id":"https:\/\/blogs.futura-sciences.com\/bardintzeff\/#\/schema\/person\/974e1e0324e3e06f08253784e8eca61e"},"inLanguage":"fr-FR","potentialAction":[{"@type":"ReadAction","target":["https:\/\/blogs.futura-sciences.com\/bardintzeff\/2016\/05\/18\/deux-conferences-a-venir\/"]}]},{"@type":"ImageObject","inLanguage":"fr-FR","@id":"https:\/\/blogs.futura-sciences.com\/bardintzeff\/2016\/05\/18\/deux-conferences-a-venir\/#primaryimage","url":"https:\/\/blogs.futura-sciences.com\/bardintzeff\/wp-content\/uploads\/sites\/3\/2016\/05\/20151211_151258.OK_-1.jpg","contentUrl":"https:\/\/blogs.futura-sciences.com\/bardintzeff\/wp-content\/uploads\/sites\/3\/2016\/05\/20151211_151258.OK_-1.jpg","width":2268,"height":1372},{"@type":"WebSite","@id":"https:\/\/blogs.futura-sciences.com\/bardintzeff\/#website","url":"https:\/\/blogs.futura-sciences.com\/bardintzeff\/","name":"VOLCANMANIA : le blog de Jacques-Marie BARDINTZEFF, volcanologue","description":"Les volcans ? Passionn\u00e9ment ! Les volcans ne sont pas toujours m\u00e9chants, ils sont aussi les t\u00e9moins de la Terre active !","potentialAction":[{"@type":"SearchAction","target":{"@type":"EntryPoint","urlTemplate":"https:\/\/blogs.futura-sciences.com\/bardintzeff\/?s={search_term_string}"},"query-input":{"@type":"PropertyValueSpecification","valueRequired":true,"valueName":"search_term_string"}}],"inLanguage":"fr-FR"},{"@type":"Person","@id":"https:\/\/blogs.futura-sciences.com\/bardintzeff\/#\/schema\/person\/974e1e0324e3e06f08253784e8eca61e","name":"jmbardintzeff","image":{"@type":"ImageObject","inLanguage":"fr-FR","@id":"https:\/\/blogs.futura-sciences.com\/bardintzeff\/#\/schema\/person\/image\/","url":"https:\/\/secure.gravatar.com\/avatar\/d38cb5297008217786910838f2aa1bda?s=96&d=mm&r=g","contentUrl":"https:\/\/secure.gravatar.com\/avatar\/d38cb5297008217786910838f2aa1bda?s=96&d=mm&r=g","caption":"jmbardintzeff"},"url":"https:\/\/blogs.futura-sciences.com\/bardintzeff\/author\/jmbardintzeff\/"}]}},"_links":{"self":[{"href":"https:\/\/blogs.futura-sciences.com\/bardintzeff\/wp-json\/wp\/v2\/posts\/1257","targetHints":{"allow":["GET"]}}],"collection":[{"href":"https:\/\/blogs.futura-sciences.com\/bardintzeff\/wp-json\/wp\/v2\/posts"}],"about":[{"href":"https:\/\/blogs.futura-sciences.com\/bardintzeff\/wp-json\/wp\/v2\/types\/post"}],"author":[{"embeddable":true,"href":"https:\/\/blogs.futura-sciences.com\/bardintzeff\/wp-json\/wp\/v2\/users\/3"}],"replies":[{"embeddable":true,"href":"https:\/\/blogs.futura-sciences.com\/bardintzeff\/wp-json\/wp\/v2\/comments?post=1257"}],"version-history":[{"count":10,"href":"https:\/\/blogs.futura-sciences.com\/bardintzeff\/wp-json\/wp\/v2\/posts\/1257\/revisions"}],"predecessor-version":[{"id":1269,"href":"https:\/\/blogs.futura-sciences.com\/bardintzeff\/wp-json\/wp\/v2\/posts\/1257\/revisions\/1269"}],"wp:attachment":[{"href":"https:\/\/blogs.futura-sciences.com\/bardintzeff\/wp-json\/wp\/v2\/media?parent=1257"}],"wp:term":[{"taxonomy":"category","embeddable":true,"href":"https:\/\/blogs.futura-sciences.com\/bardintzeff\/wp-json\/wp\/v2\/categories?post=1257"},{"taxonomy":"post_tag","embeddable":true,"href":"https:\/\/blogs.futura-sciences.com\/bardintzeff\/wp-json\/wp\/v2\/tags?post=1257"}],"curies":[{"name":"wp","href":"https:\/\/api.w.org\/{rel}","templated":true}]}}