{"id":1129,"date":"2016-02-25T20:11:50","date_gmt":"2016-02-25T20:11:50","guid":{"rendered":"https:\/\/blogs.futura-sciences.com\/bardintzeff\/?p=1129"},"modified":"2016-02-26T07:52:42","modified_gmt":"2016-02-26T07:52:42","slug":"telegrenoble-si-on-parlait","status":"publish","type":"post","link":"https:\/\/blogs.futura-sciences.com\/bardintzeff\/2016\/02\/25\/telegrenoble-si-on-parlait\/","title":{"rendered":"T\u00e9l\u00e9Grenoble &#8220;Si on parlait&#8230;&#8221;"},"content":{"rendered":"<p>Mercredi 24 f\u00e9vrier 2016, dans le cadre de l&#8217;\u00e9mission quotidienne &#8220;Si on parlait&#8230; &#8221; de T\u00e9l\u00e9Grenoble, Thibault Leduc recevait, dans le nouveau studio de la rue Eug\u00e8ne Faure, quatre invit\u00e9s :<\/p>\n<p>Jacques-Marie Bardintzeff, volcanologue<br \/>\nBruno Bouchard, collectionneur de films<br \/>\nArnaud Demuynck, producteur et r\u00e9alisateur<br \/>\nMarco Gentil, organisateur du Festival Voir Ensemble<\/p>\n<p><img loading=\"lazy\" decoding=\"async\" class=\"alignnone wp-image-1131\" src=\"https:\/\/blogs.futura-sciences.com\/bardintzeff\/wp-content\/uploads\/sites\/3\/2016\/02\/Bardintzeff.SAM_4769-450x353.jpg\" alt=\"Bardintzeff.SAM_4769\" width=\"488\" height=\"383\" srcset=\"https:\/\/blogs.futura-sciences.com\/bardintzeff\/wp-content\/uploads\/sites\/3\/2016\/02\/Bardintzeff.SAM_4769-450x353.jpg 450w, https:\/\/blogs.futura-sciences.com\/bardintzeff\/wp-content\/uploads\/sites\/3\/2016\/02\/Bardintzeff.SAM_4769-768x603.jpg 768w, https:\/\/blogs.futura-sciences.com\/bardintzeff\/wp-content\/uploads\/sites\/3\/2016\/02\/Bardintzeff.SAM_4769-1024x804.jpg 1024w, https:\/\/blogs.futura-sciences.com\/bardintzeff\/wp-content\/uploads\/sites\/3\/2016\/02\/Bardintzeff.SAM_4769.jpg 1701w\" sizes=\"auto, (max-width: 488px) 100vw, 488px\" \/><\/p>\n<p>Les participants \u00e0 l&#8217;\u00e9mission, de gauche \u00e0 droite : Thibault Leduc, Jacques-Marie Bardintzeff, Marco Gentil, Arnaud Demuynck, Bruno Bouchard (\u00a9 J.M. Bardintzeff, merci \u00e0 Fabrice Luang-Vija).<\/p>\n<p>Il a d\u2019abord \u00e9t\u00e9 question de la m\u00e9t\u00e9orite spectaculaire, r\u00e9cemment tomb\u00e9e en Is\u00e8re.<br \/>\nPuis nous avons parl\u00e9 de volcanologie : mes images des nu\u00e9es ardentes du volcan Sinabung \u00e0 Sumatra en Indon\u00e9sie, les volcans d&#8217;Auvergne, Vulcania\u2026<\/p>\n<p><!--more--><\/p>\n<p>Place ensuite au cin\u00e9ma avec les trois autres invit\u00e9s, \u00e0 propos du Festival Voir Ensemble au cin\u00e9ma Le M\u00e9li\u00e8s \u00e0 Grenoble.<\/p>\n<p>Thibault Leduc a pr\u00e9sent\u00e9 mes deux livres publi\u00e9s en 2015 : \u201c\u00c0 la d\u00e9couverte des volcans d&#8217;Auvergne\u201d (\u00c9d. La Vache qui lit) et \u201dTout savoir sur les volcans du monde, s\u00e9ismes et tsunamis\u201d (\u00c9d. Orphie).<\/p>\n<p><img loading=\"lazy\" decoding=\"async\" class=\"alignnone wp-image-1133\" src=\"https:\/\/blogs.futura-sciences.com\/bardintzeff\/wp-content\/uploads\/sites\/3\/2016\/02\/Bardintzeff.SAM_4771-450x338.jpg\" alt=\"Bardintzeff.SAM_4771\" width=\"473\" height=\"355\" srcset=\"https:\/\/blogs.futura-sciences.com\/bardintzeff\/wp-content\/uploads\/sites\/3\/2016\/02\/Bardintzeff.SAM_4771-450x338.jpg 450w, https:\/\/blogs.futura-sciences.com\/bardintzeff\/wp-content\/uploads\/sites\/3\/2016\/02\/Bardintzeff.SAM_4771-768x576.jpg 768w, https:\/\/blogs.futura-sciences.com\/bardintzeff\/wp-content\/uploads\/sites\/3\/2016\/02\/Bardintzeff.SAM_4771-1024x768.jpg 1024w, https:\/\/blogs.futura-sciences.com\/bardintzeff\/wp-content\/uploads\/sites\/3\/2016\/02\/Bardintzeff.SAM_4771.jpg 1701w\" sizes=\"auto, (max-width: 473px) 100vw, 473px\" \/><\/p>\n<p>Thibault Leduc, r\u00e9dacteur-en-chef et Jacques-Marie Bardintzeff, volcanologue (\u00a9 J.M. Bardintzeff, merci \u00e0 Fabrice Luang-Vija).<\/p>\n<p>En fin d\u2019\u00e9mission, la \u201dphoto-finish\u201d faisait un clin d&#8217;\u0153il au volcanologue Haroun Tazieff.<\/p>\n<p>Revoir l\u2019\u00e9mission sur :<\/p>\n<p><a href=\"http:\/\/www.telegrenoble.net\/emissions\/si-on-parlait\/35\/videos.html\">www.telegrenoble.net\/emissions\/si-on-parlait\/35\/videos.html<\/a><\/p>\n<p><img loading=\"lazy\" decoding=\"async\" class=\"alignnone wp-image-1135\" src=\"https:\/\/blogs.futura-sciences.com\/bardintzeff\/wp-content\/uploads\/sites\/3\/2016\/02\/Bardintzeff.SAM_4794-450x241.jpg\" alt=\"Bardintzeff.SAM_4794\" width=\"476\" height=\"255\" srcset=\"https:\/\/blogs.futura-sciences.com\/bardintzeff\/wp-content\/uploads\/sites\/3\/2016\/02\/Bardintzeff.SAM_4794-450x241.jpg 450w, https:\/\/blogs.futura-sciences.com\/bardintzeff\/wp-content\/uploads\/sites\/3\/2016\/02\/Bardintzeff.SAM_4794-768x411.jpg 768w, https:\/\/blogs.futura-sciences.com\/bardintzeff\/wp-content\/uploads\/sites\/3\/2016\/02\/Bardintzeff.SAM_4794-1024x548.jpg 1024w, https:\/\/blogs.futura-sciences.com\/bardintzeff\/wp-content\/uploads\/sites\/3\/2016\/02\/Bardintzeff.SAM_4794.jpg 1701w\" sizes=\"auto, (max-width: 476px) 100vw, 476px\" \/><\/p>\n<p>Extrait de l\u2019\u00e9mission.<\/p>\n<p><img loading=\"lazy\" decoding=\"async\" class=\"alignnone size-medium wp-image-1136\" src=\"https:\/\/blogs.futura-sciences.com\/bardintzeff\/wp-content\/uploads\/sites\/3\/2016\/02\/Bardintzeff.SAM_4793-450x244.jpg\" alt=\"Bardintzeff.SAM_4793\" width=\"450\" height=\"244\" srcset=\"https:\/\/blogs.futura-sciences.com\/bardintzeff\/wp-content\/uploads\/sites\/3\/2016\/02\/Bardintzeff.SAM_4793-450x244.jpg 450w, https:\/\/blogs.futura-sciences.com\/bardintzeff\/wp-content\/uploads\/sites\/3\/2016\/02\/Bardintzeff.SAM_4793-768x417.jpg 768w, https:\/\/blogs.futura-sciences.com\/bardintzeff\/wp-content\/uploads\/sites\/3\/2016\/02\/Bardintzeff.SAM_4793-1024x556.jpg 1024w, https:\/\/blogs.futura-sciences.com\/bardintzeff\/wp-content\/uploads\/sites\/3\/2016\/02\/Bardintzeff.SAM_4793.jpg 1701w\" sizes=\"auto, (max-width: 450px) 100vw, 450px\" \/><br \/>\nExtrait de l\u2019\u00e9mission.<\/p>\n<!-- AddThis Advanced Settings generic via filter on the_content --><!-- AddThis Share Buttons generic via filter on the_content -->","protected":false},"excerpt":{"rendered":"<p>Mercredi 24 f\u00e9vrier 2016, dans le cadre de l&#8217;\u00e9mission quotidienne &#8220;Si on parlait&#8230; &#8221; de T\u00e9l\u00e9Grenoble, Thibault Leduc recevait, dans le nouveau studio de la rue Eug\u00e8ne Faure, quatre invit\u00e9s : Jacques-Marie Bardintzeff, volcanologue Bruno Bouchard, collectionneur de films Arnaud Demuynck, producteur et r\u00e9alisateur Marco Gentil, organisateur du Festival Voir Ensemble Les participants \u00e0 l&#8217;\u00e9mission, &hellip; <a href=\"https:\/\/blogs.futura-sciences.com\/bardintzeff\/2016\/02\/25\/telegrenoble-si-on-parlait\/\" class=\"more-link\">Continuer la lecture de <span class=\"screen-reader-text\">T\u00e9l\u00e9Grenoble &#8220;Si on parlait&#8230;&#8221;<\/span>  <span class=\"meta-nav\">&rarr;<\/span><\/a><!-- AddThis Advanced Settings generic via filter on get_the_excerpt --><!-- AddThis Share Buttons generic via filter on get_the_excerpt --><\/p>\n","protected":false},"author":3,"featured_media":0,"comment_status":"open","ping_status":"open","sticky":false,"template":"","format":"standard","meta":{"footnotes":"","_links_to":"","_links_to_target":""},"categories":[6],"tags":[21,383,384,385,386,387,48,388,389,127,88,41,13],"class_list":["post-1129","post","type-post","status-publish","format-standard","hentry","category-actualites","tag-bardintzeff","tag-bouchard","tag-cinema","tag-demuynck","tag-festival-voir-ensemble","tag-gentil","tag-indonesie","tag-leduc","tag-meteorite","tag-sinabung","tag-tazieff","tag-telegrenoble","tag-volcanologue"],"yoast_head":"<!-- This site is optimized with the Yoast SEO plugin v24.1 - https:\/\/yoast.com\/wordpress\/plugins\/seo\/ -->\n<title>T\u00e9l\u00e9Grenoble &quot;Si on parlait...&quot;, par Jacques-Marie Bardintzeff<\/title>\n<meta name=\"robots\" content=\"index, follow, max-snippet:-1, max-image-preview:large, max-video-preview:-1\" \/>\n<link rel=\"canonical\" href=\"https:\/\/blogs.futura-sciences.com\/bardintzeff\/2016\/02\/25\/telegrenoble-si-on-parlait\/\" \/>\n<meta property=\"og:locale\" content=\"fr_FR\" \/>\n<meta property=\"og:type\" content=\"article\" \/>\n<meta property=\"og:title\" content=\"T\u00e9l\u00e9Grenoble &quot;Si on parlait...&quot;, par Jacques-Marie Bardintzeff\" \/>\n<meta property=\"og:description\" content=\"Mercredi 24 f\u00e9vrier 2016, dans le cadre de l&#8217;\u00e9mission quotidienne &#8220;Si on parlait&#8230; &#8221; de T\u00e9l\u00e9Grenoble, Thibault Leduc recevait, dans le nouveau studio de la rue Eug\u00e8ne Faure, quatre invit\u00e9s : Jacques-Marie Bardintzeff, volcanologue Bruno Bouchard, collectionneur de films Arnaud Demuynck, producteur et r\u00e9alisateur Marco Gentil, organisateur du Festival Voir Ensemble Les participants \u00e0 l&#8217;\u00e9mission, &hellip; Continuer la lecture de T\u00e9l\u00e9Grenoble &#8220;Si on parlait&#8230;&#8221; &rarr;\" \/>\n<meta property=\"og:url\" content=\"https:\/\/blogs.futura-sciences.com\/bardintzeff\/2016\/02\/25\/telegrenoble-si-on-parlait\/\" \/>\n<meta property=\"og:site_name\" content=\"VOLCANMANIA : le blog de Jacques-Marie BARDINTZEFF, volcanologue\" \/>\n<meta property=\"article:published_time\" content=\"2016-02-25T20:11:50+00:00\" \/>\n<meta property=\"article:modified_time\" content=\"2016-02-26T07:52:42+00:00\" \/>\n<meta property=\"og:image\" content=\"https:\/\/blogs.futura-sciences.com\/bardintzeff\/wp-content\/uploads\/sites\/3\/2016\/02\/Bardintzeff.SAM_4769.jpg\" \/>\n\t<meta property=\"og:image:width\" content=\"1701\" \/>\n\t<meta property=\"og:image:height\" content=\"1335\" \/>\n\t<meta property=\"og:image:type\" content=\"image\/jpeg\" \/>\n<meta name=\"author\" content=\"jmbardintzeff\" \/>\n<meta name=\"twitter:card\" content=\"summary_large_image\" \/>\n<meta name=\"twitter:label1\" content=\"\u00c9crit par\" \/>\n\t<meta name=\"twitter:data1\" content=\"jmbardintzeff\" \/>\n\t<meta name=\"twitter:label2\" content=\"Dur\u00e9e de lecture estim\u00e9e\" \/>\n\t<meta name=\"twitter:data2\" content=\"1 minute\" \/>\n<script type=\"application\/ld+json\" class=\"yoast-schema-graph\">{\"@context\":\"https:\/\/schema.org\",\"@graph\":[{\"@type\":\"WebPage\",\"@id\":\"https:\/\/blogs.futura-sciences.com\/bardintzeff\/2016\/02\/25\/telegrenoble-si-on-parlait\/\",\"url\":\"https:\/\/blogs.futura-sciences.com\/bardintzeff\/2016\/02\/25\/telegrenoble-si-on-parlait\/\",\"name\":\"T\u00e9l\u00e9Grenoble \\\"Si on parlait...\\\", par Jacques-Marie Bardintzeff\",\"isPartOf\":{\"@id\":\"https:\/\/blogs.futura-sciences.com\/bardintzeff\/#website\"},\"primaryImageOfPage\":{\"@id\":\"https:\/\/blogs.futura-sciences.com\/bardintzeff\/2016\/02\/25\/telegrenoble-si-on-parlait\/#primaryimage\"},\"image\":{\"@id\":\"https:\/\/blogs.futura-sciences.com\/bardintzeff\/2016\/02\/25\/telegrenoble-si-on-parlait\/#primaryimage\"},\"thumbnailUrl\":\"https:\/\/blogs.futura-sciences.com\/bardintzeff\/wp-content\/uploads\/sites\/3\/2016\/02\/Bardintzeff.SAM_4769-450x353.jpg\",\"datePublished\":\"2016-02-25T20:11:50+00:00\",\"dateModified\":\"2016-02-26T07:52:42+00:00\",\"author\":{\"@id\":\"https:\/\/blogs.futura-sciences.com\/bardintzeff\/#\/schema\/person\/974e1e0324e3e06f08253784e8eca61e\"},\"inLanguage\":\"fr-FR\",\"potentialAction\":[{\"@type\":\"ReadAction\",\"target\":[\"https:\/\/blogs.futura-sciences.com\/bardintzeff\/2016\/02\/25\/telegrenoble-si-on-parlait\/\"]}]},{\"@type\":\"ImageObject\",\"inLanguage\":\"fr-FR\",\"@id\":\"https:\/\/blogs.futura-sciences.com\/bardintzeff\/2016\/02\/25\/telegrenoble-si-on-parlait\/#primaryimage\",\"url\":\"https:\/\/blogs.futura-sciences.com\/bardintzeff\/wp-content\/uploads\/sites\/3\/2016\/02\/Bardintzeff.SAM_4769.jpg\",\"contentUrl\":\"https:\/\/blogs.futura-sciences.com\/bardintzeff\/wp-content\/uploads\/sites\/3\/2016\/02\/Bardintzeff.SAM_4769.jpg\",\"width\":1701,\"height\":1335},{\"@type\":\"WebSite\",\"@id\":\"https:\/\/blogs.futura-sciences.com\/bardintzeff\/#website\",\"url\":\"https:\/\/blogs.futura-sciences.com\/bardintzeff\/\",\"name\":\"VOLCANMANIA : le blog de Jacques-Marie BARDINTZEFF, volcanologue\",\"description\":\"Les volcans ? Passionn\u00e9ment ! Les volcans ne sont pas toujours m\u00e9chants, ils sont aussi les t\u00e9moins de la Terre active !\",\"potentialAction\":[{\"@type\":\"SearchAction\",\"target\":{\"@type\":\"EntryPoint\",\"urlTemplate\":\"https:\/\/blogs.futura-sciences.com\/bardintzeff\/?s={search_term_string}\"},\"query-input\":{\"@type\":\"PropertyValueSpecification\",\"valueRequired\":true,\"valueName\":\"search_term_string\"}}],\"inLanguage\":\"fr-FR\"},{\"@type\":\"Person\",\"@id\":\"https:\/\/blogs.futura-sciences.com\/bardintzeff\/#\/schema\/person\/974e1e0324e3e06f08253784e8eca61e\",\"name\":\"jmbardintzeff\",\"image\":{\"@type\":\"ImageObject\",\"inLanguage\":\"fr-FR\",\"@id\":\"https:\/\/blogs.futura-sciences.com\/bardintzeff\/#\/schema\/person\/image\/\",\"url\":\"https:\/\/secure.gravatar.com\/avatar\/d38cb5297008217786910838f2aa1bda?s=96&d=mm&r=g\",\"contentUrl\":\"https:\/\/secure.gravatar.com\/avatar\/d38cb5297008217786910838f2aa1bda?s=96&d=mm&r=g\",\"caption\":\"jmbardintzeff\"},\"url\":\"https:\/\/blogs.futura-sciences.com\/bardintzeff\/author\/jmbardintzeff\/\"}]}<\/script>\n<!-- \/ Yoast SEO plugin. -->","yoast_head_json":{"title":"T\u00e9l\u00e9Grenoble \"Si on parlait...\", par Jacques-Marie Bardintzeff","robots":{"index":"index","follow":"follow","max-snippet":"max-snippet:-1","max-image-preview":"max-image-preview:large","max-video-preview":"max-video-preview:-1"},"canonical":"https:\/\/blogs.futura-sciences.com\/bardintzeff\/2016\/02\/25\/telegrenoble-si-on-parlait\/","og_locale":"fr_FR","og_type":"article","og_title":"T\u00e9l\u00e9Grenoble \"Si on parlait...\", par Jacques-Marie Bardintzeff","og_description":"Mercredi 24 f\u00e9vrier 2016, dans le cadre de l&#8217;\u00e9mission quotidienne &#8220;Si on parlait&#8230; &#8221; de T\u00e9l\u00e9Grenoble, Thibault Leduc recevait, dans le nouveau studio de la rue Eug\u00e8ne Faure, quatre invit\u00e9s : Jacques-Marie Bardintzeff, volcanologue Bruno Bouchard, collectionneur de films Arnaud Demuynck, producteur et r\u00e9alisateur Marco Gentil, organisateur du Festival Voir Ensemble Les participants \u00e0 l&#8217;\u00e9mission, &hellip; Continuer la lecture de T\u00e9l\u00e9Grenoble &#8220;Si on parlait&#8230;&#8221; &rarr;","og_url":"https:\/\/blogs.futura-sciences.com\/bardintzeff\/2016\/02\/25\/telegrenoble-si-on-parlait\/","og_site_name":"VOLCANMANIA : le blog de Jacques-Marie BARDINTZEFF, volcanologue","article_published_time":"2016-02-25T20:11:50+00:00","article_modified_time":"2016-02-26T07:52:42+00:00","og_image":[{"width":1701,"height":1335,"url":"https:\/\/blogs.futura-sciences.com\/bardintzeff\/wp-content\/uploads\/sites\/3\/2016\/02\/Bardintzeff.SAM_4769.jpg","type":"image\/jpeg"}],"author":"jmbardintzeff","twitter_card":"summary_large_image","twitter_misc":{"\u00c9crit par":"jmbardintzeff","Dur\u00e9e de lecture estim\u00e9e":"1 minute"},"schema":{"@context":"https:\/\/schema.org","@graph":[{"@type":"WebPage","@id":"https:\/\/blogs.futura-sciences.com\/bardintzeff\/2016\/02\/25\/telegrenoble-si-on-parlait\/","url":"https:\/\/blogs.futura-sciences.com\/bardintzeff\/2016\/02\/25\/telegrenoble-si-on-parlait\/","name":"T\u00e9l\u00e9Grenoble \"Si on parlait...\", par Jacques-Marie Bardintzeff","isPartOf":{"@id":"https:\/\/blogs.futura-sciences.com\/bardintzeff\/#website"},"primaryImageOfPage":{"@id":"https:\/\/blogs.futura-sciences.com\/bardintzeff\/2016\/02\/25\/telegrenoble-si-on-parlait\/#primaryimage"},"image":{"@id":"https:\/\/blogs.futura-sciences.com\/bardintzeff\/2016\/02\/25\/telegrenoble-si-on-parlait\/#primaryimage"},"thumbnailUrl":"https:\/\/blogs.futura-sciences.com\/bardintzeff\/wp-content\/uploads\/sites\/3\/2016\/02\/Bardintzeff.SAM_4769-450x353.jpg","datePublished":"2016-02-25T20:11:50+00:00","dateModified":"2016-02-26T07:52:42+00:00","author":{"@id":"https:\/\/blogs.futura-sciences.com\/bardintzeff\/#\/schema\/person\/974e1e0324e3e06f08253784e8eca61e"},"inLanguage":"fr-FR","potentialAction":[{"@type":"ReadAction","target":["https:\/\/blogs.futura-sciences.com\/bardintzeff\/2016\/02\/25\/telegrenoble-si-on-parlait\/"]}]},{"@type":"ImageObject","inLanguage":"fr-FR","@id":"https:\/\/blogs.futura-sciences.com\/bardintzeff\/2016\/02\/25\/telegrenoble-si-on-parlait\/#primaryimage","url":"https:\/\/blogs.futura-sciences.com\/bardintzeff\/wp-content\/uploads\/sites\/3\/2016\/02\/Bardintzeff.SAM_4769.jpg","contentUrl":"https:\/\/blogs.futura-sciences.com\/bardintzeff\/wp-content\/uploads\/sites\/3\/2016\/02\/Bardintzeff.SAM_4769.jpg","width":1701,"height":1335},{"@type":"WebSite","@id":"https:\/\/blogs.futura-sciences.com\/bardintzeff\/#website","url":"https:\/\/blogs.futura-sciences.com\/bardintzeff\/","name":"VOLCANMANIA : le blog de Jacques-Marie BARDINTZEFF, volcanologue","description":"Les volcans ? Passionn\u00e9ment ! Les volcans ne sont pas toujours m\u00e9chants, ils sont aussi les t\u00e9moins de la Terre active !","potentialAction":[{"@type":"SearchAction","target":{"@type":"EntryPoint","urlTemplate":"https:\/\/blogs.futura-sciences.com\/bardintzeff\/?s={search_term_string}"},"query-input":{"@type":"PropertyValueSpecification","valueRequired":true,"valueName":"search_term_string"}}],"inLanguage":"fr-FR"},{"@type":"Person","@id":"https:\/\/blogs.futura-sciences.com\/bardintzeff\/#\/schema\/person\/974e1e0324e3e06f08253784e8eca61e","name":"jmbardintzeff","image":{"@type":"ImageObject","inLanguage":"fr-FR","@id":"https:\/\/blogs.futura-sciences.com\/bardintzeff\/#\/schema\/person\/image\/","url":"https:\/\/secure.gravatar.com\/avatar\/d38cb5297008217786910838f2aa1bda?s=96&d=mm&r=g","contentUrl":"https:\/\/secure.gravatar.com\/avatar\/d38cb5297008217786910838f2aa1bda?s=96&d=mm&r=g","caption":"jmbardintzeff"},"url":"https:\/\/blogs.futura-sciences.com\/bardintzeff\/author\/jmbardintzeff\/"}]}},"_links":{"self":[{"href":"https:\/\/blogs.futura-sciences.com\/bardintzeff\/wp-json\/wp\/v2\/posts\/1129","targetHints":{"allow":["GET"]}}],"collection":[{"href":"https:\/\/blogs.futura-sciences.com\/bardintzeff\/wp-json\/wp\/v2\/posts"}],"about":[{"href":"https:\/\/blogs.futura-sciences.com\/bardintzeff\/wp-json\/wp\/v2\/types\/post"}],"author":[{"embeddable":true,"href":"https:\/\/blogs.futura-sciences.com\/bardintzeff\/wp-json\/wp\/v2\/users\/3"}],"replies":[{"embeddable":true,"href":"https:\/\/blogs.futura-sciences.com\/bardintzeff\/wp-json\/wp\/v2\/comments?post=1129"}],"version-history":[{"count":11,"href":"https:\/\/blogs.futura-sciences.com\/bardintzeff\/wp-json\/wp\/v2\/posts\/1129\/revisions"}],"predecessor-version":[{"id":1144,"href":"https:\/\/blogs.futura-sciences.com\/bardintzeff\/wp-json\/wp\/v2\/posts\/1129\/revisions\/1144"}],"wp:attachment":[{"href":"https:\/\/blogs.futura-sciences.com\/bardintzeff\/wp-json\/wp\/v2\/media?parent=1129"}],"wp:term":[{"taxonomy":"category","embeddable":true,"href":"https:\/\/blogs.futura-sciences.com\/bardintzeff\/wp-json\/wp\/v2\/categories?post=1129"},{"taxonomy":"post_tag","embeddable":true,"href":"https:\/\/blogs.futura-sciences.com\/bardintzeff\/wp-json\/wp\/v2\/tags?post=1129"}],"curies":[{"name":"wp","href":"https:\/\/api.w.org\/{rel}","templated":true}]}}