{"id":1104,"date":"2016-02-13T18:52:53","date_gmt":"2016-02-13T18:52:53","guid":{"rendered":"https:\/\/blogs.futura-sciences.com\/bardintzeff\/?p=1104"},"modified":"2016-02-13T18:57:21","modified_gmt":"2016-02-13T18:57:21","slug":"journee-portes-ouvertes-a-orsay","status":"publish","type":"post","link":"https:\/\/blogs.futura-sciences.com\/bardintzeff\/2016\/02\/13\/journee-portes-ouvertes-a-orsay\/","title":{"rendered":"Journ\u00e9e Portes ouvertes \u00e0 Orsay"},"content":{"rendered":"<p>Samedi 13 f\u00e9vrier 2016 \u00e9tait \u00ab Portes Ouvertes \u00bb \u00e0 l\u2019Universit\u00e9 Paris-Sud Orsay.<br \/>\nDe nombreux lyc\u00e9ens sont venus \u00e0 notre rencontre pour parler de leur avenir.<\/p>\n<p>Le D\u00e9partement des Sciences de la Terre \u00e9tait pr\u00e9sent pour expliquer les fili\u00e8res des 3 ann\u00e9es de licence (L1, L2, L3), \u00e9ventuellement suivies de 2 ann\u00e9es de master (M1, M2), voire de 3 ann\u00e9es de doctorat, selon le sch\u00e9ma (3, 5, 8).<\/p>\n<p><img loading=\"lazy\" decoding=\"async\" class=\"alignnone size-medium wp-image-1106\" src=\"https:\/\/blogs.futura-sciences.com\/bardintzeff\/wp-content\/uploads\/sites\/3\/2016\/02\/Bardintzeff.1.Portes_Ouvertes.Orsay_-450x412.jpg\" alt=\"Bardintzeff.1.Portes_Ouvertes.Orsay\" width=\"450\" height=\"412\" srcset=\"https:\/\/blogs.futura-sciences.com\/bardintzeff\/wp-content\/uploads\/sites\/3\/2016\/02\/Bardintzeff.1.Portes_Ouvertes.Orsay_-450x412.jpg 450w, https:\/\/blogs.futura-sciences.com\/bardintzeff\/wp-content\/uploads\/sites\/3\/2016\/02\/Bardintzeff.1.Portes_Ouvertes.Orsay_-768x703.jpg 768w, https:\/\/blogs.futura-sciences.com\/bardintzeff\/wp-content\/uploads\/sites\/3\/2016\/02\/Bardintzeff.1.Portes_Ouvertes.Orsay_-1024x937.jpg 1024w, https:\/\/blogs.futura-sciences.com\/bardintzeff\/wp-content\/uploads\/sites\/3\/2016\/02\/Bardintzeff.1.Portes_Ouvertes.Orsay_.jpg 1417w\" sizes=\"auto, (max-width: 450px) 100vw, 450px\" \/><\/p>\n<p>Le stand Sciences de la Terre, avec, de gauche \u00e0 droite, Yves Missenard, Benjamin Brigaud, Jacques-Marie Bardintzeff, Jocelyn Barbarand (\u00a9 J.M. Bardintzeff).<\/p>\n<p>Notre passion commune est la plan\u00e8te Terre, sa composition, son histoire et\u2026 son devenir.<br \/>\nLe g\u00e9ologue appara\u00eet en effet comme un expert incontournable face aux grands challenges de l\u2019Humanit\u00e9 (aura-t-on assez d\u2019eau ? d\u2019\u00e9nergie ? saura-t-on g\u00e9rer les risques naturels ?).<br \/>\nAussi les d\u00e9bouch\u00e9s sont vari\u00e9s.<\/p>\n<p><img loading=\"lazy\" decoding=\"async\" class=\"alignnone size-medium wp-image-1108\" src=\"https:\/\/blogs.futura-sciences.com\/bardintzeff\/wp-content\/uploads\/sites\/3\/2016\/02\/Bardintzeff.3.Portes_Ouvertes.Orsay_-450x253.jpg\" alt=\"Bardintzeff.3.Portes_Ouvertes.Orsay\" width=\"450\" height=\"253\" srcset=\"https:\/\/blogs.futura-sciences.com\/bardintzeff\/wp-content\/uploads\/sites\/3\/2016\/02\/Bardintzeff.3.Portes_Ouvertes.Orsay_-450x253.jpg 450w, https:\/\/blogs.futura-sciences.com\/bardintzeff\/wp-content\/uploads\/sites\/3\/2016\/02\/Bardintzeff.3.Portes_Ouvertes.Orsay_-768x431.jpg 768w, https:\/\/blogs.futura-sciences.com\/bardintzeff\/wp-content\/uploads\/sites\/3\/2016\/02\/Bardintzeff.3.Portes_Ouvertes.Orsay_-1024x575.jpg 1024w, https:\/\/blogs.futura-sciences.com\/bardintzeff\/wp-content\/uploads\/sites\/3\/2016\/02\/Bardintzeff.3.Portes_Ouvertes.Orsay_.jpg 1417w\" sizes=\"auto, (max-width: 450px) 100vw, 450px\" \/><\/p>\n<p>Les d\u00e9bouch\u00e9s en Sciences de la Terre<\/p>\n<p>Pour en savoir plus :<br \/>\n<a href=\"http:\/\/geosciences.geol.u-psud.fr\">http:\/\/geosciences.geol.u-psud.fr<\/a><\/p>\n<p><!--more--><\/p>\n<p>Le stand voisin pr\u00e9sentait le master MEEF (M\u00e9tier de l\u2019Enseignement, de l\u2019\u00c9ducation et de la Formation), qui pr\u00e9pare au concours du Capes des Sciences de la Vie et de la Terre, sous l\u2019\u00e9gide de l\u2019ESP\u00c9 (\u00c9cole Sup\u00e9rieure du Professorat et de l\u2019\u00c9ducation) de l\u2019Acad\u00e9mie de Versailles.<\/p>\n<p><img loading=\"lazy\" decoding=\"async\" class=\"alignnone size-medium wp-image-1109\" src=\"https:\/\/blogs.futura-sciences.com\/bardintzeff\/wp-content\/uploads\/sites\/3\/2016\/02\/Bardintzeff.2.Portes_Ouvertes.Orsay_-450x338.jpg\" alt=\"Bardintzeff.2.Portes_Ouvertes.Orsay\" width=\"450\" height=\"338\" srcset=\"https:\/\/blogs.futura-sciences.com\/bardintzeff\/wp-content\/uploads\/sites\/3\/2016\/02\/Bardintzeff.2.Portes_Ouvertes.Orsay_-450x338.jpg 450w, https:\/\/blogs.futura-sciences.com\/bardintzeff\/wp-content\/uploads\/sites\/3\/2016\/02\/Bardintzeff.2.Portes_Ouvertes.Orsay_-768x576.jpg 768w, https:\/\/blogs.futura-sciences.com\/bardintzeff\/wp-content\/uploads\/sites\/3\/2016\/02\/Bardintzeff.2.Portes_Ouvertes.Orsay_-1024x768.jpg 1024w, https:\/\/blogs.futura-sciences.com\/bardintzeff\/wp-content\/uploads\/sites\/3\/2016\/02\/Bardintzeff.2.Portes_Ouvertes.Orsay_.jpg 1417w\" sizes=\"auto, (max-width: 450px) 100vw, 450px\" \/><\/p>\n<p>Le stand des M\u00e9tiers de l\u2019Enseignement, avec, de gauche \u00e0 droite, Magali Gallezot, Catherine Berrier, \u00c9lodie Beunaiche, Heather McLean (\u00a9 J.M. Bardintzeff).<\/p>\n<p>Beaucoup de monde, des jeunes motiv\u00e9s, passionn\u00e9s et\u2026 passionnants, que nous aurons plaisir \u00e0 accueillir d\u00e8s l\u2019an prochain dans notre belle universit\u00e9 !<\/p>\n<!-- AddThis Advanced Settings generic via filter on the_content --><!-- AddThis Share Buttons generic via filter on the_content -->","protected":false},"excerpt":{"rendered":"<p>Samedi 13 f\u00e9vrier 2016 \u00e9tait \u00ab Portes Ouvertes \u00bb \u00e0 l\u2019Universit\u00e9 Paris-Sud Orsay. De nombreux lyc\u00e9ens sont venus \u00e0 notre rencontre pour parler de leur avenir. Le D\u00e9partement des Sciences de la Terre \u00e9tait pr\u00e9sent pour expliquer les fili\u00e8res des 3 ann\u00e9es de licence (L1, L2, L3), \u00e9ventuellement suivies de 2 ann\u00e9es de master (M1, &hellip; <a href=\"https:\/\/blogs.futura-sciences.com\/bardintzeff\/2016\/02\/13\/journee-portes-ouvertes-a-orsay\/\" class=\"more-link\">Continuer la lecture de <span class=\"screen-reader-text\">Journ\u00e9e Portes ouvertes \u00e0 Orsay<\/span>  <span class=\"meta-nav\">&rarr;<\/span><\/a><!-- AddThis Advanced Settings generic via filter on get_the_excerpt --><!-- AddThis Share Buttons generic via filter on get_the_excerpt --><\/p>\n","protected":false},"author":3,"featured_media":0,"comment_status":"open","ping_status":"open","sticky":false,"template":"","format":"standard","meta":{"footnotes":"","_links_to":"","_links_to_target":""},"categories":[6],"tags":[364,365,366,367,175,368,369,370,371,372],"class_list":["post-1104","post","type-post","status-publish","format-standard","hentry","category-actualites","tag-capes","tag-doctorat","tag-espe","tag-geologie","tag-geologue","tag-licence","tag-master","tag-orsay","tag-sciences-de-la-terre","tag-universite-paris-sud"],"yoast_head":"<!-- This site is optimized with the Yoast SEO plugin v24.1 - https:\/\/yoast.com\/wordpress\/plugins\/seo\/ -->\n<title>Journ\u00e9e Portes ouvertes \u00e0 Orsay, par Jacques-Marie Bardintzeff<\/title>\n<meta name=\"robots\" content=\"index, follow, max-snippet:-1, max-image-preview:large, max-video-preview:-1\" \/>\n<link rel=\"canonical\" href=\"https:\/\/blogs.futura-sciences.com\/bardintzeff\/2016\/02\/13\/journee-portes-ouvertes-a-orsay\/\" \/>\n<meta property=\"og:locale\" content=\"fr_FR\" \/>\n<meta property=\"og:type\" content=\"article\" \/>\n<meta property=\"og:title\" content=\"Journ\u00e9e Portes ouvertes \u00e0 Orsay, par Jacques-Marie Bardintzeff\" \/>\n<meta property=\"og:description\" content=\"Samedi 13 f\u00e9vrier 2016 \u00e9tait \u00ab Portes Ouvertes \u00bb \u00e0 l\u2019Universit\u00e9 Paris-Sud Orsay. De nombreux lyc\u00e9ens sont venus \u00e0 notre rencontre pour parler de leur avenir. Le D\u00e9partement des Sciences de la Terre \u00e9tait pr\u00e9sent pour expliquer les fili\u00e8res des 3 ann\u00e9es de licence (L1, L2, L3), \u00e9ventuellement suivies de 2 ann\u00e9es de master (M1, &hellip; Continuer la lecture de Journ\u00e9e Portes ouvertes \u00e0 Orsay &rarr;\" \/>\n<meta property=\"og:url\" content=\"https:\/\/blogs.futura-sciences.com\/bardintzeff\/2016\/02\/13\/journee-portes-ouvertes-a-orsay\/\" \/>\n<meta property=\"og:site_name\" content=\"VOLCANMANIA : le blog de Jacques-Marie BARDINTZEFF, volcanologue\" \/>\n<meta property=\"article:published_time\" content=\"2016-02-13T18:52:53+00:00\" \/>\n<meta property=\"article:modified_time\" content=\"2016-02-13T18:57:21+00:00\" \/>\n<meta property=\"og:image\" content=\"https:\/\/blogs.futura-sciences.com\/bardintzeff\/wp-content\/uploads\/sites\/3\/2016\/02\/Bardintzeff.1.Portes_Ouvertes.Orsay_.jpg\" \/>\n\t<meta property=\"og:image:width\" content=\"1417\" \/>\n\t<meta property=\"og:image:height\" content=\"1297\" \/>\n\t<meta property=\"og:image:type\" content=\"image\/jpeg\" \/>\n<meta name=\"author\" content=\"jmbardintzeff\" \/>\n<meta name=\"twitter:card\" content=\"summary_large_image\" \/>\n<meta name=\"twitter:label1\" content=\"\u00c9crit par\" \/>\n\t<meta name=\"twitter:data1\" content=\"jmbardintzeff\" \/>\n\t<meta name=\"twitter:label2\" content=\"Dur\u00e9e de lecture estim\u00e9e\" \/>\n\t<meta name=\"twitter:data2\" content=\"1 minute\" \/>\n<script type=\"application\/ld+json\" class=\"yoast-schema-graph\">{\"@context\":\"https:\/\/schema.org\",\"@graph\":[{\"@type\":\"WebPage\",\"@id\":\"https:\/\/blogs.futura-sciences.com\/bardintzeff\/2016\/02\/13\/journee-portes-ouvertes-a-orsay\/\",\"url\":\"https:\/\/blogs.futura-sciences.com\/bardintzeff\/2016\/02\/13\/journee-portes-ouvertes-a-orsay\/\",\"name\":\"Journ\u00e9e Portes ouvertes \u00e0 Orsay, par Jacques-Marie Bardintzeff\",\"isPartOf\":{\"@id\":\"https:\/\/blogs.futura-sciences.com\/bardintzeff\/#website\"},\"primaryImageOfPage\":{\"@id\":\"https:\/\/blogs.futura-sciences.com\/bardintzeff\/2016\/02\/13\/journee-portes-ouvertes-a-orsay\/#primaryimage\"},\"image\":{\"@id\":\"https:\/\/blogs.futura-sciences.com\/bardintzeff\/2016\/02\/13\/journee-portes-ouvertes-a-orsay\/#primaryimage\"},\"thumbnailUrl\":\"https:\/\/blogs.futura-sciences.com\/bardintzeff\/wp-content\/uploads\/sites\/3\/2016\/02\/Bardintzeff.1.Portes_Ouvertes.Orsay_-450x412.jpg\",\"datePublished\":\"2016-02-13T18:52:53+00:00\",\"dateModified\":\"2016-02-13T18:57:21+00:00\",\"author\":{\"@id\":\"https:\/\/blogs.futura-sciences.com\/bardintzeff\/#\/schema\/person\/974e1e0324e3e06f08253784e8eca61e\"},\"inLanguage\":\"fr-FR\",\"potentialAction\":[{\"@type\":\"ReadAction\",\"target\":[\"https:\/\/blogs.futura-sciences.com\/bardintzeff\/2016\/02\/13\/journee-portes-ouvertes-a-orsay\/\"]}]},{\"@type\":\"ImageObject\",\"inLanguage\":\"fr-FR\",\"@id\":\"https:\/\/blogs.futura-sciences.com\/bardintzeff\/2016\/02\/13\/journee-portes-ouvertes-a-orsay\/#primaryimage\",\"url\":\"https:\/\/blogs.futura-sciences.com\/bardintzeff\/wp-content\/uploads\/sites\/3\/2016\/02\/Bardintzeff.1.Portes_Ouvertes.Orsay_.jpg\",\"contentUrl\":\"https:\/\/blogs.futura-sciences.com\/bardintzeff\/wp-content\/uploads\/sites\/3\/2016\/02\/Bardintzeff.1.Portes_Ouvertes.Orsay_.jpg\",\"width\":1417,\"height\":1297},{\"@type\":\"WebSite\",\"@id\":\"https:\/\/blogs.futura-sciences.com\/bardintzeff\/#website\",\"url\":\"https:\/\/blogs.futura-sciences.com\/bardintzeff\/\",\"name\":\"VOLCANMANIA : le blog de Jacques-Marie BARDINTZEFF, volcanologue\",\"description\":\"Les volcans ? Passionn\u00e9ment ! Les volcans ne sont pas toujours m\u00e9chants, ils sont aussi les t\u00e9moins de la Terre active !\",\"potentialAction\":[{\"@type\":\"SearchAction\",\"target\":{\"@type\":\"EntryPoint\",\"urlTemplate\":\"https:\/\/blogs.futura-sciences.com\/bardintzeff\/?s={search_term_string}\"},\"query-input\":{\"@type\":\"PropertyValueSpecification\",\"valueRequired\":true,\"valueName\":\"search_term_string\"}}],\"inLanguage\":\"fr-FR\"},{\"@type\":\"Person\",\"@id\":\"https:\/\/blogs.futura-sciences.com\/bardintzeff\/#\/schema\/person\/974e1e0324e3e06f08253784e8eca61e\",\"name\":\"jmbardintzeff\",\"image\":{\"@type\":\"ImageObject\",\"inLanguage\":\"fr-FR\",\"@id\":\"https:\/\/blogs.futura-sciences.com\/bardintzeff\/#\/schema\/person\/image\/\",\"url\":\"https:\/\/secure.gravatar.com\/avatar\/d38cb5297008217786910838f2aa1bda?s=96&d=mm&r=g\",\"contentUrl\":\"https:\/\/secure.gravatar.com\/avatar\/d38cb5297008217786910838f2aa1bda?s=96&d=mm&r=g\",\"caption\":\"jmbardintzeff\"},\"url\":\"https:\/\/blogs.futura-sciences.com\/bardintzeff\/author\/jmbardintzeff\/\"}]}<\/script>\n<!-- \/ Yoast SEO plugin. -->","yoast_head_json":{"title":"Journ\u00e9e Portes ouvertes \u00e0 Orsay, par Jacques-Marie Bardintzeff","robots":{"index":"index","follow":"follow","max-snippet":"max-snippet:-1","max-image-preview":"max-image-preview:large","max-video-preview":"max-video-preview:-1"},"canonical":"https:\/\/blogs.futura-sciences.com\/bardintzeff\/2016\/02\/13\/journee-portes-ouvertes-a-orsay\/","og_locale":"fr_FR","og_type":"article","og_title":"Journ\u00e9e Portes ouvertes \u00e0 Orsay, par Jacques-Marie Bardintzeff","og_description":"Samedi 13 f\u00e9vrier 2016 \u00e9tait \u00ab Portes Ouvertes \u00bb \u00e0 l\u2019Universit\u00e9 Paris-Sud Orsay. De nombreux lyc\u00e9ens sont venus \u00e0 notre rencontre pour parler de leur avenir. Le D\u00e9partement des Sciences de la Terre \u00e9tait pr\u00e9sent pour expliquer les fili\u00e8res des 3 ann\u00e9es de licence (L1, L2, L3), \u00e9ventuellement suivies de 2 ann\u00e9es de master (M1, &hellip; Continuer la lecture de Journ\u00e9e Portes ouvertes \u00e0 Orsay &rarr;","og_url":"https:\/\/blogs.futura-sciences.com\/bardintzeff\/2016\/02\/13\/journee-portes-ouvertes-a-orsay\/","og_site_name":"VOLCANMANIA : le blog de Jacques-Marie BARDINTZEFF, volcanologue","article_published_time":"2016-02-13T18:52:53+00:00","article_modified_time":"2016-02-13T18:57:21+00:00","og_image":[{"width":1417,"height":1297,"url":"https:\/\/blogs.futura-sciences.com\/bardintzeff\/wp-content\/uploads\/sites\/3\/2016\/02\/Bardintzeff.1.Portes_Ouvertes.Orsay_.jpg","type":"image\/jpeg"}],"author":"jmbardintzeff","twitter_card":"summary_large_image","twitter_misc":{"\u00c9crit par":"jmbardintzeff","Dur\u00e9e de lecture estim\u00e9e":"1 minute"},"schema":{"@context":"https:\/\/schema.org","@graph":[{"@type":"WebPage","@id":"https:\/\/blogs.futura-sciences.com\/bardintzeff\/2016\/02\/13\/journee-portes-ouvertes-a-orsay\/","url":"https:\/\/blogs.futura-sciences.com\/bardintzeff\/2016\/02\/13\/journee-portes-ouvertes-a-orsay\/","name":"Journ\u00e9e Portes ouvertes \u00e0 Orsay, par Jacques-Marie Bardintzeff","isPartOf":{"@id":"https:\/\/blogs.futura-sciences.com\/bardintzeff\/#website"},"primaryImageOfPage":{"@id":"https:\/\/blogs.futura-sciences.com\/bardintzeff\/2016\/02\/13\/journee-portes-ouvertes-a-orsay\/#primaryimage"},"image":{"@id":"https:\/\/blogs.futura-sciences.com\/bardintzeff\/2016\/02\/13\/journee-portes-ouvertes-a-orsay\/#primaryimage"},"thumbnailUrl":"https:\/\/blogs.futura-sciences.com\/bardintzeff\/wp-content\/uploads\/sites\/3\/2016\/02\/Bardintzeff.1.Portes_Ouvertes.Orsay_-450x412.jpg","datePublished":"2016-02-13T18:52:53+00:00","dateModified":"2016-02-13T18:57:21+00:00","author":{"@id":"https:\/\/blogs.futura-sciences.com\/bardintzeff\/#\/schema\/person\/974e1e0324e3e06f08253784e8eca61e"},"inLanguage":"fr-FR","potentialAction":[{"@type":"ReadAction","target":["https:\/\/blogs.futura-sciences.com\/bardintzeff\/2016\/02\/13\/journee-portes-ouvertes-a-orsay\/"]}]},{"@type":"ImageObject","inLanguage":"fr-FR","@id":"https:\/\/blogs.futura-sciences.com\/bardintzeff\/2016\/02\/13\/journee-portes-ouvertes-a-orsay\/#primaryimage","url":"https:\/\/blogs.futura-sciences.com\/bardintzeff\/wp-content\/uploads\/sites\/3\/2016\/02\/Bardintzeff.1.Portes_Ouvertes.Orsay_.jpg","contentUrl":"https:\/\/blogs.futura-sciences.com\/bardintzeff\/wp-content\/uploads\/sites\/3\/2016\/02\/Bardintzeff.1.Portes_Ouvertes.Orsay_.jpg","width":1417,"height":1297},{"@type":"WebSite","@id":"https:\/\/blogs.futura-sciences.com\/bardintzeff\/#website","url":"https:\/\/blogs.futura-sciences.com\/bardintzeff\/","name":"VOLCANMANIA : le blog de Jacques-Marie BARDINTZEFF, volcanologue","description":"Les volcans ? Passionn\u00e9ment ! Les volcans ne sont pas toujours m\u00e9chants, ils sont aussi les t\u00e9moins de la Terre active !","potentialAction":[{"@type":"SearchAction","target":{"@type":"EntryPoint","urlTemplate":"https:\/\/blogs.futura-sciences.com\/bardintzeff\/?s={search_term_string}"},"query-input":{"@type":"PropertyValueSpecification","valueRequired":true,"valueName":"search_term_string"}}],"inLanguage":"fr-FR"},{"@type":"Person","@id":"https:\/\/blogs.futura-sciences.com\/bardintzeff\/#\/schema\/person\/974e1e0324e3e06f08253784e8eca61e","name":"jmbardintzeff","image":{"@type":"ImageObject","inLanguage":"fr-FR","@id":"https:\/\/blogs.futura-sciences.com\/bardintzeff\/#\/schema\/person\/image\/","url":"https:\/\/secure.gravatar.com\/avatar\/d38cb5297008217786910838f2aa1bda?s=96&d=mm&r=g","contentUrl":"https:\/\/secure.gravatar.com\/avatar\/d38cb5297008217786910838f2aa1bda?s=96&d=mm&r=g","caption":"jmbardintzeff"},"url":"https:\/\/blogs.futura-sciences.com\/bardintzeff\/author\/jmbardintzeff\/"}]}},"_links":{"self":[{"href":"https:\/\/blogs.futura-sciences.com\/bardintzeff\/wp-json\/wp\/v2\/posts\/1104","targetHints":{"allow":["GET"]}}],"collection":[{"href":"https:\/\/blogs.futura-sciences.com\/bardintzeff\/wp-json\/wp\/v2\/posts"}],"about":[{"href":"https:\/\/blogs.futura-sciences.com\/bardintzeff\/wp-json\/wp\/v2\/types\/post"}],"author":[{"embeddable":true,"href":"https:\/\/blogs.futura-sciences.com\/bardintzeff\/wp-json\/wp\/v2\/users\/3"}],"replies":[{"embeddable":true,"href":"https:\/\/blogs.futura-sciences.com\/bardintzeff\/wp-json\/wp\/v2\/comments?post=1104"}],"version-history":[{"count":6,"href":"https:\/\/blogs.futura-sciences.com\/bardintzeff\/wp-json\/wp\/v2\/posts\/1104\/revisions"}],"predecessor-version":[{"id":1113,"href":"https:\/\/blogs.futura-sciences.com\/bardintzeff\/wp-json\/wp\/v2\/posts\/1104\/revisions\/1113"}],"wp:attachment":[{"href":"https:\/\/blogs.futura-sciences.com\/bardintzeff\/wp-json\/wp\/v2\/media?parent=1104"}],"wp:term":[{"taxonomy":"category","embeddable":true,"href":"https:\/\/blogs.futura-sciences.com\/bardintzeff\/wp-json\/wp\/v2\/categories?post=1104"},{"taxonomy":"post_tag","embeddable":true,"href":"https:\/\/blogs.futura-sciences.com\/bardintzeff\/wp-json\/wp\/v2\/tags?post=1104"}],"curies":[{"name":"wp","href":"https:\/\/api.w.org\/{rel}","templated":true}]}}